{"id":18123,"date":"2023-03-29T15:30:27","date_gmt":"2023-03-29T18:30:27","guid":{"rendered":"http:\/\/www.sanjuandeportes.com\/wp\/?p=18123"},"modified":"2023-03-30T20:28:17","modified_gmt":"2023-03-30T23:28:17","slug":"tata-martino-hablo-por-primera-vez-del-interes-de-boca-si-es-necesario-me","status":"publish","type":"post","link":"https:\/\/www.sanjuandeportes.com\/wp\/2023\/03\/29\/tata-martino-hablo-por-primera-vez-del-interes-de-boca-si-es-necesario-me\/","title":{"rendered":"Tata Martino habl\u00f3 por primera vez del inter\u00e9s de Boca: \u00abSi es necesario me\u2026\u00bb"},"content":{"rendered":"\n<p class=\"wp-block-paragraph\"><strong>Gerardo Martino<\/strong>\u00a0es el principal apuntado por\u00a0<strong>Boca<\/strong>\u00a0para ocupar el lugar de\u00a0<strong>Hugo Ibarra<\/strong>. El Tata, de \u00faltimo paso por la Selecci\u00f3n de M\u00e9xico, hace a\u00f1os que no dirige un equipo y algunos rumores indicaron que ve\u00eda con buenos ojos el posible ofrecimiento. Sin embargo, el rosarino rompi\u00f3 el silencio y fue muy cauto al momento de referirse a la posibilidad.\u00a0<\/p>\n\n\n\n<p class=\"wp-block-paragraph\">En di\u00e1logo exclusivo con el sitio Puro Boca, el&nbsp;<strong>Tata<\/strong>&nbsp;expres\u00f3: \u00abNo es algo que me haya planteado dirigir a&nbsp;<strong>Boca<\/strong>, pero si es necesario me lo voy a plantear\u00bb. Luego, al ser consultado sobre si ya hubo alg\u00fan contacto con los directivos, fue tajante:&nbsp;\u00abEs muy dif\u00edcil que yo haga alg\u00fan comentario al respecto. No tengo nada para decir\u00bb.<\/p>\n\n\n\n<figure class=\"wp-block-image\"><img decoding=\"async\" data-src=\"https:\/\/www.mdzol.com\/u\/fotografias\/m\/2022\/11\/29\/f768x400-1324574_1368477_5050.jpg\" alt=\"\" src=\"data:image\/svg+xml;base64,PHN2ZyB3aWR0aD0iMSIgaGVpZ2h0PSIxIiB4bWxucz0iaHR0cDovL3d3dy53My5vcmcvMjAwMC9zdmciPjwvc3ZnPg==\" class=\"lazyload\" \/><figcaption class=\"wp-element-caption\">ROM\u00c1N QUIERE QUE EL TATA DIRIJA EL JUEVES POR LA COPA.&nbsp;<\/figcaption><\/figure>\n\n\n\n<p class=\"wp-block-paragraph\">En caso de concretarse su llegada,&nbsp;<strong>Martino&nbsp;<\/strong>volver\u00eda a dirigir un club despu\u00e9s de cinco a\u00f1os: su \u00faltimo paso hab\u00eda sido en el Atlanta United, donde se consagr\u00f3 campe\u00f3n de la MLS en 2018. Anteriormente, estuvo en Instituto de C\u00f3rdoba, Libertad de Paraguay, Cerro Porte\u00f1o,&nbsp;Newell&#8217;s,&nbsp;Barcelona&nbsp;y las Selecciones de Argentina, Paraguay y M\u00e9xico.&nbsp;<\/p>\n\n\n\n<p class=\"wp-block-paragraph\">El plan de la dirigencia&nbsp;xeneize&nbsp;es poder concretar su llegada antes del fin de semana para que pueda estar presente en el partido del s\u00e1bado con Barracas Central, lo dirigir\u00e1 Mariano Herr\u00f3n, y presentarse ante el plantel el pr\u00f3ximo lunes en el predio de Entrenamiento de Ezeiza.<\/p>\n\n\n\n<p class=\"wp-block-paragraph\">Si da el visto bueno y acepta la propuesta,&nbsp;<strong>Martino&nbsp;<\/strong>debutar\u00e1 como entrenador de Boca el jueves que viene, a partir de las 21,&nbsp;cuando visite a Monagas, en Venezuela, por el debut en el Grupo F de la Copa Libertadores.<\/p>\n","protected":false},"excerpt":{"rendered":"<p>Gerardo Martino\u00a0es el principal apuntado por\u00a0Boca\u00a0para ocupar el lugar de\u00a0Hugo Ibarra. El Tata, de \u00faltimo paso por la Selecci\u00f3n de M\u00e9xico, hace a\u00f1os que no dirige un equipo y algunos rumores indicaron que ve\u00eda con buenos ojos el posible ofrecimiento. Sin embargo, el rosarino rompi\u00f3 el silencio y fue muy cauto al momento de referirse [&hellip;]<\/p>\n","protected":false},"author":5,"featured_media":18124,"comment_status":"open","ping_status":"open","sticky":false,"template":"","format":"standard","meta":{"footnotes":""},"categories":[1255,24,31],"tags":[],"class_list":["post-18123","post","type-post","status-publish","format-standard","has-post-thumbnail","hentry","category-argentina","category-futbol","category-primeradivision"],"yoast_head":"<!-- This site is optimized with the Yoast SEO plugin v28.2 - https:\/\/yoast.com\/product\/yoast-seo-wordpress\/ -->\n<title>Tata Martino habl\u00f3 por primera vez del inter\u00e9s de Boca: &quot;Si es necesario me\u2026&quot; - San Juan Deportes<\/title>\n<meta name=\"robots\" content=\"index, follow, max-snippet:-1, max-image-preview:large, max-video-preview:-1\" \/>\n<link rel=\"canonical\" href=\"https:\/\/www.sanjuandeportes.com\/wp\/2023\/03\/29\/tata-martino-hablo-por-primera-vez-del-interes-de-boca-si-es-necesario-me\/\" \/>\n<meta property=\"og:locale\" content=\"es_ES\" \/>\n<meta property=\"og:type\" content=\"article\" \/>\n<meta property=\"og:title\" content=\"Tata Martino habl\u00f3 por primera vez del inter\u00e9s de Boca: &quot;Si es necesario me\u2026&quot; - San Juan Deportes\" \/>\n<meta property=\"og:description\" content=\"Gerardo Martino\u00a0es el principal apuntado por\u00a0Boca\u00a0para ocupar el lugar de\u00a0Hugo Ibarra. El Tata, de \u00faltimo paso por la Selecci\u00f3n de M\u00e9xico, hace a\u00f1os que no dirige un equipo y algunos rumores indicaron que ve\u00eda con buenos ojos el posible ofrecimiento. Sin embargo, el rosarino rompi\u00f3 el silencio y fue muy cauto al momento de referirse [&hellip;]\" \/>\n<meta property=\"og:url\" content=\"https:\/\/www.sanjuandeportes.com\/wp\/2023\/03\/29\/tata-martino-hablo-por-primera-vez-del-interes-de-boca-si-es-necesario-me\/\" \/>\n<meta property=\"og:site_name\" content=\"San Juan Deportes\" \/>\n<meta property=\"article:publisher\" content=\"https:\/\/www.facebook.com\/sanjuandeportesok\" \/>\n<meta property=\"article:published_time\" content=\"2023-03-29T18:30:27+00:00\" \/>\n<meta property=\"article:modified_time\" content=\"2023-03-30T23:28:17+00:00\" \/>\n<meta property=\"og:image\" content=\"https:\/\/www.sanjuandeportes.com\/wp\/wp-content\/uploads\/2023\/03\/tata.jpg\" \/>\n\t<meta property=\"og:image:width\" content=\"1140\" \/>\n\t<meta property=\"og:image:height\" content=\"641\" \/>\n\t<meta property=\"og:image:type\" content=\"image\/jpeg\" \/>\n<meta name=\"author\" content=\"Pablo Pujado\" \/>\n<meta name=\"twitter:card\" content=\"summary_large_image\" \/>\n<meta name=\"twitter:creator\" content=\"@SanJuanDeportes\" \/>\n<meta name=\"twitter:site\" content=\"@SanJuanDeportes\" \/>\n<meta name=\"twitter:label1\" content=\"Escrito por\" \/>\n\t<meta name=\"twitter:data1\" content=\"Pablo Pujado\" \/>\n\t<meta name=\"twitter:label2\" content=\"Tiempo de lectura\" \/>\n\t<meta name=\"twitter:data2\" content=\"2 minutos\" \/>\n<script type=\"application\/ld+json\" class=\"yoast-schema-graph\">{\"@context\":\"https:\\\/\\\/schema.org\",\"@graph\":[{\"@type\":\"Article\",\"@id\":\"https:\\\/\\\/www.sanjuandeportes.com\\\/wp\\\/2023\\\/03\\\/29\\\/tata-martino-hablo-por-primera-vez-del-interes-de-boca-si-es-necesario-me\\\/#article\",\"isPartOf\":{\"@id\":\"https:\\\/\\\/www.sanjuandeportes.com\\\/wp\\\/2023\\\/03\\\/29\\\/tata-martino-hablo-por-primera-vez-del-interes-de-boca-si-es-necesario-me\\\/\"},\"author\":{\"name\":\"Pablo Pujado\",\"@id\":\"https:\\\/\\\/www.sanjuandeportes.com\\\/wp\\\/#\\\/schema\\\/person\\\/eda4d8e62a5d42b111781e3cdfcb9c3a\"},\"headline\":\"Tata Martino habl\u00f3 por primera vez del inter\u00e9s de Boca: \u00abSi es necesario me\u2026\u00bb\",\"datePublished\":\"2023-03-29T18:30:27+00:00\",\"dateModified\":\"2023-03-30T23:28:17+00:00\",\"mainEntityOfPage\":{\"@id\":\"https:\\\/\\\/www.sanjuandeportes.com\\\/wp\\\/2023\\\/03\\\/29\\\/tata-martino-hablo-por-primera-vez-del-interes-de-boca-si-es-necesario-me\\\/\"},\"wordCount\":326,\"commentCount\":0,\"publisher\":{\"@id\":\"https:\\\/\\\/www.sanjuandeportes.com\\\/wp\\\/#organization\"},\"image\":{\"@id\":\"https:\\\/\\\/www.sanjuandeportes.com\\\/wp\\\/2023\\\/03\\\/29\\\/tata-martino-hablo-por-primera-vez-del-interes-de-boca-si-es-necesario-me\\\/#primaryimage\"},\"thumbnailUrl\":\"https:\\\/\\\/www.sanjuandeportes.com\\\/wp\\\/wp-content\\\/uploads\\\/2023\\\/03\\\/tata.jpg\",\"articleSection\":[\"Argentina\",\"Futbol\",\"Primera Division\"],\"inLanguage\":\"es\",\"potentialAction\":[{\"@type\":\"CommentAction\",\"name\":\"Comment\",\"target\":[\"https:\\\/\\\/www.sanjuandeportes.com\\\/wp\\\/2023\\\/03\\\/29\\\/tata-martino-hablo-por-primera-vez-del-interes-de-boca-si-es-necesario-me\\\/#respond\"]}]},{\"@type\":\"WebPage\",\"@id\":\"https:\\\/\\\/www.sanjuandeportes.com\\\/wp\\\/2023\\\/03\\\/29\\\/tata-martino-hablo-por-primera-vez-del-interes-de-boca-si-es-necesario-me\\\/\",\"url\":\"https:\\\/\\\/www.sanjuandeportes.com\\\/wp\\\/2023\\\/03\\\/29\\\/tata-martino-hablo-por-primera-vez-del-interes-de-boca-si-es-necesario-me\\\/\",\"name\":\"Tata Martino habl\u00f3 por primera vez del inter\u00e9s de Boca: \\\"Si es necesario me\u2026\\\" - San Juan Deportes\",\"isPartOf\":{\"@id\":\"https:\\\/\\\/www.sanjuandeportes.com\\\/wp\\\/#website\"},\"primaryImageOfPage\":{\"@id\":\"https:\\\/\\\/www.sanjuandeportes.com\\\/wp\\\/2023\\\/03\\\/29\\\/tata-martino-hablo-por-primera-vez-del-interes-de-boca-si-es-necesario-me\\\/#primaryimage\"},\"image\":{\"@id\":\"https:\\\/\\\/www.sanjuandeportes.com\\\/wp\\\/2023\\\/03\\\/29\\\/tata-martino-hablo-por-primera-vez-del-interes-de-boca-si-es-necesario-me\\\/#primaryimage\"},\"thumbnailUrl\":\"https:\\\/\\\/www.sanjuandeportes.com\\\/wp\\\/wp-content\\\/uploads\\\/2023\\\/03\\\/tata.jpg\",\"datePublished\":\"2023-03-29T18:30:27+00:00\",\"dateModified\":\"2023-03-30T23:28:17+00:00\",\"breadcrumb\":{\"@id\":\"https:\\\/\\\/www.sanjuandeportes.com\\\/wp\\\/2023\\\/03\\\/29\\\/tata-martino-hablo-por-primera-vez-del-interes-de-boca-si-es-necesario-me\\\/#breadcrumb\"},\"inLanguage\":\"es\",\"potentialAction\":[{\"@type\":\"ReadAction\",\"target\":[\"https:\\\/\\\/www.sanjuandeportes.com\\\/wp\\\/2023\\\/03\\\/29\\\/tata-martino-hablo-por-primera-vez-del-interes-de-boca-si-es-necesario-me\\\/\"]}]},{\"@type\":\"ImageObject\",\"inLanguage\":\"es\",\"@id\":\"https:\\\/\\\/www.sanjuandeportes.com\\\/wp\\\/2023\\\/03\\\/29\\\/tata-martino-hablo-por-primera-vez-del-interes-de-boca-si-es-necesario-me\\\/#primaryimage\",\"url\":\"https:\\\/\\\/www.sanjuandeportes.com\\\/wp\\\/wp-content\\\/uploads\\\/2023\\\/03\\\/tata.jpg\",\"contentUrl\":\"https:\\\/\\\/www.sanjuandeportes.com\\\/wp\\\/wp-content\\\/uploads\\\/2023\\\/03\\\/tata.jpg\",\"width\":1140,\"height\":641},{\"@type\":\"BreadcrumbList\",\"@id\":\"https:\\\/\\\/www.sanjuandeportes.com\\\/wp\\\/2023\\\/03\\\/29\\\/tata-martino-hablo-por-primera-vez-del-interes-de-boca-si-es-necesario-me\\\/#breadcrumb\",\"itemListElement\":[{\"@type\":\"ListItem\",\"position\":1,\"name\":\"Portada\",\"item\":\"http:\\\/\\\/www.sanjuandeportes.com\\\/wp\\\/\"},{\"@type\":\"ListItem\",\"position\":2,\"name\":\"Tata Martino habl\u00f3 por primera vez del inter\u00e9s de Boca: \u00abSi es necesario me\u2026\u00bb\"}]},{\"@type\":\"WebSite\",\"@id\":\"https:\\\/\\\/www.sanjuandeportes.com\\\/wp\\\/#website\",\"url\":\"https:\\\/\\\/www.sanjuandeportes.com\\\/wp\\\/\",\"name\":\"San Juan Deportes\",\"description\":\"El sitio de deportes de la provincia de San Juan\",\"publisher\":{\"@id\":\"https:\\\/\\\/www.sanjuandeportes.com\\\/wp\\\/#organization\"},\"potentialAction\":[{\"@type\":\"SearchAction\",\"target\":{\"@type\":\"EntryPoint\",\"urlTemplate\":\"https:\\\/\\\/www.sanjuandeportes.com\\\/wp\\\/?s={search_term_string}\"},\"query-input\":{\"@type\":\"PropertyValueSpecification\",\"valueRequired\":true,\"valueName\":\"search_term_string\"}}],\"inLanguage\":\"es\"},{\"@type\":\"Organization\",\"@id\":\"https:\\\/\\\/www.sanjuandeportes.com\\\/wp\\\/#organization\",\"name\":\"San Juan Deportes\",\"url\":\"https:\\\/\\\/www.sanjuandeportes.com\\\/wp\\\/\",\"logo\":{\"@type\":\"ImageObject\",\"inLanguage\":\"es\",\"@id\":\"https:\\\/\\\/www.sanjuandeportes.com\\\/wp\\\/#\\\/schema\\\/logo\\\/image\\\/\",\"url\":\"https:\\\/\\\/www.sanjuandeportes.com\\\/wp\\\/wp-content\\\/uploads\\\/unnamed.jpg\",\"contentUrl\":\"https:\\\/\\\/www.sanjuandeportes.com\\\/wp\\\/wp-content\\\/uploads\\\/unnamed.jpg\",\"width\":900,\"height\":900,\"caption\":\"San Juan Deportes\"},\"image\":{\"@id\":\"https:\\\/\\\/www.sanjuandeportes.com\\\/wp\\\/#\\\/schema\\\/logo\\\/image\\\/\"},\"sameAs\":[\"https:\\\/\\\/www.facebook.com\\\/sanjuandeportesok\",\"https:\\\/\\\/x.com\\\/SanJuanDeportes\",\"https:\\\/\\\/www.instagram.com\\\/sanjuandeportes\"]},{\"@type\":\"Person\",\"@id\":\"https:\\\/\\\/www.sanjuandeportes.com\\\/wp\\\/#\\\/schema\\\/person\\\/eda4d8e62a5d42b111781e3cdfcb9c3a\",\"name\":\"Pablo Pujado\",\"image\":{\"@type\":\"ImageObject\",\"inLanguage\":\"es\",\"@id\":\"https:\\\/\\\/secure.gravatar.com\\\/avatar\\\/310b69d28112912c333408a462a9837208de951b1e7c11514781740412f648b1?s=96&d=mm&r=g\",\"url\":\"https:\\\/\\\/secure.gravatar.com\\\/avatar\\\/310b69d28112912c333408a462a9837208de951b1e7c11514781740412f648b1?s=96&d=mm&r=g\",\"contentUrl\":\"https:\\\/\\\/secure.gravatar.com\\\/avatar\\\/310b69d28112912c333408a462a9837208de951b1e7c11514781740412f648b1?s=96&d=mm&r=g\",\"caption\":\"Pablo Pujado\"},\"url\":\"https:\\\/\\\/www.sanjuandeportes.com\\\/wp\\\/author\\\/pablo-pujado\\\/\"}]}<\/script>\n<!-- \/ Yoast SEO plugin. -->","yoast_head_json":{"title":"Tata Martino habl\u00f3 por primera vez del inter\u00e9s de Boca: \"Si es necesario me\u2026\" - San Juan Deportes","robots":{"index":"index","follow":"follow","max-snippet":"max-snippet:-1","max-image-preview":"max-image-preview:large","max-video-preview":"max-video-preview:-1"},"canonical":"https:\/\/www.sanjuandeportes.com\/wp\/2023\/03\/29\/tata-martino-hablo-por-primera-vez-del-interes-de-boca-si-es-necesario-me\/","og_locale":"es_ES","og_type":"article","og_title":"Tata Martino habl\u00f3 por primera vez del inter\u00e9s de Boca: \"Si es necesario me\u2026\" - San Juan Deportes","og_description":"Gerardo Martino\u00a0es el principal apuntado por\u00a0Boca\u00a0para ocupar el lugar de\u00a0Hugo Ibarra. El Tata, de \u00faltimo paso por la Selecci\u00f3n de M\u00e9xico, hace a\u00f1os que no dirige un equipo y algunos rumores indicaron que ve\u00eda con buenos ojos el posible ofrecimiento. Sin embargo, el rosarino rompi\u00f3 el silencio y fue muy cauto al momento de referirse [&hellip;]","og_url":"https:\/\/www.sanjuandeportes.com\/wp\/2023\/03\/29\/tata-martino-hablo-por-primera-vez-del-interes-de-boca-si-es-necesario-me\/","og_site_name":"San Juan Deportes","article_publisher":"https:\/\/www.facebook.com\/sanjuandeportesok","article_published_time":"2023-03-29T18:30:27+00:00","article_modified_time":"2023-03-30T23:28:17+00:00","og_image":[{"width":1140,"height":641,"url":"https:\/\/www.sanjuandeportes.com\/wp\/wp-content\/uploads\/2023\/03\/tata.jpg","type":"image\/jpeg"}],"author":"Pablo Pujado","twitter_card":"summary_large_image","twitter_creator":"@SanJuanDeportes","twitter_site":"@SanJuanDeportes","twitter_misc":{"Escrito por":"Pablo Pujado","Tiempo de lectura":"2 minutos"},"schema":{"@context":"https:\/\/schema.org","@graph":[{"@type":"Article","@id":"https:\/\/www.sanjuandeportes.com\/wp\/2023\/03\/29\/tata-martino-hablo-por-primera-vez-del-interes-de-boca-si-es-necesario-me\/#article","isPartOf":{"@id":"https:\/\/www.sanjuandeportes.com\/wp\/2023\/03\/29\/tata-martino-hablo-por-primera-vez-del-interes-de-boca-si-es-necesario-me\/"},"author":{"name":"Pablo Pujado","@id":"https:\/\/www.sanjuandeportes.com\/wp\/#\/schema\/person\/eda4d8e62a5d42b111781e3cdfcb9c3a"},"headline":"Tata Martino habl\u00f3 por primera vez del inter\u00e9s de Boca: \u00abSi es necesario me\u2026\u00bb","datePublished":"2023-03-29T18:30:27+00:00","dateModified":"2023-03-30T23:28:17+00:00","mainEntityOfPage":{"@id":"https:\/\/www.sanjuandeportes.com\/wp\/2023\/03\/29\/tata-martino-hablo-por-primera-vez-del-interes-de-boca-si-es-necesario-me\/"},"wordCount":326,"commentCount":0,"publisher":{"@id":"https:\/\/www.sanjuandeportes.com\/wp\/#organization"},"image":{"@id":"https:\/\/www.sanjuandeportes.com\/wp\/2023\/03\/29\/tata-martino-hablo-por-primera-vez-del-interes-de-boca-si-es-necesario-me\/#primaryimage"},"thumbnailUrl":"https:\/\/www.sanjuandeportes.com\/wp\/wp-content\/uploads\/2023\/03\/tata.jpg","articleSection":["Argentina","Futbol","Primera Division"],"inLanguage":"es","potentialAction":[{"@type":"CommentAction","name":"Comment","target":["https:\/\/www.sanjuandeportes.com\/wp\/2023\/03\/29\/tata-martino-hablo-por-primera-vez-del-interes-de-boca-si-es-necesario-me\/#respond"]}]},{"@type":"WebPage","@id":"https:\/\/www.sanjuandeportes.com\/wp\/2023\/03\/29\/tata-martino-hablo-por-primera-vez-del-interes-de-boca-si-es-necesario-me\/","url":"https:\/\/www.sanjuandeportes.com\/wp\/2023\/03\/29\/tata-martino-hablo-por-primera-vez-del-interes-de-boca-si-es-necesario-me\/","name":"Tata Martino habl\u00f3 por primera vez del inter\u00e9s de Boca: \"Si es necesario me\u2026\" - San Juan Deportes","isPartOf":{"@id":"https:\/\/www.sanjuandeportes.com\/wp\/#website"},"primaryImageOfPage":{"@id":"https:\/\/www.sanjuandeportes.com\/wp\/2023\/03\/29\/tata-martino-hablo-por-primera-vez-del-interes-de-boca-si-es-necesario-me\/#primaryimage"},"image":{"@id":"https:\/\/www.sanjuandeportes.com\/wp\/2023\/03\/29\/tata-martino-hablo-por-primera-vez-del-interes-de-boca-si-es-necesario-me\/#primaryimage"},"thumbnailUrl":"https:\/\/www.sanjuandeportes.com\/wp\/wp-content\/uploads\/2023\/03\/tata.jpg","datePublished":"2023-03-29T18:30:27+00:00","dateModified":"2023-03-30T23:28:17+00:00","breadcrumb":{"@id":"https:\/\/www.sanjuandeportes.com\/wp\/2023\/03\/29\/tata-martino-hablo-por-primera-vez-del-interes-de-boca-si-es-necesario-me\/#breadcrumb"},"inLanguage":"es","potentialAction":[{"@type":"ReadAction","target":["https:\/\/www.sanjuandeportes.com\/wp\/2023\/03\/29\/tata-martino-hablo-por-primera-vez-del-interes-de-boca-si-es-necesario-me\/"]}]},{"@type":"ImageObject","inLanguage":"es","@id":"https:\/\/www.sanjuandeportes.com\/wp\/2023\/03\/29\/tata-martino-hablo-por-primera-vez-del-interes-de-boca-si-es-necesario-me\/#primaryimage","url":"https:\/\/www.sanjuandeportes.com\/wp\/wp-content\/uploads\/2023\/03\/tata.jpg","contentUrl":"https:\/\/www.sanjuandeportes.com\/wp\/wp-content\/uploads\/2023\/03\/tata.jpg","width":1140,"height":641},{"@type":"BreadcrumbList","@id":"https:\/\/www.sanjuandeportes.com\/wp\/2023\/03\/29\/tata-martino-hablo-por-primera-vez-del-interes-de-boca-si-es-necesario-me\/#breadcrumb","itemListElement":[{"@type":"ListItem","position":1,"name":"Portada","item":"http:\/\/www.sanjuandeportes.com\/wp\/"},{"@type":"ListItem","position":2,"name":"Tata Martino habl\u00f3 por primera vez del inter\u00e9s de Boca: \u00abSi es necesario me\u2026\u00bb"}]},{"@type":"WebSite","@id":"https:\/\/www.sanjuandeportes.com\/wp\/#website","url":"https:\/\/www.sanjuandeportes.com\/wp\/","name":"San Juan Deportes","description":"El sitio de deportes de la provincia de San Juan","publisher":{"@id":"https:\/\/www.sanjuandeportes.com\/wp\/#organization"},"potentialAction":[{"@type":"SearchAction","target":{"@type":"EntryPoint","urlTemplate":"https:\/\/www.sanjuandeportes.com\/wp\/?s={search_term_string}"},"query-input":{"@type":"PropertyValueSpecification","valueRequired":true,"valueName":"search_term_string"}}],"inLanguage":"es"},{"@type":"Organization","@id":"https:\/\/www.sanjuandeportes.com\/wp\/#organization","name":"San Juan Deportes","url":"https:\/\/www.sanjuandeportes.com\/wp\/","logo":{"@type":"ImageObject","inLanguage":"es","@id":"https:\/\/www.sanjuandeportes.com\/wp\/#\/schema\/logo\/image\/","url":"https:\/\/www.sanjuandeportes.com\/wp\/wp-content\/uploads\/unnamed.jpg","contentUrl":"https:\/\/www.sanjuandeportes.com\/wp\/wp-content\/uploads\/unnamed.jpg","width":900,"height":900,"caption":"San Juan Deportes"},"image":{"@id":"https:\/\/www.sanjuandeportes.com\/wp\/#\/schema\/logo\/image\/"},"sameAs":["https:\/\/www.facebook.com\/sanjuandeportesok","https:\/\/x.com\/SanJuanDeportes","https:\/\/www.instagram.com\/sanjuandeportes"]},{"@type":"Person","@id":"https:\/\/www.sanjuandeportes.com\/wp\/#\/schema\/person\/eda4d8e62a5d42b111781e3cdfcb9c3a","name":"Pablo Pujado","image":{"@type":"ImageObject","inLanguage":"es","@id":"https:\/\/secure.gravatar.com\/avatar\/310b69d28112912c333408a462a9837208de951b1e7c11514781740412f648b1?s=96&d=mm&r=g","url":"https:\/\/secure.gravatar.com\/avatar\/310b69d28112912c333408a462a9837208de951b1e7c11514781740412f648b1?s=96&d=mm&r=g","contentUrl":"https:\/\/secure.gravatar.com\/avatar\/310b69d28112912c333408a462a9837208de951b1e7c11514781740412f648b1?s=96&d=mm&r=g","caption":"Pablo Pujado"},"url":"https:\/\/www.sanjuandeportes.com\/wp\/author\/pablo-pujado\/"}]}},"_links":{"self":[{"href":"https:\/\/www.sanjuandeportes.com\/wp\/wp-json\/wp\/v2\/posts\/18123","targetHints":{"allow":["GET"]}}],"collection":[{"href":"https:\/\/www.sanjuandeportes.com\/wp\/wp-json\/wp\/v2\/posts"}],"about":[{"href":"https:\/\/www.sanjuandeportes.com\/wp\/wp-json\/wp\/v2\/types\/post"}],"author":[{"embeddable":true,"href":"https:\/\/www.sanjuandeportes.com\/wp\/wp-json\/wp\/v2\/users\/5"}],"replies":[{"embeddable":true,"href":"https:\/\/www.sanjuandeportes.com\/wp\/wp-json\/wp\/v2\/comments?post=18123"}],"version-history":[{"count":1,"href":"https:\/\/www.sanjuandeportes.com\/wp\/wp-json\/wp\/v2\/posts\/18123\/revisions"}],"predecessor-version":[{"id":18125,"href":"https:\/\/www.sanjuandeportes.com\/wp\/wp-json\/wp\/v2\/posts\/18123\/revisions\/18125"}],"wp:featuredmedia":[{"embeddable":true,"href":"https:\/\/www.sanjuandeportes.com\/wp\/wp-json\/wp\/v2\/media\/18124"}],"wp:attachment":[{"href":"https:\/\/www.sanjuandeportes.com\/wp\/wp-json\/wp\/v2\/media?parent=18123"}],"wp:term":[{"taxonomy":"category","embeddable":true,"href":"https:\/\/www.sanjuandeportes.com\/wp\/wp-json\/wp\/v2\/categories?post=18123"},{"taxonomy":"post_tag","embeddable":true,"href":"https:\/\/www.sanjuandeportes.com\/wp\/wp-json\/wp\/v2\/tags?post=18123"}],"curies":[{"name":"wp","href":"https:\/\/api.w.org\/{rel}","templated":true}]}}