{"id":18154,"date":"2023-04-02T22:09:59","date_gmt":"2023-04-03T01:09:59","guid":{"rendered":"http:\/\/www.sanjuandeportes.com\/wp\/?p=18154"},"modified":"2023-04-03T21:25:57","modified_gmt":"2023-04-04T00:25:57","slug":"video-dos-jugadoras-de-futsal-a-las-mechas-y-a-las-pinas","status":"publish","type":"post","link":"https:\/\/www.sanjuandeportes.com\/wp\/2023\/04\/02\/video-dos-jugadoras-de-futsal-a-las-mechas-y-a-las-pinas\/","title":{"rendered":"Video: Dos jugadoras de futsal, de las mechas y a las pi\u00f1as"},"content":{"rendered":"\n<p class=\"wp-block-paragraph\">Lo que parec\u00eda ser un partido normal de futsal, termin\u00f3 en un encuentro colmado de violencia luego de que jugadoras se agarraran a golpes.<\/p>\n\n\n\n<p class=\"wp-block-paragraph\">El hecho ocurri\u00f3 este pasado s\u00e1bado, durante un partido solidario del equipo La Calera y San Jorge que se disputaba en el polideportivo Marta Orellana en el departamento de San Mart\u00edn<\/p>\n\n\n\n<figure class=\"wp-block-embed is-type-video is-provider-youtube wp-block-embed-youtube wp-embed-aspect-16-9 wp-has-aspect-ratio\"><div class=\"wp-block-embed__wrapper\">\n<iframe title=\"Dos jugadoras de futsal terminaron a las pi\u00f1as dentro de la cancha\" width=\"640\" height=\"360\" data-src=\"https:\/\/www.youtube.com\/embed\/MO71iMSH49Y?feature=oembed\" frameborder=\"0\" allow=\"accelerometer; autoplay; clipboard-write; encrypted-media; gyroscope; picture-in-picture; web-share\" referrerpolicy=\"strict-origin-when-cross-origin\" allowfullscreen src=\"about:blank\" class=\"lazyload\" data-load-mode=\"0\"><\/iframe>\n<\/div><\/figure>\n\n\n\n<p class=\"wp-block-paragraph\">Gritos, golpes e insultos quedaron registrados en un video que fue filmado por algunos espectadores que estaban en el encuentro.<\/p>\n\n\n\n<p class=\"wp-block-paragraph\">Por la agresi\u00f3n, el partido fue suspendido.<\/p>\n","protected":false},"excerpt":{"rendered":"<p>Lo que parec\u00eda ser un partido normal de futsal, termin\u00f3 en un encuentro colmado de violencia luego de que jugadoras se agarraran a golpes. El hecho ocurri\u00f3 este pasado s\u00e1bado, durante un partido solidario del equipo La Calera y San Jorge que se disputaba en el polideportivo Marta Orellana en el departamento de San Mart\u00edn [&hellip;]<\/p>\n","protected":false},"author":1,"featured_media":18156,"comment_status":"open","ping_status":"open","sticky":false,"template":"","format":"standard","meta":{"footnotes":""},"categories":[180,46,178],"tags":[],"class_list":["post-18154","post","type-post","status-publish","format-standard","has-post-thumbnail","hentry","category-fuera-de-juego","category-futsal","category-san-juan"],"yoast_head":"<!-- This site is optimized with the Yoast SEO plugin v28.2 - https:\/\/yoast.com\/product\/yoast-seo-wordpress\/ -->\n<title>Video: Dos jugadoras de futsal, de las mechas y a las pi\u00f1as - San Juan Deportes<\/title>\n<meta name=\"robots\" content=\"index, follow, max-snippet:-1, max-image-preview:large, max-video-preview:-1\" \/>\n<link rel=\"canonical\" href=\"https:\/\/www.sanjuandeportes.com\/wp\/2023\/04\/02\/video-dos-jugadoras-de-futsal-a-las-mechas-y-a-las-pinas\/\" \/>\n<meta property=\"og:locale\" content=\"es_ES\" \/>\n<meta property=\"og:type\" content=\"article\" \/>\n<meta property=\"og:title\" content=\"Video: Dos jugadoras de futsal, de las mechas y a las pi\u00f1as - San Juan Deportes\" \/>\n<meta property=\"og:description\" content=\"Lo que parec\u00eda ser un partido normal de futsal, termin\u00f3 en un encuentro colmado de violencia luego de que jugadoras se agarraran a golpes. El hecho ocurri\u00f3 este pasado s\u00e1bado, durante un partido solidario del equipo La Calera y San Jorge que se disputaba en el polideportivo Marta Orellana en el departamento de San Mart\u00edn [&hellip;]\" \/>\n<meta property=\"og:url\" content=\"https:\/\/www.sanjuandeportes.com\/wp\/2023\/04\/02\/video-dos-jugadoras-de-futsal-a-las-mechas-y-a-las-pinas\/\" \/>\n<meta property=\"og:site_name\" content=\"San Juan Deportes\" \/>\n<meta property=\"article:publisher\" content=\"https:\/\/www.facebook.com\/sanjuandeportesok\" \/>\n<meta property=\"article:published_time\" content=\"2023-04-03T01:09:59+00:00\" \/>\n<meta property=\"article:modified_time\" content=\"2023-04-04T00:25:57+00:00\" \/>\n<meta property=\"og:image\" content=\"https:\/\/www.sanjuandeportes.com\/wp\/wp-content\/uploads\/2023\/04\/huar.jpg\" \/>\n\t<meta property=\"og:image:width\" content=\"807\" \/>\n\t<meta property=\"og:image:height\" content=\"454\" \/>\n\t<meta property=\"og:image:type\" content=\"image\/jpeg\" \/>\n<meta name=\"author\" content=\"admin\" \/>\n<meta name=\"twitter:card\" content=\"summary_large_image\" \/>\n<meta name=\"twitter:creator\" content=\"@SanJuanDeportes\" \/>\n<meta name=\"twitter:site\" content=\"@SanJuanDeportes\" \/>\n<meta name=\"twitter:label1\" content=\"Escrito por\" \/>\n\t<meta name=\"twitter:data1\" content=\"admin\" \/>\n<script type=\"application\/ld+json\" class=\"yoast-schema-graph\">{\"@context\":\"https:\\\/\\\/schema.org\",\"@graph\":[{\"@type\":\"Article\",\"@id\":\"https:\\\/\\\/www.sanjuandeportes.com\\\/wp\\\/2023\\\/04\\\/02\\\/video-dos-jugadoras-de-futsal-a-las-mechas-y-a-las-pinas\\\/#article\",\"isPartOf\":{\"@id\":\"https:\\\/\\\/www.sanjuandeportes.com\\\/wp\\\/2023\\\/04\\\/02\\\/video-dos-jugadoras-de-futsal-a-las-mechas-y-a-las-pinas\\\/\"},\"author\":{\"name\":\"admin\",\"@id\":\"https:\\\/\\\/www.sanjuandeportes.com\\\/wp\\\/#\\\/schema\\\/person\\\/d8e3463931719391897f9c7a6d1bb7b3\"},\"headline\":\"Video: Dos jugadoras de futsal, de las mechas y a las pi\u00f1as\",\"datePublished\":\"2023-04-03T01:09:59+00:00\",\"dateModified\":\"2023-04-04T00:25:57+00:00\",\"mainEntityOfPage\":{\"@id\":\"https:\\\/\\\/www.sanjuandeportes.com\\\/wp\\\/2023\\\/04\\\/02\\\/video-dos-jugadoras-de-futsal-a-las-mechas-y-a-las-pinas\\\/\"},\"wordCount\":108,\"commentCount\":0,\"publisher\":{\"@id\":\"https:\\\/\\\/www.sanjuandeportes.com\\\/wp\\\/#organization\"},\"image\":{\"@id\":\"https:\\\/\\\/www.sanjuandeportes.com\\\/wp\\\/2023\\\/04\\\/02\\\/video-dos-jugadoras-de-futsal-a-las-mechas-y-a-las-pinas\\\/#primaryimage\"},\"thumbnailUrl\":\"https:\\\/\\\/www.sanjuandeportes.com\\\/wp\\\/wp-content\\\/uploads\\\/2023\\\/04\\\/huar.jpg\",\"articleSection\":[\"Fuera de Juego\",\"Futsal\",\"San Juan\"],\"inLanguage\":\"es\",\"potentialAction\":[{\"@type\":\"CommentAction\",\"name\":\"Comment\",\"target\":[\"https:\\\/\\\/www.sanjuandeportes.com\\\/wp\\\/2023\\\/04\\\/02\\\/video-dos-jugadoras-de-futsal-a-las-mechas-y-a-las-pinas\\\/#respond\"]}]},{\"@type\":\"WebPage\",\"@id\":\"https:\\\/\\\/www.sanjuandeportes.com\\\/wp\\\/2023\\\/04\\\/02\\\/video-dos-jugadoras-de-futsal-a-las-mechas-y-a-las-pinas\\\/\",\"url\":\"https:\\\/\\\/www.sanjuandeportes.com\\\/wp\\\/2023\\\/04\\\/02\\\/video-dos-jugadoras-de-futsal-a-las-mechas-y-a-las-pinas\\\/\",\"name\":\"Video: Dos jugadoras de futsal, de las mechas y a las pi\u00f1as - San Juan Deportes\",\"isPartOf\":{\"@id\":\"https:\\\/\\\/www.sanjuandeportes.com\\\/wp\\\/#website\"},\"primaryImageOfPage\":{\"@id\":\"https:\\\/\\\/www.sanjuandeportes.com\\\/wp\\\/2023\\\/04\\\/02\\\/video-dos-jugadoras-de-futsal-a-las-mechas-y-a-las-pinas\\\/#primaryimage\"},\"image\":{\"@id\":\"https:\\\/\\\/www.sanjuandeportes.com\\\/wp\\\/2023\\\/04\\\/02\\\/video-dos-jugadoras-de-futsal-a-las-mechas-y-a-las-pinas\\\/#primaryimage\"},\"thumbnailUrl\":\"https:\\\/\\\/www.sanjuandeportes.com\\\/wp\\\/wp-content\\\/uploads\\\/2023\\\/04\\\/huar.jpg\",\"datePublished\":\"2023-04-03T01:09:59+00:00\",\"dateModified\":\"2023-04-04T00:25:57+00:00\",\"breadcrumb\":{\"@id\":\"https:\\\/\\\/www.sanjuandeportes.com\\\/wp\\\/2023\\\/04\\\/02\\\/video-dos-jugadoras-de-futsal-a-las-mechas-y-a-las-pinas\\\/#breadcrumb\"},\"inLanguage\":\"es\",\"potentialAction\":[{\"@type\":\"ReadAction\",\"target\":[\"https:\\\/\\\/www.sanjuandeportes.com\\\/wp\\\/2023\\\/04\\\/02\\\/video-dos-jugadoras-de-futsal-a-las-mechas-y-a-las-pinas\\\/\"]}]},{\"@type\":\"ImageObject\",\"inLanguage\":\"es\",\"@id\":\"https:\\\/\\\/www.sanjuandeportes.com\\\/wp\\\/2023\\\/04\\\/02\\\/video-dos-jugadoras-de-futsal-a-las-mechas-y-a-las-pinas\\\/#primaryimage\",\"url\":\"https:\\\/\\\/www.sanjuandeportes.com\\\/wp\\\/wp-content\\\/uploads\\\/2023\\\/04\\\/huar.jpg\",\"contentUrl\":\"https:\\\/\\\/www.sanjuandeportes.com\\\/wp\\\/wp-content\\\/uploads\\\/2023\\\/04\\\/huar.jpg\",\"width\":807,\"height\":454},{\"@type\":\"BreadcrumbList\",\"@id\":\"https:\\\/\\\/www.sanjuandeportes.com\\\/wp\\\/2023\\\/04\\\/02\\\/video-dos-jugadoras-de-futsal-a-las-mechas-y-a-las-pinas\\\/#breadcrumb\",\"itemListElement\":[{\"@type\":\"ListItem\",\"position\":1,\"name\":\"Portada\",\"item\":\"http:\\\/\\\/www.sanjuandeportes.com\\\/wp\\\/\"},{\"@type\":\"ListItem\",\"position\":2,\"name\":\"Video: Dos jugadoras de futsal, de las mechas y a las pi\u00f1as\"}]},{\"@type\":\"WebSite\",\"@id\":\"https:\\\/\\\/www.sanjuandeportes.com\\\/wp\\\/#website\",\"url\":\"https:\\\/\\\/www.sanjuandeportes.com\\\/wp\\\/\",\"name\":\"San Juan Deportes\",\"description\":\"El sitio de deportes de la provincia de San Juan\",\"publisher\":{\"@id\":\"https:\\\/\\\/www.sanjuandeportes.com\\\/wp\\\/#organization\"},\"potentialAction\":[{\"@type\":\"SearchAction\",\"target\":{\"@type\":\"EntryPoint\",\"urlTemplate\":\"https:\\\/\\\/www.sanjuandeportes.com\\\/wp\\\/?s={search_term_string}\"},\"query-input\":{\"@type\":\"PropertyValueSpecification\",\"valueRequired\":true,\"valueName\":\"search_term_string\"}}],\"inLanguage\":\"es\"},{\"@type\":\"Organization\",\"@id\":\"https:\\\/\\\/www.sanjuandeportes.com\\\/wp\\\/#organization\",\"name\":\"San Juan Deportes\",\"url\":\"https:\\\/\\\/www.sanjuandeportes.com\\\/wp\\\/\",\"logo\":{\"@type\":\"ImageObject\",\"inLanguage\":\"es\",\"@id\":\"https:\\\/\\\/www.sanjuandeportes.com\\\/wp\\\/#\\\/schema\\\/logo\\\/image\\\/\",\"url\":\"https:\\\/\\\/www.sanjuandeportes.com\\\/wp\\\/wp-content\\\/uploads\\\/unnamed.jpg\",\"contentUrl\":\"https:\\\/\\\/www.sanjuandeportes.com\\\/wp\\\/wp-content\\\/uploads\\\/unnamed.jpg\",\"width\":900,\"height\":900,\"caption\":\"San Juan Deportes\"},\"image\":{\"@id\":\"https:\\\/\\\/www.sanjuandeportes.com\\\/wp\\\/#\\\/schema\\\/logo\\\/image\\\/\"},\"sameAs\":[\"https:\\\/\\\/www.facebook.com\\\/sanjuandeportesok\",\"https:\\\/\\\/x.com\\\/SanJuanDeportes\",\"https:\\\/\\\/www.instagram.com\\\/sanjuandeportes\"]},{\"@type\":\"Person\",\"@id\":\"https:\\\/\\\/www.sanjuandeportes.com\\\/wp\\\/#\\\/schema\\\/person\\\/d8e3463931719391897f9c7a6d1bb7b3\",\"name\":\"admin\",\"image\":{\"@type\":\"ImageObject\",\"inLanguage\":\"es\",\"@id\":\"https:\\\/\\\/secure.gravatar.com\\\/avatar\\\/c4deacdacf798758c71e8e4f4ca4bcf755ae082e386babce41b35a278703bed5?s=96&d=mm&r=g\",\"url\":\"https:\\\/\\\/secure.gravatar.com\\\/avatar\\\/c4deacdacf798758c71e8e4f4ca4bcf755ae082e386babce41b35a278703bed5?s=96&d=mm&r=g\",\"contentUrl\":\"https:\\\/\\\/secure.gravatar.com\\\/avatar\\\/c4deacdacf798758c71e8e4f4ca4bcf755ae082e386babce41b35a278703bed5?s=96&d=mm&r=g\",\"caption\":\"admin\"},\"url\":\"https:\\\/\\\/www.sanjuandeportes.com\\\/wp\\\/author\\\/admin\\\/\"}]}<\/script>\n<!-- \/ Yoast SEO plugin. -->","yoast_head_json":{"title":"Video: Dos jugadoras de futsal, de las mechas y a las pi\u00f1as - San Juan Deportes","robots":{"index":"index","follow":"follow","max-snippet":"max-snippet:-1","max-image-preview":"max-image-preview:large","max-video-preview":"max-video-preview:-1"},"canonical":"https:\/\/www.sanjuandeportes.com\/wp\/2023\/04\/02\/video-dos-jugadoras-de-futsal-a-las-mechas-y-a-las-pinas\/","og_locale":"es_ES","og_type":"article","og_title":"Video: Dos jugadoras de futsal, de las mechas y a las pi\u00f1as - San Juan Deportes","og_description":"Lo que parec\u00eda ser un partido normal de futsal, termin\u00f3 en un encuentro colmado de violencia luego de que jugadoras se agarraran a golpes. El hecho ocurri\u00f3 este pasado s\u00e1bado, durante un partido solidario del equipo La Calera y San Jorge que se disputaba en el polideportivo Marta Orellana en el departamento de San Mart\u00edn [&hellip;]","og_url":"https:\/\/www.sanjuandeportes.com\/wp\/2023\/04\/02\/video-dos-jugadoras-de-futsal-a-las-mechas-y-a-las-pinas\/","og_site_name":"San Juan Deportes","article_publisher":"https:\/\/www.facebook.com\/sanjuandeportesok","article_published_time":"2023-04-03T01:09:59+00:00","article_modified_time":"2023-04-04T00:25:57+00:00","og_image":[{"width":807,"height":454,"url":"https:\/\/www.sanjuandeportes.com\/wp\/wp-content\/uploads\/2023\/04\/huar.jpg","type":"image\/jpeg"}],"author":"admin","twitter_card":"summary_large_image","twitter_creator":"@SanJuanDeportes","twitter_site":"@SanJuanDeportes","twitter_misc":{"Escrito por":"admin"},"schema":{"@context":"https:\/\/schema.org","@graph":[{"@type":"Article","@id":"https:\/\/www.sanjuandeportes.com\/wp\/2023\/04\/02\/video-dos-jugadoras-de-futsal-a-las-mechas-y-a-las-pinas\/#article","isPartOf":{"@id":"https:\/\/www.sanjuandeportes.com\/wp\/2023\/04\/02\/video-dos-jugadoras-de-futsal-a-las-mechas-y-a-las-pinas\/"},"author":{"name":"admin","@id":"https:\/\/www.sanjuandeportes.com\/wp\/#\/schema\/person\/d8e3463931719391897f9c7a6d1bb7b3"},"headline":"Video: Dos jugadoras de futsal, de las mechas y a las pi\u00f1as","datePublished":"2023-04-03T01:09:59+00:00","dateModified":"2023-04-04T00:25:57+00:00","mainEntityOfPage":{"@id":"https:\/\/www.sanjuandeportes.com\/wp\/2023\/04\/02\/video-dos-jugadoras-de-futsal-a-las-mechas-y-a-las-pinas\/"},"wordCount":108,"commentCount":0,"publisher":{"@id":"https:\/\/www.sanjuandeportes.com\/wp\/#organization"},"image":{"@id":"https:\/\/www.sanjuandeportes.com\/wp\/2023\/04\/02\/video-dos-jugadoras-de-futsal-a-las-mechas-y-a-las-pinas\/#primaryimage"},"thumbnailUrl":"https:\/\/www.sanjuandeportes.com\/wp\/wp-content\/uploads\/2023\/04\/huar.jpg","articleSection":["Fuera de Juego","Futsal","San Juan"],"inLanguage":"es","potentialAction":[{"@type":"CommentAction","name":"Comment","target":["https:\/\/www.sanjuandeportes.com\/wp\/2023\/04\/02\/video-dos-jugadoras-de-futsal-a-las-mechas-y-a-las-pinas\/#respond"]}]},{"@type":"WebPage","@id":"https:\/\/www.sanjuandeportes.com\/wp\/2023\/04\/02\/video-dos-jugadoras-de-futsal-a-las-mechas-y-a-las-pinas\/","url":"https:\/\/www.sanjuandeportes.com\/wp\/2023\/04\/02\/video-dos-jugadoras-de-futsal-a-las-mechas-y-a-las-pinas\/","name":"Video: Dos jugadoras de futsal, de las mechas y a las pi\u00f1as - San Juan Deportes","isPartOf":{"@id":"https:\/\/www.sanjuandeportes.com\/wp\/#website"},"primaryImageOfPage":{"@id":"https:\/\/www.sanjuandeportes.com\/wp\/2023\/04\/02\/video-dos-jugadoras-de-futsal-a-las-mechas-y-a-las-pinas\/#primaryimage"},"image":{"@id":"https:\/\/www.sanjuandeportes.com\/wp\/2023\/04\/02\/video-dos-jugadoras-de-futsal-a-las-mechas-y-a-las-pinas\/#primaryimage"},"thumbnailUrl":"https:\/\/www.sanjuandeportes.com\/wp\/wp-content\/uploads\/2023\/04\/huar.jpg","datePublished":"2023-04-03T01:09:59+00:00","dateModified":"2023-04-04T00:25:57+00:00","breadcrumb":{"@id":"https:\/\/www.sanjuandeportes.com\/wp\/2023\/04\/02\/video-dos-jugadoras-de-futsal-a-las-mechas-y-a-las-pinas\/#breadcrumb"},"inLanguage":"es","potentialAction":[{"@type":"ReadAction","target":["https:\/\/www.sanjuandeportes.com\/wp\/2023\/04\/02\/video-dos-jugadoras-de-futsal-a-las-mechas-y-a-las-pinas\/"]}]},{"@type":"ImageObject","inLanguage":"es","@id":"https:\/\/www.sanjuandeportes.com\/wp\/2023\/04\/02\/video-dos-jugadoras-de-futsal-a-las-mechas-y-a-las-pinas\/#primaryimage","url":"https:\/\/www.sanjuandeportes.com\/wp\/wp-content\/uploads\/2023\/04\/huar.jpg","contentUrl":"https:\/\/www.sanjuandeportes.com\/wp\/wp-content\/uploads\/2023\/04\/huar.jpg","width":807,"height":454},{"@type":"BreadcrumbList","@id":"https:\/\/www.sanjuandeportes.com\/wp\/2023\/04\/02\/video-dos-jugadoras-de-futsal-a-las-mechas-y-a-las-pinas\/#breadcrumb","itemListElement":[{"@type":"ListItem","position":1,"name":"Portada","item":"http:\/\/www.sanjuandeportes.com\/wp\/"},{"@type":"ListItem","position":2,"name":"Video: Dos jugadoras de futsal, de las mechas y a las pi\u00f1as"}]},{"@type":"WebSite","@id":"https:\/\/www.sanjuandeportes.com\/wp\/#website","url":"https:\/\/www.sanjuandeportes.com\/wp\/","name":"San Juan Deportes","description":"El sitio de deportes de la provincia de San Juan","publisher":{"@id":"https:\/\/www.sanjuandeportes.com\/wp\/#organization"},"potentialAction":[{"@type":"SearchAction","target":{"@type":"EntryPoint","urlTemplate":"https:\/\/www.sanjuandeportes.com\/wp\/?s={search_term_string}"},"query-input":{"@type":"PropertyValueSpecification","valueRequired":true,"valueName":"search_term_string"}}],"inLanguage":"es"},{"@type":"Organization","@id":"https:\/\/www.sanjuandeportes.com\/wp\/#organization","name":"San Juan Deportes","url":"https:\/\/www.sanjuandeportes.com\/wp\/","logo":{"@type":"ImageObject","inLanguage":"es","@id":"https:\/\/www.sanjuandeportes.com\/wp\/#\/schema\/logo\/image\/","url":"https:\/\/www.sanjuandeportes.com\/wp\/wp-content\/uploads\/unnamed.jpg","contentUrl":"https:\/\/www.sanjuandeportes.com\/wp\/wp-content\/uploads\/unnamed.jpg","width":900,"height":900,"caption":"San Juan Deportes"},"image":{"@id":"https:\/\/www.sanjuandeportes.com\/wp\/#\/schema\/logo\/image\/"},"sameAs":["https:\/\/www.facebook.com\/sanjuandeportesok","https:\/\/x.com\/SanJuanDeportes","https:\/\/www.instagram.com\/sanjuandeportes"]},{"@type":"Person","@id":"https:\/\/www.sanjuandeportes.com\/wp\/#\/schema\/person\/d8e3463931719391897f9c7a6d1bb7b3","name":"admin","image":{"@type":"ImageObject","inLanguage":"es","@id":"https:\/\/secure.gravatar.com\/avatar\/c4deacdacf798758c71e8e4f4ca4bcf755ae082e386babce41b35a278703bed5?s=96&d=mm&r=g","url":"https:\/\/secure.gravatar.com\/avatar\/c4deacdacf798758c71e8e4f4ca4bcf755ae082e386babce41b35a278703bed5?s=96&d=mm&r=g","contentUrl":"https:\/\/secure.gravatar.com\/avatar\/c4deacdacf798758c71e8e4f4ca4bcf755ae082e386babce41b35a278703bed5?s=96&d=mm&r=g","caption":"admin"},"url":"https:\/\/www.sanjuandeportes.com\/wp\/author\/admin\/"}]}},"_links":{"self":[{"href":"https:\/\/www.sanjuandeportes.com\/wp\/wp-json\/wp\/v2\/posts\/18154","targetHints":{"allow":["GET"]}}],"collection":[{"href":"https:\/\/www.sanjuandeportes.com\/wp\/wp-json\/wp\/v2\/posts"}],"about":[{"href":"https:\/\/www.sanjuandeportes.com\/wp\/wp-json\/wp\/v2\/types\/post"}],"author":[{"embeddable":true,"href":"https:\/\/www.sanjuandeportes.com\/wp\/wp-json\/wp\/v2\/users\/1"}],"replies":[{"embeddable":true,"href":"https:\/\/www.sanjuandeportes.com\/wp\/wp-json\/wp\/v2\/comments?post=18154"}],"version-history":[{"count":2,"href":"https:\/\/www.sanjuandeportes.com\/wp\/wp-json\/wp\/v2\/posts\/18154\/revisions"}],"predecessor-version":[{"id":18158,"href":"https:\/\/www.sanjuandeportes.com\/wp\/wp-json\/wp\/v2\/posts\/18154\/revisions\/18158"}],"wp:featuredmedia":[{"embeddable":true,"href":"https:\/\/www.sanjuandeportes.com\/wp\/wp-json\/wp\/v2\/media\/18156"}],"wp:attachment":[{"href":"https:\/\/www.sanjuandeportes.com\/wp\/wp-json\/wp\/v2\/media?parent=18154"}],"wp:term":[{"taxonomy":"category","embeddable":true,"href":"https:\/\/www.sanjuandeportes.com\/wp\/wp-json\/wp\/v2\/categories?post=18154"},{"taxonomy":"post_tag","embeddable":true,"href":"https:\/\/www.sanjuandeportes.com\/wp\/wp-json\/wp\/v2\/tags?post=18154"}],"curies":[{"name":"wp","href":"https:\/\/api.w.org\/{rel}","templated":true}]}}