{"id":18833,"date":"2023-07-03T17:39:50","date_gmt":"2023-07-03T20:39:50","guid":{"rendered":"http:\/\/www.sanjuandeportes.com\/wp\/?p=18833"},"modified":"2023-07-05T15:33:42","modified_gmt":"2023-07-05T18:33:42","slug":"los-hermanos-vargas-volvieron-a-europa-con-buenos-resultados","status":"publish","type":"post","link":"https:\/\/www.sanjuandeportes.com\/wp\/2023\/07\/03\/los-hermanos-vargas-volvieron-a-europa-con-buenos-resultados\/","title":{"rendered":"Los hermanos Vargas volvieron a Europa con buenos resultados"},"content":{"rendered":"\n<p class=\"wp-block-paragraph\"><strong>Valent\u00edn y Felipe Vargas<\/strong>&nbsp;tuvieron su retorno a las competencias internacionales el fin de semana pasado. Luego de haber arribado a Europa, tuvieron cuatro d\u00edas de entrenamientos en Francia y posteriormente viajaron a la localidad italiana de P\u00e9saro, para tomar parte del torneo Rossini Swim Cup, un Open e internacional, con la presencia de nadadores de varios pa\u00edses.<\/p>\n\n\n\n<p class=\"wp-block-paragraph\">En la jornada de s\u00e1bado, los nadadores, integrantes del Programa de Alto Rendimiento de la Secretar\u00eda de Deportes, tuvieron un excelente comienzo de competencia, ya que Felipe fue segundo en 100 metros espalda y tercero en 50 metros, mientras que Valent\u00edn ocup\u00f3 el cuarto puesto en 50 y 100 espalda.<\/p>\n\n\n\n<p class=\"wp-block-paragraph\">En la jornada de domingo, en 200 metros espalda, Felipe fue tercero y Valent\u00edn ocup\u00f3 el cuarto puesto.<\/p>\n\n\n\n<p class=\"wp-block-paragraph\">Luego del exitoso retorno, Valent\u00edn coment\u00f3 sobre la experiencia vivida en Italia: \u201cEstamos muy contentos con los resultados obtenidos; cumplimos con las expectativas que ten\u00edamos, ya que nosotros esper\u00e1bamos hacer finales, es decir, estar entre los ocho primeros y no solamente pudimos hacerlo, sino que Felipe pudo hacer podio y yo quedar cuarto en las tres carreras en las que participamos. Yo estuve muy cerca del podio, no lo hice por apenas cent\u00e9simas.<\/p>\n\n\n\n<p class=\"wp-block-paragraph\">Fue una linda carrera, una buena competencia durante todo el fin de semana y pudimos disfrutarla, ya que hac\u00eda bastante tiempo que no compet\u00edamos y terminamos con muy buenas sensaciones.<\/p>\n\n\n\n<p class=\"wp-block-paragraph\">Ahora vienen dos semanas de entrenamiento en Italia y luego partimos para Suiza el 11 de julio. Esperamos que esta primera etapa haya servido como una preparaci\u00f3n para hacer un buen torneo en aquel pa\u00eds\u201d, dijo Valent\u00edn.<\/p>\n\n\n\n<p class=\"wp-block-paragraph\">El torneo es un Open del Campeonato de Verano de Suiza, en Sursee, del 12 al 16 de julio.<\/p>\n","protected":false},"excerpt":{"rendered":"<p>Valent\u00edn y Felipe Vargas&nbsp;tuvieron su retorno a las competencias internacionales el fin de semana pasado. Luego de haber arribado a Europa, tuvieron cuatro d\u00edas de entrenamientos en Francia y posteriormente viajaron a la localidad italiana de P\u00e9saro, para tomar parte del torneo Rossini Swim Cup, un Open e internacional, con la presencia de nadadores de [&hellip;]<\/p>\n","protected":false},"author":1,"featured_media":18835,"comment_status":"open","ping_status":"open","sticky":false,"template":"","format":"standard","meta":{"footnotes":""},"categories":[41,178],"tags":[],"class_list":["post-18833","post","type-post","status-publish","format-standard","has-post-thumbnail","hentry","category-polideportivo","category-san-juan"],"yoast_head":"<!-- This site is optimized with the Yoast SEO plugin v28.2 - https:\/\/yoast.com\/product\/yoast-seo-wordpress\/ -->\n<title>Los hermanos Vargas volvieron a Europa con buenos resultados - San Juan Deportes<\/title>\n<meta name=\"robots\" content=\"index, follow, max-snippet:-1, max-image-preview:large, max-video-preview:-1\" \/>\n<link rel=\"canonical\" href=\"https:\/\/www.sanjuandeportes.com\/wp\/2023\/07\/03\/los-hermanos-vargas-volvieron-a-europa-con-buenos-resultados\/\" \/>\n<meta property=\"og:locale\" content=\"es_ES\" \/>\n<meta property=\"og:type\" content=\"article\" \/>\n<meta property=\"og:title\" content=\"Los hermanos Vargas volvieron a Europa con buenos resultados - San Juan Deportes\" \/>\n<meta property=\"og:description\" content=\"Valent\u00edn y Felipe Vargas&nbsp;tuvieron su retorno a las competencias internacionales el fin de semana pasado. Luego de haber arribado a Europa, tuvieron cuatro d\u00edas de entrenamientos en Francia y posteriormente viajaron a la localidad italiana de P\u00e9saro, para tomar parte del torneo Rossini Swim Cup, un Open e internacional, con la presencia de nadadores de [&hellip;]\" \/>\n<meta property=\"og:url\" content=\"https:\/\/www.sanjuandeportes.com\/wp\/2023\/07\/03\/los-hermanos-vargas-volvieron-a-europa-con-buenos-resultados\/\" \/>\n<meta property=\"og:site_name\" content=\"San Juan Deportes\" \/>\n<meta property=\"article:publisher\" content=\"https:\/\/www.facebook.com\/sanjuandeportesok\" \/>\n<meta property=\"article:published_time\" content=\"2023-07-03T20:39:50+00:00\" \/>\n<meta property=\"article:modified_time\" content=\"2023-07-05T18:33:42+00:00\" \/>\n<meta property=\"og:image\" content=\"https:\/\/www.sanjuandeportes.com\/wp\/wp-content\/uploads\/2023\/07\/1caacaa9c9f56d30a557a35a6a1218c0_L.jpg\" \/>\n\t<meta property=\"og:image:width\" content=\"782\" \/>\n\t<meta property=\"og:image:height\" content=\"440\" \/>\n\t<meta property=\"og:image:type\" content=\"image\/jpeg\" \/>\n<meta name=\"author\" content=\"admin\" \/>\n<meta name=\"twitter:card\" content=\"summary_large_image\" \/>\n<meta name=\"twitter:creator\" content=\"@SanJuanDeportes\" \/>\n<meta name=\"twitter:site\" content=\"@SanJuanDeportes\" \/>\n<meta name=\"twitter:label1\" content=\"Escrito por\" \/>\n\t<meta name=\"twitter:data1\" content=\"admin\" \/>\n\t<meta name=\"twitter:label2\" content=\"Tiempo de lectura\" \/>\n\t<meta name=\"twitter:data2\" content=\"1 minuto\" \/>\n<script type=\"application\/ld+json\" class=\"yoast-schema-graph\">{\"@context\":\"https:\\\/\\\/schema.org\",\"@graph\":[{\"@type\":\"Article\",\"@id\":\"https:\\\/\\\/www.sanjuandeportes.com\\\/wp\\\/2023\\\/07\\\/03\\\/los-hermanos-vargas-volvieron-a-europa-con-buenos-resultados\\\/#article\",\"isPartOf\":{\"@id\":\"https:\\\/\\\/www.sanjuandeportes.com\\\/wp\\\/2023\\\/07\\\/03\\\/los-hermanos-vargas-volvieron-a-europa-con-buenos-resultados\\\/\"},\"author\":{\"name\":\"admin\",\"@id\":\"https:\\\/\\\/www.sanjuandeportes.com\\\/wp\\\/#\\\/schema\\\/person\\\/d8e3463931719391897f9c7a6d1bb7b3\"},\"headline\":\"Los hermanos Vargas volvieron a Europa con buenos resultados\",\"datePublished\":\"2023-07-03T20:39:50+00:00\",\"dateModified\":\"2023-07-05T18:33:42+00:00\",\"mainEntityOfPage\":{\"@id\":\"https:\\\/\\\/www.sanjuandeportes.com\\\/wp\\\/2023\\\/07\\\/03\\\/los-hermanos-vargas-volvieron-a-europa-con-buenos-resultados\\\/\"},\"wordCount\":304,\"commentCount\":0,\"publisher\":{\"@id\":\"https:\\\/\\\/www.sanjuandeportes.com\\\/wp\\\/#organization\"},\"image\":{\"@id\":\"https:\\\/\\\/www.sanjuandeportes.com\\\/wp\\\/2023\\\/07\\\/03\\\/los-hermanos-vargas-volvieron-a-europa-con-buenos-resultados\\\/#primaryimage\"},\"thumbnailUrl\":\"https:\\\/\\\/www.sanjuandeportes.com\\\/wp\\\/wp-content\\\/uploads\\\/2023\\\/07\\\/1caacaa9c9f56d30a557a35a6a1218c0_L.jpg\",\"articleSection\":[\"Polideportivo\",\"San Juan\"],\"inLanguage\":\"es\",\"potentialAction\":[{\"@type\":\"CommentAction\",\"name\":\"Comment\",\"target\":[\"https:\\\/\\\/www.sanjuandeportes.com\\\/wp\\\/2023\\\/07\\\/03\\\/los-hermanos-vargas-volvieron-a-europa-con-buenos-resultados\\\/#respond\"]}]},{\"@type\":\"WebPage\",\"@id\":\"https:\\\/\\\/www.sanjuandeportes.com\\\/wp\\\/2023\\\/07\\\/03\\\/los-hermanos-vargas-volvieron-a-europa-con-buenos-resultados\\\/\",\"url\":\"https:\\\/\\\/www.sanjuandeportes.com\\\/wp\\\/2023\\\/07\\\/03\\\/los-hermanos-vargas-volvieron-a-europa-con-buenos-resultados\\\/\",\"name\":\"Los hermanos Vargas volvieron a Europa con buenos resultados - San Juan Deportes\",\"isPartOf\":{\"@id\":\"https:\\\/\\\/www.sanjuandeportes.com\\\/wp\\\/#website\"},\"primaryImageOfPage\":{\"@id\":\"https:\\\/\\\/www.sanjuandeportes.com\\\/wp\\\/2023\\\/07\\\/03\\\/los-hermanos-vargas-volvieron-a-europa-con-buenos-resultados\\\/#primaryimage\"},\"image\":{\"@id\":\"https:\\\/\\\/www.sanjuandeportes.com\\\/wp\\\/2023\\\/07\\\/03\\\/los-hermanos-vargas-volvieron-a-europa-con-buenos-resultados\\\/#primaryimage\"},\"thumbnailUrl\":\"https:\\\/\\\/www.sanjuandeportes.com\\\/wp\\\/wp-content\\\/uploads\\\/2023\\\/07\\\/1caacaa9c9f56d30a557a35a6a1218c0_L.jpg\",\"datePublished\":\"2023-07-03T20:39:50+00:00\",\"dateModified\":\"2023-07-05T18:33:42+00:00\",\"breadcrumb\":{\"@id\":\"https:\\\/\\\/www.sanjuandeportes.com\\\/wp\\\/2023\\\/07\\\/03\\\/los-hermanos-vargas-volvieron-a-europa-con-buenos-resultados\\\/#breadcrumb\"},\"inLanguage\":\"es\",\"potentialAction\":[{\"@type\":\"ReadAction\",\"target\":[\"https:\\\/\\\/www.sanjuandeportes.com\\\/wp\\\/2023\\\/07\\\/03\\\/los-hermanos-vargas-volvieron-a-europa-con-buenos-resultados\\\/\"]}]},{\"@type\":\"ImageObject\",\"inLanguage\":\"es\",\"@id\":\"https:\\\/\\\/www.sanjuandeportes.com\\\/wp\\\/2023\\\/07\\\/03\\\/los-hermanos-vargas-volvieron-a-europa-con-buenos-resultados\\\/#primaryimage\",\"url\":\"https:\\\/\\\/www.sanjuandeportes.com\\\/wp\\\/wp-content\\\/uploads\\\/2023\\\/07\\\/1caacaa9c9f56d30a557a35a6a1218c0_L.jpg\",\"contentUrl\":\"https:\\\/\\\/www.sanjuandeportes.com\\\/wp\\\/wp-content\\\/uploads\\\/2023\\\/07\\\/1caacaa9c9f56d30a557a35a6a1218c0_L.jpg\",\"width\":782,\"height\":440},{\"@type\":\"BreadcrumbList\",\"@id\":\"https:\\\/\\\/www.sanjuandeportes.com\\\/wp\\\/2023\\\/07\\\/03\\\/los-hermanos-vargas-volvieron-a-europa-con-buenos-resultados\\\/#breadcrumb\",\"itemListElement\":[{\"@type\":\"ListItem\",\"position\":1,\"name\":\"Portada\",\"item\":\"http:\\\/\\\/www.sanjuandeportes.com\\\/wp\\\/\"},{\"@type\":\"ListItem\",\"position\":2,\"name\":\"Los hermanos Vargas volvieron a Europa con buenos resultados\"}]},{\"@type\":\"WebSite\",\"@id\":\"https:\\\/\\\/www.sanjuandeportes.com\\\/wp\\\/#website\",\"url\":\"https:\\\/\\\/www.sanjuandeportes.com\\\/wp\\\/\",\"name\":\"San Juan Deportes\",\"description\":\"El sitio de deportes de la provincia de San Juan\",\"publisher\":{\"@id\":\"https:\\\/\\\/www.sanjuandeportes.com\\\/wp\\\/#organization\"},\"potentialAction\":[{\"@type\":\"SearchAction\",\"target\":{\"@type\":\"EntryPoint\",\"urlTemplate\":\"https:\\\/\\\/www.sanjuandeportes.com\\\/wp\\\/?s={search_term_string}\"},\"query-input\":{\"@type\":\"PropertyValueSpecification\",\"valueRequired\":true,\"valueName\":\"search_term_string\"}}],\"inLanguage\":\"es\"},{\"@type\":\"Organization\",\"@id\":\"https:\\\/\\\/www.sanjuandeportes.com\\\/wp\\\/#organization\",\"name\":\"San Juan Deportes\",\"url\":\"https:\\\/\\\/www.sanjuandeportes.com\\\/wp\\\/\",\"logo\":{\"@type\":\"ImageObject\",\"inLanguage\":\"es\",\"@id\":\"https:\\\/\\\/www.sanjuandeportes.com\\\/wp\\\/#\\\/schema\\\/logo\\\/image\\\/\",\"url\":\"https:\\\/\\\/www.sanjuandeportes.com\\\/wp\\\/wp-content\\\/uploads\\\/unnamed.jpg\",\"contentUrl\":\"https:\\\/\\\/www.sanjuandeportes.com\\\/wp\\\/wp-content\\\/uploads\\\/unnamed.jpg\",\"width\":900,\"height\":900,\"caption\":\"San Juan Deportes\"},\"image\":{\"@id\":\"https:\\\/\\\/www.sanjuandeportes.com\\\/wp\\\/#\\\/schema\\\/logo\\\/image\\\/\"},\"sameAs\":[\"https:\\\/\\\/www.facebook.com\\\/sanjuandeportesok\",\"https:\\\/\\\/x.com\\\/SanJuanDeportes\",\"https:\\\/\\\/www.instagram.com\\\/sanjuandeportes\"]},{\"@type\":\"Person\",\"@id\":\"https:\\\/\\\/www.sanjuandeportes.com\\\/wp\\\/#\\\/schema\\\/person\\\/d8e3463931719391897f9c7a6d1bb7b3\",\"name\":\"admin\",\"image\":{\"@type\":\"ImageObject\",\"inLanguage\":\"es\",\"@id\":\"https:\\\/\\\/secure.gravatar.com\\\/avatar\\\/c4deacdacf798758c71e8e4f4ca4bcf755ae082e386babce41b35a278703bed5?s=96&d=mm&r=g\",\"url\":\"https:\\\/\\\/secure.gravatar.com\\\/avatar\\\/c4deacdacf798758c71e8e4f4ca4bcf755ae082e386babce41b35a278703bed5?s=96&d=mm&r=g\",\"contentUrl\":\"https:\\\/\\\/secure.gravatar.com\\\/avatar\\\/c4deacdacf798758c71e8e4f4ca4bcf755ae082e386babce41b35a278703bed5?s=96&d=mm&r=g\",\"caption\":\"admin\"},\"url\":\"https:\\\/\\\/www.sanjuandeportes.com\\\/wp\\\/author\\\/admin\\\/\"}]}<\/script>\n<!-- \/ Yoast SEO plugin. -->","yoast_head_json":{"title":"Los hermanos Vargas volvieron a Europa con buenos resultados - San Juan Deportes","robots":{"index":"index","follow":"follow","max-snippet":"max-snippet:-1","max-image-preview":"max-image-preview:large","max-video-preview":"max-video-preview:-1"},"canonical":"https:\/\/www.sanjuandeportes.com\/wp\/2023\/07\/03\/los-hermanos-vargas-volvieron-a-europa-con-buenos-resultados\/","og_locale":"es_ES","og_type":"article","og_title":"Los hermanos Vargas volvieron a Europa con buenos resultados - San Juan Deportes","og_description":"Valent\u00edn y Felipe Vargas&nbsp;tuvieron su retorno a las competencias internacionales el fin de semana pasado. Luego de haber arribado a Europa, tuvieron cuatro d\u00edas de entrenamientos en Francia y posteriormente viajaron a la localidad italiana de P\u00e9saro, para tomar parte del torneo Rossini Swim Cup, un Open e internacional, con la presencia de nadadores de [&hellip;]","og_url":"https:\/\/www.sanjuandeportes.com\/wp\/2023\/07\/03\/los-hermanos-vargas-volvieron-a-europa-con-buenos-resultados\/","og_site_name":"San Juan Deportes","article_publisher":"https:\/\/www.facebook.com\/sanjuandeportesok","article_published_time":"2023-07-03T20:39:50+00:00","article_modified_time":"2023-07-05T18:33:42+00:00","og_image":[{"width":782,"height":440,"url":"https:\/\/www.sanjuandeportes.com\/wp\/wp-content\/uploads\/2023\/07\/1caacaa9c9f56d30a557a35a6a1218c0_L.jpg","type":"image\/jpeg"}],"author":"admin","twitter_card":"summary_large_image","twitter_creator":"@SanJuanDeportes","twitter_site":"@SanJuanDeportes","twitter_misc":{"Escrito por":"admin","Tiempo de lectura":"1 minuto"},"schema":{"@context":"https:\/\/schema.org","@graph":[{"@type":"Article","@id":"https:\/\/www.sanjuandeportes.com\/wp\/2023\/07\/03\/los-hermanos-vargas-volvieron-a-europa-con-buenos-resultados\/#article","isPartOf":{"@id":"https:\/\/www.sanjuandeportes.com\/wp\/2023\/07\/03\/los-hermanos-vargas-volvieron-a-europa-con-buenos-resultados\/"},"author":{"name":"admin","@id":"https:\/\/www.sanjuandeportes.com\/wp\/#\/schema\/person\/d8e3463931719391897f9c7a6d1bb7b3"},"headline":"Los hermanos Vargas volvieron a Europa con buenos resultados","datePublished":"2023-07-03T20:39:50+00:00","dateModified":"2023-07-05T18:33:42+00:00","mainEntityOfPage":{"@id":"https:\/\/www.sanjuandeportes.com\/wp\/2023\/07\/03\/los-hermanos-vargas-volvieron-a-europa-con-buenos-resultados\/"},"wordCount":304,"commentCount":0,"publisher":{"@id":"https:\/\/www.sanjuandeportes.com\/wp\/#organization"},"image":{"@id":"https:\/\/www.sanjuandeportes.com\/wp\/2023\/07\/03\/los-hermanos-vargas-volvieron-a-europa-con-buenos-resultados\/#primaryimage"},"thumbnailUrl":"https:\/\/www.sanjuandeportes.com\/wp\/wp-content\/uploads\/2023\/07\/1caacaa9c9f56d30a557a35a6a1218c0_L.jpg","articleSection":["Polideportivo","San Juan"],"inLanguage":"es","potentialAction":[{"@type":"CommentAction","name":"Comment","target":["https:\/\/www.sanjuandeportes.com\/wp\/2023\/07\/03\/los-hermanos-vargas-volvieron-a-europa-con-buenos-resultados\/#respond"]}]},{"@type":"WebPage","@id":"https:\/\/www.sanjuandeportes.com\/wp\/2023\/07\/03\/los-hermanos-vargas-volvieron-a-europa-con-buenos-resultados\/","url":"https:\/\/www.sanjuandeportes.com\/wp\/2023\/07\/03\/los-hermanos-vargas-volvieron-a-europa-con-buenos-resultados\/","name":"Los hermanos Vargas volvieron a Europa con buenos resultados - San Juan Deportes","isPartOf":{"@id":"https:\/\/www.sanjuandeportes.com\/wp\/#website"},"primaryImageOfPage":{"@id":"https:\/\/www.sanjuandeportes.com\/wp\/2023\/07\/03\/los-hermanos-vargas-volvieron-a-europa-con-buenos-resultados\/#primaryimage"},"image":{"@id":"https:\/\/www.sanjuandeportes.com\/wp\/2023\/07\/03\/los-hermanos-vargas-volvieron-a-europa-con-buenos-resultados\/#primaryimage"},"thumbnailUrl":"https:\/\/www.sanjuandeportes.com\/wp\/wp-content\/uploads\/2023\/07\/1caacaa9c9f56d30a557a35a6a1218c0_L.jpg","datePublished":"2023-07-03T20:39:50+00:00","dateModified":"2023-07-05T18:33:42+00:00","breadcrumb":{"@id":"https:\/\/www.sanjuandeportes.com\/wp\/2023\/07\/03\/los-hermanos-vargas-volvieron-a-europa-con-buenos-resultados\/#breadcrumb"},"inLanguage":"es","potentialAction":[{"@type":"ReadAction","target":["https:\/\/www.sanjuandeportes.com\/wp\/2023\/07\/03\/los-hermanos-vargas-volvieron-a-europa-con-buenos-resultados\/"]}]},{"@type":"ImageObject","inLanguage":"es","@id":"https:\/\/www.sanjuandeportes.com\/wp\/2023\/07\/03\/los-hermanos-vargas-volvieron-a-europa-con-buenos-resultados\/#primaryimage","url":"https:\/\/www.sanjuandeportes.com\/wp\/wp-content\/uploads\/2023\/07\/1caacaa9c9f56d30a557a35a6a1218c0_L.jpg","contentUrl":"https:\/\/www.sanjuandeportes.com\/wp\/wp-content\/uploads\/2023\/07\/1caacaa9c9f56d30a557a35a6a1218c0_L.jpg","width":782,"height":440},{"@type":"BreadcrumbList","@id":"https:\/\/www.sanjuandeportes.com\/wp\/2023\/07\/03\/los-hermanos-vargas-volvieron-a-europa-con-buenos-resultados\/#breadcrumb","itemListElement":[{"@type":"ListItem","position":1,"name":"Portada","item":"http:\/\/www.sanjuandeportes.com\/wp\/"},{"@type":"ListItem","position":2,"name":"Los hermanos Vargas volvieron a Europa con buenos resultados"}]},{"@type":"WebSite","@id":"https:\/\/www.sanjuandeportes.com\/wp\/#website","url":"https:\/\/www.sanjuandeportes.com\/wp\/","name":"San Juan Deportes","description":"El sitio de deportes de la provincia de San Juan","publisher":{"@id":"https:\/\/www.sanjuandeportes.com\/wp\/#organization"},"potentialAction":[{"@type":"SearchAction","target":{"@type":"EntryPoint","urlTemplate":"https:\/\/www.sanjuandeportes.com\/wp\/?s={search_term_string}"},"query-input":{"@type":"PropertyValueSpecification","valueRequired":true,"valueName":"search_term_string"}}],"inLanguage":"es"},{"@type":"Organization","@id":"https:\/\/www.sanjuandeportes.com\/wp\/#organization","name":"San Juan Deportes","url":"https:\/\/www.sanjuandeportes.com\/wp\/","logo":{"@type":"ImageObject","inLanguage":"es","@id":"https:\/\/www.sanjuandeportes.com\/wp\/#\/schema\/logo\/image\/","url":"https:\/\/www.sanjuandeportes.com\/wp\/wp-content\/uploads\/unnamed.jpg","contentUrl":"https:\/\/www.sanjuandeportes.com\/wp\/wp-content\/uploads\/unnamed.jpg","width":900,"height":900,"caption":"San Juan Deportes"},"image":{"@id":"https:\/\/www.sanjuandeportes.com\/wp\/#\/schema\/logo\/image\/"},"sameAs":["https:\/\/www.facebook.com\/sanjuandeportesok","https:\/\/x.com\/SanJuanDeportes","https:\/\/www.instagram.com\/sanjuandeportes"]},{"@type":"Person","@id":"https:\/\/www.sanjuandeportes.com\/wp\/#\/schema\/person\/d8e3463931719391897f9c7a6d1bb7b3","name":"admin","image":{"@type":"ImageObject","inLanguage":"es","@id":"https:\/\/secure.gravatar.com\/avatar\/c4deacdacf798758c71e8e4f4ca4bcf755ae082e386babce41b35a278703bed5?s=96&d=mm&r=g","url":"https:\/\/secure.gravatar.com\/avatar\/c4deacdacf798758c71e8e4f4ca4bcf755ae082e386babce41b35a278703bed5?s=96&d=mm&r=g","contentUrl":"https:\/\/secure.gravatar.com\/avatar\/c4deacdacf798758c71e8e4f4ca4bcf755ae082e386babce41b35a278703bed5?s=96&d=mm&r=g","caption":"admin"},"url":"https:\/\/www.sanjuandeportes.com\/wp\/author\/admin\/"}]}},"_links":{"self":[{"href":"https:\/\/www.sanjuandeportes.com\/wp\/wp-json\/wp\/v2\/posts\/18833","targetHints":{"allow":["GET"]}}],"collection":[{"href":"https:\/\/www.sanjuandeportes.com\/wp\/wp-json\/wp\/v2\/posts"}],"about":[{"href":"https:\/\/www.sanjuandeportes.com\/wp\/wp-json\/wp\/v2\/types\/post"}],"author":[{"embeddable":true,"href":"https:\/\/www.sanjuandeportes.com\/wp\/wp-json\/wp\/v2\/users\/1"}],"replies":[{"embeddable":true,"href":"https:\/\/www.sanjuandeportes.com\/wp\/wp-json\/wp\/v2\/comments?post=18833"}],"version-history":[{"count":1,"href":"https:\/\/www.sanjuandeportes.com\/wp\/wp-json\/wp\/v2\/posts\/18833\/revisions"}],"predecessor-version":[{"id":18836,"href":"https:\/\/www.sanjuandeportes.com\/wp\/wp-json\/wp\/v2\/posts\/18833\/revisions\/18836"}],"wp:featuredmedia":[{"embeddable":true,"href":"https:\/\/www.sanjuandeportes.com\/wp\/wp-json\/wp\/v2\/media\/18835"}],"wp:attachment":[{"href":"https:\/\/www.sanjuandeportes.com\/wp\/wp-json\/wp\/v2\/media?parent=18833"}],"wp:term":[{"taxonomy":"category","embeddable":true,"href":"https:\/\/www.sanjuandeportes.com\/wp\/wp-json\/wp\/v2\/categories?post=18833"},{"taxonomy":"post_tag","embeddable":true,"href":"https:\/\/www.sanjuandeportes.com\/wp\/wp-json\/wp\/v2\/tags?post=18833"}],"curies":[{"name":"wp","href":"https:\/\/api.w.org\/{rel}","templated":true}]}}