{"id":19567,"date":"2023-10-03T18:49:28","date_gmt":"2023-10-03T21:49:28","guid":{"rendered":"http:\/\/www.sanjuandeportes.com\/wp\/?p=19567"},"modified":"2023-10-04T17:50:03","modified_gmt":"2023-10-04T20:50:03","slug":"el-ultimo-adios-a-juan-jose-chica","status":"publish","type":"post","link":"https:\/\/www.sanjuandeportes.com\/wp\/2023\/10\/03\/el-ultimo-adios-a-juan-jose-chica\/","title":{"rendered":"El \u00faltimo adi\u00f3s a Juan Jos\u00e9 Chica"},"content":{"rendered":"\n<p class=\"wp-block-paragraph\">Los restos del gran dirigente deportivo comenzaron a ser velados por la ma\u00f1ana de este martes en la Legislatura Provincial. Posteriormente, se inici\u00f3 el recorrido de despedida, encabezado por Koky Chica, su hijo y actual Secretario de Deportes.<\/p>\n\n\n\n<p class=\"wp-block-paragraph\">La primera parada de la caravana simb\u00f3lica que trasladaba los restos de Juan Jos\u00e9 Chica fue en el sindicato de Luz y Fuerza. Lilian Mart\u00edn, la secretaria General, se encarg\u00f3 de llevar adelante el discurso de despedida y brindar apoyo a la familia Chica.<\/p>\n\n\n\n<p class=\"wp-block-paragraph\">\u00abGracias por permitirnos este momento, en el que el flaco ha venido a estar un rato en su segundo hogar. Queremos agradecerte infinitamente todo lo que nos diste. Dejaste un legado impresionante, un legado de obras, de servicio, de beneficios, de defensa y de derechos\u00bb, expres\u00f3 la sindicalista.<\/p>\n\n\n\n<p class=\"wp-block-paragraph\">Luego, antes de dirigirse al Cementerio de la Capital, la caravana pas\u00f3 por la calle Mendoza, espec\u00edficamente por la cancha de San Mart\u00edn. All\u00ed, un pasillo de jugadores, ni\u00f1os de la escuelita, integrantes de las divisiones inferiores, miembros del club y Jorge Miadosqui, entre otros, llenaron de aplausos el momento en que los restos de Juan Jos\u00e9 Chica pasaron por Concepci\u00f3n.<\/p>\n\n\n\n<p class=\"wp-block-paragraph\">Foto: prensa San Mart\u00edn SJ<\/p>\n","protected":false},"excerpt":{"rendered":"<p>Los restos del gran dirigente deportivo comenzaron a ser velados por la ma\u00f1ana de este martes en la Legislatura Provincial. Posteriormente, se inici\u00f3 el recorrido de despedida, encabezado por Koky Chica, su hijo y actual Secretario de Deportes. La primera parada de la caravana simb\u00f3lica que trasladaba los restos de Juan Jos\u00e9 Chica fue en [&hellip;]<\/p>\n","protected":false},"author":1,"featured_media":19568,"comment_status":"open","ping_status":"open","sticky":false,"template":"","format":"standard","meta":{"footnotes":""},"categories":[180,178],"tags":[],"class_list":["post-19567","post","type-post","status-publish","format-standard","has-post-thumbnail","hentry","category-fuera-de-juego","category-san-juan"],"yoast_head":"<!-- This site is optimized with the Yoast SEO plugin v28.2 - https:\/\/yoast.com\/product\/yoast-seo-wordpress\/ -->\n<title>El \u00faltimo adi\u00f3s a Juan Jos\u00e9 Chica - San Juan Deportes<\/title>\n<meta name=\"robots\" content=\"index, follow, max-snippet:-1, max-image-preview:large, max-video-preview:-1\" \/>\n<link rel=\"canonical\" href=\"https:\/\/www.sanjuandeportes.com\/wp\/2023\/10\/03\/el-ultimo-adios-a-juan-jose-chica\/\" \/>\n<meta property=\"og:locale\" content=\"es_ES\" \/>\n<meta property=\"og:type\" content=\"article\" \/>\n<meta property=\"og:title\" content=\"El \u00faltimo adi\u00f3s a Juan Jos\u00e9 Chica - San Juan Deportes\" \/>\n<meta property=\"og:description\" content=\"Los restos del gran dirigente deportivo comenzaron a ser velados por la ma\u00f1ana de este martes en la Legislatura Provincial. Posteriormente, se inici\u00f3 el recorrido de despedida, encabezado por Koky Chica, su hijo y actual Secretario de Deportes. La primera parada de la caravana simb\u00f3lica que trasladaba los restos de Juan Jos\u00e9 Chica fue en [&hellip;]\" \/>\n<meta property=\"og:url\" content=\"https:\/\/www.sanjuandeportes.com\/wp\/2023\/10\/03\/el-ultimo-adios-a-juan-jose-chica\/\" \/>\n<meta property=\"og:site_name\" content=\"San Juan Deportes\" \/>\n<meta property=\"article:publisher\" content=\"https:\/\/www.facebook.com\/sanjuandeportesok\" \/>\n<meta property=\"article:published_time\" content=\"2023-10-03T21:49:28+00:00\" \/>\n<meta property=\"article:modified_time\" content=\"2023-10-04T20:50:03+00:00\" \/>\n<meta property=\"og:image\" content=\"https:\/\/www.sanjuandeportes.com\/wp\/wp-content\/uploads\/2023\/10\/F7in-0CWYAAQuLr.jpg\" \/>\n\t<meta property=\"og:image:width\" content=\"1920\" \/>\n\t<meta property=\"og:image:height\" content=\"1440\" \/>\n\t<meta property=\"og:image:type\" content=\"image\/jpeg\" \/>\n<meta name=\"author\" content=\"admin\" \/>\n<meta name=\"twitter:card\" content=\"summary_large_image\" \/>\n<meta name=\"twitter:creator\" content=\"@SanJuanDeportes\" \/>\n<meta name=\"twitter:site\" content=\"@SanJuanDeportes\" \/>\n<meta name=\"twitter:label1\" content=\"Escrito por\" \/>\n\t<meta name=\"twitter:data1\" content=\"admin\" \/>\n\t<meta name=\"twitter:label2\" content=\"Tiempo de lectura\" \/>\n\t<meta name=\"twitter:data2\" content=\"1 minuto\" \/>\n<script type=\"application\/ld+json\" class=\"yoast-schema-graph\">{\"@context\":\"https:\\\/\\\/schema.org\",\"@graph\":[{\"@type\":\"Article\",\"@id\":\"https:\\\/\\\/www.sanjuandeportes.com\\\/wp\\\/2023\\\/10\\\/03\\\/el-ultimo-adios-a-juan-jose-chica\\\/#article\",\"isPartOf\":{\"@id\":\"https:\\\/\\\/www.sanjuandeportes.com\\\/wp\\\/2023\\\/10\\\/03\\\/el-ultimo-adios-a-juan-jose-chica\\\/\"},\"author\":{\"name\":\"admin\",\"@id\":\"https:\\\/\\\/www.sanjuandeportes.com\\\/wp\\\/#\\\/schema\\\/person\\\/d8e3463931719391897f9c7a6d1bb7b3\"},\"headline\":\"El \u00faltimo adi\u00f3s a Juan Jos\u00e9 Chica\",\"datePublished\":\"2023-10-03T21:49:28+00:00\",\"dateModified\":\"2023-10-04T20:50:03+00:00\",\"mainEntityOfPage\":{\"@id\":\"https:\\\/\\\/www.sanjuandeportes.com\\\/wp\\\/2023\\\/10\\\/03\\\/el-ultimo-adios-a-juan-jose-chica\\\/\"},\"wordCount\":212,\"commentCount\":0,\"publisher\":{\"@id\":\"https:\\\/\\\/www.sanjuandeportes.com\\\/wp\\\/#organization\"},\"image\":{\"@id\":\"https:\\\/\\\/www.sanjuandeportes.com\\\/wp\\\/2023\\\/10\\\/03\\\/el-ultimo-adios-a-juan-jose-chica\\\/#primaryimage\"},\"thumbnailUrl\":\"https:\\\/\\\/www.sanjuandeportes.com\\\/wp\\\/wp-content\\\/uploads\\\/2023\\\/10\\\/F7in-0CWYAAQuLr.jpg\",\"articleSection\":[\"Fuera de Juego\",\"San Juan\"],\"inLanguage\":\"es\",\"potentialAction\":[{\"@type\":\"CommentAction\",\"name\":\"Comment\",\"target\":[\"https:\\\/\\\/www.sanjuandeportes.com\\\/wp\\\/2023\\\/10\\\/03\\\/el-ultimo-adios-a-juan-jose-chica\\\/#respond\"]}]},{\"@type\":\"WebPage\",\"@id\":\"https:\\\/\\\/www.sanjuandeportes.com\\\/wp\\\/2023\\\/10\\\/03\\\/el-ultimo-adios-a-juan-jose-chica\\\/\",\"url\":\"https:\\\/\\\/www.sanjuandeportes.com\\\/wp\\\/2023\\\/10\\\/03\\\/el-ultimo-adios-a-juan-jose-chica\\\/\",\"name\":\"El \u00faltimo adi\u00f3s a Juan Jos\u00e9 Chica - San Juan Deportes\",\"isPartOf\":{\"@id\":\"https:\\\/\\\/www.sanjuandeportes.com\\\/wp\\\/#website\"},\"primaryImageOfPage\":{\"@id\":\"https:\\\/\\\/www.sanjuandeportes.com\\\/wp\\\/2023\\\/10\\\/03\\\/el-ultimo-adios-a-juan-jose-chica\\\/#primaryimage\"},\"image\":{\"@id\":\"https:\\\/\\\/www.sanjuandeportes.com\\\/wp\\\/2023\\\/10\\\/03\\\/el-ultimo-adios-a-juan-jose-chica\\\/#primaryimage\"},\"thumbnailUrl\":\"https:\\\/\\\/www.sanjuandeportes.com\\\/wp\\\/wp-content\\\/uploads\\\/2023\\\/10\\\/F7in-0CWYAAQuLr.jpg\",\"datePublished\":\"2023-10-03T21:49:28+00:00\",\"dateModified\":\"2023-10-04T20:50:03+00:00\",\"breadcrumb\":{\"@id\":\"https:\\\/\\\/www.sanjuandeportes.com\\\/wp\\\/2023\\\/10\\\/03\\\/el-ultimo-adios-a-juan-jose-chica\\\/#breadcrumb\"},\"inLanguage\":\"es\",\"potentialAction\":[{\"@type\":\"ReadAction\",\"target\":[\"https:\\\/\\\/www.sanjuandeportes.com\\\/wp\\\/2023\\\/10\\\/03\\\/el-ultimo-adios-a-juan-jose-chica\\\/\"]}]},{\"@type\":\"ImageObject\",\"inLanguage\":\"es\",\"@id\":\"https:\\\/\\\/www.sanjuandeportes.com\\\/wp\\\/2023\\\/10\\\/03\\\/el-ultimo-adios-a-juan-jose-chica\\\/#primaryimage\",\"url\":\"https:\\\/\\\/www.sanjuandeportes.com\\\/wp\\\/wp-content\\\/uploads\\\/2023\\\/10\\\/F7in-0CWYAAQuLr.jpg\",\"contentUrl\":\"https:\\\/\\\/www.sanjuandeportes.com\\\/wp\\\/wp-content\\\/uploads\\\/2023\\\/10\\\/F7in-0CWYAAQuLr.jpg\",\"width\":1920,\"height\":1440},{\"@type\":\"BreadcrumbList\",\"@id\":\"https:\\\/\\\/www.sanjuandeportes.com\\\/wp\\\/2023\\\/10\\\/03\\\/el-ultimo-adios-a-juan-jose-chica\\\/#breadcrumb\",\"itemListElement\":[{\"@type\":\"ListItem\",\"position\":1,\"name\":\"Portada\",\"item\":\"http:\\\/\\\/www.sanjuandeportes.com\\\/wp\\\/\"},{\"@type\":\"ListItem\",\"position\":2,\"name\":\"El \u00faltimo adi\u00f3s a Juan Jos\u00e9 Chica\"}]},{\"@type\":\"WebSite\",\"@id\":\"https:\\\/\\\/www.sanjuandeportes.com\\\/wp\\\/#website\",\"url\":\"https:\\\/\\\/www.sanjuandeportes.com\\\/wp\\\/\",\"name\":\"San Juan Deportes\",\"description\":\"El sitio de deportes de la provincia de San Juan\",\"publisher\":{\"@id\":\"https:\\\/\\\/www.sanjuandeportes.com\\\/wp\\\/#organization\"},\"potentialAction\":[{\"@type\":\"SearchAction\",\"target\":{\"@type\":\"EntryPoint\",\"urlTemplate\":\"https:\\\/\\\/www.sanjuandeportes.com\\\/wp\\\/?s={search_term_string}\"},\"query-input\":{\"@type\":\"PropertyValueSpecification\",\"valueRequired\":true,\"valueName\":\"search_term_string\"}}],\"inLanguage\":\"es\"},{\"@type\":\"Organization\",\"@id\":\"https:\\\/\\\/www.sanjuandeportes.com\\\/wp\\\/#organization\",\"name\":\"San Juan Deportes\",\"url\":\"https:\\\/\\\/www.sanjuandeportes.com\\\/wp\\\/\",\"logo\":{\"@type\":\"ImageObject\",\"inLanguage\":\"es\",\"@id\":\"https:\\\/\\\/www.sanjuandeportes.com\\\/wp\\\/#\\\/schema\\\/logo\\\/image\\\/\",\"url\":\"https:\\\/\\\/www.sanjuandeportes.com\\\/wp\\\/wp-content\\\/uploads\\\/unnamed.jpg\",\"contentUrl\":\"https:\\\/\\\/www.sanjuandeportes.com\\\/wp\\\/wp-content\\\/uploads\\\/unnamed.jpg\",\"width\":900,\"height\":900,\"caption\":\"San Juan Deportes\"},\"image\":{\"@id\":\"https:\\\/\\\/www.sanjuandeportes.com\\\/wp\\\/#\\\/schema\\\/logo\\\/image\\\/\"},\"sameAs\":[\"https:\\\/\\\/www.facebook.com\\\/sanjuandeportesok\",\"https:\\\/\\\/x.com\\\/SanJuanDeportes\",\"https:\\\/\\\/www.instagram.com\\\/sanjuandeportes\"]},{\"@type\":\"Person\",\"@id\":\"https:\\\/\\\/www.sanjuandeportes.com\\\/wp\\\/#\\\/schema\\\/person\\\/d8e3463931719391897f9c7a6d1bb7b3\",\"name\":\"admin\",\"image\":{\"@type\":\"ImageObject\",\"inLanguage\":\"es\",\"@id\":\"https:\\\/\\\/secure.gravatar.com\\\/avatar\\\/c4deacdacf798758c71e8e4f4ca4bcf755ae082e386babce41b35a278703bed5?s=96&d=mm&r=g\",\"url\":\"https:\\\/\\\/secure.gravatar.com\\\/avatar\\\/c4deacdacf798758c71e8e4f4ca4bcf755ae082e386babce41b35a278703bed5?s=96&d=mm&r=g\",\"contentUrl\":\"https:\\\/\\\/secure.gravatar.com\\\/avatar\\\/c4deacdacf798758c71e8e4f4ca4bcf755ae082e386babce41b35a278703bed5?s=96&d=mm&r=g\",\"caption\":\"admin\"},\"url\":\"https:\\\/\\\/www.sanjuandeportes.com\\\/wp\\\/author\\\/admin\\\/\"}]}<\/script>\n<!-- \/ Yoast SEO plugin. -->","yoast_head_json":{"title":"El \u00faltimo adi\u00f3s a Juan Jos\u00e9 Chica - San Juan Deportes","robots":{"index":"index","follow":"follow","max-snippet":"max-snippet:-1","max-image-preview":"max-image-preview:large","max-video-preview":"max-video-preview:-1"},"canonical":"https:\/\/www.sanjuandeportes.com\/wp\/2023\/10\/03\/el-ultimo-adios-a-juan-jose-chica\/","og_locale":"es_ES","og_type":"article","og_title":"El \u00faltimo adi\u00f3s a Juan Jos\u00e9 Chica - San Juan Deportes","og_description":"Los restos del gran dirigente deportivo comenzaron a ser velados por la ma\u00f1ana de este martes en la Legislatura Provincial. Posteriormente, se inici\u00f3 el recorrido de despedida, encabezado por Koky Chica, su hijo y actual Secretario de Deportes. La primera parada de la caravana simb\u00f3lica que trasladaba los restos de Juan Jos\u00e9 Chica fue en [&hellip;]","og_url":"https:\/\/www.sanjuandeportes.com\/wp\/2023\/10\/03\/el-ultimo-adios-a-juan-jose-chica\/","og_site_name":"San Juan Deportes","article_publisher":"https:\/\/www.facebook.com\/sanjuandeportesok","article_published_time":"2023-10-03T21:49:28+00:00","article_modified_time":"2023-10-04T20:50:03+00:00","og_image":[{"width":1920,"height":1440,"url":"https:\/\/www.sanjuandeportes.com\/wp\/wp-content\/uploads\/2023\/10\/F7in-0CWYAAQuLr.jpg","type":"image\/jpeg"}],"author":"admin","twitter_card":"summary_large_image","twitter_creator":"@SanJuanDeportes","twitter_site":"@SanJuanDeportes","twitter_misc":{"Escrito por":"admin","Tiempo de lectura":"1 minuto"},"schema":{"@context":"https:\/\/schema.org","@graph":[{"@type":"Article","@id":"https:\/\/www.sanjuandeportes.com\/wp\/2023\/10\/03\/el-ultimo-adios-a-juan-jose-chica\/#article","isPartOf":{"@id":"https:\/\/www.sanjuandeportes.com\/wp\/2023\/10\/03\/el-ultimo-adios-a-juan-jose-chica\/"},"author":{"name":"admin","@id":"https:\/\/www.sanjuandeportes.com\/wp\/#\/schema\/person\/d8e3463931719391897f9c7a6d1bb7b3"},"headline":"El \u00faltimo adi\u00f3s a Juan Jos\u00e9 Chica","datePublished":"2023-10-03T21:49:28+00:00","dateModified":"2023-10-04T20:50:03+00:00","mainEntityOfPage":{"@id":"https:\/\/www.sanjuandeportes.com\/wp\/2023\/10\/03\/el-ultimo-adios-a-juan-jose-chica\/"},"wordCount":212,"commentCount":0,"publisher":{"@id":"https:\/\/www.sanjuandeportes.com\/wp\/#organization"},"image":{"@id":"https:\/\/www.sanjuandeportes.com\/wp\/2023\/10\/03\/el-ultimo-adios-a-juan-jose-chica\/#primaryimage"},"thumbnailUrl":"https:\/\/www.sanjuandeportes.com\/wp\/wp-content\/uploads\/2023\/10\/F7in-0CWYAAQuLr.jpg","articleSection":["Fuera de Juego","San Juan"],"inLanguage":"es","potentialAction":[{"@type":"CommentAction","name":"Comment","target":["https:\/\/www.sanjuandeportes.com\/wp\/2023\/10\/03\/el-ultimo-adios-a-juan-jose-chica\/#respond"]}]},{"@type":"WebPage","@id":"https:\/\/www.sanjuandeportes.com\/wp\/2023\/10\/03\/el-ultimo-adios-a-juan-jose-chica\/","url":"https:\/\/www.sanjuandeportes.com\/wp\/2023\/10\/03\/el-ultimo-adios-a-juan-jose-chica\/","name":"El \u00faltimo adi\u00f3s a Juan Jos\u00e9 Chica - San Juan Deportes","isPartOf":{"@id":"https:\/\/www.sanjuandeportes.com\/wp\/#website"},"primaryImageOfPage":{"@id":"https:\/\/www.sanjuandeportes.com\/wp\/2023\/10\/03\/el-ultimo-adios-a-juan-jose-chica\/#primaryimage"},"image":{"@id":"https:\/\/www.sanjuandeportes.com\/wp\/2023\/10\/03\/el-ultimo-adios-a-juan-jose-chica\/#primaryimage"},"thumbnailUrl":"https:\/\/www.sanjuandeportes.com\/wp\/wp-content\/uploads\/2023\/10\/F7in-0CWYAAQuLr.jpg","datePublished":"2023-10-03T21:49:28+00:00","dateModified":"2023-10-04T20:50:03+00:00","breadcrumb":{"@id":"https:\/\/www.sanjuandeportes.com\/wp\/2023\/10\/03\/el-ultimo-adios-a-juan-jose-chica\/#breadcrumb"},"inLanguage":"es","potentialAction":[{"@type":"ReadAction","target":["https:\/\/www.sanjuandeportes.com\/wp\/2023\/10\/03\/el-ultimo-adios-a-juan-jose-chica\/"]}]},{"@type":"ImageObject","inLanguage":"es","@id":"https:\/\/www.sanjuandeportes.com\/wp\/2023\/10\/03\/el-ultimo-adios-a-juan-jose-chica\/#primaryimage","url":"https:\/\/www.sanjuandeportes.com\/wp\/wp-content\/uploads\/2023\/10\/F7in-0CWYAAQuLr.jpg","contentUrl":"https:\/\/www.sanjuandeportes.com\/wp\/wp-content\/uploads\/2023\/10\/F7in-0CWYAAQuLr.jpg","width":1920,"height":1440},{"@type":"BreadcrumbList","@id":"https:\/\/www.sanjuandeportes.com\/wp\/2023\/10\/03\/el-ultimo-adios-a-juan-jose-chica\/#breadcrumb","itemListElement":[{"@type":"ListItem","position":1,"name":"Portada","item":"http:\/\/www.sanjuandeportes.com\/wp\/"},{"@type":"ListItem","position":2,"name":"El \u00faltimo adi\u00f3s a Juan Jos\u00e9 Chica"}]},{"@type":"WebSite","@id":"https:\/\/www.sanjuandeportes.com\/wp\/#website","url":"https:\/\/www.sanjuandeportes.com\/wp\/","name":"San Juan Deportes","description":"El sitio de deportes de la provincia de San Juan","publisher":{"@id":"https:\/\/www.sanjuandeportes.com\/wp\/#organization"},"potentialAction":[{"@type":"SearchAction","target":{"@type":"EntryPoint","urlTemplate":"https:\/\/www.sanjuandeportes.com\/wp\/?s={search_term_string}"},"query-input":{"@type":"PropertyValueSpecification","valueRequired":true,"valueName":"search_term_string"}}],"inLanguage":"es"},{"@type":"Organization","@id":"https:\/\/www.sanjuandeportes.com\/wp\/#organization","name":"San Juan Deportes","url":"https:\/\/www.sanjuandeportes.com\/wp\/","logo":{"@type":"ImageObject","inLanguage":"es","@id":"https:\/\/www.sanjuandeportes.com\/wp\/#\/schema\/logo\/image\/","url":"https:\/\/www.sanjuandeportes.com\/wp\/wp-content\/uploads\/unnamed.jpg","contentUrl":"https:\/\/www.sanjuandeportes.com\/wp\/wp-content\/uploads\/unnamed.jpg","width":900,"height":900,"caption":"San Juan Deportes"},"image":{"@id":"https:\/\/www.sanjuandeportes.com\/wp\/#\/schema\/logo\/image\/"},"sameAs":["https:\/\/www.facebook.com\/sanjuandeportesok","https:\/\/x.com\/SanJuanDeportes","https:\/\/www.instagram.com\/sanjuandeportes"]},{"@type":"Person","@id":"https:\/\/www.sanjuandeportes.com\/wp\/#\/schema\/person\/d8e3463931719391897f9c7a6d1bb7b3","name":"admin","image":{"@type":"ImageObject","inLanguage":"es","@id":"https:\/\/secure.gravatar.com\/avatar\/c4deacdacf798758c71e8e4f4ca4bcf755ae082e386babce41b35a278703bed5?s=96&d=mm&r=g","url":"https:\/\/secure.gravatar.com\/avatar\/c4deacdacf798758c71e8e4f4ca4bcf755ae082e386babce41b35a278703bed5?s=96&d=mm&r=g","contentUrl":"https:\/\/secure.gravatar.com\/avatar\/c4deacdacf798758c71e8e4f4ca4bcf755ae082e386babce41b35a278703bed5?s=96&d=mm&r=g","caption":"admin"},"url":"https:\/\/www.sanjuandeportes.com\/wp\/author\/admin\/"}]}},"_links":{"self":[{"href":"https:\/\/www.sanjuandeportes.com\/wp\/wp-json\/wp\/v2\/posts\/19567","targetHints":{"allow":["GET"]}}],"collection":[{"href":"https:\/\/www.sanjuandeportes.com\/wp\/wp-json\/wp\/v2\/posts"}],"about":[{"href":"https:\/\/www.sanjuandeportes.com\/wp\/wp-json\/wp\/v2\/types\/post"}],"author":[{"embeddable":true,"href":"https:\/\/www.sanjuandeportes.com\/wp\/wp-json\/wp\/v2\/users\/1"}],"replies":[{"embeddable":true,"href":"https:\/\/www.sanjuandeportes.com\/wp\/wp-json\/wp\/v2\/comments?post=19567"}],"version-history":[{"count":1,"href":"https:\/\/www.sanjuandeportes.com\/wp\/wp-json\/wp\/v2\/posts\/19567\/revisions"}],"predecessor-version":[{"id":19569,"href":"https:\/\/www.sanjuandeportes.com\/wp\/wp-json\/wp\/v2\/posts\/19567\/revisions\/19569"}],"wp:featuredmedia":[{"embeddable":true,"href":"https:\/\/www.sanjuandeportes.com\/wp\/wp-json\/wp\/v2\/media\/19568"}],"wp:attachment":[{"href":"https:\/\/www.sanjuandeportes.com\/wp\/wp-json\/wp\/v2\/media?parent=19567"}],"wp:term":[{"taxonomy":"category","embeddable":true,"href":"https:\/\/www.sanjuandeportes.com\/wp\/wp-json\/wp\/v2\/categories?post=19567"},{"taxonomy":"post_tag","embeddable":true,"href":"https:\/\/www.sanjuandeportes.com\/wp\/wp-json\/wp\/v2\/tags?post=19567"}],"curies":[{"name":"wp","href":"https:\/\/api.w.org\/{rel}","templated":true}]}}