{"id":19652,"date":"2023-10-12T16:31:49","date_gmt":"2023-10-12T19:31:49","guid":{"rendered":"https:\/\/www.sanjuandeportes.com\/wp\/?p=19652"},"modified":"2023-10-17T17:32:32","modified_gmt":"2023-10-17T20:32:32","slug":"despues-del-descenso-hay-falta-de-pago-en-penarol","status":"publish","type":"post","link":"https:\/\/www.sanjuandeportes.com\/wp\/2023\/10\/12\/despues-del-descenso-hay-falta-de-pago-en-penarol\/","title":{"rendered":"Despu\u00e9s del descenso, hay falta de pago en Pe\u00f1arol"},"content":{"rendered":"\n<p class=\"wp-block-paragraph\">Al descenso y esc\u00e1ndalo dirigencial, el Club Sportivo Pe\u00f1arol suma el drama econ\u00f3mico.&nbsp;<strong>Hace tres meses que los jugadores, incluido el cuerpo t\u00e9cnico, no ven un peso del sueldo<\/strong>&nbsp;que le fue prometido y por el que firmaron contrato a principio de temporada. A ra\u00edz de esto decidieron, de com\u00fan acuerdo, no hacer trabajos con la pelota.<\/p>\n\n\n\n<p class=\"wp-block-paragraph\"><strong>Lo que se sabe es que son tres los sueldos que se les adeuda a los futbolistas, entre los for\u00e1neos y los sanjuaninos.<\/strong>&nbsp;Una situaci\u00f3n complicada para el plantel, sobre todo por la situaci\u00f3n econ\u00f3mica que atraviesa el pa\u00eds y porque los salarios, en tres meses, quedaron desvirtuados.<\/p>\n\n\n\n<p class=\"wp-block-paragraph\">A dos fechas del final del torneo Federal A, la mayor\u00eda de los futbolistas que llegaron como refuerzos se fueron en las \u00faltimas semanas:<strong>&nbsp;algunos no ten\u00edan ni para pagar el traslado a los entrenamientos y decidieron marcharse para buscar club<\/strong>. Actualmente s\u00f3lo quedan cinco jugadores de los refuerzos que se sumaron al comienzo del torneo; el resto son pibes del club, entre juveniles y chicos que juegan en el torneo local.<\/p>\n\n\n\n<p class=\"wp-block-paragraph\"><strong>Cabe destacar que la grave situaci\u00f3n financiera que atraviesa Pe\u00f1arol se debe a que la cuenta del club fue bloqueada a ra\u00edz de la denuncia por \u00abadministraci\u00f3n fraudulenta\u00bb contra Oscar Cuevas,&nbsp;<\/strong>entonces presidente. Si bien los fondos ya fueron liberados, por ahora no autorizan a nadie manejar la cuenta.<\/p>\n\n\n\n<p class=\"wp-block-paragraph\"><strong>Desde la Justicia explicaron que, tras la denuncia e imputaci\u00f3n de Cuevas, decidieron otorgarle la potestad a la Secretar\u00eda de Deportes de definir qui\u00e9n se har\u00e1 cargo de los fondos que recibe el club por parte del Gobierno.<\/strong>&nbsp;Adem\u00e1s porque la comisi\u00f3n directiva tiene mandato vencido: a Oscar Cuevas no se le otorg\u00f3 nuevamente una pr\u00f3rroga pese a su deseo de continuar en el club.<\/p>\n\n\n\n<p class=\"wp-block-paragraph\">Fuente: Tiempo de San Juan<\/p>\n","protected":false},"excerpt":{"rendered":"<p>Al descenso y esc\u00e1ndalo dirigencial, el Club Sportivo Pe\u00f1arol suma el drama econ\u00f3mico.&nbsp;Hace tres meses que los jugadores, incluido el cuerpo t\u00e9cnico, no ven un peso del sueldo&nbsp;que le fue prometido y por el que firmaron contrato a principio de temporada. A ra\u00edz de esto decidieron, de com\u00fan acuerdo, no hacer trabajos con la pelota. [&hellip;]<\/p>\n","protected":false},"author":1,"featured_media":15844,"comment_status":"open","ping_status":"open","sticky":false,"template":"","format":"standard","meta":{"footnotes":""},"categories":[36,24,178],"tags":[],"class_list":["post-19652","post","type-post","status-publish","format-standard","has-post-thumbnail","hentry","category-federal-a","category-futbol","category-san-juan"],"yoast_head":"<!-- This site is optimized with the Yoast SEO plugin v28.2 - https:\/\/yoast.com\/product\/yoast-seo-wordpress\/ -->\n<title>Despu\u00e9s del descenso, hay falta de pago en Pe\u00f1arol - San Juan Deportes<\/title>\n<meta name=\"robots\" content=\"index, follow, max-snippet:-1, max-image-preview:large, max-video-preview:-1\" \/>\n<link rel=\"canonical\" href=\"https:\/\/www.sanjuandeportes.com\/wp\/2023\/10\/12\/despues-del-descenso-hay-falta-de-pago-en-penarol\/\" \/>\n<meta property=\"og:locale\" content=\"es_ES\" \/>\n<meta property=\"og:type\" content=\"article\" \/>\n<meta property=\"og:title\" content=\"Despu\u00e9s del descenso, hay falta de pago en Pe\u00f1arol - San Juan Deportes\" \/>\n<meta property=\"og:description\" content=\"Al descenso y esc\u00e1ndalo dirigencial, el Club Sportivo Pe\u00f1arol suma el drama econ\u00f3mico.&nbsp;Hace tres meses que los jugadores, incluido el cuerpo t\u00e9cnico, no ven un peso del sueldo&nbsp;que le fue prometido y por el que firmaron contrato a principio de temporada. A ra\u00edz de esto decidieron, de com\u00fan acuerdo, no hacer trabajos con la pelota. [&hellip;]\" \/>\n<meta property=\"og:url\" content=\"https:\/\/www.sanjuandeportes.com\/wp\/2023\/10\/12\/despues-del-descenso-hay-falta-de-pago-en-penarol\/\" \/>\n<meta property=\"og:site_name\" content=\"San Juan Deportes\" \/>\n<meta property=\"article:publisher\" content=\"https:\/\/www.facebook.com\/sanjuandeportesok\" \/>\n<meta property=\"article:published_time\" content=\"2023-10-12T19:31:49+00:00\" \/>\n<meta property=\"article:modified_time\" content=\"2023-10-17T20:32:32+00:00\" \/>\n<meta property=\"og:image\" content=\"https:\/\/www.sanjuandeportes.com\/wp\/wp-content\/uploads\/2022\/04\/penarol.jpg\" \/>\n\t<meta property=\"og:image:width\" content=\"1200\" \/>\n\t<meta property=\"og:image:height\" content=\"676\" \/>\n\t<meta property=\"og:image:type\" content=\"image\/jpeg\" \/>\n<meta name=\"author\" content=\"admin\" \/>\n<meta name=\"twitter:card\" content=\"summary_large_image\" \/>\n<meta name=\"twitter:creator\" content=\"@SanJuanDeportes\" \/>\n<meta name=\"twitter:site\" content=\"@SanJuanDeportes\" \/>\n<meta name=\"twitter:label1\" content=\"Escrito por\" \/>\n\t<meta name=\"twitter:data1\" content=\"admin\" \/>\n\t<meta name=\"twitter:label2\" content=\"Tiempo de lectura\" \/>\n\t<meta name=\"twitter:data2\" content=\"2 minutos\" \/>\n<script type=\"application\/ld+json\" class=\"yoast-schema-graph\">{\"@context\":\"https:\\\/\\\/schema.org\",\"@graph\":[{\"@type\":\"Article\",\"@id\":\"https:\\\/\\\/www.sanjuandeportes.com\\\/wp\\\/2023\\\/10\\\/12\\\/despues-del-descenso-hay-falta-de-pago-en-penarol\\\/#article\",\"isPartOf\":{\"@id\":\"https:\\\/\\\/www.sanjuandeportes.com\\\/wp\\\/2023\\\/10\\\/12\\\/despues-del-descenso-hay-falta-de-pago-en-penarol\\\/\"},\"author\":{\"name\":\"admin\",\"@id\":\"http:\\\/\\\/www.sanjuandeportes.com\\\/wp\\\/#\\\/schema\\\/person\\\/d8e3463931719391897f9c7a6d1bb7b3\"},\"headline\":\"Despu\u00e9s del descenso, hay falta de pago en Pe\u00f1arol\",\"datePublished\":\"2023-10-12T19:31:49+00:00\",\"dateModified\":\"2023-10-17T20:32:32+00:00\",\"mainEntityOfPage\":{\"@id\":\"https:\\\/\\\/www.sanjuandeportes.com\\\/wp\\\/2023\\\/10\\\/12\\\/despues-del-descenso-hay-falta-de-pago-en-penarol\\\/\"},\"wordCount\":337,\"commentCount\":0,\"publisher\":{\"@id\":\"http:\\\/\\\/www.sanjuandeportes.com\\\/wp\\\/#organization\"},\"image\":{\"@id\":\"https:\\\/\\\/www.sanjuandeportes.com\\\/wp\\\/2023\\\/10\\\/12\\\/despues-del-descenso-hay-falta-de-pago-en-penarol\\\/#primaryimage\"},\"thumbnailUrl\":\"https:\\\/\\\/www.sanjuandeportes.com\\\/wp\\\/wp-content\\\/uploads\\\/2022\\\/04\\\/penarol.jpg\",\"articleSection\":[\"Federal A\",\"Futbol\",\"San Juan\"],\"inLanguage\":\"es\",\"potentialAction\":[{\"@type\":\"CommentAction\",\"name\":\"Comment\",\"target\":[\"https:\\\/\\\/www.sanjuandeportes.com\\\/wp\\\/2023\\\/10\\\/12\\\/despues-del-descenso-hay-falta-de-pago-en-penarol\\\/#respond\"]}]},{\"@type\":\"WebPage\",\"@id\":\"https:\\\/\\\/www.sanjuandeportes.com\\\/wp\\\/2023\\\/10\\\/12\\\/despues-del-descenso-hay-falta-de-pago-en-penarol\\\/\",\"url\":\"https:\\\/\\\/www.sanjuandeportes.com\\\/wp\\\/2023\\\/10\\\/12\\\/despues-del-descenso-hay-falta-de-pago-en-penarol\\\/\",\"name\":\"Despu\u00e9s del descenso, hay falta de pago en Pe\u00f1arol - San Juan Deportes\",\"isPartOf\":{\"@id\":\"http:\\\/\\\/www.sanjuandeportes.com\\\/wp\\\/#website\"},\"primaryImageOfPage\":{\"@id\":\"https:\\\/\\\/www.sanjuandeportes.com\\\/wp\\\/2023\\\/10\\\/12\\\/despues-del-descenso-hay-falta-de-pago-en-penarol\\\/#primaryimage\"},\"image\":{\"@id\":\"https:\\\/\\\/www.sanjuandeportes.com\\\/wp\\\/2023\\\/10\\\/12\\\/despues-del-descenso-hay-falta-de-pago-en-penarol\\\/#primaryimage\"},\"thumbnailUrl\":\"https:\\\/\\\/www.sanjuandeportes.com\\\/wp\\\/wp-content\\\/uploads\\\/2022\\\/04\\\/penarol.jpg\",\"datePublished\":\"2023-10-12T19:31:49+00:00\",\"dateModified\":\"2023-10-17T20:32:32+00:00\",\"breadcrumb\":{\"@id\":\"https:\\\/\\\/www.sanjuandeportes.com\\\/wp\\\/2023\\\/10\\\/12\\\/despues-del-descenso-hay-falta-de-pago-en-penarol\\\/#breadcrumb\"},\"inLanguage\":\"es\",\"potentialAction\":[{\"@type\":\"ReadAction\",\"target\":[\"https:\\\/\\\/www.sanjuandeportes.com\\\/wp\\\/2023\\\/10\\\/12\\\/despues-del-descenso-hay-falta-de-pago-en-penarol\\\/\"]}]},{\"@type\":\"ImageObject\",\"inLanguage\":\"es\",\"@id\":\"https:\\\/\\\/www.sanjuandeportes.com\\\/wp\\\/2023\\\/10\\\/12\\\/despues-del-descenso-hay-falta-de-pago-en-penarol\\\/#primaryimage\",\"url\":\"https:\\\/\\\/www.sanjuandeportes.com\\\/wp\\\/wp-content\\\/uploads\\\/2022\\\/04\\\/penarol.jpg\",\"contentUrl\":\"https:\\\/\\\/www.sanjuandeportes.com\\\/wp\\\/wp-content\\\/uploads\\\/2022\\\/04\\\/penarol.jpg\",\"width\":1200,\"height\":676},{\"@type\":\"BreadcrumbList\",\"@id\":\"https:\\\/\\\/www.sanjuandeportes.com\\\/wp\\\/2023\\\/10\\\/12\\\/despues-del-descenso-hay-falta-de-pago-en-penarol\\\/#breadcrumb\",\"itemListElement\":[{\"@type\":\"ListItem\",\"position\":1,\"name\":\"Portada\",\"item\":\"http:\\\/\\\/www.sanjuandeportes.com\\\/wp\\\/\"},{\"@type\":\"ListItem\",\"position\":2,\"name\":\"Despu\u00e9s del descenso, hay falta de pago en Pe\u00f1arol\"}]},{\"@type\":\"WebSite\",\"@id\":\"http:\\\/\\\/www.sanjuandeportes.com\\\/wp\\\/#website\",\"url\":\"http:\\\/\\\/www.sanjuandeportes.com\\\/wp\\\/\",\"name\":\"San Juan Deportes\",\"description\":\"El sitio de deportes de la provincia de San Juan\",\"publisher\":{\"@id\":\"http:\\\/\\\/www.sanjuandeportes.com\\\/wp\\\/#organization\"},\"potentialAction\":[{\"@type\":\"SearchAction\",\"target\":{\"@type\":\"EntryPoint\",\"urlTemplate\":\"http:\\\/\\\/www.sanjuandeportes.com\\\/wp\\\/?s={search_term_string}\"},\"query-input\":{\"@type\":\"PropertyValueSpecification\",\"valueRequired\":true,\"valueName\":\"search_term_string\"}}],\"inLanguage\":\"es\"},{\"@type\":\"Organization\",\"@id\":\"http:\\\/\\\/www.sanjuandeportes.com\\\/wp\\\/#organization\",\"name\":\"San Juan Deportes\",\"url\":\"http:\\\/\\\/www.sanjuandeportes.com\\\/wp\\\/\",\"logo\":{\"@type\":\"ImageObject\",\"inLanguage\":\"es\",\"@id\":\"http:\\\/\\\/www.sanjuandeportes.com\\\/wp\\\/#\\\/schema\\\/logo\\\/image\\\/\",\"url\":\"https:\\\/\\\/www.sanjuandeportes.com\\\/wp\\\/wp-content\\\/uploads\\\/unnamed.jpg\",\"contentUrl\":\"https:\\\/\\\/www.sanjuandeportes.com\\\/wp\\\/wp-content\\\/uploads\\\/unnamed.jpg\",\"width\":900,\"height\":900,\"caption\":\"San Juan Deportes\"},\"image\":{\"@id\":\"http:\\\/\\\/www.sanjuandeportes.com\\\/wp\\\/#\\\/schema\\\/logo\\\/image\\\/\"},\"sameAs\":[\"https:\\\/\\\/www.facebook.com\\\/sanjuandeportesok\",\"https:\\\/\\\/x.com\\\/SanJuanDeportes\",\"https:\\\/\\\/www.instagram.com\\\/sanjuandeportes\"]},{\"@type\":\"Person\",\"@id\":\"http:\\\/\\\/www.sanjuandeportes.com\\\/wp\\\/#\\\/schema\\\/person\\\/d8e3463931719391897f9c7a6d1bb7b3\",\"name\":\"admin\",\"image\":{\"@type\":\"ImageObject\",\"inLanguage\":\"es\",\"@id\":\"https:\\\/\\\/secure.gravatar.com\\\/avatar\\\/c4deacdacf798758c71e8e4f4ca4bcf755ae082e386babce41b35a278703bed5?s=96&d=mm&r=g\",\"url\":\"https:\\\/\\\/secure.gravatar.com\\\/avatar\\\/c4deacdacf798758c71e8e4f4ca4bcf755ae082e386babce41b35a278703bed5?s=96&d=mm&r=g\",\"contentUrl\":\"https:\\\/\\\/secure.gravatar.com\\\/avatar\\\/c4deacdacf798758c71e8e4f4ca4bcf755ae082e386babce41b35a278703bed5?s=96&d=mm&r=g\",\"caption\":\"admin\"},\"url\":\"https:\\\/\\\/www.sanjuandeportes.com\\\/wp\\\/author\\\/admin\\\/\"}]}<\/script>\n<!-- \/ Yoast SEO plugin. -->","yoast_head_json":{"title":"Despu\u00e9s del descenso, hay falta de pago en Pe\u00f1arol - San Juan Deportes","robots":{"index":"index","follow":"follow","max-snippet":"max-snippet:-1","max-image-preview":"max-image-preview:large","max-video-preview":"max-video-preview:-1"},"canonical":"https:\/\/www.sanjuandeportes.com\/wp\/2023\/10\/12\/despues-del-descenso-hay-falta-de-pago-en-penarol\/","og_locale":"es_ES","og_type":"article","og_title":"Despu\u00e9s del descenso, hay falta de pago en Pe\u00f1arol - San Juan Deportes","og_description":"Al descenso y esc\u00e1ndalo dirigencial, el Club Sportivo Pe\u00f1arol suma el drama econ\u00f3mico.&nbsp;Hace tres meses que los jugadores, incluido el cuerpo t\u00e9cnico, no ven un peso del sueldo&nbsp;que le fue prometido y por el que firmaron contrato a principio de temporada. A ra\u00edz de esto decidieron, de com\u00fan acuerdo, no hacer trabajos con la pelota. [&hellip;]","og_url":"https:\/\/www.sanjuandeportes.com\/wp\/2023\/10\/12\/despues-del-descenso-hay-falta-de-pago-en-penarol\/","og_site_name":"San Juan Deportes","article_publisher":"https:\/\/www.facebook.com\/sanjuandeportesok","article_published_time":"2023-10-12T19:31:49+00:00","article_modified_time":"2023-10-17T20:32:32+00:00","og_image":[{"width":1200,"height":676,"url":"https:\/\/www.sanjuandeportes.com\/wp\/wp-content\/uploads\/2022\/04\/penarol.jpg","type":"image\/jpeg"}],"author":"admin","twitter_card":"summary_large_image","twitter_creator":"@SanJuanDeportes","twitter_site":"@SanJuanDeportes","twitter_misc":{"Escrito por":"admin","Tiempo de lectura":"2 minutos"},"schema":{"@context":"https:\/\/schema.org","@graph":[{"@type":"Article","@id":"https:\/\/www.sanjuandeportes.com\/wp\/2023\/10\/12\/despues-del-descenso-hay-falta-de-pago-en-penarol\/#article","isPartOf":{"@id":"https:\/\/www.sanjuandeportes.com\/wp\/2023\/10\/12\/despues-del-descenso-hay-falta-de-pago-en-penarol\/"},"author":{"name":"admin","@id":"http:\/\/www.sanjuandeportes.com\/wp\/#\/schema\/person\/d8e3463931719391897f9c7a6d1bb7b3"},"headline":"Despu\u00e9s del descenso, hay falta de pago en Pe\u00f1arol","datePublished":"2023-10-12T19:31:49+00:00","dateModified":"2023-10-17T20:32:32+00:00","mainEntityOfPage":{"@id":"https:\/\/www.sanjuandeportes.com\/wp\/2023\/10\/12\/despues-del-descenso-hay-falta-de-pago-en-penarol\/"},"wordCount":337,"commentCount":0,"publisher":{"@id":"http:\/\/www.sanjuandeportes.com\/wp\/#organization"},"image":{"@id":"https:\/\/www.sanjuandeportes.com\/wp\/2023\/10\/12\/despues-del-descenso-hay-falta-de-pago-en-penarol\/#primaryimage"},"thumbnailUrl":"https:\/\/www.sanjuandeportes.com\/wp\/wp-content\/uploads\/2022\/04\/penarol.jpg","articleSection":["Federal A","Futbol","San Juan"],"inLanguage":"es","potentialAction":[{"@type":"CommentAction","name":"Comment","target":["https:\/\/www.sanjuandeportes.com\/wp\/2023\/10\/12\/despues-del-descenso-hay-falta-de-pago-en-penarol\/#respond"]}]},{"@type":"WebPage","@id":"https:\/\/www.sanjuandeportes.com\/wp\/2023\/10\/12\/despues-del-descenso-hay-falta-de-pago-en-penarol\/","url":"https:\/\/www.sanjuandeportes.com\/wp\/2023\/10\/12\/despues-del-descenso-hay-falta-de-pago-en-penarol\/","name":"Despu\u00e9s del descenso, hay falta de pago en Pe\u00f1arol - San Juan Deportes","isPartOf":{"@id":"http:\/\/www.sanjuandeportes.com\/wp\/#website"},"primaryImageOfPage":{"@id":"https:\/\/www.sanjuandeportes.com\/wp\/2023\/10\/12\/despues-del-descenso-hay-falta-de-pago-en-penarol\/#primaryimage"},"image":{"@id":"https:\/\/www.sanjuandeportes.com\/wp\/2023\/10\/12\/despues-del-descenso-hay-falta-de-pago-en-penarol\/#primaryimage"},"thumbnailUrl":"https:\/\/www.sanjuandeportes.com\/wp\/wp-content\/uploads\/2022\/04\/penarol.jpg","datePublished":"2023-10-12T19:31:49+00:00","dateModified":"2023-10-17T20:32:32+00:00","breadcrumb":{"@id":"https:\/\/www.sanjuandeportes.com\/wp\/2023\/10\/12\/despues-del-descenso-hay-falta-de-pago-en-penarol\/#breadcrumb"},"inLanguage":"es","potentialAction":[{"@type":"ReadAction","target":["https:\/\/www.sanjuandeportes.com\/wp\/2023\/10\/12\/despues-del-descenso-hay-falta-de-pago-en-penarol\/"]}]},{"@type":"ImageObject","inLanguage":"es","@id":"https:\/\/www.sanjuandeportes.com\/wp\/2023\/10\/12\/despues-del-descenso-hay-falta-de-pago-en-penarol\/#primaryimage","url":"https:\/\/www.sanjuandeportes.com\/wp\/wp-content\/uploads\/2022\/04\/penarol.jpg","contentUrl":"https:\/\/www.sanjuandeportes.com\/wp\/wp-content\/uploads\/2022\/04\/penarol.jpg","width":1200,"height":676},{"@type":"BreadcrumbList","@id":"https:\/\/www.sanjuandeportes.com\/wp\/2023\/10\/12\/despues-del-descenso-hay-falta-de-pago-en-penarol\/#breadcrumb","itemListElement":[{"@type":"ListItem","position":1,"name":"Portada","item":"http:\/\/www.sanjuandeportes.com\/wp\/"},{"@type":"ListItem","position":2,"name":"Despu\u00e9s del descenso, hay falta de pago en Pe\u00f1arol"}]},{"@type":"WebSite","@id":"http:\/\/www.sanjuandeportes.com\/wp\/#website","url":"http:\/\/www.sanjuandeportes.com\/wp\/","name":"San Juan Deportes","description":"El sitio de deportes de la provincia de San Juan","publisher":{"@id":"http:\/\/www.sanjuandeportes.com\/wp\/#organization"},"potentialAction":[{"@type":"SearchAction","target":{"@type":"EntryPoint","urlTemplate":"http:\/\/www.sanjuandeportes.com\/wp\/?s={search_term_string}"},"query-input":{"@type":"PropertyValueSpecification","valueRequired":true,"valueName":"search_term_string"}}],"inLanguage":"es"},{"@type":"Organization","@id":"http:\/\/www.sanjuandeportes.com\/wp\/#organization","name":"San Juan Deportes","url":"http:\/\/www.sanjuandeportes.com\/wp\/","logo":{"@type":"ImageObject","inLanguage":"es","@id":"http:\/\/www.sanjuandeportes.com\/wp\/#\/schema\/logo\/image\/","url":"https:\/\/www.sanjuandeportes.com\/wp\/wp-content\/uploads\/unnamed.jpg","contentUrl":"https:\/\/www.sanjuandeportes.com\/wp\/wp-content\/uploads\/unnamed.jpg","width":900,"height":900,"caption":"San Juan Deportes"},"image":{"@id":"http:\/\/www.sanjuandeportes.com\/wp\/#\/schema\/logo\/image\/"},"sameAs":["https:\/\/www.facebook.com\/sanjuandeportesok","https:\/\/x.com\/SanJuanDeportes","https:\/\/www.instagram.com\/sanjuandeportes"]},{"@type":"Person","@id":"http:\/\/www.sanjuandeportes.com\/wp\/#\/schema\/person\/d8e3463931719391897f9c7a6d1bb7b3","name":"admin","image":{"@type":"ImageObject","inLanguage":"es","@id":"https:\/\/secure.gravatar.com\/avatar\/c4deacdacf798758c71e8e4f4ca4bcf755ae082e386babce41b35a278703bed5?s=96&d=mm&r=g","url":"https:\/\/secure.gravatar.com\/avatar\/c4deacdacf798758c71e8e4f4ca4bcf755ae082e386babce41b35a278703bed5?s=96&d=mm&r=g","contentUrl":"https:\/\/secure.gravatar.com\/avatar\/c4deacdacf798758c71e8e4f4ca4bcf755ae082e386babce41b35a278703bed5?s=96&d=mm&r=g","caption":"admin"},"url":"https:\/\/www.sanjuandeportes.com\/wp\/author\/admin\/"}]}},"_links":{"self":[{"href":"https:\/\/www.sanjuandeportes.com\/wp\/wp-json\/wp\/v2\/posts\/19652","targetHints":{"allow":["GET"]}}],"collection":[{"href":"https:\/\/www.sanjuandeportes.com\/wp\/wp-json\/wp\/v2\/posts"}],"about":[{"href":"https:\/\/www.sanjuandeportes.com\/wp\/wp-json\/wp\/v2\/types\/post"}],"author":[{"embeddable":true,"href":"https:\/\/www.sanjuandeportes.com\/wp\/wp-json\/wp\/v2\/users\/1"}],"replies":[{"embeddable":true,"href":"https:\/\/www.sanjuandeportes.com\/wp\/wp-json\/wp\/v2\/comments?post=19652"}],"version-history":[{"count":1,"href":"https:\/\/www.sanjuandeportes.com\/wp\/wp-json\/wp\/v2\/posts\/19652\/revisions"}],"predecessor-version":[{"id":19653,"href":"https:\/\/www.sanjuandeportes.com\/wp\/wp-json\/wp\/v2\/posts\/19652\/revisions\/19653"}],"wp:featuredmedia":[{"embeddable":true,"href":"https:\/\/www.sanjuandeportes.com\/wp\/wp-json\/wp\/v2\/media\/15844"}],"wp:attachment":[{"href":"https:\/\/www.sanjuandeportes.com\/wp\/wp-json\/wp\/v2\/media?parent=19652"}],"wp:term":[{"taxonomy":"category","embeddable":true,"href":"https:\/\/www.sanjuandeportes.com\/wp\/wp-json\/wp\/v2\/categories?post=19652"},{"taxonomy":"post_tag","embeddable":true,"href":"https:\/\/www.sanjuandeportes.com\/wp\/wp-json\/wp\/v2\/tags?post=19652"}],"curies":[{"name":"wp","href":"https:\/\/api.w.org\/{rel}","templated":true}]}}