{"id":19723,"date":"2023-10-25T20:48:18","date_gmt":"2023-10-25T23:48:18","guid":{"rendered":"https:\/\/www.sanjuandeportes.com\/wp\/?p=19723"},"modified":"2023-10-29T22:39:04","modified_gmt":"2023-10-30T01:39:04","slug":"fernanda-pereyra-y-gallay-clasifican-a-semifinales-del-voley-playa-en-santiago","status":"publish","type":"post","link":"https:\/\/www.sanjuandeportes.com\/wp\/2023\/10\/25\/fernanda-pereyra-y-gallay-clasifican-a-semifinales-del-voley-playa-en-santiago\/","title":{"rendered":"Fernanda Pereyra y Gallay clasifican a semifinales del v\u00f3ley playa en Santiago"},"content":{"rendered":"\n<p class=\"wp-block-paragraph\"><strong style=\"font-family: Merriweather, Georgia, &quot;Times New Roman&quot;, serif; font-size: 18.56px; white-space-collapse: collapse; box-sizing: inherit; color: rgb(77, 77, 77);\">Fernanda Pereyra\u00a0<\/strong><span style=\"color: rgb(51, 51, 51); font-family: Merriweather, Georgia, &quot;Times New Roman&quot;, serif; font-size: 18.56px; white-space-collapse: collapse;\">y Ana Gallay lograron clasificar a semifinales de los Juegos Panamericanos Santiago 2023 al vencer a M\u00e9xico. Ahora esperan por el ganador de Canad\u00e1 \u2013 Puerto Rico.<\/span><p style=\"box-sizing: inherit; margin: 1.5rem 0px; color: rgb(51, 51, 51); font-family: Merriweather, Georgia, &quot;Times New Roman&quot;, serif; font-size: 18.56px; white-space-collapse: collapse;\">En el partido jugado en la cancha N\u00b01 del Centro de V\u00f3ley Playa del Parque Pe\u00f1alol\u00e9n, las argentinas enfrentaron a las mexicanas Atenas Guti\u00e9rrez Guzm\u00e1n y Abril Flores Castro, quienes fueron primeras en la Zona A y llegaban invictas a este encuentro y con el d\u00eda de descanso que tuvieron el martes.<\/p><p style=\"box-sizing: inherit; margin: 1.5rem 0px; color: rgb(51, 51, 51); font-family: Merriweather, Georgia, &quot;Times New Roman&quot;, serif; font-size: 18.56px; white-space-collapse: collapse;\">El partido, en la primera mitad del primer set, fue sumamente disputado, con errores y virtudes de ambas duplas, lo que hac\u00eda que ninguna pudiera despegarse en el marcador, alternando el dominio, siempre, por escaza diferencia; a partir de ese momento, Gallay \u2013 Pereyra comenzaron a despegarse en el tanteador, para llevarse el parcial 21\/16, en 20 minutos de juego.<\/p><p style=\"box-sizing: inherit; margin: 1.5rem 0px; color: rgb(51, 51, 51); font-family: Merriweather, Georgia, &quot;Times New Roman&quot;, serif; font-size: 18.56px; white-space-collapse: collapse;\">El segundo set fue con un comienzo incierto de nuestras representantes, que llegaron a estar 1-4, pero r\u00e1pidamente limaron esa diferencia y comenzaron a construir una s\u00f3lida victoria, que marc\u00f3 el 21\/17, al cabo de 22 minutos de juego.<\/p><p style=\"box-sizing: inherit; margin: 1.5rem 0px; color: rgb(51, 51, 51); font-family: Merriweather, Georgia, &quot;Times New Roman&quot;, serif; font-size: 18.56px; white-space-collapse: collapse;\">Fue triunfo argentino y pase a semifinales del torneo, ante la gran alegr\u00eda de Fernanda y Ana, que termin\u00f3 con baile incluido, como es costumbre de la entrerriana.<\/p><p style=\"box-sizing: inherit; margin: 1.5rem 0px; color: rgb(51, 51, 51); font-family: Merriweather, Georgia, &quot;Times New Roman&quot;, serif; font-size: 18.56px; white-space-collapse: collapse;\">Ahora, el rival ser\u00e1 Canad\u00e1, quien con Melissa Humana-Paredes y Brandie Wilkerson ganaron en cuartos de final a Puerto Rico (Mar\u00eda Gonz\u00e1lez Valent\u00edn y Allanis Navas S\u00e1nchez) con un c\u00f3modo 21\/11 y 21\/14.<\/p><p style=\"box-sizing: inherit; margin: 1.5rem 0px; color: rgb(51, 51, 51); font-family: Merriweather, Georgia, &quot;Times New Roman&quot;, serif; font-size: 18.56px; white-space-collapse: collapse;\">El partido se jugar\u00e1 este jueves a las 17 horas. Por la otra llave, uno de los semifinalistas saldr\u00e1 del enfrentamiento entre Brasil \u2013 Per\u00fa y el otro del encuentro Estados Unidos \u2013 Chile.<\/p><\/p>\n","protected":false},"excerpt":{"rendered":"<p>Fernanda Pereyra\u00a0y Ana Gallay lograron clasificar a semifinales de los Juegos Panamericanos Santiago 2023 al vencer a M\u00e9xico. Ahora esperan por el ganador de Canad\u00e1 \u2013 Puerto Rico. En el partido jugado en la cancha N\u00b01 del Centro de V\u00f3ley Playa del Parque Pe\u00f1alol\u00e9n, las argentinas enfrentaron a las mexicanas Atenas Guti\u00e9rrez Guzm\u00e1n y Abril [&hellip;]<\/p>\n","protected":false},"author":1,"featured_media":19724,"comment_status":"open","ping_status":"open","sticky":false,"template":"","format":"standard","meta":{"footnotes":""},"categories":[178,34],"tags":[],"class_list":["post-19723","post","type-post","status-publish","format-standard","has-post-thumbnail","hentry","category-san-juan","category-voley"],"yoast_head":"<!-- This site is optimized with the Yoast SEO plugin v28.2 - https:\/\/yoast.com\/product\/yoast-seo-wordpress\/ -->\n<title>Fernanda Pereyra y Gallay clasifican a semifinales del v\u00f3ley playa en Santiago - San Juan Deportes<\/title>\n<meta name=\"robots\" content=\"index, follow, max-snippet:-1, max-image-preview:large, max-video-preview:-1\" \/>\n<link rel=\"canonical\" href=\"http:\/\/www.sanjuandeportes.com\/wp\/2023\/10\/25\/fernanda-pereyra-y-gallay-clasifican-a-semifinales-del-voley-playa-en-santiago\/\" \/>\n<meta property=\"og:locale\" content=\"es_ES\" \/>\n<meta property=\"og:type\" content=\"article\" \/>\n<meta property=\"og:title\" content=\"Fernanda Pereyra y Gallay clasifican a semifinales del v\u00f3ley playa en Santiago - San Juan Deportes\" \/>\n<meta property=\"og:description\" content=\"Fernanda Pereyra\u00a0y Ana Gallay lograron clasificar a semifinales de los Juegos Panamericanos Santiago 2023 al vencer a M\u00e9xico. Ahora esperan por el ganador de Canad\u00e1 \u2013 Puerto Rico. En el partido jugado en la cancha N\u00b01 del Centro de V\u00f3ley Playa del Parque Pe\u00f1alol\u00e9n, las argentinas enfrentaron a las mexicanas Atenas Guti\u00e9rrez Guzm\u00e1n y Abril [&hellip;]\" \/>\n<meta property=\"og:url\" content=\"http:\/\/www.sanjuandeportes.com\/wp\/2023\/10\/25\/fernanda-pereyra-y-gallay-clasifican-a-semifinales-del-voley-playa-en-santiago\/\" \/>\n<meta property=\"og:site_name\" content=\"San Juan Deportes\" \/>\n<meta property=\"article:publisher\" content=\"https:\/\/www.facebook.com\/sanjuandeportesok\" \/>\n<meta property=\"article:published_time\" content=\"2023-10-25T23:48:18+00:00\" \/>\n<meta property=\"article:modified_time\" content=\"2023-10-30T01:39:04+00:00\" \/>\n<meta property=\"og:image\" content=\"http:\/\/www.sanjuandeportes.com\/wp\/wp-content\/uploads\/2023\/10\/ade48460c857b5794ec07dd4a2239660_L.jpg\" \/>\n\t<meta property=\"og:image:width\" content=\"782\" \/>\n\t<meta property=\"og:image:height\" content=\"439\" \/>\n\t<meta property=\"og:image:type\" content=\"image\/jpeg\" \/>\n<meta name=\"author\" content=\"admin\" \/>\n<meta name=\"twitter:card\" content=\"summary_large_image\" \/>\n<meta name=\"twitter:creator\" content=\"@SanJuanDeportes\" \/>\n<meta name=\"twitter:site\" content=\"@SanJuanDeportes\" \/>\n<meta name=\"twitter:label1\" content=\"Escrito por\" \/>\n\t<meta name=\"twitter:data1\" content=\"admin\" \/>\n\t<meta name=\"twitter:label2\" content=\"Tiempo de lectura\" \/>\n\t<meta name=\"twitter:data2\" content=\"1 minuto\" \/>\n<script type=\"application\/ld+json\" class=\"yoast-schema-graph\">{\"@context\":\"https:\\\/\\\/schema.org\",\"@graph\":[{\"@type\":\"Article\",\"@id\":\"http:\\\/\\\/www.sanjuandeportes.com\\\/wp\\\/2023\\\/10\\\/25\\\/fernanda-pereyra-y-gallay-clasifican-a-semifinales-del-voley-playa-en-santiago\\\/#article\",\"isPartOf\":{\"@id\":\"http:\\\/\\\/www.sanjuandeportes.com\\\/wp\\\/2023\\\/10\\\/25\\\/fernanda-pereyra-y-gallay-clasifican-a-semifinales-del-voley-playa-en-santiago\\\/\"},\"author\":{\"name\":\"admin\",\"@id\":\"https:\\\/\\\/www.sanjuandeportes.com\\\/wp\\\/#\\\/schema\\\/person\\\/d8e3463931719391897f9c7a6d1bb7b3\"},\"headline\":\"Fernanda Pereyra y Gallay clasifican a semifinales del v\u00f3ley playa en Santiago\",\"datePublished\":\"2023-10-25T23:48:18+00:00\",\"dateModified\":\"2023-10-30T01:39:04+00:00\",\"mainEntityOfPage\":{\"@id\":\"http:\\\/\\\/www.sanjuandeportes.com\\\/wp\\\/2023\\\/10\\\/25\\\/fernanda-pereyra-y-gallay-clasifican-a-semifinales-del-voley-playa-en-santiago\\\/\"},\"wordCount\":292,\"commentCount\":0,\"publisher\":{\"@id\":\"https:\\\/\\\/www.sanjuandeportes.com\\\/wp\\\/#organization\"},\"image\":{\"@id\":\"http:\\\/\\\/www.sanjuandeportes.com\\\/wp\\\/2023\\\/10\\\/25\\\/fernanda-pereyra-y-gallay-clasifican-a-semifinales-del-voley-playa-en-santiago\\\/#primaryimage\"},\"thumbnailUrl\":\"https:\\\/\\\/www.sanjuandeportes.com\\\/wp\\\/wp-content\\\/uploads\\\/2023\\\/10\\\/ade48460c857b5794ec07dd4a2239660_L.jpg\",\"articleSection\":[\"San Juan\",\"Voley\"],\"inLanguage\":\"es\",\"potentialAction\":[{\"@type\":\"CommentAction\",\"name\":\"Comment\",\"target\":[\"http:\\\/\\\/www.sanjuandeportes.com\\\/wp\\\/2023\\\/10\\\/25\\\/fernanda-pereyra-y-gallay-clasifican-a-semifinales-del-voley-playa-en-santiago\\\/#respond\"]}]},{\"@type\":\"WebPage\",\"@id\":\"http:\\\/\\\/www.sanjuandeportes.com\\\/wp\\\/2023\\\/10\\\/25\\\/fernanda-pereyra-y-gallay-clasifican-a-semifinales-del-voley-playa-en-santiago\\\/\",\"url\":\"http:\\\/\\\/www.sanjuandeportes.com\\\/wp\\\/2023\\\/10\\\/25\\\/fernanda-pereyra-y-gallay-clasifican-a-semifinales-del-voley-playa-en-santiago\\\/\",\"name\":\"Fernanda Pereyra y Gallay clasifican a semifinales del v\u00f3ley playa en Santiago - San Juan Deportes\",\"isPartOf\":{\"@id\":\"https:\\\/\\\/www.sanjuandeportes.com\\\/wp\\\/#website\"},\"primaryImageOfPage\":{\"@id\":\"http:\\\/\\\/www.sanjuandeportes.com\\\/wp\\\/2023\\\/10\\\/25\\\/fernanda-pereyra-y-gallay-clasifican-a-semifinales-del-voley-playa-en-santiago\\\/#primaryimage\"},\"image\":{\"@id\":\"http:\\\/\\\/www.sanjuandeportes.com\\\/wp\\\/2023\\\/10\\\/25\\\/fernanda-pereyra-y-gallay-clasifican-a-semifinales-del-voley-playa-en-santiago\\\/#primaryimage\"},\"thumbnailUrl\":\"https:\\\/\\\/www.sanjuandeportes.com\\\/wp\\\/wp-content\\\/uploads\\\/2023\\\/10\\\/ade48460c857b5794ec07dd4a2239660_L.jpg\",\"datePublished\":\"2023-10-25T23:48:18+00:00\",\"dateModified\":\"2023-10-30T01:39:04+00:00\",\"breadcrumb\":{\"@id\":\"http:\\\/\\\/www.sanjuandeportes.com\\\/wp\\\/2023\\\/10\\\/25\\\/fernanda-pereyra-y-gallay-clasifican-a-semifinales-del-voley-playa-en-santiago\\\/#breadcrumb\"},\"inLanguage\":\"es\",\"potentialAction\":[{\"@type\":\"ReadAction\",\"target\":[\"http:\\\/\\\/www.sanjuandeportes.com\\\/wp\\\/2023\\\/10\\\/25\\\/fernanda-pereyra-y-gallay-clasifican-a-semifinales-del-voley-playa-en-santiago\\\/\"]}]},{\"@type\":\"ImageObject\",\"inLanguage\":\"es\",\"@id\":\"http:\\\/\\\/www.sanjuandeportes.com\\\/wp\\\/2023\\\/10\\\/25\\\/fernanda-pereyra-y-gallay-clasifican-a-semifinales-del-voley-playa-en-santiago\\\/#primaryimage\",\"url\":\"https:\\\/\\\/www.sanjuandeportes.com\\\/wp\\\/wp-content\\\/uploads\\\/2023\\\/10\\\/ade48460c857b5794ec07dd4a2239660_L.jpg\",\"contentUrl\":\"https:\\\/\\\/www.sanjuandeportes.com\\\/wp\\\/wp-content\\\/uploads\\\/2023\\\/10\\\/ade48460c857b5794ec07dd4a2239660_L.jpg\",\"width\":782,\"height\":439},{\"@type\":\"BreadcrumbList\",\"@id\":\"http:\\\/\\\/www.sanjuandeportes.com\\\/wp\\\/2023\\\/10\\\/25\\\/fernanda-pereyra-y-gallay-clasifican-a-semifinales-del-voley-playa-en-santiago\\\/#breadcrumb\",\"itemListElement\":[{\"@type\":\"ListItem\",\"position\":1,\"name\":\"Portada\",\"item\":\"http:\\\/\\\/www.sanjuandeportes.com\\\/wp\\\/\"},{\"@type\":\"ListItem\",\"position\":2,\"name\":\"Fernanda Pereyra y Gallay clasifican a semifinales del v\u00f3ley playa en Santiago\"}]},{\"@type\":\"WebSite\",\"@id\":\"https:\\\/\\\/www.sanjuandeportes.com\\\/wp\\\/#website\",\"url\":\"https:\\\/\\\/www.sanjuandeportes.com\\\/wp\\\/\",\"name\":\"San Juan Deportes\",\"description\":\"El sitio de deportes de la provincia de San Juan\",\"publisher\":{\"@id\":\"https:\\\/\\\/www.sanjuandeportes.com\\\/wp\\\/#organization\"},\"potentialAction\":[{\"@type\":\"SearchAction\",\"target\":{\"@type\":\"EntryPoint\",\"urlTemplate\":\"https:\\\/\\\/www.sanjuandeportes.com\\\/wp\\\/?s={search_term_string}\"},\"query-input\":{\"@type\":\"PropertyValueSpecification\",\"valueRequired\":true,\"valueName\":\"search_term_string\"}}],\"inLanguage\":\"es\"},{\"@type\":\"Organization\",\"@id\":\"https:\\\/\\\/www.sanjuandeportes.com\\\/wp\\\/#organization\",\"name\":\"San Juan Deportes\",\"url\":\"https:\\\/\\\/www.sanjuandeportes.com\\\/wp\\\/\",\"logo\":{\"@type\":\"ImageObject\",\"inLanguage\":\"es\",\"@id\":\"https:\\\/\\\/www.sanjuandeportes.com\\\/wp\\\/#\\\/schema\\\/logo\\\/image\\\/\",\"url\":\"https:\\\/\\\/www.sanjuandeportes.com\\\/wp\\\/wp-content\\\/uploads\\\/unnamed.jpg\",\"contentUrl\":\"https:\\\/\\\/www.sanjuandeportes.com\\\/wp\\\/wp-content\\\/uploads\\\/unnamed.jpg\",\"width\":900,\"height\":900,\"caption\":\"San Juan Deportes\"},\"image\":{\"@id\":\"https:\\\/\\\/www.sanjuandeportes.com\\\/wp\\\/#\\\/schema\\\/logo\\\/image\\\/\"},\"sameAs\":[\"https:\\\/\\\/www.facebook.com\\\/sanjuandeportesok\",\"https:\\\/\\\/x.com\\\/SanJuanDeportes\",\"https:\\\/\\\/www.instagram.com\\\/sanjuandeportes\"]},{\"@type\":\"Person\",\"@id\":\"https:\\\/\\\/www.sanjuandeportes.com\\\/wp\\\/#\\\/schema\\\/person\\\/d8e3463931719391897f9c7a6d1bb7b3\",\"name\":\"admin\",\"image\":{\"@type\":\"ImageObject\",\"inLanguage\":\"es\",\"@id\":\"https:\\\/\\\/secure.gravatar.com\\\/avatar\\\/c4deacdacf798758c71e8e4f4ca4bcf755ae082e386babce41b35a278703bed5?s=96&d=mm&r=g\",\"url\":\"https:\\\/\\\/secure.gravatar.com\\\/avatar\\\/c4deacdacf798758c71e8e4f4ca4bcf755ae082e386babce41b35a278703bed5?s=96&d=mm&r=g\",\"contentUrl\":\"https:\\\/\\\/secure.gravatar.com\\\/avatar\\\/c4deacdacf798758c71e8e4f4ca4bcf755ae082e386babce41b35a278703bed5?s=96&d=mm&r=g\",\"caption\":\"admin\"},\"url\":\"https:\\\/\\\/www.sanjuandeportes.com\\\/wp\\\/author\\\/admin\\\/\"}]}<\/script>\n<!-- \/ Yoast SEO plugin. -->","yoast_head_json":{"title":"Fernanda Pereyra y Gallay clasifican a semifinales del v\u00f3ley playa en Santiago - San Juan Deportes","robots":{"index":"index","follow":"follow","max-snippet":"max-snippet:-1","max-image-preview":"max-image-preview:large","max-video-preview":"max-video-preview:-1"},"canonical":"http:\/\/www.sanjuandeportes.com\/wp\/2023\/10\/25\/fernanda-pereyra-y-gallay-clasifican-a-semifinales-del-voley-playa-en-santiago\/","og_locale":"es_ES","og_type":"article","og_title":"Fernanda Pereyra y Gallay clasifican a semifinales del v\u00f3ley playa en Santiago - San Juan Deportes","og_description":"Fernanda Pereyra\u00a0y Ana Gallay lograron clasificar a semifinales de los Juegos Panamericanos Santiago 2023 al vencer a M\u00e9xico. Ahora esperan por el ganador de Canad\u00e1 \u2013 Puerto Rico. En el partido jugado en la cancha N\u00b01 del Centro de V\u00f3ley Playa del Parque Pe\u00f1alol\u00e9n, las argentinas enfrentaron a las mexicanas Atenas Guti\u00e9rrez Guzm\u00e1n y Abril [&hellip;]","og_url":"http:\/\/www.sanjuandeportes.com\/wp\/2023\/10\/25\/fernanda-pereyra-y-gallay-clasifican-a-semifinales-del-voley-playa-en-santiago\/","og_site_name":"San Juan Deportes","article_publisher":"https:\/\/www.facebook.com\/sanjuandeportesok","article_published_time":"2023-10-25T23:48:18+00:00","article_modified_time":"2023-10-30T01:39:04+00:00","og_image":[{"width":782,"height":439,"url":"http:\/\/www.sanjuandeportes.com\/wp\/wp-content\/uploads\/2023\/10\/ade48460c857b5794ec07dd4a2239660_L.jpg","type":"image\/jpeg"}],"author":"admin","twitter_card":"summary_large_image","twitter_creator":"@SanJuanDeportes","twitter_site":"@SanJuanDeportes","twitter_misc":{"Escrito por":"admin","Tiempo de lectura":"1 minuto"},"schema":{"@context":"https:\/\/schema.org","@graph":[{"@type":"Article","@id":"http:\/\/www.sanjuandeportes.com\/wp\/2023\/10\/25\/fernanda-pereyra-y-gallay-clasifican-a-semifinales-del-voley-playa-en-santiago\/#article","isPartOf":{"@id":"http:\/\/www.sanjuandeportes.com\/wp\/2023\/10\/25\/fernanda-pereyra-y-gallay-clasifican-a-semifinales-del-voley-playa-en-santiago\/"},"author":{"name":"admin","@id":"https:\/\/www.sanjuandeportes.com\/wp\/#\/schema\/person\/d8e3463931719391897f9c7a6d1bb7b3"},"headline":"Fernanda Pereyra y Gallay clasifican a semifinales del v\u00f3ley playa en Santiago","datePublished":"2023-10-25T23:48:18+00:00","dateModified":"2023-10-30T01:39:04+00:00","mainEntityOfPage":{"@id":"http:\/\/www.sanjuandeportes.com\/wp\/2023\/10\/25\/fernanda-pereyra-y-gallay-clasifican-a-semifinales-del-voley-playa-en-santiago\/"},"wordCount":292,"commentCount":0,"publisher":{"@id":"https:\/\/www.sanjuandeportes.com\/wp\/#organization"},"image":{"@id":"http:\/\/www.sanjuandeportes.com\/wp\/2023\/10\/25\/fernanda-pereyra-y-gallay-clasifican-a-semifinales-del-voley-playa-en-santiago\/#primaryimage"},"thumbnailUrl":"https:\/\/www.sanjuandeportes.com\/wp\/wp-content\/uploads\/2023\/10\/ade48460c857b5794ec07dd4a2239660_L.jpg","articleSection":["San Juan","Voley"],"inLanguage":"es","potentialAction":[{"@type":"CommentAction","name":"Comment","target":["http:\/\/www.sanjuandeportes.com\/wp\/2023\/10\/25\/fernanda-pereyra-y-gallay-clasifican-a-semifinales-del-voley-playa-en-santiago\/#respond"]}]},{"@type":"WebPage","@id":"http:\/\/www.sanjuandeportes.com\/wp\/2023\/10\/25\/fernanda-pereyra-y-gallay-clasifican-a-semifinales-del-voley-playa-en-santiago\/","url":"http:\/\/www.sanjuandeportes.com\/wp\/2023\/10\/25\/fernanda-pereyra-y-gallay-clasifican-a-semifinales-del-voley-playa-en-santiago\/","name":"Fernanda Pereyra y Gallay clasifican a semifinales del v\u00f3ley playa en Santiago - San Juan Deportes","isPartOf":{"@id":"https:\/\/www.sanjuandeportes.com\/wp\/#website"},"primaryImageOfPage":{"@id":"http:\/\/www.sanjuandeportes.com\/wp\/2023\/10\/25\/fernanda-pereyra-y-gallay-clasifican-a-semifinales-del-voley-playa-en-santiago\/#primaryimage"},"image":{"@id":"http:\/\/www.sanjuandeportes.com\/wp\/2023\/10\/25\/fernanda-pereyra-y-gallay-clasifican-a-semifinales-del-voley-playa-en-santiago\/#primaryimage"},"thumbnailUrl":"https:\/\/www.sanjuandeportes.com\/wp\/wp-content\/uploads\/2023\/10\/ade48460c857b5794ec07dd4a2239660_L.jpg","datePublished":"2023-10-25T23:48:18+00:00","dateModified":"2023-10-30T01:39:04+00:00","breadcrumb":{"@id":"http:\/\/www.sanjuandeportes.com\/wp\/2023\/10\/25\/fernanda-pereyra-y-gallay-clasifican-a-semifinales-del-voley-playa-en-santiago\/#breadcrumb"},"inLanguage":"es","potentialAction":[{"@type":"ReadAction","target":["http:\/\/www.sanjuandeportes.com\/wp\/2023\/10\/25\/fernanda-pereyra-y-gallay-clasifican-a-semifinales-del-voley-playa-en-santiago\/"]}]},{"@type":"ImageObject","inLanguage":"es","@id":"http:\/\/www.sanjuandeportes.com\/wp\/2023\/10\/25\/fernanda-pereyra-y-gallay-clasifican-a-semifinales-del-voley-playa-en-santiago\/#primaryimage","url":"https:\/\/www.sanjuandeportes.com\/wp\/wp-content\/uploads\/2023\/10\/ade48460c857b5794ec07dd4a2239660_L.jpg","contentUrl":"https:\/\/www.sanjuandeportes.com\/wp\/wp-content\/uploads\/2023\/10\/ade48460c857b5794ec07dd4a2239660_L.jpg","width":782,"height":439},{"@type":"BreadcrumbList","@id":"http:\/\/www.sanjuandeportes.com\/wp\/2023\/10\/25\/fernanda-pereyra-y-gallay-clasifican-a-semifinales-del-voley-playa-en-santiago\/#breadcrumb","itemListElement":[{"@type":"ListItem","position":1,"name":"Portada","item":"http:\/\/www.sanjuandeportes.com\/wp\/"},{"@type":"ListItem","position":2,"name":"Fernanda Pereyra y Gallay clasifican a semifinales del v\u00f3ley playa en Santiago"}]},{"@type":"WebSite","@id":"https:\/\/www.sanjuandeportes.com\/wp\/#website","url":"https:\/\/www.sanjuandeportes.com\/wp\/","name":"San Juan Deportes","description":"El sitio de deportes de la provincia de San Juan","publisher":{"@id":"https:\/\/www.sanjuandeportes.com\/wp\/#organization"},"potentialAction":[{"@type":"SearchAction","target":{"@type":"EntryPoint","urlTemplate":"https:\/\/www.sanjuandeportes.com\/wp\/?s={search_term_string}"},"query-input":{"@type":"PropertyValueSpecification","valueRequired":true,"valueName":"search_term_string"}}],"inLanguage":"es"},{"@type":"Organization","@id":"https:\/\/www.sanjuandeportes.com\/wp\/#organization","name":"San Juan Deportes","url":"https:\/\/www.sanjuandeportes.com\/wp\/","logo":{"@type":"ImageObject","inLanguage":"es","@id":"https:\/\/www.sanjuandeportes.com\/wp\/#\/schema\/logo\/image\/","url":"https:\/\/www.sanjuandeportes.com\/wp\/wp-content\/uploads\/unnamed.jpg","contentUrl":"https:\/\/www.sanjuandeportes.com\/wp\/wp-content\/uploads\/unnamed.jpg","width":900,"height":900,"caption":"San Juan Deportes"},"image":{"@id":"https:\/\/www.sanjuandeportes.com\/wp\/#\/schema\/logo\/image\/"},"sameAs":["https:\/\/www.facebook.com\/sanjuandeportesok","https:\/\/x.com\/SanJuanDeportes","https:\/\/www.instagram.com\/sanjuandeportes"]},{"@type":"Person","@id":"https:\/\/www.sanjuandeportes.com\/wp\/#\/schema\/person\/d8e3463931719391897f9c7a6d1bb7b3","name":"admin","image":{"@type":"ImageObject","inLanguage":"es","@id":"https:\/\/secure.gravatar.com\/avatar\/c4deacdacf798758c71e8e4f4ca4bcf755ae082e386babce41b35a278703bed5?s=96&d=mm&r=g","url":"https:\/\/secure.gravatar.com\/avatar\/c4deacdacf798758c71e8e4f4ca4bcf755ae082e386babce41b35a278703bed5?s=96&d=mm&r=g","contentUrl":"https:\/\/secure.gravatar.com\/avatar\/c4deacdacf798758c71e8e4f4ca4bcf755ae082e386babce41b35a278703bed5?s=96&d=mm&r=g","caption":"admin"},"url":"https:\/\/www.sanjuandeportes.com\/wp\/author\/admin\/"}]}},"_links":{"self":[{"href":"https:\/\/www.sanjuandeportes.com\/wp\/wp-json\/wp\/v2\/posts\/19723","targetHints":{"allow":["GET"]}}],"collection":[{"href":"https:\/\/www.sanjuandeportes.com\/wp\/wp-json\/wp\/v2\/posts"}],"about":[{"href":"https:\/\/www.sanjuandeportes.com\/wp\/wp-json\/wp\/v2\/types\/post"}],"author":[{"embeddable":true,"href":"https:\/\/www.sanjuandeportes.com\/wp\/wp-json\/wp\/v2\/users\/1"}],"replies":[{"embeddable":true,"href":"https:\/\/www.sanjuandeportes.com\/wp\/wp-json\/wp\/v2\/comments?post=19723"}],"version-history":[{"count":1,"href":"https:\/\/www.sanjuandeportes.com\/wp\/wp-json\/wp\/v2\/posts\/19723\/revisions"}],"predecessor-version":[{"id":19725,"href":"https:\/\/www.sanjuandeportes.com\/wp\/wp-json\/wp\/v2\/posts\/19723\/revisions\/19725"}],"wp:featuredmedia":[{"embeddable":true,"href":"https:\/\/www.sanjuandeportes.com\/wp\/wp-json\/wp\/v2\/media\/19724"}],"wp:attachment":[{"href":"https:\/\/www.sanjuandeportes.com\/wp\/wp-json\/wp\/v2\/media?parent=19723"}],"wp:term":[{"taxonomy":"category","embeddable":true,"href":"https:\/\/www.sanjuandeportes.com\/wp\/wp-json\/wp\/v2\/categories?post=19723"},{"taxonomy":"post_tag","embeddable":true,"href":"https:\/\/www.sanjuandeportes.com\/wp\/wp-json\/wp\/v2\/tags?post=19723"}],"curies":[{"name":"wp","href":"https:\/\/api.w.org\/{rel}","templated":true}]}}