{"id":19998,"date":"2023-12-12T15:35:31","date_gmt":"2023-12-12T18:35:31","guid":{"rendered":"https:\/\/www.sanjuandeportes.com\/wp\/?p=19998"},"modified":"2023-12-14T15:35:36","modified_gmt":"2023-12-14T18:35:36","slug":"dan-a-conocer-las-sedes-de-la-seleccion-argentina-para-la-vnl-2024","status":"publish","type":"post","link":"https:\/\/www.sanjuandeportes.com\/wp\/2023\/12\/12\/dan-a-conocer-las-sedes-de-la-seleccion-argentina-para-la-vnl-2024\/","title":{"rendered":"Dan a conocer las sedes de la Selecci\u00f3n Argentina para la VNL 2024"},"content":{"rendered":"\n<p class=\"wp-block-paragraph\">Confirman<strong>&nbsp;las sedes de la Selecci\u00f3n Argentina para la VNL 2024 (Volleyball Nations League)<\/strong>&nbsp;buscando quedarse con&nbsp;<strong>una de las cinco plazas que entrega el ranking para los Juegos Ol\u00edmpicos 2024.<\/strong><\/p>\n\n\n\n<p class=\"wp-block-paragraph\">Desde la<strong>&nbsp;Federaci\u00f3n Internacional oficializaron el calendario de la fase regular<\/strong>&nbsp;de la VNL, la cual estar\u00e1&nbsp;<strong>dividida en tres tours y se llevar\u00e1 acabo entre el 21 de mayo y el 23 de junio.<\/strong><\/p>\n\n\n\n<p class=\"wp-block-paragraph\">La&nbsp;<strong>Selecci\u00f3n Argentina, dirigida por Marcelo M\u00e9ndez,<\/strong>&nbsp;comenzar\u00e1 en&nbsp;<strong>Brasil<\/strong>, luego viajar\u00e1 a&nbsp;<strong>Canad\u00e1 y cerrar\u00e1 su participaci\u00f3n en Eslovenia<\/strong>, con la idea de buscar el&nbsp;<strong>pase a octavos y el pasaje ol\u00edmpico.<\/strong><\/p>\n\n\n\n<p class=\"wp-block-paragraph\">Si bien cada zona&nbsp;<strong>est\u00e1 compuesta por ocho pa\u00edses, cada seleccionado disputar\u00e1 cuatro encuentros.<\/strong>&nbsp;En la llave de<strong>&nbsp;R\u00edo de Janeiro, entre el 21 y 26 de mayo, la Selecci\u00f3n Argentina compartir\u00e1 grupo con Brasil, Serbia, Italia, Ir\u00e1n, Cuba, Jap\u00f3n y Alemania.<\/strong><\/p>\n\n\n\n<p class=\"wp-block-paragraph\">Mientras que, e<strong>n Ottawa, entre el 4 y 9 de junio, la Albiceleste enfrentar\u00e1 a Canad\u00e1, Italia, Serbia, Estados Unidos, Pa\u00edses Bajos, Francia o Cuba, y en Liubliana,<\/strong>&nbsp;desde el&nbsp;<strong>18 al 23 de junio, estar\u00e1 en la misma zona que Turqu\u00eda, Eslovenia, Polonia, Serbia, Italia, Cuba y Bulgaria.&nbsp;<\/strong><\/p>\n\n\n\n<p class=\"wp-block-paragraph\">La&nbsp;<strong>\u00faltima chance que tiene la Selecci\u00f3n Argentina<\/strong>&nbsp;para entrar a un nuevo&nbsp;<strong>Juego Ol\u00edmpico es por el ranking que cierra el 30 de junio.<\/strong>&nbsp;Actualmente, solo&nbsp;<strong>quedan definir cinco de los 12 cupos para Par\u00eds (Francia, Estados Unidos, Brasil, Polonia, Canad\u00e1, Jap\u00f3n y Alemania ya est\u00e1n clasificados).<\/strong><\/p>\n\n\n\n<p class=\"wp-block-paragraph\"><strong>Las sedes de Argentina para la VNL 2024<\/strong><\/p>\n\n\n\n<p class=\"wp-block-paragraph\"><br>R\u00edo de Janeiro, Brasil &#8211; 21 al 26 de mayo<br>Ottawa, Canad\u00e1 &#8211; 4 al 9 de junio<br>Liubliana, Eslovenia &#8211; 18 al 23 de junio<\/p>\n","protected":false},"excerpt":{"rendered":"<p>Confirman&nbsp;las sedes de la Selecci\u00f3n Argentina para la VNL 2024 (Volleyball Nations League)&nbsp;buscando quedarse con&nbsp;una de las cinco plazas que entrega el ranking para los Juegos Ol\u00edmpicos 2024. Desde la&nbsp;Federaci\u00f3n Internacional oficializaron el calendario de la fase regular&nbsp;de la VNL, la cual estar\u00e1&nbsp;dividida en tres tours y se llevar\u00e1 acabo entre el 21 de mayo [&hellip;]<\/p>\n","protected":false},"author":1,"featured_media":19999,"comment_status":"open","ping_status":"open","sticky":false,"template":"","format":"standard","meta":{"footnotes":""},"categories":[34],"tags":[],"class_list":["post-19998","post","type-post","status-publish","format-standard","has-post-thumbnail","hentry","category-voley"],"yoast_head":"<!-- This site is optimized with the Yoast SEO plugin v28.2 - https:\/\/yoast.com\/product\/yoast-seo-wordpress\/ -->\n<title>Dan a conocer las sedes de la Selecci\u00f3n Argentina para la VNL 2024 - San Juan Deportes<\/title>\n<meta name=\"robots\" content=\"index, follow, max-snippet:-1, max-image-preview:large, max-video-preview:-1\" \/>\n<link rel=\"canonical\" href=\"https:\/\/www.sanjuandeportes.com\/wp\/2023\/12\/12\/dan-a-conocer-las-sedes-de-la-seleccion-argentina-para-la-vnl-2024\/\" \/>\n<meta property=\"og:locale\" content=\"es_ES\" \/>\n<meta property=\"og:type\" content=\"article\" \/>\n<meta property=\"og:title\" content=\"Dan a conocer las sedes de la Selecci\u00f3n Argentina para la VNL 2024 - San Juan Deportes\" \/>\n<meta property=\"og:description\" content=\"Confirman&nbsp;las sedes de la Selecci\u00f3n Argentina para la VNL 2024 (Volleyball Nations League)&nbsp;buscando quedarse con&nbsp;una de las cinco plazas que entrega el ranking para los Juegos Ol\u00edmpicos 2024. Desde la&nbsp;Federaci\u00f3n Internacional oficializaron el calendario de la fase regular&nbsp;de la VNL, la cual estar\u00e1&nbsp;dividida en tres tours y se llevar\u00e1 acabo entre el 21 de mayo [&hellip;]\" \/>\n<meta property=\"og:url\" content=\"https:\/\/www.sanjuandeportes.com\/wp\/2023\/12\/12\/dan-a-conocer-las-sedes-de-la-seleccion-argentina-para-la-vnl-2024\/\" \/>\n<meta property=\"og:site_name\" content=\"San Juan Deportes\" \/>\n<meta property=\"article:publisher\" content=\"https:\/\/www.facebook.com\/sanjuandeportesok\" \/>\n<meta property=\"article:published_time\" content=\"2023-12-12T18:35:31+00:00\" \/>\n<meta property=\"article:modified_time\" content=\"2023-12-14T18:35:36+00:00\" \/>\n<meta property=\"og:image\" content=\"https:\/\/www.sanjuandeportes.com\/wp\/wp-content\/uploads\/2023\/12\/310180w850h478c.webp.webp\" \/>\n\t<meta property=\"og:image:width\" content=\"850\" \/>\n\t<meta property=\"og:image:height\" content=\"478\" \/>\n\t<meta property=\"og:image:type\" content=\"image\/webp\" \/>\n<meta name=\"author\" content=\"admin\" \/>\n<meta name=\"twitter:card\" content=\"summary_large_image\" \/>\n<meta name=\"twitter:creator\" content=\"@SanJuanDeportes\" \/>\n<meta name=\"twitter:site\" content=\"@SanJuanDeportes\" \/>\n<meta name=\"twitter:label1\" content=\"Escrito por\" \/>\n\t<meta name=\"twitter:data1\" content=\"admin\" \/>\n\t<meta name=\"twitter:label2\" content=\"Tiempo de lectura\" \/>\n\t<meta name=\"twitter:data2\" content=\"1 minuto\" \/>\n<script type=\"application\/ld+json\" class=\"yoast-schema-graph\">{\"@context\":\"https:\\\/\\\/schema.org\",\"@graph\":[{\"@type\":\"Article\",\"@id\":\"https:\\\/\\\/www.sanjuandeportes.com\\\/wp\\\/2023\\\/12\\\/12\\\/dan-a-conocer-las-sedes-de-la-seleccion-argentina-para-la-vnl-2024\\\/#article\",\"isPartOf\":{\"@id\":\"https:\\\/\\\/www.sanjuandeportes.com\\\/wp\\\/2023\\\/12\\\/12\\\/dan-a-conocer-las-sedes-de-la-seleccion-argentina-para-la-vnl-2024\\\/\"},\"author\":{\"name\":\"admin\",\"@id\":\"https:\\\/\\\/www.sanjuandeportes.com\\\/wp\\\/#\\\/schema\\\/person\\\/d8e3463931719391897f9c7a6d1bb7b3\"},\"headline\":\"Dan a conocer las sedes de la Selecci\u00f3n Argentina para la VNL 2024\",\"datePublished\":\"2023-12-12T18:35:31+00:00\",\"dateModified\":\"2023-12-14T18:35:36+00:00\",\"mainEntityOfPage\":{\"@id\":\"https:\\\/\\\/www.sanjuandeportes.com\\\/wp\\\/2023\\\/12\\\/12\\\/dan-a-conocer-las-sedes-de-la-seleccion-argentina-para-la-vnl-2024\\\/\"},\"wordCount\":306,\"commentCount\":0,\"publisher\":{\"@id\":\"https:\\\/\\\/www.sanjuandeportes.com\\\/wp\\\/#organization\"},\"image\":{\"@id\":\"https:\\\/\\\/www.sanjuandeportes.com\\\/wp\\\/2023\\\/12\\\/12\\\/dan-a-conocer-las-sedes-de-la-seleccion-argentina-para-la-vnl-2024\\\/#primaryimage\"},\"thumbnailUrl\":\"https:\\\/\\\/www.sanjuandeportes.com\\\/wp\\\/wp-content\\\/uploads\\\/2023\\\/12\\\/310180w850h478c.webp.webp\",\"articleSection\":[\"Voley\"],\"inLanguage\":\"es\",\"potentialAction\":[{\"@type\":\"CommentAction\",\"name\":\"Comment\",\"target\":[\"https:\\\/\\\/www.sanjuandeportes.com\\\/wp\\\/2023\\\/12\\\/12\\\/dan-a-conocer-las-sedes-de-la-seleccion-argentina-para-la-vnl-2024\\\/#respond\"]}]},{\"@type\":\"WebPage\",\"@id\":\"https:\\\/\\\/www.sanjuandeportes.com\\\/wp\\\/2023\\\/12\\\/12\\\/dan-a-conocer-las-sedes-de-la-seleccion-argentina-para-la-vnl-2024\\\/\",\"url\":\"https:\\\/\\\/www.sanjuandeportes.com\\\/wp\\\/2023\\\/12\\\/12\\\/dan-a-conocer-las-sedes-de-la-seleccion-argentina-para-la-vnl-2024\\\/\",\"name\":\"Dan a conocer las sedes de la Selecci\u00f3n Argentina para la VNL 2024 - San Juan Deportes\",\"isPartOf\":{\"@id\":\"https:\\\/\\\/www.sanjuandeportes.com\\\/wp\\\/#website\"},\"primaryImageOfPage\":{\"@id\":\"https:\\\/\\\/www.sanjuandeportes.com\\\/wp\\\/2023\\\/12\\\/12\\\/dan-a-conocer-las-sedes-de-la-seleccion-argentina-para-la-vnl-2024\\\/#primaryimage\"},\"image\":{\"@id\":\"https:\\\/\\\/www.sanjuandeportes.com\\\/wp\\\/2023\\\/12\\\/12\\\/dan-a-conocer-las-sedes-de-la-seleccion-argentina-para-la-vnl-2024\\\/#primaryimage\"},\"thumbnailUrl\":\"https:\\\/\\\/www.sanjuandeportes.com\\\/wp\\\/wp-content\\\/uploads\\\/2023\\\/12\\\/310180w850h478c.webp.webp\",\"datePublished\":\"2023-12-12T18:35:31+00:00\",\"dateModified\":\"2023-12-14T18:35:36+00:00\",\"breadcrumb\":{\"@id\":\"https:\\\/\\\/www.sanjuandeportes.com\\\/wp\\\/2023\\\/12\\\/12\\\/dan-a-conocer-las-sedes-de-la-seleccion-argentina-para-la-vnl-2024\\\/#breadcrumb\"},\"inLanguage\":\"es\",\"potentialAction\":[{\"@type\":\"ReadAction\",\"target\":[\"https:\\\/\\\/www.sanjuandeportes.com\\\/wp\\\/2023\\\/12\\\/12\\\/dan-a-conocer-las-sedes-de-la-seleccion-argentina-para-la-vnl-2024\\\/\"]}]},{\"@type\":\"ImageObject\",\"inLanguage\":\"es\",\"@id\":\"https:\\\/\\\/www.sanjuandeportes.com\\\/wp\\\/2023\\\/12\\\/12\\\/dan-a-conocer-las-sedes-de-la-seleccion-argentina-para-la-vnl-2024\\\/#primaryimage\",\"url\":\"https:\\\/\\\/www.sanjuandeportes.com\\\/wp\\\/wp-content\\\/uploads\\\/2023\\\/12\\\/310180w850h478c.webp.webp\",\"contentUrl\":\"https:\\\/\\\/www.sanjuandeportes.com\\\/wp\\\/wp-content\\\/uploads\\\/2023\\\/12\\\/310180w850h478c.webp.webp\",\"width\":850,\"height\":478},{\"@type\":\"BreadcrumbList\",\"@id\":\"https:\\\/\\\/www.sanjuandeportes.com\\\/wp\\\/2023\\\/12\\\/12\\\/dan-a-conocer-las-sedes-de-la-seleccion-argentina-para-la-vnl-2024\\\/#breadcrumb\",\"itemListElement\":[{\"@type\":\"ListItem\",\"position\":1,\"name\":\"Portada\",\"item\":\"http:\\\/\\\/www.sanjuandeportes.com\\\/wp\\\/\"},{\"@type\":\"ListItem\",\"position\":2,\"name\":\"Dan a conocer las sedes de la Selecci\u00f3n Argentina para la VNL 2024\"}]},{\"@type\":\"WebSite\",\"@id\":\"https:\\\/\\\/www.sanjuandeportes.com\\\/wp\\\/#website\",\"url\":\"https:\\\/\\\/www.sanjuandeportes.com\\\/wp\\\/\",\"name\":\"San Juan Deportes\",\"description\":\"El sitio de deportes de la provincia de San Juan\",\"publisher\":{\"@id\":\"https:\\\/\\\/www.sanjuandeportes.com\\\/wp\\\/#organization\"},\"potentialAction\":[{\"@type\":\"SearchAction\",\"target\":{\"@type\":\"EntryPoint\",\"urlTemplate\":\"https:\\\/\\\/www.sanjuandeportes.com\\\/wp\\\/?s={search_term_string}\"},\"query-input\":{\"@type\":\"PropertyValueSpecification\",\"valueRequired\":true,\"valueName\":\"search_term_string\"}}],\"inLanguage\":\"es\"},{\"@type\":\"Organization\",\"@id\":\"https:\\\/\\\/www.sanjuandeportes.com\\\/wp\\\/#organization\",\"name\":\"San Juan Deportes\",\"url\":\"https:\\\/\\\/www.sanjuandeportes.com\\\/wp\\\/\",\"logo\":{\"@type\":\"ImageObject\",\"inLanguage\":\"es\",\"@id\":\"https:\\\/\\\/www.sanjuandeportes.com\\\/wp\\\/#\\\/schema\\\/logo\\\/image\\\/\",\"url\":\"https:\\\/\\\/www.sanjuandeportes.com\\\/wp\\\/wp-content\\\/uploads\\\/unnamed.jpg\",\"contentUrl\":\"https:\\\/\\\/www.sanjuandeportes.com\\\/wp\\\/wp-content\\\/uploads\\\/unnamed.jpg\",\"width\":900,\"height\":900,\"caption\":\"San Juan Deportes\"},\"image\":{\"@id\":\"https:\\\/\\\/www.sanjuandeportes.com\\\/wp\\\/#\\\/schema\\\/logo\\\/image\\\/\"},\"sameAs\":[\"https:\\\/\\\/www.facebook.com\\\/sanjuandeportesok\",\"https:\\\/\\\/x.com\\\/SanJuanDeportes\",\"https:\\\/\\\/www.instagram.com\\\/sanjuandeportes\"]},{\"@type\":\"Person\",\"@id\":\"https:\\\/\\\/www.sanjuandeportes.com\\\/wp\\\/#\\\/schema\\\/person\\\/d8e3463931719391897f9c7a6d1bb7b3\",\"name\":\"admin\",\"image\":{\"@type\":\"ImageObject\",\"inLanguage\":\"es\",\"@id\":\"https:\\\/\\\/secure.gravatar.com\\\/avatar\\\/c4deacdacf798758c71e8e4f4ca4bcf755ae082e386babce41b35a278703bed5?s=96&d=mm&r=g\",\"url\":\"https:\\\/\\\/secure.gravatar.com\\\/avatar\\\/c4deacdacf798758c71e8e4f4ca4bcf755ae082e386babce41b35a278703bed5?s=96&d=mm&r=g\",\"contentUrl\":\"https:\\\/\\\/secure.gravatar.com\\\/avatar\\\/c4deacdacf798758c71e8e4f4ca4bcf755ae082e386babce41b35a278703bed5?s=96&d=mm&r=g\",\"caption\":\"admin\"},\"url\":\"https:\\\/\\\/www.sanjuandeportes.com\\\/wp\\\/author\\\/admin\\\/\"}]}<\/script>\n<!-- \/ Yoast SEO plugin. -->","yoast_head_json":{"title":"Dan a conocer las sedes de la Selecci\u00f3n Argentina para la VNL 2024 - San Juan Deportes","robots":{"index":"index","follow":"follow","max-snippet":"max-snippet:-1","max-image-preview":"max-image-preview:large","max-video-preview":"max-video-preview:-1"},"canonical":"https:\/\/www.sanjuandeportes.com\/wp\/2023\/12\/12\/dan-a-conocer-las-sedes-de-la-seleccion-argentina-para-la-vnl-2024\/","og_locale":"es_ES","og_type":"article","og_title":"Dan a conocer las sedes de la Selecci\u00f3n Argentina para la VNL 2024 - San Juan Deportes","og_description":"Confirman&nbsp;las sedes de la Selecci\u00f3n Argentina para la VNL 2024 (Volleyball Nations League)&nbsp;buscando quedarse con&nbsp;una de las cinco plazas que entrega el ranking para los Juegos Ol\u00edmpicos 2024. Desde la&nbsp;Federaci\u00f3n Internacional oficializaron el calendario de la fase regular&nbsp;de la VNL, la cual estar\u00e1&nbsp;dividida en tres tours y se llevar\u00e1 acabo entre el 21 de mayo [&hellip;]","og_url":"https:\/\/www.sanjuandeportes.com\/wp\/2023\/12\/12\/dan-a-conocer-las-sedes-de-la-seleccion-argentina-para-la-vnl-2024\/","og_site_name":"San Juan Deportes","article_publisher":"https:\/\/www.facebook.com\/sanjuandeportesok","article_published_time":"2023-12-12T18:35:31+00:00","article_modified_time":"2023-12-14T18:35:36+00:00","og_image":[{"width":850,"height":478,"url":"https:\/\/www.sanjuandeportes.com\/wp\/wp-content\/uploads\/2023\/12\/310180w850h478c.webp.webp","type":"image\/webp"}],"author":"admin","twitter_card":"summary_large_image","twitter_creator":"@SanJuanDeportes","twitter_site":"@SanJuanDeportes","twitter_misc":{"Escrito por":"admin","Tiempo de lectura":"1 minuto"},"schema":{"@context":"https:\/\/schema.org","@graph":[{"@type":"Article","@id":"https:\/\/www.sanjuandeportes.com\/wp\/2023\/12\/12\/dan-a-conocer-las-sedes-de-la-seleccion-argentina-para-la-vnl-2024\/#article","isPartOf":{"@id":"https:\/\/www.sanjuandeportes.com\/wp\/2023\/12\/12\/dan-a-conocer-las-sedes-de-la-seleccion-argentina-para-la-vnl-2024\/"},"author":{"name":"admin","@id":"https:\/\/www.sanjuandeportes.com\/wp\/#\/schema\/person\/d8e3463931719391897f9c7a6d1bb7b3"},"headline":"Dan a conocer las sedes de la Selecci\u00f3n Argentina para la VNL 2024","datePublished":"2023-12-12T18:35:31+00:00","dateModified":"2023-12-14T18:35:36+00:00","mainEntityOfPage":{"@id":"https:\/\/www.sanjuandeportes.com\/wp\/2023\/12\/12\/dan-a-conocer-las-sedes-de-la-seleccion-argentina-para-la-vnl-2024\/"},"wordCount":306,"commentCount":0,"publisher":{"@id":"https:\/\/www.sanjuandeportes.com\/wp\/#organization"},"image":{"@id":"https:\/\/www.sanjuandeportes.com\/wp\/2023\/12\/12\/dan-a-conocer-las-sedes-de-la-seleccion-argentina-para-la-vnl-2024\/#primaryimage"},"thumbnailUrl":"https:\/\/www.sanjuandeportes.com\/wp\/wp-content\/uploads\/2023\/12\/310180w850h478c.webp.webp","articleSection":["Voley"],"inLanguage":"es","potentialAction":[{"@type":"CommentAction","name":"Comment","target":["https:\/\/www.sanjuandeportes.com\/wp\/2023\/12\/12\/dan-a-conocer-las-sedes-de-la-seleccion-argentina-para-la-vnl-2024\/#respond"]}]},{"@type":"WebPage","@id":"https:\/\/www.sanjuandeportes.com\/wp\/2023\/12\/12\/dan-a-conocer-las-sedes-de-la-seleccion-argentina-para-la-vnl-2024\/","url":"https:\/\/www.sanjuandeportes.com\/wp\/2023\/12\/12\/dan-a-conocer-las-sedes-de-la-seleccion-argentina-para-la-vnl-2024\/","name":"Dan a conocer las sedes de la Selecci\u00f3n Argentina para la VNL 2024 - San Juan Deportes","isPartOf":{"@id":"https:\/\/www.sanjuandeportes.com\/wp\/#website"},"primaryImageOfPage":{"@id":"https:\/\/www.sanjuandeportes.com\/wp\/2023\/12\/12\/dan-a-conocer-las-sedes-de-la-seleccion-argentina-para-la-vnl-2024\/#primaryimage"},"image":{"@id":"https:\/\/www.sanjuandeportes.com\/wp\/2023\/12\/12\/dan-a-conocer-las-sedes-de-la-seleccion-argentina-para-la-vnl-2024\/#primaryimage"},"thumbnailUrl":"https:\/\/www.sanjuandeportes.com\/wp\/wp-content\/uploads\/2023\/12\/310180w850h478c.webp.webp","datePublished":"2023-12-12T18:35:31+00:00","dateModified":"2023-12-14T18:35:36+00:00","breadcrumb":{"@id":"https:\/\/www.sanjuandeportes.com\/wp\/2023\/12\/12\/dan-a-conocer-las-sedes-de-la-seleccion-argentina-para-la-vnl-2024\/#breadcrumb"},"inLanguage":"es","potentialAction":[{"@type":"ReadAction","target":["https:\/\/www.sanjuandeportes.com\/wp\/2023\/12\/12\/dan-a-conocer-las-sedes-de-la-seleccion-argentina-para-la-vnl-2024\/"]}]},{"@type":"ImageObject","inLanguage":"es","@id":"https:\/\/www.sanjuandeportes.com\/wp\/2023\/12\/12\/dan-a-conocer-las-sedes-de-la-seleccion-argentina-para-la-vnl-2024\/#primaryimage","url":"https:\/\/www.sanjuandeportes.com\/wp\/wp-content\/uploads\/2023\/12\/310180w850h478c.webp.webp","contentUrl":"https:\/\/www.sanjuandeportes.com\/wp\/wp-content\/uploads\/2023\/12\/310180w850h478c.webp.webp","width":850,"height":478},{"@type":"BreadcrumbList","@id":"https:\/\/www.sanjuandeportes.com\/wp\/2023\/12\/12\/dan-a-conocer-las-sedes-de-la-seleccion-argentina-para-la-vnl-2024\/#breadcrumb","itemListElement":[{"@type":"ListItem","position":1,"name":"Portada","item":"http:\/\/www.sanjuandeportes.com\/wp\/"},{"@type":"ListItem","position":2,"name":"Dan a conocer las sedes de la Selecci\u00f3n Argentina para la VNL 2024"}]},{"@type":"WebSite","@id":"https:\/\/www.sanjuandeportes.com\/wp\/#website","url":"https:\/\/www.sanjuandeportes.com\/wp\/","name":"San Juan Deportes","description":"El sitio de deportes de la provincia de San Juan","publisher":{"@id":"https:\/\/www.sanjuandeportes.com\/wp\/#organization"},"potentialAction":[{"@type":"SearchAction","target":{"@type":"EntryPoint","urlTemplate":"https:\/\/www.sanjuandeportes.com\/wp\/?s={search_term_string}"},"query-input":{"@type":"PropertyValueSpecification","valueRequired":true,"valueName":"search_term_string"}}],"inLanguage":"es"},{"@type":"Organization","@id":"https:\/\/www.sanjuandeportes.com\/wp\/#organization","name":"San Juan Deportes","url":"https:\/\/www.sanjuandeportes.com\/wp\/","logo":{"@type":"ImageObject","inLanguage":"es","@id":"https:\/\/www.sanjuandeportes.com\/wp\/#\/schema\/logo\/image\/","url":"https:\/\/www.sanjuandeportes.com\/wp\/wp-content\/uploads\/unnamed.jpg","contentUrl":"https:\/\/www.sanjuandeportes.com\/wp\/wp-content\/uploads\/unnamed.jpg","width":900,"height":900,"caption":"San Juan Deportes"},"image":{"@id":"https:\/\/www.sanjuandeportes.com\/wp\/#\/schema\/logo\/image\/"},"sameAs":["https:\/\/www.facebook.com\/sanjuandeportesok","https:\/\/x.com\/SanJuanDeportes","https:\/\/www.instagram.com\/sanjuandeportes"]},{"@type":"Person","@id":"https:\/\/www.sanjuandeportes.com\/wp\/#\/schema\/person\/d8e3463931719391897f9c7a6d1bb7b3","name":"admin","image":{"@type":"ImageObject","inLanguage":"es","@id":"https:\/\/secure.gravatar.com\/avatar\/c4deacdacf798758c71e8e4f4ca4bcf755ae082e386babce41b35a278703bed5?s=96&d=mm&r=g","url":"https:\/\/secure.gravatar.com\/avatar\/c4deacdacf798758c71e8e4f4ca4bcf755ae082e386babce41b35a278703bed5?s=96&d=mm&r=g","contentUrl":"https:\/\/secure.gravatar.com\/avatar\/c4deacdacf798758c71e8e4f4ca4bcf755ae082e386babce41b35a278703bed5?s=96&d=mm&r=g","caption":"admin"},"url":"https:\/\/www.sanjuandeportes.com\/wp\/author\/admin\/"}]}},"_links":{"self":[{"href":"https:\/\/www.sanjuandeportes.com\/wp\/wp-json\/wp\/v2\/posts\/19998","targetHints":{"allow":["GET"]}}],"collection":[{"href":"https:\/\/www.sanjuandeportes.com\/wp\/wp-json\/wp\/v2\/posts"}],"about":[{"href":"https:\/\/www.sanjuandeportes.com\/wp\/wp-json\/wp\/v2\/types\/post"}],"author":[{"embeddable":true,"href":"https:\/\/www.sanjuandeportes.com\/wp\/wp-json\/wp\/v2\/users\/1"}],"replies":[{"embeddable":true,"href":"https:\/\/www.sanjuandeportes.com\/wp\/wp-json\/wp\/v2\/comments?post=19998"}],"version-history":[{"count":1,"href":"https:\/\/www.sanjuandeportes.com\/wp\/wp-json\/wp\/v2\/posts\/19998\/revisions"}],"predecessor-version":[{"id":20000,"href":"https:\/\/www.sanjuandeportes.com\/wp\/wp-json\/wp\/v2\/posts\/19998\/revisions\/20000"}],"wp:featuredmedia":[{"embeddable":true,"href":"https:\/\/www.sanjuandeportes.com\/wp\/wp-json\/wp\/v2\/media\/19999"}],"wp:attachment":[{"href":"https:\/\/www.sanjuandeportes.com\/wp\/wp-json\/wp\/v2\/media?parent=19998"}],"wp:term":[{"taxonomy":"category","embeddable":true,"href":"https:\/\/www.sanjuandeportes.com\/wp\/wp-json\/wp\/v2\/categories?post=19998"},{"taxonomy":"post_tag","embeddable":true,"href":"https:\/\/www.sanjuandeportes.com\/wp\/wp-json\/wp\/v2\/tags?post=19998"}],"curies":[{"name":"wp","href":"https:\/\/api.w.org\/{rel}","templated":true}]}}