{"id":20700,"date":"2024-05-15T20:55:12","date_gmt":"2024-05-15T23:55:12","guid":{"rendered":"https:\/\/www.sanjuandeportes.com\/wp\/?p=20700"},"modified":"2024-05-20T15:20:02","modified_gmt":"2024-05-20T18:20:02","slug":"con-los-sanjuaninos-la-albiceleste-se-prepara-en-misiones","status":"publish","type":"post","link":"https:\/\/www.sanjuandeportes.com\/wp\/2024\/05\/15\/con-los-sanjuaninos-la-albiceleste-se-prepara-en-misiones\/","title":{"rendered":"Con los sanjuaninos, la albiceleste se prepara en Misiones"},"content":{"rendered":"\n<p class=\"wp-block-paragraph\"><span style=\"color: rgb(50, 50, 50); font-family: roboto, sans-serif, &quot;helvetica neue&quot;, Helvetica, Arial, sans-serif; font-size: 19.2px; white-space-collapse: collapse;\">Los sanjuaninos que nos representan con la celeste y blanca en la<\/span><span style=\"color: rgb(50, 50, 50); font-family: roboto, sans-serif, &quot;helvetica neue&quot;, Helvetica, Arial, sans-serif; font-size: 19.2px; white-space-collapse: collapse;\">\u00a0<\/span><span style=\"color: rgb(50, 50, 50); font-family: roboto, sans-serif, &quot;helvetica neue&quot;, Helvetica, Arial, sans-serif; font-size: 19.2px; white-space-collapse: collapse; box-sizing: border-box; font-weight: 700;\">Selecci\u00f3n Argentina<\/span><span style=\"color: rgb(50, 50, 50); font-family: roboto, sans-serif, &quot;helvetica neue&quot;, Helvetica, Arial, sans-serif; font-size: 19.2px; white-space-collapse: collapse;\">\u00a0<\/span><span style=\"color: rgb(50, 50, 50); font-family: roboto, sans-serif, &quot;helvetica neue&quot;, Helvetica, Arial, sans-serif; font-size: 19.2px; white-space-collapse: collapse;\">de<\/span><span style=\"color: rgb(50, 50, 50); font-family: roboto, sans-serif, &quot;helvetica neue&quot;, Helvetica, Arial, sans-serif; font-size: 19.2px; white-space-collapse: collapse;\">\u00a0<\/span><span style=\"color: rgb(50, 50, 50); font-family: roboto, sans-serif, &quot;helvetica neue&quot;, Helvetica, Arial, sans-serif; font-size: 19.2px; white-space-collapse: collapse; box-sizing: border-box; font-weight: 700;\">Voley,<\/span><span style=\"color: rgb(50, 50, 50); font-family: roboto, sans-serif, &quot;helvetica neue&quot;, Helvetica, Arial, sans-serif; font-size: 19.2px; white-space-collapse: collapse;\">\u00a0<\/span><span style=\"color: rgb(50, 50, 50); font-family: roboto, sans-serif, &quot;helvetica neue&quot;, Helvetica, Arial, sans-serif; font-size: 19.2px; white-space-collapse: collapse;\">ya est\u00e1n en Misiones pensando en los pr\u00f3ximos compromisos y para enfrentar a Cuba, en un amistoso.\u00a0<\/span><p style=\"box-sizing: border-box; font-family: roboto, sans-serif, &quot;helvetica neue&quot;, Helvetica, Arial, sans-serif; font-size: 19.2px; line-height: 1.5; color: rgb(50, 50, 50); white-space-collapse: collapse;\"><span style=\"box-sizing: border-box; font-weight: 700;\">Manuel Armoa Morel, Bruno Lima y Mat\u00edas S\u00e1nchez<\/span>\u00a0se enfocan en llegar de la mejor manera, para el pr\u00f3ximo 21 de mayo, cuando enfrente a\u00a0<span style=\"box-sizing: border-box; font-weight: 700;\">Jap\u00f3n,<\/span>\u00a0por la<span style=\"box-sizing: border-box; font-weight: 700;\">\u00a0Volleyball Nations League<\/span>, a las 17:30.\u00a0<\/p><div class=\"309954-images-embed gallery slick-initialized slick-slider\" data-role=\"m_gallery\" style=\"box-sizing: border-box; position: relative; display: grid; user-select: none; touch-action: pan-y; -webkit-tap-highlight-color: transparent; margin-bottom: 30px; grid-template-columns: 1fr; color: rgb(59, 59, 59); font-family: roboto, sans-serif, &quot;helvetica neue&quot;, Helvetica, Arial, sans-serif; font-size: 19.2px; white-space-collapse: collapse;\"><button class=\"slick-prev slick-arrow\" aria-label=\"Previous\" type=\"button\" style=\"font-size: 0px; margin: 0px; line-height: 0; appearance: button; cursor: pointer; position: absolute; top: 15px; display: block; width: 2.7rem; height: 2.65rem; padding: 0px; transform: none; border-width: initial; border-style: none; border-color: initial; outline: none; background: rgba(0, 0, 0, 0.3); left: auto; box-shadow: rgba(0, 0, 0, 0.3) 0px 0px 10px; border-radius: 50%; z-index: 99; right: 60px;\">Previous<\/button><div class=\"slick-list draggable\" style=\"box-sizing: border-box; position: relative; overflow: hidden; margin: 0px; padding: 0px; transform: translate3d(0px, 0px, 0px); height: 433.125px;\"><div class=\"slick-track\" style=\"box-sizing: border-box; position: relative; top: 0px; left: 0px; margin-left: auto; margin-right: auto; transform: translate3d(0px, 0px, 0px); opacity: 1; width: 2310px;\"><div class=\"image slick-slide slick-current slick-active\" data-slick-index=\"0\" aria-hidden=\"false\" tabindex=\"0\" style=\"box-sizing: border-box; float: left; height: 433.125px; min-height: 1px; width: 770px; position: relative; left: 0px; top: 0px; z-index: 999; opacity: 1;\"><figure style=\"box-sizing: border-box; margin-bottom: 0px; position: relative;\"><img decoding=\"async\" style=\"box-sizing: border-box; border-width: 0px; border-style: initial; display: block; width: 770px; background-color: rgb(242, 242, 242); background-image: url(&quot;..\/imgs\/backgrounds\/poster-load.png&quot;); background-repeat: no-repeat; background-position: center center; background-size: 50px; color: rgb(242, 242, 242);\" data-src=\"https:\/\/www.diarioelzondasj.com.ar\/content\/bucket\/1\/320041h720.jpg.webp\" alt=\"bruno.jpg\" src=\"data:image\/svg+xml;base64,PHN2ZyB3aWR0aD0iMSIgaGVpZ2h0PSIxIiB4bWxucz0iaHR0cDovL3d3dy53My5vcmcvMjAwMC9zdmciPjwvc3ZnPg==\" class=\"lazyload\"><\/figure><\/div><div class=\"image slick-slide\" data-slick-index=\"1\" aria-hidden=\"true\" tabindex=\"-1\" style=\"box-sizing: border-box; float: left; height: 404.236px; min-height: 1px; width: 770px; position: relative; left: -770px; top: 0px; z-index: 998; opacity: 0;\"><figure style=\"box-sizing: border-box; margin-bottom: 0px; position: relative;\"><img decoding=\"async\" style=\"box-sizing: border-box; border-width: 0px; border-style: initial; display: block; width: 770px; background-color: rgb(242, 242, 242); background-image: url(&quot;..\/imgs\/backgrounds\/poster-load.png&quot;); background-repeat: no-repeat; background-position: center center; background-size: 50px; color: rgb(242, 242, 242);\" data-src=\"https:\/\/www.diarioelzondasj.com.ar\/content\/bucket\/8\/320038h720.jpg.webp\" alt=\"ARMOA.jpg\" src=\"data:image\/svg+xml;base64,PHN2ZyB3aWR0aD0iMSIgaGVpZ2h0PSIxIiB4bWxucz0iaHR0cDovL3d3dy53My5vcmcvMjAwMC9zdmciPjwvc3ZnPg==\" class=\"lazyload\"><\/figure><\/div><div class=\"image slick-slide\" data-slick-index=\"2\" aria-hidden=\"true\" tabindex=\"-1\" style=\"box-sizing: border-box; float: left; height: 512.812px; min-height: 1px; width: 770px; position: relative; left: -1540px; top: 0px; z-index: 998; opacity: 0;\"><figure style=\"box-sizing: border-box; margin-bottom: 0px; position: relative;\"><img decoding=\"async\" style=\"box-sizing: border-box; border-width: 0px; border-style: initial; display: block; width: 770px; background-color: rgb(242, 242, 242); background-image: url(&quot;..\/imgs\/backgrounds\/poster-load.png&quot;); background-repeat: no-repeat; background-position: center center; background-size: 50px; color: rgb(242, 242, 242);\" data-src=\"https:\/\/www.diarioelzondasj.com.ar\/content\/bucket\/4\/320044h720.jpg.webp\" alt=\"sanchez.jpg\" src=\"data:image\/svg+xml;base64,PHN2ZyB3aWR0aD0iMSIgaGVpZ2h0PSIxIiB4bWxucz0iaHR0cDovL3d3dy53My5vcmcvMjAwMC9zdmciPjwvc3ZnPg==\" class=\"lazyload\"><\/figure><\/div><\/div><\/div><button class=\"slick-next slick-arrow\" aria-label=\"Next\" type=\"button\" style=\"font-size: 0px; margin: 0px; line-height: 0; appearance: button; cursor: pointer; position: absolute; top: 15px; display: block; width: 2.7rem; height: 2.65rem; padding: 0px; transform: none; border-width: initial; border-style: none; border-color: initial; outline: none; background: rgba(0, 0, 0, 0.3); right: 15px; box-shadow: rgba(0, 0, 0, 0.3) 0px 0px 10px; border-radius: 50%;\">Next<\/button><\/div><p style=\"box-sizing: border-box; font-family: roboto, sans-serif, &quot;helvetica neue&quot;, Helvetica, Arial, sans-serif; font-size: 19.2px; line-height: 1.5; color: rgb(50, 50, 50); white-space-collapse: collapse;\">Cabe destacar que este certamen es clave para sumar los untos necesarios que le permitan a los argentinos clasificar a los\u00a0<span style=\"box-sizing: border-box; font-weight: 700;\">Juegos Ol\u00edmpicos Paris 2024<\/span>. Luego tocar\u00e1\u00a0<span style=\"box-sizing: border-box; font-weight: 700;\">Brasil<\/span>\u00a0(23\/05),\u00a0<span style=\"box-sizing: border-box; font-weight: 700;\">Alemania<\/span>\u00a0(25\/05) e\u00a0<span style=\"box-sizing: border-box; font-weight: 700;\">Ir\u00e1n<\/span>\u00a0(26\/05). Luego viajar\u00e1 a Ottawa, Canad\u00e1 para enfrentar a\u00a0<span style=\"box-sizing: border-box; font-weight: 700;\">Estados Unidos<\/span>\u00a0(4\/06),\u00a0<span style=\"box-sizing: border-box; font-weight: 700;\">Canad\u00e1<\/span>\u00a0(6\/06),\u00a0<span style=\"box-sizing: border-box; font-weight: 700;\">Serbia<\/span>\u00a0(8\/06) y\u00a0<span style=\"box-sizing: border-box; font-weight: 700;\">Francia<\/span>\u00a0(9\/06), finalizando la fase regular en Liubliana,\u00a0<span style=\"box-sizing: border-box; font-weight: 700;\">Eslovenia,<\/span>\u00a0enfrentando al seleccionado local el 18 de junio,\u00a0<span style=\"box-sizing: border-box; font-weight: 700;\">Polonia<\/span>\u00a0(21\/06) y\u00a0<span style=\"box-sizing: border-box; font-weight: 700;\">Bulgaria<\/span>\u00a0(22\/06).<\/p><p style=\"box-sizing: border-box; font-family: roboto, sans-serif, &quot;helvetica neue&quot;, Helvetica, Arial, sans-serif; font-size: 19.2px; line-height: 1.5; color: rgb(50, 50, 50); white-space-collapse: collapse;\">En cuanto a los amistosos inmediatos, ser\u00e1n este viernes 17 en\u00a0<span style=\"box-sizing: border-box; font-weight: 700;\">Posadas<\/span>\u00a0y el s\u00e1bado 18 en\u00a0<span style=\"box-sizing: border-box; font-weight: 700;\">Montecarlo,<\/span>\u00a0donde enfrentar\u00e1n a sus pares de Cuba. Estos duelos ser\u00e1n transmitidos, en vivo, por la pantalla de\u00a0<span style=\"box-sizing: border-box; font-weight: 700;\">Fox Sports.<\/span><\/p><p style=\"box-sizing: border-box; font-family: roboto, sans-serif, &quot;helvetica neue&quot;, Helvetica, Arial, sans-serif; font-size: 19.2px; line-height: 1.5; color: rgb(50, 50, 50); white-space-collapse: collapse;\"><span style=\"box-sizing: border-box; font-weight: 700;\">Los 16 convocados para este inicio de competencia en Misiones son:<\/span><\/p><p style=\"box-sizing: border-box; font-family: roboto, sans-serif, &quot;helvetica neue&quot;, Helvetica, Arial, sans-serif; font-size: 19.2px; line-height: 1.5; color: rgb(50, 50, 50); white-space-collapse: collapse;\"><span style=\"box-sizing: border-box; font-weight: 700;\">Armadores:<\/span>\u00a0Luciano De Cecco y Mat\u00edas\u00a0<span style=\"box-sizing: border-box; font-weight: 700;\">S\u00e1nchez.<\/span><span style=\"box-sizing: border-box; font-weight: 700;\">Opuestos:<\/span>\u00a0Bruno\u00a0<span style=\"box-sizing: border-box; font-weight: 700;\">Lima<\/span>\u00a0y Pablo Kukartsev.<span style=\"box-sizing: border-box; font-weight: 700;\">Centrales:<\/span>\u00a0Agust\u00edn Loser, Mart\u00edn Ramos, Nicol\u00e1s Zerba, Joaqu\u00edn Gallego y Gustavo Maciel.<span style=\"box-sizing: border-box; font-weight: 700;\">Puntas:<\/span>\u00a0Ezequiel Palacios, Facundo Conte, Luciano Vicent\u00edn, Luciano Palonsky, Jan Mart\u00ednez Franchi y Manuel\u00a0<span style=\"box-sizing: border-box; font-weight: 700;\">Armoa Morel.<\/span><span style=\"box-sizing: border-box; font-weight: 700;\">L\u00edbero:<\/span>\u00a0Santiago Danani.<\/p><h2 style=\"box-sizing: border-box; font-family: roboto, sans-serif; font-weight: 700; letter-spacing: -0.02em; color: rgb(58, 58, 58); backface-visibility: hidden; transition: all 0.2s ease 0s; font-size: 1.6rem; line-height: 1.2; white-space-collapse: collapse;\">Cande Herrera en Las Panteras<\/h2><div class=\" large m_image\" width=\"1600\" height=\"1066\" style=\"box-sizing: border-box; margin-bottom: 30px; color: rgb(59, 59, 59); font-family: roboto, sans-serif, &quot;helvetica neue&quot;, Helvetica, Arial, sans-serif; font-size: 19.2px; white-space-collapse: collapse;\"><figure style=\"box-sizing: border-box; margin-bottom: 0px; position: relative;\"><picture style=\"box-sizing: border-box;\"><source media=\"(min-width: 640px)\" type=\"image\/webp\" data-srcset=\"https:\/\/www.diarioelzondasj.com.ar\/content\/bucket\/2\/320042w790h526c.jpg.webp\" style=\"box-sizing: border-box;\"><\/source><source media=\"(min-width: 300px)\" type=\"image\/webp\" data-srcset=\"https:\/\/www.diarioelzondasj.com.ar\/content\/bucket\/2\/320042w440h293c.jpg.webp\" style=\"box-sizing: border-box;\"><\/source><source media=\"(min-width: 300px)\" data-srcset=\"https:\/\/www.diarioelzondasj.com.ar\/content\/bucket\/2\/320042w790h526c.jpg\" style=\"box-sizing: border-box;\"><\/source><img decoding=\"async\" width=\"790\" height=\"526\" class=\"pic lazyload\" style=\"--smush-placeholder-width: 790px; --smush-placeholder-aspect-ratio: 790\/526;box-sizing: border-box; border-width: 0px; border-style: initial; display: block; width: 770px; background-color: rgb(242, 242, 242); background-image: url(&quot;..\/imgs\/backgrounds\/poster-load.png&quot;); background-repeat: no-repeat; background-position: center center; background-size: 50px; color: rgb(242, 242, 242);\" data-src=\"https:\/\/www.diarioelzondasj.com.ar\/content\/bucket\/2\/320042w790h526c.jpg.webp\" alt=\"\" src=\"data:image\/svg+xml;base64,PHN2ZyB3aWR0aD0iMSIgaGVpZ2h0PSIxIiB4bWxucz0iaHR0cDovL3d3dy53My5vcmcvMjAwMC9zdmciPjwvc3ZnPg==\"><\/picture><\/figure><\/div><p style=\"box-sizing: border-box; font-family: roboto, sans-serif, &quot;helvetica neue&quot;, Helvetica, Arial, sans-serif; font-size: 19.2px; line-height: 1.5; color: rgb(50, 50, 50); white-space-collapse: collapse;\">La sanjuanina,\u00a0<span style=\"box-sizing: border-box; font-weight: 700;\">Candelaria Herrera,<\/span>\u00a0que integra\u00a0<span style=\"box-sizing: border-box; font-weight: 700;\">Las Panteras,<\/span>\u00a0ya se sum\u00f3 al equipo tras el descanso y se prepara para los compromisos que se vienen.\u00a0<\/p><p style=\"box-sizing: border-box; font-family: roboto, sans-serif, &quot;helvetica neue&quot;, Helvetica, Arial, sans-serif; font-size: 19.2px; line-height: 1.5; color: rgb(50, 50, 50); white-space-collapse: collapse;\">En el marco de amistosos, el 22 de mayo enfrentar\u00e1n a\u00a0<span style=\"box-sizing: border-box; font-weight: 700;\">Corea del Sur<\/span>\u00a0en el estadio H\u00e9ctor Etchart de\u00a0<span style=\"box-sizing: border-box; font-weight: 700;\">Ferro,<\/span>\u00a0mientras que al d\u00eda siguiente lo har\u00e1n, con las mismas rivales, en el V\u00edctor Nethol de\u00a0<span style=\"box-sizing: border-box; font-weight: 700;\">La Plata.<\/span><\/p><p style=\"box-sizing: border-box; font-family: roboto, sans-serif, &quot;helvetica neue&quot;, Helvetica, Arial, sans-serif; font-size: 19.2px; line-height: 1.5; color: rgb(50, 50, 50); white-space-collapse: collapse;\">Cabe destacar que el seleccionado femenino ultima su preparaci\u00f3n para la\u00a0<span style=\"box-sizing: border-box; font-weight: 700;\">Challenger Cup<\/span>\u00a0(4 al 7 de Julio), que es clasificatoria para la\u00a0<span style=\"box-sizing: border-box; font-weight: 700;\">VNL<\/span>\u00a0y la\u00a0<span style=\"box-sizing: border-box; font-weight: 700;\">Copa Panamericana.<\/span><\/p><\/p>\n","protected":false},"excerpt":{"rendered":"<p>Los sanjuaninos que nos representan con la celeste y blanca en la\u00a0Selecci\u00f3n Argentina\u00a0de\u00a0Voley,\u00a0ya est\u00e1n en Misiones pensando en los pr\u00f3ximos compromisos y para enfrentar a Cuba, en un amistoso.\u00a0 Manuel Armoa Morel, Bruno Lima y Mat\u00edas S\u00e1nchez\u00a0se enfocan en llegar de la mejor manera, para el pr\u00f3ximo 21 de mayo, cuando enfrente a\u00a0Jap\u00f3n,\u00a0por la\u00a0Volleyball Nations [&hellip;]<\/p>\n","protected":false},"author":1,"featured_media":20701,"comment_status":"open","ping_status":"open","sticky":false,"template":"","format":"standard","meta":{"footnotes":""},"categories":[178,35,34],"tags":[],"class_list":["post-20700","post","type-post","status-publish","format-standard","has-post-thumbnail","hentry","category-san-juan","category-seleccion-argentina","category-voley"],"yoast_head":"<!-- This site is optimized with the Yoast SEO plugin v28.2 - https:\/\/yoast.com\/product\/yoast-seo-wordpress\/ -->\n<title>Con los sanjuaninos, la albiceleste se prepara en Misiones - San Juan Deportes<\/title>\n<meta name=\"robots\" content=\"index, follow, max-snippet:-1, max-image-preview:large, max-video-preview:-1\" \/>\n<link rel=\"canonical\" href=\"http:\/\/www.sanjuandeportes.com\/wp\/2024\/05\/15\/con-los-sanjuaninos-la-albiceleste-se-prepara-en-misiones\/\" \/>\n<meta property=\"og:locale\" content=\"es_ES\" \/>\n<meta property=\"og:type\" content=\"article\" \/>\n<meta property=\"og:title\" content=\"Con los sanjuaninos, la albiceleste se prepara en Misiones - San Juan Deportes\" \/>\n<meta property=\"og:description\" content=\"Los sanjuaninos que nos representan con la celeste y blanca en la\u00a0Selecci\u00f3n Argentina\u00a0de\u00a0Voley,\u00a0ya est\u00e1n en Misiones pensando en los pr\u00f3ximos compromisos y para enfrentar a Cuba, en un amistoso.\u00a0 Manuel Armoa Morel, Bruno Lima y Mat\u00edas S\u00e1nchez\u00a0se enfocan en llegar de la mejor manera, para el pr\u00f3ximo 21 de mayo, cuando enfrente a\u00a0Jap\u00f3n,\u00a0por la\u00a0Volleyball Nations [&hellip;]\" \/>\n<meta property=\"og:url\" content=\"http:\/\/www.sanjuandeportes.com\/wp\/2024\/05\/15\/con-los-sanjuaninos-la-albiceleste-se-prepara-en-misiones\/\" \/>\n<meta property=\"og:site_name\" content=\"San Juan Deportes\" \/>\n<meta property=\"article:publisher\" content=\"https:\/\/www.facebook.com\/sanjuandeportesok\" \/>\n<meta property=\"article:published_time\" content=\"2024-05-15T23:55:12+00:00\" \/>\n<meta property=\"article:modified_time\" content=\"2024-05-20T18:20:02+00:00\" \/>\n<meta property=\"og:image\" content=\"http:\/\/www.sanjuandeportes.com\/wp\/wp-content\/uploads\/2024\/05\/320045w790h491c.jpg.webp\" \/>\n\t<meta property=\"og:image:width\" content=\"790\" \/>\n\t<meta property=\"og:image:height\" content=\"491\" \/>\n\t<meta property=\"og:image:type\" content=\"image\/webp\" \/>\n<meta name=\"author\" content=\"admin\" \/>\n<meta name=\"twitter:card\" content=\"summary_large_image\" \/>\n<meta name=\"twitter:creator\" content=\"@SanJuanDeportes\" \/>\n<meta name=\"twitter:site\" content=\"@SanJuanDeportes\" \/>\n<meta name=\"twitter:label1\" content=\"Escrito por\" \/>\n\t<meta name=\"twitter:data1\" content=\"admin\" \/>\n\t<meta name=\"twitter:label2\" content=\"Tiempo de lectura\" \/>\n\t<meta name=\"twitter:data2\" content=\"2 minutos\" \/>\n<script type=\"application\/ld+json\" class=\"yoast-schema-graph\">{\"@context\":\"https:\\\/\\\/schema.org\",\"@graph\":[{\"@type\":\"Article\",\"@id\":\"http:\\\/\\\/www.sanjuandeportes.com\\\/wp\\\/2024\\\/05\\\/15\\\/con-los-sanjuaninos-la-albiceleste-se-prepara-en-misiones\\\/#article\",\"isPartOf\":{\"@id\":\"http:\\\/\\\/www.sanjuandeportes.com\\\/wp\\\/2024\\\/05\\\/15\\\/con-los-sanjuaninos-la-albiceleste-se-prepara-en-misiones\\\/\"},\"author\":{\"name\":\"admin\",\"@id\":\"https:\\\/\\\/www.sanjuandeportes.com\\\/wp\\\/#\\\/schema\\\/person\\\/d8e3463931719391897f9c7a6d1bb7b3\"},\"headline\":\"Con los sanjuaninos, la albiceleste se prepara en Misiones\",\"datePublished\":\"2024-05-15T23:55:12+00:00\",\"dateModified\":\"2024-05-20T18:20:02+00:00\",\"mainEntityOfPage\":{\"@id\":\"http:\\\/\\\/www.sanjuandeportes.com\\\/wp\\\/2024\\\/05\\\/15\\\/con-los-sanjuaninos-la-albiceleste-se-prepara-en-misiones\\\/\"},\"wordCount\":348,\"commentCount\":0,\"publisher\":{\"@id\":\"https:\\\/\\\/www.sanjuandeportes.com\\\/wp\\\/#organization\"},\"image\":{\"@id\":\"http:\\\/\\\/www.sanjuandeportes.com\\\/wp\\\/2024\\\/05\\\/15\\\/con-los-sanjuaninos-la-albiceleste-se-prepara-en-misiones\\\/#primaryimage\"},\"thumbnailUrl\":\"https:\\\/\\\/www.sanjuandeportes.com\\\/wp\\\/wp-content\\\/uploads\\\/2024\\\/05\\\/320045w790h491c.jpg.webp\",\"articleSection\":[\"San Juan\",\"Selecci\u00f3n Argentina\",\"Voley\"],\"inLanguage\":\"es\",\"potentialAction\":[{\"@type\":\"CommentAction\",\"name\":\"Comment\",\"target\":[\"http:\\\/\\\/www.sanjuandeportes.com\\\/wp\\\/2024\\\/05\\\/15\\\/con-los-sanjuaninos-la-albiceleste-se-prepara-en-misiones\\\/#respond\"]}]},{\"@type\":\"WebPage\",\"@id\":\"http:\\\/\\\/www.sanjuandeportes.com\\\/wp\\\/2024\\\/05\\\/15\\\/con-los-sanjuaninos-la-albiceleste-se-prepara-en-misiones\\\/\",\"url\":\"http:\\\/\\\/www.sanjuandeportes.com\\\/wp\\\/2024\\\/05\\\/15\\\/con-los-sanjuaninos-la-albiceleste-se-prepara-en-misiones\\\/\",\"name\":\"Con los sanjuaninos, la albiceleste se prepara en Misiones - San Juan Deportes\",\"isPartOf\":{\"@id\":\"https:\\\/\\\/www.sanjuandeportes.com\\\/wp\\\/#website\"},\"primaryImageOfPage\":{\"@id\":\"http:\\\/\\\/www.sanjuandeportes.com\\\/wp\\\/2024\\\/05\\\/15\\\/con-los-sanjuaninos-la-albiceleste-se-prepara-en-misiones\\\/#primaryimage\"},\"image\":{\"@id\":\"http:\\\/\\\/www.sanjuandeportes.com\\\/wp\\\/2024\\\/05\\\/15\\\/con-los-sanjuaninos-la-albiceleste-se-prepara-en-misiones\\\/#primaryimage\"},\"thumbnailUrl\":\"https:\\\/\\\/www.sanjuandeportes.com\\\/wp\\\/wp-content\\\/uploads\\\/2024\\\/05\\\/320045w790h491c.jpg.webp\",\"datePublished\":\"2024-05-15T23:55:12+00:00\",\"dateModified\":\"2024-05-20T18:20:02+00:00\",\"breadcrumb\":{\"@id\":\"http:\\\/\\\/www.sanjuandeportes.com\\\/wp\\\/2024\\\/05\\\/15\\\/con-los-sanjuaninos-la-albiceleste-se-prepara-en-misiones\\\/#breadcrumb\"},\"inLanguage\":\"es\",\"potentialAction\":[{\"@type\":\"ReadAction\",\"target\":[\"http:\\\/\\\/www.sanjuandeportes.com\\\/wp\\\/2024\\\/05\\\/15\\\/con-los-sanjuaninos-la-albiceleste-se-prepara-en-misiones\\\/\"]}]},{\"@type\":\"ImageObject\",\"inLanguage\":\"es\",\"@id\":\"http:\\\/\\\/www.sanjuandeportes.com\\\/wp\\\/2024\\\/05\\\/15\\\/con-los-sanjuaninos-la-albiceleste-se-prepara-en-misiones\\\/#primaryimage\",\"url\":\"https:\\\/\\\/www.sanjuandeportes.com\\\/wp\\\/wp-content\\\/uploads\\\/2024\\\/05\\\/320045w790h491c.jpg.webp\",\"contentUrl\":\"https:\\\/\\\/www.sanjuandeportes.com\\\/wp\\\/wp-content\\\/uploads\\\/2024\\\/05\\\/320045w790h491c.jpg.webp\",\"width\":790,\"height\":491},{\"@type\":\"BreadcrumbList\",\"@id\":\"http:\\\/\\\/www.sanjuandeportes.com\\\/wp\\\/2024\\\/05\\\/15\\\/con-los-sanjuaninos-la-albiceleste-se-prepara-en-misiones\\\/#breadcrumb\",\"itemListElement\":[{\"@type\":\"ListItem\",\"position\":1,\"name\":\"Portada\",\"item\":\"http:\\\/\\\/www.sanjuandeportes.com\\\/wp\\\/\"},{\"@type\":\"ListItem\",\"position\":2,\"name\":\"Con los sanjuaninos, la albiceleste se prepara en Misiones\"}]},{\"@type\":\"WebSite\",\"@id\":\"https:\\\/\\\/www.sanjuandeportes.com\\\/wp\\\/#website\",\"url\":\"https:\\\/\\\/www.sanjuandeportes.com\\\/wp\\\/\",\"name\":\"San Juan Deportes\",\"description\":\"El sitio de deportes de la provincia de San Juan\",\"publisher\":{\"@id\":\"https:\\\/\\\/www.sanjuandeportes.com\\\/wp\\\/#organization\"},\"potentialAction\":[{\"@type\":\"SearchAction\",\"target\":{\"@type\":\"EntryPoint\",\"urlTemplate\":\"https:\\\/\\\/www.sanjuandeportes.com\\\/wp\\\/?s={search_term_string}\"},\"query-input\":{\"@type\":\"PropertyValueSpecification\",\"valueRequired\":true,\"valueName\":\"search_term_string\"}}],\"inLanguage\":\"es\"},{\"@type\":\"Organization\",\"@id\":\"https:\\\/\\\/www.sanjuandeportes.com\\\/wp\\\/#organization\",\"name\":\"San Juan Deportes\",\"url\":\"https:\\\/\\\/www.sanjuandeportes.com\\\/wp\\\/\",\"logo\":{\"@type\":\"ImageObject\",\"inLanguage\":\"es\",\"@id\":\"https:\\\/\\\/www.sanjuandeportes.com\\\/wp\\\/#\\\/schema\\\/logo\\\/image\\\/\",\"url\":\"https:\\\/\\\/www.sanjuandeportes.com\\\/wp\\\/wp-content\\\/uploads\\\/unnamed.jpg\",\"contentUrl\":\"https:\\\/\\\/www.sanjuandeportes.com\\\/wp\\\/wp-content\\\/uploads\\\/unnamed.jpg\",\"width\":900,\"height\":900,\"caption\":\"San Juan Deportes\"},\"image\":{\"@id\":\"https:\\\/\\\/www.sanjuandeportes.com\\\/wp\\\/#\\\/schema\\\/logo\\\/image\\\/\"},\"sameAs\":[\"https:\\\/\\\/www.facebook.com\\\/sanjuandeportesok\",\"https:\\\/\\\/x.com\\\/SanJuanDeportes\",\"https:\\\/\\\/www.instagram.com\\\/sanjuandeportes\"]},{\"@type\":\"Person\",\"@id\":\"https:\\\/\\\/www.sanjuandeportes.com\\\/wp\\\/#\\\/schema\\\/person\\\/d8e3463931719391897f9c7a6d1bb7b3\",\"name\":\"admin\",\"image\":{\"@type\":\"ImageObject\",\"inLanguage\":\"es\",\"@id\":\"https:\\\/\\\/secure.gravatar.com\\\/avatar\\\/c4deacdacf798758c71e8e4f4ca4bcf755ae082e386babce41b35a278703bed5?s=96&d=mm&r=g\",\"url\":\"https:\\\/\\\/secure.gravatar.com\\\/avatar\\\/c4deacdacf798758c71e8e4f4ca4bcf755ae082e386babce41b35a278703bed5?s=96&d=mm&r=g\",\"contentUrl\":\"https:\\\/\\\/secure.gravatar.com\\\/avatar\\\/c4deacdacf798758c71e8e4f4ca4bcf755ae082e386babce41b35a278703bed5?s=96&d=mm&r=g\",\"caption\":\"admin\"},\"url\":\"https:\\\/\\\/www.sanjuandeportes.com\\\/wp\\\/author\\\/admin\\\/\"}]}<\/script>\n<!-- \/ Yoast SEO plugin. -->","yoast_head_json":{"title":"Con los sanjuaninos, la albiceleste se prepara en Misiones - San Juan Deportes","robots":{"index":"index","follow":"follow","max-snippet":"max-snippet:-1","max-image-preview":"max-image-preview:large","max-video-preview":"max-video-preview:-1"},"canonical":"http:\/\/www.sanjuandeportes.com\/wp\/2024\/05\/15\/con-los-sanjuaninos-la-albiceleste-se-prepara-en-misiones\/","og_locale":"es_ES","og_type":"article","og_title":"Con los sanjuaninos, la albiceleste se prepara en Misiones - San Juan Deportes","og_description":"Los sanjuaninos que nos representan con la celeste y blanca en la\u00a0Selecci\u00f3n Argentina\u00a0de\u00a0Voley,\u00a0ya est\u00e1n en Misiones pensando en los pr\u00f3ximos compromisos y para enfrentar a Cuba, en un amistoso.\u00a0 Manuel Armoa Morel, Bruno Lima y Mat\u00edas S\u00e1nchez\u00a0se enfocan en llegar de la mejor manera, para el pr\u00f3ximo 21 de mayo, cuando enfrente a\u00a0Jap\u00f3n,\u00a0por la\u00a0Volleyball Nations [&hellip;]","og_url":"http:\/\/www.sanjuandeportes.com\/wp\/2024\/05\/15\/con-los-sanjuaninos-la-albiceleste-se-prepara-en-misiones\/","og_site_name":"San Juan Deportes","article_publisher":"https:\/\/www.facebook.com\/sanjuandeportesok","article_published_time":"2024-05-15T23:55:12+00:00","article_modified_time":"2024-05-20T18:20:02+00:00","og_image":[{"width":790,"height":491,"url":"http:\/\/www.sanjuandeportes.com\/wp\/wp-content\/uploads\/2024\/05\/320045w790h491c.jpg.webp","type":"image\/webp"}],"author":"admin","twitter_card":"summary_large_image","twitter_creator":"@SanJuanDeportes","twitter_site":"@SanJuanDeportes","twitter_misc":{"Escrito por":"admin","Tiempo de lectura":"2 minutos"},"schema":{"@context":"https:\/\/schema.org","@graph":[{"@type":"Article","@id":"http:\/\/www.sanjuandeportes.com\/wp\/2024\/05\/15\/con-los-sanjuaninos-la-albiceleste-se-prepara-en-misiones\/#article","isPartOf":{"@id":"http:\/\/www.sanjuandeportes.com\/wp\/2024\/05\/15\/con-los-sanjuaninos-la-albiceleste-se-prepara-en-misiones\/"},"author":{"name":"admin","@id":"https:\/\/www.sanjuandeportes.com\/wp\/#\/schema\/person\/d8e3463931719391897f9c7a6d1bb7b3"},"headline":"Con los sanjuaninos, la albiceleste se prepara en Misiones","datePublished":"2024-05-15T23:55:12+00:00","dateModified":"2024-05-20T18:20:02+00:00","mainEntityOfPage":{"@id":"http:\/\/www.sanjuandeportes.com\/wp\/2024\/05\/15\/con-los-sanjuaninos-la-albiceleste-se-prepara-en-misiones\/"},"wordCount":348,"commentCount":0,"publisher":{"@id":"https:\/\/www.sanjuandeportes.com\/wp\/#organization"},"image":{"@id":"http:\/\/www.sanjuandeportes.com\/wp\/2024\/05\/15\/con-los-sanjuaninos-la-albiceleste-se-prepara-en-misiones\/#primaryimage"},"thumbnailUrl":"https:\/\/www.sanjuandeportes.com\/wp\/wp-content\/uploads\/2024\/05\/320045w790h491c.jpg.webp","articleSection":["San Juan","Selecci\u00f3n Argentina","Voley"],"inLanguage":"es","potentialAction":[{"@type":"CommentAction","name":"Comment","target":["http:\/\/www.sanjuandeportes.com\/wp\/2024\/05\/15\/con-los-sanjuaninos-la-albiceleste-se-prepara-en-misiones\/#respond"]}]},{"@type":"WebPage","@id":"http:\/\/www.sanjuandeportes.com\/wp\/2024\/05\/15\/con-los-sanjuaninos-la-albiceleste-se-prepara-en-misiones\/","url":"http:\/\/www.sanjuandeportes.com\/wp\/2024\/05\/15\/con-los-sanjuaninos-la-albiceleste-se-prepara-en-misiones\/","name":"Con los sanjuaninos, la albiceleste se prepara en Misiones - San Juan Deportes","isPartOf":{"@id":"https:\/\/www.sanjuandeportes.com\/wp\/#website"},"primaryImageOfPage":{"@id":"http:\/\/www.sanjuandeportes.com\/wp\/2024\/05\/15\/con-los-sanjuaninos-la-albiceleste-se-prepara-en-misiones\/#primaryimage"},"image":{"@id":"http:\/\/www.sanjuandeportes.com\/wp\/2024\/05\/15\/con-los-sanjuaninos-la-albiceleste-se-prepara-en-misiones\/#primaryimage"},"thumbnailUrl":"https:\/\/www.sanjuandeportes.com\/wp\/wp-content\/uploads\/2024\/05\/320045w790h491c.jpg.webp","datePublished":"2024-05-15T23:55:12+00:00","dateModified":"2024-05-20T18:20:02+00:00","breadcrumb":{"@id":"http:\/\/www.sanjuandeportes.com\/wp\/2024\/05\/15\/con-los-sanjuaninos-la-albiceleste-se-prepara-en-misiones\/#breadcrumb"},"inLanguage":"es","potentialAction":[{"@type":"ReadAction","target":["http:\/\/www.sanjuandeportes.com\/wp\/2024\/05\/15\/con-los-sanjuaninos-la-albiceleste-se-prepara-en-misiones\/"]}]},{"@type":"ImageObject","inLanguage":"es","@id":"http:\/\/www.sanjuandeportes.com\/wp\/2024\/05\/15\/con-los-sanjuaninos-la-albiceleste-se-prepara-en-misiones\/#primaryimage","url":"https:\/\/www.sanjuandeportes.com\/wp\/wp-content\/uploads\/2024\/05\/320045w790h491c.jpg.webp","contentUrl":"https:\/\/www.sanjuandeportes.com\/wp\/wp-content\/uploads\/2024\/05\/320045w790h491c.jpg.webp","width":790,"height":491},{"@type":"BreadcrumbList","@id":"http:\/\/www.sanjuandeportes.com\/wp\/2024\/05\/15\/con-los-sanjuaninos-la-albiceleste-se-prepara-en-misiones\/#breadcrumb","itemListElement":[{"@type":"ListItem","position":1,"name":"Portada","item":"http:\/\/www.sanjuandeportes.com\/wp\/"},{"@type":"ListItem","position":2,"name":"Con los sanjuaninos, la albiceleste se prepara en Misiones"}]},{"@type":"WebSite","@id":"https:\/\/www.sanjuandeportes.com\/wp\/#website","url":"https:\/\/www.sanjuandeportes.com\/wp\/","name":"San Juan Deportes","description":"El sitio de deportes de la provincia de San Juan","publisher":{"@id":"https:\/\/www.sanjuandeportes.com\/wp\/#organization"},"potentialAction":[{"@type":"SearchAction","target":{"@type":"EntryPoint","urlTemplate":"https:\/\/www.sanjuandeportes.com\/wp\/?s={search_term_string}"},"query-input":{"@type":"PropertyValueSpecification","valueRequired":true,"valueName":"search_term_string"}}],"inLanguage":"es"},{"@type":"Organization","@id":"https:\/\/www.sanjuandeportes.com\/wp\/#organization","name":"San Juan Deportes","url":"https:\/\/www.sanjuandeportes.com\/wp\/","logo":{"@type":"ImageObject","inLanguage":"es","@id":"https:\/\/www.sanjuandeportes.com\/wp\/#\/schema\/logo\/image\/","url":"https:\/\/www.sanjuandeportes.com\/wp\/wp-content\/uploads\/unnamed.jpg","contentUrl":"https:\/\/www.sanjuandeportes.com\/wp\/wp-content\/uploads\/unnamed.jpg","width":900,"height":900,"caption":"San Juan Deportes"},"image":{"@id":"https:\/\/www.sanjuandeportes.com\/wp\/#\/schema\/logo\/image\/"},"sameAs":["https:\/\/www.facebook.com\/sanjuandeportesok","https:\/\/x.com\/SanJuanDeportes","https:\/\/www.instagram.com\/sanjuandeportes"]},{"@type":"Person","@id":"https:\/\/www.sanjuandeportes.com\/wp\/#\/schema\/person\/d8e3463931719391897f9c7a6d1bb7b3","name":"admin","image":{"@type":"ImageObject","inLanguage":"es","@id":"https:\/\/secure.gravatar.com\/avatar\/c4deacdacf798758c71e8e4f4ca4bcf755ae082e386babce41b35a278703bed5?s=96&d=mm&r=g","url":"https:\/\/secure.gravatar.com\/avatar\/c4deacdacf798758c71e8e4f4ca4bcf755ae082e386babce41b35a278703bed5?s=96&d=mm&r=g","contentUrl":"https:\/\/secure.gravatar.com\/avatar\/c4deacdacf798758c71e8e4f4ca4bcf755ae082e386babce41b35a278703bed5?s=96&d=mm&r=g","caption":"admin"},"url":"https:\/\/www.sanjuandeportes.com\/wp\/author\/admin\/"}]}},"_links":{"self":[{"href":"https:\/\/www.sanjuandeportes.com\/wp\/wp-json\/wp\/v2\/posts\/20700","targetHints":{"allow":["GET"]}}],"collection":[{"href":"https:\/\/www.sanjuandeportes.com\/wp\/wp-json\/wp\/v2\/posts"}],"about":[{"href":"https:\/\/www.sanjuandeportes.com\/wp\/wp-json\/wp\/v2\/types\/post"}],"author":[{"embeddable":true,"href":"https:\/\/www.sanjuandeportes.com\/wp\/wp-json\/wp\/v2\/users\/1"}],"replies":[{"embeddable":true,"href":"https:\/\/www.sanjuandeportes.com\/wp\/wp-json\/wp\/v2\/comments?post=20700"}],"version-history":[{"count":1,"href":"https:\/\/www.sanjuandeportes.com\/wp\/wp-json\/wp\/v2\/posts\/20700\/revisions"}],"predecessor-version":[{"id":20702,"href":"https:\/\/www.sanjuandeportes.com\/wp\/wp-json\/wp\/v2\/posts\/20700\/revisions\/20702"}],"wp:featuredmedia":[{"embeddable":true,"href":"https:\/\/www.sanjuandeportes.com\/wp\/wp-json\/wp\/v2\/media\/20701"}],"wp:attachment":[{"href":"https:\/\/www.sanjuandeportes.com\/wp\/wp-json\/wp\/v2\/media?parent=20700"}],"wp:term":[{"taxonomy":"category","embeddable":true,"href":"https:\/\/www.sanjuandeportes.com\/wp\/wp-json\/wp\/v2\/categories?post=20700"},{"taxonomy":"post_tag","embeddable":true,"href":"https:\/\/www.sanjuandeportes.com\/wp\/wp-json\/wp\/v2\/tags?post=20700"}],"curies":[{"name":"wp","href":"https:\/\/api.w.org\/{rel}","templated":true}]}}