{"id":20986,"date":"2024-07-04T21:13:54","date_gmt":"2024-07-05T00:13:54","guid":{"rendered":"https:\/\/www.sanjuandeportes.com\/wp\/?p=20986"},"modified":"2024-07-07T23:03:56","modified_gmt":"2024-07-08T02:03:56","slug":"las-panteras-con-la-sanjuanina-herrera-inician-la-challenger-cup","status":"publish","type":"post","link":"https:\/\/www.sanjuandeportes.com\/wp\/2024\/07\/04\/las-panteras-con-la-sanjuanina-herrera-inician-la-challenger-cup\/","title":{"rendered":"Las Panteras con la sanjuanina Herrera inician la Challenger Cup"},"content":{"rendered":"\n<p class=\"wp-block-paragraph\">La&nbsp;<strong>Selecci\u00f3n Argentina Femenina de V\u00f3ley, Las Panteras<\/strong>, con la&nbsp;<strong>sanjuanina Candelaria Herrrera<\/strong>&nbsp;inician la&nbsp;<strong>Challenger Cup<\/strong>&nbsp;que se jugar\u00e1 en Filipinas, enfrentando ma\u00f1ana a&nbsp;<strong>Rep\u00fablica Checa,<\/strong>&nbsp;por&nbsp;<strong>un lugar en la VNL 2025.<\/strong><\/p>\n\n\n\n<p class=\"wp-block-paragraph\">Este torneo, que se que se&nbsp;<strong>jugar\u00e1 del 4 al 7 de julio<\/strong>&nbsp;y tiene una particularidad: es por<strong>&nbsp;eliminaci\u00f3n directa.<\/strong>&nbsp;Todos los partidos son a todo o nada y solo el&nbsp;<strong>campe\u00f3n<\/strong>&nbsp;se llevar\u00e1 la plaza disponible para participar de la VNL,&nbsp;<strong>Volleybal Nations League, o Liga de Naciones 2025.<\/strong><\/p>\n\n\n\n<p class=\"wp-block-paragraph\">Adem\u00e1s de&nbsp;<strong>Argentina,<\/strong>&nbsp;participar\u00e1n del torneo:&nbsp;<strong>Filipinas<\/strong>&nbsp;(el equipo local),&nbsp;<strong>Puerto Rico<\/strong>&nbsp;(ganador del Final Four Internacional de NORCECA en 2023),&nbsp;<strong>Kenia<\/strong>&nbsp;(calificado por ranking FIVB);&nbsp;<strong>Vietnam<\/strong>&nbsp;(ganador de la copa Challenger AVC),&nbsp;<strong>Suecia y Rep\u00fablica Chec<\/strong>a (primero y segundo respectivamente de la CEV Golden League 2024), y&nbsp;<strong>B\u00e9lgica<\/strong>&nbsp;como equipo mejor ubicado en el ranking FIVB que a\u00fan no haya clasificado.<\/p>\n\n\n\n<p class=\"wp-block-paragraph\">Luego de disputar la&nbsp;<strong>Challenger Cup en Filipinas, Las Panteras<\/strong>&nbsp;regresar\u00e1n a la Argentina y ya tienen compromisos previstos de cara a la continuidad de la temporada 2024. Desde el&nbsp;<strong>22 de julio<\/strong>, se instalar\u00e1n en la&nbsp;<strong>ciudad de Morteros, provincia de C\u00f3rdoba<\/strong>, y trabajar\u00e1n en dicha localidad durante toda la semana.<\/p>\n\n\n\n<p class=\"wp-block-paragraph\">El pr\u00f3ximo &nbsp;<strong>27 y 28 de julio, la Selecci\u00f3n Argentina enfrentar\u00e1 a Chile<\/strong>&nbsp;en el estadio&nbsp;<strong>Vide Tealdi del club Tiro Federal y Deportivo Morteros,<\/strong>&nbsp;ambos partidos con&nbsp;<strong>televisaci\u00f3n en vivo a trav\u00e9s de Fox Sports.<\/strong><\/p>\n","protected":false},"excerpt":{"rendered":"<p>La&nbsp;Selecci\u00f3n Argentina Femenina de V\u00f3ley, Las Panteras, con la&nbsp;sanjuanina Candelaria Herrrera&nbsp;inician la&nbsp;Challenger Cup&nbsp;que se jugar\u00e1 en Filipinas, enfrentando ma\u00f1ana a&nbsp;Rep\u00fablica Checa,&nbsp;por&nbsp;un lugar en la VNL 2025. Este torneo, que se que se&nbsp;jugar\u00e1 del 4 al 7 de julio&nbsp;y tiene una particularidad: es por&nbsp;eliminaci\u00f3n directa.&nbsp;Todos los partidos son a todo o nada y solo el&nbsp;campe\u00f3n&nbsp;se llevar\u00e1 [&hellip;]<\/p>\n","protected":false},"author":1,"featured_media":20987,"comment_status":"open","ping_status":"open","sticky":false,"template":"","format":"standard","meta":{"footnotes":""},"categories":[178,34],"tags":[],"class_list":["post-20986","post","type-post","status-publish","format-standard","has-post-thumbnail","hentry","category-san-juan","category-voley"],"yoast_head":"<!-- This site is optimized with the Yoast SEO plugin v28.2 - https:\/\/yoast.com\/product\/yoast-seo-wordpress\/ -->\n<title>Las Panteras con la sanjuanina Herrera inician la Challenger Cup - San Juan Deportes<\/title>\n<meta name=\"robots\" content=\"index, follow, max-snippet:-1, max-image-preview:large, max-video-preview:-1\" \/>\n<link rel=\"canonical\" href=\"https:\/\/www.sanjuandeportes.com\/wp\/2024\/07\/04\/las-panteras-con-la-sanjuanina-herrera-inician-la-challenger-cup\/\" \/>\n<meta property=\"og:locale\" content=\"es_ES\" \/>\n<meta property=\"og:type\" content=\"article\" \/>\n<meta property=\"og:title\" content=\"Las Panteras con la sanjuanina Herrera inician la Challenger Cup - San Juan Deportes\" \/>\n<meta property=\"og:description\" content=\"La&nbsp;Selecci\u00f3n Argentina Femenina de V\u00f3ley, Las Panteras, con la&nbsp;sanjuanina Candelaria Herrrera&nbsp;inician la&nbsp;Challenger Cup&nbsp;que se jugar\u00e1 en Filipinas, enfrentando ma\u00f1ana a&nbsp;Rep\u00fablica Checa,&nbsp;por&nbsp;un lugar en la VNL 2025. Este torneo, que se que se&nbsp;jugar\u00e1 del 4 al 7 de julio&nbsp;y tiene una particularidad: es por&nbsp;eliminaci\u00f3n directa.&nbsp;Todos los partidos son a todo o nada y solo el&nbsp;campe\u00f3n&nbsp;se llevar\u00e1 [&hellip;]\" \/>\n<meta property=\"og:url\" content=\"https:\/\/www.sanjuandeportes.com\/wp\/2024\/07\/04\/las-panteras-con-la-sanjuanina-herrera-inician-la-challenger-cup\/\" \/>\n<meta property=\"og:site_name\" content=\"San Juan Deportes\" \/>\n<meta property=\"article:publisher\" content=\"https:\/\/www.facebook.com\/sanjuandeportesok\" \/>\n<meta property=\"article:published_time\" content=\"2024-07-05T00:13:54+00:00\" \/>\n<meta property=\"article:modified_time\" content=\"2024-07-08T02:03:56+00:00\" \/>\n<meta property=\"og:image\" content=\"https:\/\/www.sanjuandeportes.com\/wp\/wp-content\/uploads\/2024\/07\/324728w750h375c.jpg.webp\" \/>\n\t<meta property=\"og:image:width\" content=\"750\" \/>\n\t<meta property=\"og:image:height\" content=\"375\" \/>\n\t<meta property=\"og:image:type\" content=\"image\/webp\" \/>\n<meta name=\"author\" content=\"admin\" \/>\n<meta name=\"twitter:card\" content=\"summary_large_image\" \/>\n<meta name=\"twitter:creator\" content=\"@SanJuanDeportes\" \/>\n<meta name=\"twitter:site\" content=\"@SanJuanDeportes\" \/>\n<meta name=\"twitter:label1\" content=\"Escrito por\" \/>\n\t<meta name=\"twitter:data1\" content=\"admin\" \/>\n\t<meta name=\"twitter:label2\" content=\"Tiempo de lectura\" \/>\n\t<meta name=\"twitter:data2\" content=\"1 minuto\" \/>\n<script type=\"application\/ld+json\" class=\"yoast-schema-graph\">{\"@context\":\"https:\\\/\\\/schema.org\",\"@graph\":[{\"@type\":\"Article\",\"@id\":\"https:\\\/\\\/www.sanjuandeportes.com\\\/wp\\\/2024\\\/07\\\/04\\\/las-panteras-con-la-sanjuanina-herrera-inician-la-challenger-cup\\\/#article\",\"isPartOf\":{\"@id\":\"https:\\\/\\\/www.sanjuandeportes.com\\\/wp\\\/2024\\\/07\\\/04\\\/las-panteras-con-la-sanjuanina-herrera-inician-la-challenger-cup\\\/\"},\"author\":{\"name\":\"admin\",\"@id\":\"https:\\\/\\\/www.sanjuandeportes.com\\\/wp\\\/#\\\/schema\\\/person\\\/d8e3463931719391897f9c7a6d1bb7b3\"},\"headline\":\"Las Panteras con la sanjuanina Herrera inician la Challenger Cup\",\"datePublished\":\"2024-07-05T00:13:54+00:00\",\"dateModified\":\"2024-07-08T02:03:56+00:00\",\"mainEntityOfPage\":{\"@id\":\"https:\\\/\\\/www.sanjuandeportes.com\\\/wp\\\/2024\\\/07\\\/04\\\/las-panteras-con-la-sanjuanina-herrera-inician-la-challenger-cup\\\/\"},\"wordCount\":291,\"commentCount\":0,\"publisher\":{\"@id\":\"https:\\\/\\\/www.sanjuandeportes.com\\\/wp\\\/#organization\"},\"image\":{\"@id\":\"https:\\\/\\\/www.sanjuandeportes.com\\\/wp\\\/2024\\\/07\\\/04\\\/las-panteras-con-la-sanjuanina-herrera-inician-la-challenger-cup\\\/#primaryimage\"},\"thumbnailUrl\":\"https:\\\/\\\/www.sanjuandeportes.com\\\/wp\\\/wp-content\\\/uploads\\\/2024\\\/07\\\/324728w750h375c.jpg.webp\",\"articleSection\":[\"San Juan\",\"Voley\"],\"inLanguage\":\"es\",\"potentialAction\":[{\"@type\":\"CommentAction\",\"name\":\"Comment\",\"target\":[\"https:\\\/\\\/www.sanjuandeportes.com\\\/wp\\\/2024\\\/07\\\/04\\\/las-panteras-con-la-sanjuanina-herrera-inician-la-challenger-cup\\\/#respond\"]}]},{\"@type\":\"WebPage\",\"@id\":\"https:\\\/\\\/www.sanjuandeportes.com\\\/wp\\\/2024\\\/07\\\/04\\\/las-panteras-con-la-sanjuanina-herrera-inician-la-challenger-cup\\\/\",\"url\":\"https:\\\/\\\/www.sanjuandeportes.com\\\/wp\\\/2024\\\/07\\\/04\\\/las-panteras-con-la-sanjuanina-herrera-inician-la-challenger-cup\\\/\",\"name\":\"Las Panteras con la sanjuanina Herrera inician la Challenger Cup - San Juan Deportes\",\"isPartOf\":{\"@id\":\"https:\\\/\\\/www.sanjuandeportes.com\\\/wp\\\/#website\"},\"primaryImageOfPage\":{\"@id\":\"https:\\\/\\\/www.sanjuandeportes.com\\\/wp\\\/2024\\\/07\\\/04\\\/las-panteras-con-la-sanjuanina-herrera-inician-la-challenger-cup\\\/#primaryimage\"},\"image\":{\"@id\":\"https:\\\/\\\/www.sanjuandeportes.com\\\/wp\\\/2024\\\/07\\\/04\\\/las-panteras-con-la-sanjuanina-herrera-inician-la-challenger-cup\\\/#primaryimage\"},\"thumbnailUrl\":\"https:\\\/\\\/www.sanjuandeportes.com\\\/wp\\\/wp-content\\\/uploads\\\/2024\\\/07\\\/324728w750h375c.jpg.webp\",\"datePublished\":\"2024-07-05T00:13:54+00:00\",\"dateModified\":\"2024-07-08T02:03:56+00:00\",\"breadcrumb\":{\"@id\":\"https:\\\/\\\/www.sanjuandeportes.com\\\/wp\\\/2024\\\/07\\\/04\\\/las-panteras-con-la-sanjuanina-herrera-inician-la-challenger-cup\\\/#breadcrumb\"},\"inLanguage\":\"es\",\"potentialAction\":[{\"@type\":\"ReadAction\",\"target\":[\"https:\\\/\\\/www.sanjuandeportes.com\\\/wp\\\/2024\\\/07\\\/04\\\/las-panteras-con-la-sanjuanina-herrera-inician-la-challenger-cup\\\/\"]}]},{\"@type\":\"ImageObject\",\"inLanguage\":\"es\",\"@id\":\"https:\\\/\\\/www.sanjuandeportes.com\\\/wp\\\/2024\\\/07\\\/04\\\/las-panteras-con-la-sanjuanina-herrera-inician-la-challenger-cup\\\/#primaryimage\",\"url\":\"https:\\\/\\\/www.sanjuandeportes.com\\\/wp\\\/wp-content\\\/uploads\\\/2024\\\/07\\\/324728w750h375c.jpg.webp\",\"contentUrl\":\"https:\\\/\\\/www.sanjuandeportes.com\\\/wp\\\/wp-content\\\/uploads\\\/2024\\\/07\\\/324728w750h375c.jpg.webp\",\"width\":750,\"height\":375},{\"@type\":\"BreadcrumbList\",\"@id\":\"https:\\\/\\\/www.sanjuandeportes.com\\\/wp\\\/2024\\\/07\\\/04\\\/las-panteras-con-la-sanjuanina-herrera-inician-la-challenger-cup\\\/#breadcrumb\",\"itemListElement\":[{\"@type\":\"ListItem\",\"position\":1,\"name\":\"Portada\",\"item\":\"http:\\\/\\\/www.sanjuandeportes.com\\\/wp\\\/\"},{\"@type\":\"ListItem\",\"position\":2,\"name\":\"Las Panteras con la sanjuanina Herrera inician la Challenger Cup\"}]},{\"@type\":\"WebSite\",\"@id\":\"https:\\\/\\\/www.sanjuandeportes.com\\\/wp\\\/#website\",\"url\":\"https:\\\/\\\/www.sanjuandeportes.com\\\/wp\\\/\",\"name\":\"San Juan Deportes\",\"description\":\"El sitio de deportes de la provincia de San Juan\",\"publisher\":{\"@id\":\"https:\\\/\\\/www.sanjuandeportes.com\\\/wp\\\/#organization\"},\"potentialAction\":[{\"@type\":\"SearchAction\",\"target\":{\"@type\":\"EntryPoint\",\"urlTemplate\":\"https:\\\/\\\/www.sanjuandeportes.com\\\/wp\\\/?s={search_term_string}\"},\"query-input\":{\"@type\":\"PropertyValueSpecification\",\"valueRequired\":true,\"valueName\":\"search_term_string\"}}],\"inLanguage\":\"es\"},{\"@type\":\"Organization\",\"@id\":\"https:\\\/\\\/www.sanjuandeportes.com\\\/wp\\\/#organization\",\"name\":\"San Juan Deportes\",\"url\":\"https:\\\/\\\/www.sanjuandeportes.com\\\/wp\\\/\",\"logo\":{\"@type\":\"ImageObject\",\"inLanguage\":\"es\",\"@id\":\"https:\\\/\\\/www.sanjuandeportes.com\\\/wp\\\/#\\\/schema\\\/logo\\\/image\\\/\",\"url\":\"https:\\\/\\\/www.sanjuandeportes.com\\\/wp\\\/wp-content\\\/uploads\\\/unnamed.jpg\",\"contentUrl\":\"https:\\\/\\\/www.sanjuandeportes.com\\\/wp\\\/wp-content\\\/uploads\\\/unnamed.jpg\",\"width\":900,\"height\":900,\"caption\":\"San Juan Deportes\"},\"image\":{\"@id\":\"https:\\\/\\\/www.sanjuandeportes.com\\\/wp\\\/#\\\/schema\\\/logo\\\/image\\\/\"},\"sameAs\":[\"https:\\\/\\\/www.facebook.com\\\/sanjuandeportesok\",\"https:\\\/\\\/x.com\\\/SanJuanDeportes\",\"https:\\\/\\\/www.instagram.com\\\/sanjuandeportes\"]},{\"@type\":\"Person\",\"@id\":\"https:\\\/\\\/www.sanjuandeportes.com\\\/wp\\\/#\\\/schema\\\/person\\\/d8e3463931719391897f9c7a6d1bb7b3\",\"name\":\"admin\",\"image\":{\"@type\":\"ImageObject\",\"inLanguage\":\"es\",\"@id\":\"https:\\\/\\\/secure.gravatar.com\\\/avatar\\\/c4deacdacf798758c71e8e4f4ca4bcf755ae082e386babce41b35a278703bed5?s=96&d=mm&r=g\",\"url\":\"https:\\\/\\\/secure.gravatar.com\\\/avatar\\\/c4deacdacf798758c71e8e4f4ca4bcf755ae082e386babce41b35a278703bed5?s=96&d=mm&r=g\",\"contentUrl\":\"https:\\\/\\\/secure.gravatar.com\\\/avatar\\\/c4deacdacf798758c71e8e4f4ca4bcf755ae082e386babce41b35a278703bed5?s=96&d=mm&r=g\",\"caption\":\"admin\"},\"url\":\"https:\\\/\\\/www.sanjuandeportes.com\\\/wp\\\/author\\\/admin\\\/\"}]}<\/script>\n<!-- \/ Yoast SEO plugin. -->","yoast_head_json":{"title":"Las Panteras con la sanjuanina Herrera inician la Challenger Cup - San Juan Deportes","robots":{"index":"index","follow":"follow","max-snippet":"max-snippet:-1","max-image-preview":"max-image-preview:large","max-video-preview":"max-video-preview:-1"},"canonical":"https:\/\/www.sanjuandeportes.com\/wp\/2024\/07\/04\/las-panteras-con-la-sanjuanina-herrera-inician-la-challenger-cup\/","og_locale":"es_ES","og_type":"article","og_title":"Las Panteras con la sanjuanina Herrera inician la Challenger Cup - San Juan Deportes","og_description":"La&nbsp;Selecci\u00f3n Argentina Femenina de V\u00f3ley, Las Panteras, con la&nbsp;sanjuanina Candelaria Herrrera&nbsp;inician la&nbsp;Challenger Cup&nbsp;que se jugar\u00e1 en Filipinas, enfrentando ma\u00f1ana a&nbsp;Rep\u00fablica Checa,&nbsp;por&nbsp;un lugar en la VNL 2025. Este torneo, que se que se&nbsp;jugar\u00e1 del 4 al 7 de julio&nbsp;y tiene una particularidad: es por&nbsp;eliminaci\u00f3n directa.&nbsp;Todos los partidos son a todo o nada y solo el&nbsp;campe\u00f3n&nbsp;se llevar\u00e1 [&hellip;]","og_url":"https:\/\/www.sanjuandeportes.com\/wp\/2024\/07\/04\/las-panteras-con-la-sanjuanina-herrera-inician-la-challenger-cup\/","og_site_name":"San Juan Deportes","article_publisher":"https:\/\/www.facebook.com\/sanjuandeportesok","article_published_time":"2024-07-05T00:13:54+00:00","article_modified_time":"2024-07-08T02:03:56+00:00","og_image":[{"width":750,"height":375,"url":"https:\/\/www.sanjuandeportes.com\/wp\/wp-content\/uploads\/2024\/07\/324728w750h375c.jpg.webp","type":"image\/webp"}],"author":"admin","twitter_card":"summary_large_image","twitter_creator":"@SanJuanDeportes","twitter_site":"@SanJuanDeportes","twitter_misc":{"Escrito por":"admin","Tiempo de lectura":"1 minuto"},"schema":{"@context":"https:\/\/schema.org","@graph":[{"@type":"Article","@id":"https:\/\/www.sanjuandeportes.com\/wp\/2024\/07\/04\/las-panteras-con-la-sanjuanina-herrera-inician-la-challenger-cup\/#article","isPartOf":{"@id":"https:\/\/www.sanjuandeportes.com\/wp\/2024\/07\/04\/las-panteras-con-la-sanjuanina-herrera-inician-la-challenger-cup\/"},"author":{"name":"admin","@id":"https:\/\/www.sanjuandeportes.com\/wp\/#\/schema\/person\/d8e3463931719391897f9c7a6d1bb7b3"},"headline":"Las Panteras con la sanjuanina Herrera inician la Challenger Cup","datePublished":"2024-07-05T00:13:54+00:00","dateModified":"2024-07-08T02:03:56+00:00","mainEntityOfPage":{"@id":"https:\/\/www.sanjuandeportes.com\/wp\/2024\/07\/04\/las-panteras-con-la-sanjuanina-herrera-inician-la-challenger-cup\/"},"wordCount":291,"commentCount":0,"publisher":{"@id":"https:\/\/www.sanjuandeportes.com\/wp\/#organization"},"image":{"@id":"https:\/\/www.sanjuandeportes.com\/wp\/2024\/07\/04\/las-panteras-con-la-sanjuanina-herrera-inician-la-challenger-cup\/#primaryimage"},"thumbnailUrl":"https:\/\/www.sanjuandeportes.com\/wp\/wp-content\/uploads\/2024\/07\/324728w750h375c.jpg.webp","articleSection":["San Juan","Voley"],"inLanguage":"es","potentialAction":[{"@type":"CommentAction","name":"Comment","target":["https:\/\/www.sanjuandeportes.com\/wp\/2024\/07\/04\/las-panteras-con-la-sanjuanina-herrera-inician-la-challenger-cup\/#respond"]}]},{"@type":"WebPage","@id":"https:\/\/www.sanjuandeportes.com\/wp\/2024\/07\/04\/las-panteras-con-la-sanjuanina-herrera-inician-la-challenger-cup\/","url":"https:\/\/www.sanjuandeportes.com\/wp\/2024\/07\/04\/las-panteras-con-la-sanjuanina-herrera-inician-la-challenger-cup\/","name":"Las Panteras con la sanjuanina Herrera inician la Challenger Cup - San Juan Deportes","isPartOf":{"@id":"https:\/\/www.sanjuandeportes.com\/wp\/#website"},"primaryImageOfPage":{"@id":"https:\/\/www.sanjuandeportes.com\/wp\/2024\/07\/04\/las-panteras-con-la-sanjuanina-herrera-inician-la-challenger-cup\/#primaryimage"},"image":{"@id":"https:\/\/www.sanjuandeportes.com\/wp\/2024\/07\/04\/las-panteras-con-la-sanjuanina-herrera-inician-la-challenger-cup\/#primaryimage"},"thumbnailUrl":"https:\/\/www.sanjuandeportes.com\/wp\/wp-content\/uploads\/2024\/07\/324728w750h375c.jpg.webp","datePublished":"2024-07-05T00:13:54+00:00","dateModified":"2024-07-08T02:03:56+00:00","breadcrumb":{"@id":"https:\/\/www.sanjuandeportes.com\/wp\/2024\/07\/04\/las-panteras-con-la-sanjuanina-herrera-inician-la-challenger-cup\/#breadcrumb"},"inLanguage":"es","potentialAction":[{"@type":"ReadAction","target":["https:\/\/www.sanjuandeportes.com\/wp\/2024\/07\/04\/las-panteras-con-la-sanjuanina-herrera-inician-la-challenger-cup\/"]}]},{"@type":"ImageObject","inLanguage":"es","@id":"https:\/\/www.sanjuandeportes.com\/wp\/2024\/07\/04\/las-panteras-con-la-sanjuanina-herrera-inician-la-challenger-cup\/#primaryimage","url":"https:\/\/www.sanjuandeportes.com\/wp\/wp-content\/uploads\/2024\/07\/324728w750h375c.jpg.webp","contentUrl":"https:\/\/www.sanjuandeportes.com\/wp\/wp-content\/uploads\/2024\/07\/324728w750h375c.jpg.webp","width":750,"height":375},{"@type":"BreadcrumbList","@id":"https:\/\/www.sanjuandeportes.com\/wp\/2024\/07\/04\/las-panteras-con-la-sanjuanina-herrera-inician-la-challenger-cup\/#breadcrumb","itemListElement":[{"@type":"ListItem","position":1,"name":"Portada","item":"http:\/\/www.sanjuandeportes.com\/wp\/"},{"@type":"ListItem","position":2,"name":"Las Panteras con la sanjuanina Herrera inician la Challenger Cup"}]},{"@type":"WebSite","@id":"https:\/\/www.sanjuandeportes.com\/wp\/#website","url":"https:\/\/www.sanjuandeportes.com\/wp\/","name":"San Juan Deportes","description":"El sitio de deportes de la provincia de San Juan","publisher":{"@id":"https:\/\/www.sanjuandeportes.com\/wp\/#organization"},"potentialAction":[{"@type":"SearchAction","target":{"@type":"EntryPoint","urlTemplate":"https:\/\/www.sanjuandeportes.com\/wp\/?s={search_term_string}"},"query-input":{"@type":"PropertyValueSpecification","valueRequired":true,"valueName":"search_term_string"}}],"inLanguage":"es"},{"@type":"Organization","@id":"https:\/\/www.sanjuandeportes.com\/wp\/#organization","name":"San Juan Deportes","url":"https:\/\/www.sanjuandeportes.com\/wp\/","logo":{"@type":"ImageObject","inLanguage":"es","@id":"https:\/\/www.sanjuandeportes.com\/wp\/#\/schema\/logo\/image\/","url":"https:\/\/www.sanjuandeportes.com\/wp\/wp-content\/uploads\/unnamed.jpg","contentUrl":"https:\/\/www.sanjuandeportes.com\/wp\/wp-content\/uploads\/unnamed.jpg","width":900,"height":900,"caption":"San Juan Deportes"},"image":{"@id":"https:\/\/www.sanjuandeportes.com\/wp\/#\/schema\/logo\/image\/"},"sameAs":["https:\/\/www.facebook.com\/sanjuandeportesok","https:\/\/x.com\/SanJuanDeportes","https:\/\/www.instagram.com\/sanjuandeportes"]},{"@type":"Person","@id":"https:\/\/www.sanjuandeportes.com\/wp\/#\/schema\/person\/d8e3463931719391897f9c7a6d1bb7b3","name":"admin","image":{"@type":"ImageObject","inLanguage":"es","@id":"https:\/\/secure.gravatar.com\/avatar\/c4deacdacf798758c71e8e4f4ca4bcf755ae082e386babce41b35a278703bed5?s=96&d=mm&r=g","url":"https:\/\/secure.gravatar.com\/avatar\/c4deacdacf798758c71e8e4f4ca4bcf755ae082e386babce41b35a278703bed5?s=96&d=mm&r=g","contentUrl":"https:\/\/secure.gravatar.com\/avatar\/c4deacdacf798758c71e8e4f4ca4bcf755ae082e386babce41b35a278703bed5?s=96&d=mm&r=g","caption":"admin"},"url":"https:\/\/www.sanjuandeportes.com\/wp\/author\/admin\/"}]}},"_links":{"self":[{"href":"https:\/\/www.sanjuandeportes.com\/wp\/wp-json\/wp\/v2\/posts\/20986","targetHints":{"allow":["GET"]}}],"collection":[{"href":"https:\/\/www.sanjuandeportes.com\/wp\/wp-json\/wp\/v2\/posts"}],"about":[{"href":"https:\/\/www.sanjuandeportes.com\/wp\/wp-json\/wp\/v2\/types\/post"}],"author":[{"embeddable":true,"href":"https:\/\/www.sanjuandeportes.com\/wp\/wp-json\/wp\/v2\/users\/1"}],"replies":[{"embeddable":true,"href":"https:\/\/www.sanjuandeportes.com\/wp\/wp-json\/wp\/v2\/comments?post=20986"}],"version-history":[{"count":1,"href":"https:\/\/www.sanjuandeportes.com\/wp\/wp-json\/wp\/v2\/posts\/20986\/revisions"}],"predecessor-version":[{"id":20988,"href":"https:\/\/www.sanjuandeportes.com\/wp\/wp-json\/wp\/v2\/posts\/20986\/revisions\/20988"}],"wp:featuredmedia":[{"embeddable":true,"href":"https:\/\/www.sanjuandeportes.com\/wp\/wp-json\/wp\/v2\/media\/20987"}],"wp:attachment":[{"href":"https:\/\/www.sanjuandeportes.com\/wp\/wp-json\/wp\/v2\/media?parent=20986"}],"wp:term":[{"taxonomy":"category","embeddable":true,"href":"https:\/\/www.sanjuandeportes.com\/wp\/wp-json\/wp\/v2\/categories?post=20986"},{"taxonomy":"post_tag","embeddable":true,"href":"https:\/\/www.sanjuandeportes.com\/wp\/wp-json\/wp\/v2\/tags?post=20986"}],"curies":[{"name":"wp","href":"https:\/\/api.w.org\/{rel}","templated":true}]}}