{"id":21069,"date":"2024-07-17T22:29:31","date_gmt":"2024-07-18T01:29:31","guid":{"rendered":"https:\/\/www.sanjuandeportes.com\/wp\/?p=21069"},"modified":"2024-07-17T22:29:32","modified_gmt":"2024-07-18T01:29:32","slug":"cuando-llega-a-san-juan-la-copa-que-gano-argentina","status":"publish","type":"post","link":"https:\/\/www.sanjuandeportes.com\/wp\/2024\/07\/17\/cuando-llega-a-san-juan-la-copa-que-gano-argentina\/","title":{"rendered":"Cu\u00e1ndo llega a San Juan la copa que gan\u00f3 Argentina"},"content":{"rendered":"\n<p class=\"wp-block-paragraph\"><strong>La Copa que levantaron en la madrugada del lunes&nbsp; Messi y compa\u00f1ia llega a San Juan<\/strong>&nbsp;para ser contemplada por los hinchas de la selecci\u00f3n.<\/p>\n\n\n\n<p class=\"wp-block-paragraph\">Por iniciativa de la&nbsp;<strong>Federaci\u00f3n Sanjuanina de F\u00fatbol<\/strong>&nbsp;que preside&nbsp;<strong>Nacif Far\u00edas<\/strong>&nbsp;estar\u00e1n en la provincia la&nbsp;<strong>Copa Am\u00e9rica, La Finalissima y la copa del Mundo.<\/strong><\/p>\n\n\n\n<p class=\"wp-block-paragraph\">Las mismas ser\u00e1n exhibidas en el Parque Lineal Libertadores de Am\u00e9rica en el departamento Caucete desde las 9.00 a las 18.00.<\/p>\n\n\n\n<p class=\"wp-block-paragraph\">All\u00ed&nbsp;<strong>se podr\u00e1n sacar fotos y guardar el recuerdo mas hermoso&nbsp;<\/strong>&nbsp;luego de que Argentina se consagr\u00e9 bicampe\u00f3n el fin de semana que pas\u00f3.<\/p>\n\n\n\n<p class=\"wp-block-paragraph\">Es casi un hecho que quien las traer\u00e1 ser\u00e1 el presidente de la AFA,&nbsp;<strong>Claudio Chiqui Tapia<\/strong>&nbsp;quien aprovechara la ocasi\u00f3n para pasar por el Paraje Difunta Correa para agradecer el nuevo t\u00edtulo.<\/p>\n","protected":false},"excerpt":{"rendered":"<p>La Copa que levantaron en la madrugada del lunes&nbsp; Messi y compa\u00f1ia llega a San Juan&nbsp;para ser contemplada por los hinchas de la selecci\u00f3n. Por iniciativa de la&nbsp;Federaci\u00f3n Sanjuanina de F\u00fatbol&nbsp;que preside&nbsp;Nacif Far\u00edas&nbsp;estar\u00e1n en la provincia la&nbsp;Copa Am\u00e9rica, La Finalissima y la copa del Mundo. Las mismas ser\u00e1n exhibidas en el Parque Lineal Libertadores de [&hellip;]<\/p>\n","protected":false},"author":1,"featured_media":21070,"comment_status":"open","ping_status":"open","sticky":false,"template":"","format":"standard","meta":{"footnotes":""},"categories":[48,2,24,178],"tags":[],"class_list":["post-21069","post","type-post","status-publish","format-standard","has-post-thumbnail","hentry","category-destacada","category-featured","category-futbol","category-san-juan"],"yoast_head":"<!-- This site is optimized with the Yoast SEO plugin v28.2 - https:\/\/yoast.com\/product\/yoast-seo-wordpress\/ -->\n<title>Cu\u00e1ndo llega a San Juan la copa que gan\u00f3 Argentina - San Juan Deportes<\/title>\n<meta name=\"robots\" content=\"index, follow, max-snippet:-1, max-image-preview:large, max-video-preview:-1\" \/>\n<link rel=\"canonical\" href=\"https:\/\/www.sanjuandeportes.com\/wp\/2024\/07\/17\/cuando-llega-a-san-juan-la-copa-que-gano-argentina\/\" \/>\n<meta property=\"og:locale\" content=\"es_ES\" \/>\n<meta property=\"og:type\" content=\"article\" \/>\n<meta property=\"og:title\" content=\"Cu\u00e1ndo llega a San Juan la copa que gan\u00f3 Argentina - San Juan Deportes\" \/>\n<meta property=\"og:description\" content=\"La Copa que levantaron en la madrugada del lunes&nbsp; Messi y compa\u00f1ia llega a San Juan&nbsp;para ser contemplada por los hinchas de la selecci\u00f3n. Por iniciativa de la&nbsp;Federaci\u00f3n Sanjuanina de F\u00fatbol&nbsp;que preside&nbsp;Nacif Far\u00edas&nbsp;estar\u00e1n en la provincia la&nbsp;Copa Am\u00e9rica, La Finalissima y la copa del Mundo. Las mismas ser\u00e1n exhibidas en el Parque Lineal Libertadores de [&hellip;]\" \/>\n<meta property=\"og:url\" content=\"https:\/\/www.sanjuandeportes.com\/wp\/2024\/07\/17\/cuando-llega-a-san-juan-la-copa-que-gano-argentina\/\" \/>\n<meta property=\"og:site_name\" content=\"San Juan Deportes\" \/>\n<meta property=\"article:publisher\" content=\"https:\/\/www.facebook.com\/sanjuandeportesok\" \/>\n<meta property=\"article:published_time\" content=\"2024-07-18T01:29:31+00:00\" \/>\n<meta property=\"article:modified_time\" content=\"2024-07-18T01:29:32+00:00\" \/>\n<meta property=\"og:image\" content=\"https:\/\/www.sanjuandeportes.com\/wp\/wp-content\/uploads\/2024\/07\/325831w630h373c.jpg.webp\" \/>\n\t<meta property=\"og:image:width\" content=\"630\" \/>\n\t<meta property=\"og:image:height\" content=\"373\" \/>\n\t<meta property=\"og:image:type\" content=\"image\/webp\" \/>\n<meta name=\"author\" content=\"admin\" \/>\n<meta name=\"twitter:card\" content=\"summary_large_image\" \/>\n<meta name=\"twitter:creator\" content=\"@SanJuanDeportes\" \/>\n<meta name=\"twitter:site\" content=\"@SanJuanDeportes\" \/>\n<meta name=\"twitter:label1\" content=\"Escrito por\" \/>\n\t<meta name=\"twitter:data1\" content=\"admin\" \/>\n\t<meta name=\"twitter:label2\" content=\"Tiempo de lectura\" \/>\n\t<meta name=\"twitter:data2\" content=\"1 minuto\" \/>\n<script type=\"application\/ld+json\" class=\"yoast-schema-graph\">{\"@context\":\"https:\\\/\\\/schema.org\",\"@graph\":[{\"@type\":\"Article\",\"@id\":\"https:\\\/\\\/www.sanjuandeportes.com\\\/wp\\\/2024\\\/07\\\/17\\\/cuando-llega-a-san-juan-la-copa-que-gano-argentina\\\/#article\",\"isPartOf\":{\"@id\":\"https:\\\/\\\/www.sanjuandeportes.com\\\/wp\\\/2024\\\/07\\\/17\\\/cuando-llega-a-san-juan-la-copa-que-gano-argentina\\\/\"},\"author\":{\"name\":\"admin\",\"@id\":\"http:\\\/\\\/www.sanjuandeportes.com\\\/wp\\\/#\\\/schema\\\/person\\\/d8e3463931719391897f9c7a6d1bb7b3\"},\"headline\":\"Cu\u00e1ndo llega a San Juan la copa que gan\u00f3 Argentina\",\"datePublished\":\"2024-07-18T01:29:31+00:00\",\"dateModified\":\"2024-07-18T01:29:32+00:00\",\"mainEntityOfPage\":{\"@id\":\"https:\\\/\\\/www.sanjuandeportes.com\\\/wp\\\/2024\\\/07\\\/17\\\/cuando-llega-a-san-juan-la-copa-que-gano-argentina\\\/\"},\"wordCount\":163,\"commentCount\":0,\"publisher\":{\"@id\":\"http:\\\/\\\/www.sanjuandeportes.com\\\/wp\\\/#organization\"},\"image\":{\"@id\":\"https:\\\/\\\/www.sanjuandeportes.com\\\/wp\\\/2024\\\/07\\\/17\\\/cuando-llega-a-san-juan-la-copa-que-gano-argentina\\\/#primaryimage\"},\"thumbnailUrl\":\"https:\\\/\\\/www.sanjuandeportes.com\\\/wp\\\/wp-content\\\/uploads\\\/2024\\\/07\\\/325831w630h373c.jpg.webp\",\"articleSection\":[\"destacada\",\"Featured\",\"Futbol\",\"San Juan\"],\"inLanguage\":\"es\",\"potentialAction\":[{\"@type\":\"CommentAction\",\"name\":\"Comment\",\"target\":[\"https:\\\/\\\/www.sanjuandeportes.com\\\/wp\\\/2024\\\/07\\\/17\\\/cuando-llega-a-san-juan-la-copa-que-gano-argentina\\\/#respond\"]}]},{\"@type\":\"WebPage\",\"@id\":\"https:\\\/\\\/www.sanjuandeportes.com\\\/wp\\\/2024\\\/07\\\/17\\\/cuando-llega-a-san-juan-la-copa-que-gano-argentina\\\/\",\"url\":\"https:\\\/\\\/www.sanjuandeportes.com\\\/wp\\\/2024\\\/07\\\/17\\\/cuando-llega-a-san-juan-la-copa-que-gano-argentina\\\/\",\"name\":\"Cu\u00e1ndo llega a San Juan la copa que gan\u00f3 Argentina - San Juan Deportes\",\"isPartOf\":{\"@id\":\"http:\\\/\\\/www.sanjuandeportes.com\\\/wp\\\/#website\"},\"primaryImageOfPage\":{\"@id\":\"https:\\\/\\\/www.sanjuandeportes.com\\\/wp\\\/2024\\\/07\\\/17\\\/cuando-llega-a-san-juan-la-copa-que-gano-argentina\\\/#primaryimage\"},\"image\":{\"@id\":\"https:\\\/\\\/www.sanjuandeportes.com\\\/wp\\\/2024\\\/07\\\/17\\\/cuando-llega-a-san-juan-la-copa-que-gano-argentina\\\/#primaryimage\"},\"thumbnailUrl\":\"https:\\\/\\\/www.sanjuandeportes.com\\\/wp\\\/wp-content\\\/uploads\\\/2024\\\/07\\\/325831w630h373c.jpg.webp\",\"datePublished\":\"2024-07-18T01:29:31+00:00\",\"dateModified\":\"2024-07-18T01:29:32+00:00\",\"breadcrumb\":{\"@id\":\"https:\\\/\\\/www.sanjuandeportes.com\\\/wp\\\/2024\\\/07\\\/17\\\/cuando-llega-a-san-juan-la-copa-que-gano-argentina\\\/#breadcrumb\"},\"inLanguage\":\"es\",\"potentialAction\":[{\"@type\":\"ReadAction\",\"target\":[\"https:\\\/\\\/www.sanjuandeportes.com\\\/wp\\\/2024\\\/07\\\/17\\\/cuando-llega-a-san-juan-la-copa-que-gano-argentina\\\/\"]}]},{\"@type\":\"ImageObject\",\"inLanguage\":\"es\",\"@id\":\"https:\\\/\\\/www.sanjuandeportes.com\\\/wp\\\/2024\\\/07\\\/17\\\/cuando-llega-a-san-juan-la-copa-que-gano-argentina\\\/#primaryimage\",\"url\":\"https:\\\/\\\/www.sanjuandeportes.com\\\/wp\\\/wp-content\\\/uploads\\\/2024\\\/07\\\/325831w630h373c.jpg.webp\",\"contentUrl\":\"https:\\\/\\\/www.sanjuandeportes.com\\\/wp\\\/wp-content\\\/uploads\\\/2024\\\/07\\\/325831w630h373c.jpg.webp\",\"width\":630,\"height\":373},{\"@type\":\"BreadcrumbList\",\"@id\":\"https:\\\/\\\/www.sanjuandeportes.com\\\/wp\\\/2024\\\/07\\\/17\\\/cuando-llega-a-san-juan-la-copa-que-gano-argentina\\\/#breadcrumb\",\"itemListElement\":[{\"@type\":\"ListItem\",\"position\":1,\"name\":\"Portada\",\"item\":\"http:\\\/\\\/www.sanjuandeportes.com\\\/wp\\\/\"},{\"@type\":\"ListItem\",\"position\":2,\"name\":\"Cu\u00e1ndo llega a San Juan la copa que gan\u00f3 Argentina\"}]},{\"@type\":\"WebSite\",\"@id\":\"http:\\\/\\\/www.sanjuandeportes.com\\\/wp\\\/#website\",\"url\":\"http:\\\/\\\/www.sanjuandeportes.com\\\/wp\\\/\",\"name\":\"San Juan Deportes\",\"description\":\"El sitio de deportes de la provincia de San Juan\",\"publisher\":{\"@id\":\"http:\\\/\\\/www.sanjuandeportes.com\\\/wp\\\/#organization\"},\"potentialAction\":[{\"@type\":\"SearchAction\",\"target\":{\"@type\":\"EntryPoint\",\"urlTemplate\":\"http:\\\/\\\/www.sanjuandeportes.com\\\/wp\\\/?s={search_term_string}\"},\"query-input\":{\"@type\":\"PropertyValueSpecification\",\"valueRequired\":true,\"valueName\":\"search_term_string\"}}],\"inLanguage\":\"es\"},{\"@type\":\"Organization\",\"@id\":\"http:\\\/\\\/www.sanjuandeportes.com\\\/wp\\\/#organization\",\"name\":\"San Juan Deportes\",\"url\":\"http:\\\/\\\/www.sanjuandeportes.com\\\/wp\\\/\",\"logo\":{\"@type\":\"ImageObject\",\"inLanguage\":\"es\",\"@id\":\"http:\\\/\\\/www.sanjuandeportes.com\\\/wp\\\/#\\\/schema\\\/logo\\\/image\\\/\",\"url\":\"https:\\\/\\\/www.sanjuandeportes.com\\\/wp\\\/wp-content\\\/uploads\\\/unnamed.jpg\",\"contentUrl\":\"https:\\\/\\\/www.sanjuandeportes.com\\\/wp\\\/wp-content\\\/uploads\\\/unnamed.jpg\",\"width\":900,\"height\":900,\"caption\":\"San Juan Deportes\"},\"image\":{\"@id\":\"http:\\\/\\\/www.sanjuandeportes.com\\\/wp\\\/#\\\/schema\\\/logo\\\/image\\\/\"},\"sameAs\":[\"https:\\\/\\\/www.facebook.com\\\/sanjuandeportesok\",\"https:\\\/\\\/x.com\\\/SanJuanDeportes\",\"https:\\\/\\\/www.instagram.com\\\/sanjuandeportes\"]},{\"@type\":\"Person\",\"@id\":\"http:\\\/\\\/www.sanjuandeportes.com\\\/wp\\\/#\\\/schema\\\/person\\\/d8e3463931719391897f9c7a6d1bb7b3\",\"name\":\"admin\",\"image\":{\"@type\":\"ImageObject\",\"inLanguage\":\"es\",\"@id\":\"https:\\\/\\\/secure.gravatar.com\\\/avatar\\\/c4deacdacf798758c71e8e4f4ca4bcf755ae082e386babce41b35a278703bed5?s=96&d=mm&r=g\",\"url\":\"https:\\\/\\\/secure.gravatar.com\\\/avatar\\\/c4deacdacf798758c71e8e4f4ca4bcf755ae082e386babce41b35a278703bed5?s=96&d=mm&r=g\",\"contentUrl\":\"https:\\\/\\\/secure.gravatar.com\\\/avatar\\\/c4deacdacf798758c71e8e4f4ca4bcf755ae082e386babce41b35a278703bed5?s=96&d=mm&r=g\",\"caption\":\"admin\"},\"url\":\"https:\\\/\\\/www.sanjuandeportes.com\\\/wp\\\/author\\\/admin\\\/\"}]}<\/script>\n<!-- \/ Yoast SEO plugin. -->","yoast_head_json":{"title":"Cu\u00e1ndo llega a San Juan la copa que gan\u00f3 Argentina - San Juan Deportes","robots":{"index":"index","follow":"follow","max-snippet":"max-snippet:-1","max-image-preview":"max-image-preview:large","max-video-preview":"max-video-preview:-1"},"canonical":"https:\/\/www.sanjuandeportes.com\/wp\/2024\/07\/17\/cuando-llega-a-san-juan-la-copa-que-gano-argentina\/","og_locale":"es_ES","og_type":"article","og_title":"Cu\u00e1ndo llega a San Juan la copa que gan\u00f3 Argentina - San Juan Deportes","og_description":"La Copa que levantaron en la madrugada del lunes&nbsp; Messi y compa\u00f1ia llega a San Juan&nbsp;para ser contemplada por los hinchas de la selecci\u00f3n. Por iniciativa de la&nbsp;Federaci\u00f3n Sanjuanina de F\u00fatbol&nbsp;que preside&nbsp;Nacif Far\u00edas&nbsp;estar\u00e1n en la provincia la&nbsp;Copa Am\u00e9rica, La Finalissima y la copa del Mundo. Las mismas ser\u00e1n exhibidas en el Parque Lineal Libertadores de [&hellip;]","og_url":"https:\/\/www.sanjuandeportes.com\/wp\/2024\/07\/17\/cuando-llega-a-san-juan-la-copa-que-gano-argentina\/","og_site_name":"San Juan Deportes","article_publisher":"https:\/\/www.facebook.com\/sanjuandeportesok","article_published_time":"2024-07-18T01:29:31+00:00","article_modified_time":"2024-07-18T01:29:32+00:00","og_image":[{"width":630,"height":373,"url":"https:\/\/www.sanjuandeportes.com\/wp\/wp-content\/uploads\/2024\/07\/325831w630h373c.jpg.webp","type":"image\/webp"}],"author":"admin","twitter_card":"summary_large_image","twitter_creator":"@SanJuanDeportes","twitter_site":"@SanJuanDeportes","twitter_misc":{"Escrito por":"admin","Tiempo de lectura":"1 minuto"},"schema":{"@context":"https:\/\/schema.org","@graph":[{"@type":"Article","@id":"https:\/\/www.sanjuandeportes.com\/wp\/2024\/07\/17\/cuando-llega-a-san-juan-la-copa-que-gano-argentina\/#article","isPartOf":{"@id":"https:\/\/www.sanjuandeportes.com\/wp\/2024\/07\/17\/cuando-llega-a-san-juan-la-copa-que-gano-argentina\/"},"author":{"name":"admin","@id":"http:\/\/www.sanjuandeportes.com\/wp\/#\/schema\/person\/d8e3463931719391897f9c7a6d1bb7b3"},"headline":"Cu\u00e1ndo llega a San Juan la copa que gan\u00f3 Argentina","datePublished":"2024-07-18T01:29:31+00:00","dateModified":"2024-07-18T01:29:32+00:00","mainEntityOfPage":{"@id":"https:\/\/www.sanjuandeportes.com\/wp\/2024\/07\/17\/cuando-llega-a-san-juan-la-copa-que-gano-argentina\/"},"wordCount":163,"commentCount":0,"publisher":{"@id":"http:\/\/www.sanjuandeportes.com\/wp\/#organization"},"image":{"@id":"https:\/\/www.sanjuandeportes.com\/wp\/2024\/07\/17\/cuando-llega-a-san-juan-la-copa-que-gano-argentina\/#primaryimage"},"thumbnailUrl":"https:\/\/www.sanjuandeportes.com\/wp\/wp-content\/uploads\/2024\/07\/325831w630h373c.jpg.webp","articleSection":["destacada","Featured","Futbol","San Juan"],"inLanguage":"es","potentialAction":[{"@type":"CommentAction","name":"Comment","target":["https:\/\/www.sanjuandeportes.com\/wp\/2024\/07\/17\/cuando-llega-a-san-juan-la-copa-que-gano-argentina\/#respond"]}]},{"@type":"WebPage","@id":"https:\/\/www.sanjuandeportes.com\/wp\/2024\/07\/17\/cuando-llega-a-san-juan-la-copa-que-gano-argentina\/","url":"https:\/\/www.sanjuandeportes.com\/wp\/2024\/07\/17\/cuando-llega-a-san-juan-la-copa-que-gano-argentina\/","name":"Cu\u00e1ndo llega a San Juan la copa que gan\u00f3 Argentina - San Juan Deportes","isPartOf":{"@id":"http:\/\/www.sanjuandeportes.com\/wp\/#website"},"primaryImageOfPage":{"@id":"https:\/\/www.sanjuandeportes.com\/wp\/2024\/07\/17\/cuando-llega-a-san-juan-la-copa-que-gano-argentina\/#primaryimage"},"image":{"@id":"https:\/\/www.sanjuandeportes.com\/wp\/2024\/07\/17\/cuando-llega-a-san-juan-la-copa-que-gano-argentina\/#primaryimage"},"thumbnailUrl":"https:\/\/www.sanjuandeportes.com\/wp\/wp-content\/uploads\/2024\/07\/325831w630h373c.jpg.webp","datePublished":"2024-07-18T01:29:31+00:00","dateModified":"2024-07-18T01:29:32+00:00","breadcrumb":{"@id":"https:\/\/www.sanjuandeportes.com\/wp\/2024\/07\/17\/cuando-llega-a-san-juan-la-copa-que-gano-argentina\/#breadcrumb"},"inLanguage":"es","potentialAction":[{"@type":"ReadAction","target":["https:\/\/www.sanjuandeportes.com\/wp\/2024\/07\/17\/cuando-llega-a-san-juan-la-copa-que-gano-argentina\/"]}]},{"@type":"ImageObject","inLanguage":"es","@id":"https:\/\/www.sanjuandeportes.com\/wp\/2024\/07\/17\/cuando-llega-a-san-juan-la-copa-que-gano-argentina\/#primaryimage","url":"https:\/\/www.sanjuandeportes.com\/wp\/wp-content\/uploads\/2024\/07\/325831w630h373c.jpg.webp","contentUrl":"https:\/\/www.sanjuandeportes.com\/wp\/wp-content\/uploads\/2024\/07\/325831w630h373c.jpg.webp","width":630,"height":373},{"@type":"BreadcrumbList","@id":"https:\/\/www.sanjuandeportes.com\/wp\/2024\/07\/17\/cuando-llega-a-san-juan-la-copa-que-gano-argentina\/#breadcrumb","itemListElement":[{"@type":"ListItem","position":1,"name":"Portada","item":"http:\/\/www.sanjuandeportes.com\/wp\/"},{"@type":"ListItem","position":2,"name":"Cu\u00e1ndo llega a San Juan la copa que gan\u00f3 Argentina"}]},{"@type":"WebSite","@id":"http:\/\/www.sanjuandeportes.com\/wp\/#website","url":"http:\/\/www.sanjuandeportes.com\/wp\/","name":"San Juan Deportes","description":"El sitio de deportes de la provincia de San Juan","publisher":{"@id":"http:\/\/www.sanjuandeportes.com\/wp\/#organization"},"potentialAction":[{"@type":"SearchAction","target":{"@type":"EntryPoint","urlTemplate":"http:\/\/www.sanjuandeportes.com\/wp\/?s={search_term_string}"},"query-input":{"@type":"PropertyValueSpecification","valueRequired":true,"valueName":"search_term_string"}}],"inLanguage":"es"},{"@type":"Organization","@id":"http:\/\/www.sanjuandeportes.com\/wp\/#organization","name":"San Juan Deportes","url":"http:\/\/www.sanjuandeportes.com\/wp\/","logo":{"@type":"ImageObject","inLanguage":"es","@id":"http:\/\/www.sanjuandeportes.com\/wp\/#\/schema\/logo\/image\/","url":"https:\/\/www.sanjuandeportes.com\/wp\/wp-content\/uploads\/unnamed.jpg","contentUrl":"https:\/\/www.sanjuandeportes.com\/wp\/wp-content\/uploads\/unnamed.jpg","width":900,"height":900,"caption":"San Juan Deportes"},"image":{"@id":"http:\/\/www.sanjuandeportes.com\/wp\/#\/schema\/logo\/image\/"},"sameAs":["https:\/\/www.facebook.com\/sanjuandeportesok","https:\/\/x.com\/SanJuanDeportes","https:\/\/www.instagram.com\/sanjuandeportes"]},{"@type":"Person","@id":"http:\/\/www.sanjuandeportes.com\/wp\/#\/schema\/person\/d8e3463931719391897f9c7a6d1bb7b3","name":"admin","image":{"@type":"ImageObject","inLanguage":"es","@id":"https:\/\/secure.gravatar.com\/avatar\/c4deacdacf798758c71e8e4f4ca4bcf755ae082e386babce41b35a278703bed5?s=96&d=mm&r=g","url":"https:\/\/secure.gravatar.com\/avatar\/c4deacdacf798758c71e8e4f4ca4bcf755ae082e386babce41b35a278703bed5?s=96&d=mm&r=g","contentUrl":"https:\/\/secure.gravatar.com\/avatar\/c4deacdacf798758c71e8e4f4ca4bcf755ae082e386babce41b35a278703bed5?s=96&d=mm&r=g","caption":"admin"},"url":"https:\/\/www.sanjuandeportes.com\/wp\/author\/admin\/"}]}},"_links":{"self":[{"href":"https:\/\/www.sanjuandeportes.com\/wp\/wp-json\/wp\/v2\/posts\/21069","targetHints":{"allow":["GET"]}}],"collection":[{"href":"https:\/\/www.sanjuandeportes.com\/wp\/wp-json\/wp\/v2\/posts"}],"about":[{"href":"https:\/\/www.sanjuandeportes.com\/wp\/wp-json\/wp\/v2\/types\/post"}],"author":[{"embeddable":true,"href":"https:\/\/www.sanjuandeportes.com\/wp\/wp-json\/wp\/v2\/users\/1"}],"replies":[{"embeddable":true,"href":"https:\/\/www.sanjuandeportes.com\/wp\/wp-json\/wp\/v2\/comments?post=21069"}],"version-history":[{"count":1,"href":"https:\/\/www.sanjuandeportes.com\/wp\/wp-json\/wp\/v2\/posts\/21069\/revisions"}],"predecessor-version":[{"id":21071,"href":"https:\/\/www.sanjuandeportes.com\/wp\/wp-json\/wp\/v2\/posts\/21069\/revisions\/21071"}],"wp:featuredmedia":[{"embeddable":true,"href":"https:\/\/www.sanjuandeportes.com\/wp\/wp-json\/wp\/v2\/media\/21070"}],"wp:attachment":[{"href":"https:\/\/www.sanjuandeportes.com\/wp\/wp-json\/wp\/v2\/media?parent=21069"}],"wp:term":[{"taxonomy":"category","embeddable":true,"href":"https:\/\/www.sanjuandeportes.com\/wp\/wp-json\/wp\/v2\/categories?post=21069"},{"taxonomy":"post_tag","embeddable":true,"href":"https:\/\/www.sanjuandeportes.com\/wp\/wp-json\/wp\/v2\/tags?post=21069"}],"curies":[{"name":"wp","href":"https:\/\/api.w.org\/{rel}","templated":true}]}}