{"id":2908,"date":"2018-06-28T17:09:24","date_gmt":"2018-06-28T17:09:24","guid":{"rendered":"http:\/\/www.sanjuandeportes.com\/wp\/?p=2908"},"modified":"2018-06-28T17:09:24","modified_gmt":"2018-06-28T17:09:24","slug":"perdio-y-clasifico-japon","status":"publish","type":"post","link":"https:\/\/www.sanjuandeportes.com\/wp\/2018\/06\/28\/perdio-y-clasifico-japon\/","title":{"rendered":"Perdi\u00f3 y clasifico Jap\u00f3n"},"content":{"rendered":"<p>El partido, se rigi\u00f3 por la propuesta de los polacos, que atacaron desde el comienzo pero sin demostrar la agresividad por la que se caracterizan sus delanteros.<\/p>\n<p>Polonia tuvo la primera oportunidad a los 35 del primer tiempo, cuando Kamil Grosicki cabece\u00f3 desde el punto penal. Sin embargo, Eiji Kawashima contuvo su grito de gol con un espectacular despeje.<\/p>\n<p>Ya sobre la segunda mitad los europeos fueron en b\u00fasqueda de lo suyo, y lo encontraron a los 60 minutos. Proveniente de un tiro libre, Jan Bednarek empuj\u00f3 la pelota sobre el v\u00e9rtice del \u00e1rea chica y puso arriba a su selecci\u00f3n.<\/p>\n<p>Con la clasificaci\u00f3n nuevamente bajo el brazo gracias al resultado que llegaba desde Samara, el conjunto nip\u00f3n s\u00f3lo se dedico a distribuir la pelota por las bandas. Jugando de lado a lado, pausando el encuentro y evitando a toda costa las situaciones de peligro, los orientales aburrieron durante la \u00faltima parte del cotejo con silbidos de fondo, en reproche a su repliegue y fastidioso juego<\/p>\n<p>&nbsp;<\/p>\n<p><iframe title=\"Japan v Poland | 2018 FIFA World Cup | Match Highlights\" width=\"640\" height=\"360\" data-src=\"https:\/\/www.youtube.com\/embed\/K7pVlD8Q660?feature=oembed\" frameborder=\"0\" allow=\"accelerometer; autoplay; clipboard-write; encrypted-media; gyroscope; picture-in-picture; web-share\" referrerpolicy=\"strict-origin-when-cross-origin\" allowfullscreen src=\"about:blank\" class=\"lazyload\" data-load-mode=\"0\"><\/iframe><\/p>\n","protected":false},"excerpt":{"rendered":"<p>El partido, se rigi\u00f3 por la propuesta de los polacos, que atacaron desde el comienzo pero sin demostrar la agresividad por la que se caracterizan sus delanteros. Polonia tuvo la primera oportunidad a los 35 del primer tiempo, cuando Kamil Grosicki cabece\u00f3 desde el punto penal. Sin embargo, Eiji Kawashima contuvo su grito de gol [&hellip;]<\/p>\n","protected":false},"author":1,"featured_media":2909,"comment_status":"open","ping_status":"open","sticky":false,"template":"","format":"video","meta":{"footnotes":""},"categories":[2,131],"tags":[],"class_list":["post-2908","post","type-post","status-publish","format-video","has-post-thumbnail","hentry","category-featured","category-rusia-2018","post_format-post-format-video"],"yoast_head":"<!-- This site is optimized with the Yoast SEO plugin v28.2 - https:\/\/yoast.com\/product\/yoast-seo-wordpress\/ -->\n<title>Perdi\u00f3 y clasifico Jap\u00f3n - San Juan Deportes<\/title>\n<meta name=\"robots\" content=\"index, follow, max-snippet:-1, max-image-preview:large, max-video-preview:-1\" \/>\n<link rel=\"canonical\" href=\"http:\/\/www.sanjuandeportes.com\/wp\/2018\/06\/28\/perdio-y-clasifico-japon\/\" \/>\n<meta property=\"og:locale\" content=\"es_ES\" \/>\n<meta property=\"og:type\" content=\"article\" \/>\n<meta property=\"og:title\" content=\"Perdi\u00f3 y clasifico Jap\u00f3n - San Juan Deportes\" \/>\n<meta property=\"og:description\" content=\"El partido, se rigi\u00f3 por la propuesta de los polacos, que atacaron desde el comienzo pero sin demostrar la agresividad por la que se caracterizan sus delanteros. Polonia tuvo la primera oportunidad a los 35 del primer tiempo, cuando Kamil Grosicki cabece\u00f3 desde el punto penal. Sin embargo, Eiji Kawashima contuvo su grito de gol [&hellip;]\" \/>\n<meta property=\"og:url\" content=\"http:\/\/www.sanjuandeportes.com\/wp\/2018\/06\/28\/perdio-y-clasifico-japon\/\" \/>\n<meta property=\"og:site_name\" content=\"San Juan Deportes\" \/>\n<meta property=\"article:publisher\" content=\"https:\/\/www.facebook.com\/sanjuandeportesok\" \/>\n<meta property=\"article:published_time\" content=\"2018-06-28T17:09:24+00:00\" \/>\n<meta property=\"og:image\" content=\"http:\/\/www.sanjuandeportes.com\/wp\/wp-content\/uploads\/2018\/06\/futbol-mundial-japon-vs-polonia-dia-hora-y-canal-vivo-online-mundial-rusia-2018-n327903-620x349-481652.jpg\" \/>\n\t<meta property=\"og:image:width\" content=\"620\" \/>\n\t<meta property=\"og:image:height\" content=\"349\" \/>\n\t<meta property=\"og:image:type\" content=\"image\/jpeg\" \/>\n<meta name=\"author\" content=\"admin\" \/>\n<meta name=\"twitter:card\" content=\"summary_large_image\" \/>\n<meta name=\"twitter:creator\" content=\"@SanJuanDeportes\" \/>\n<meta name=\"twitter:site\" content=\"@SanJuanDeportes\" \/>\n<meta name=\"twitter:label1\" content=\"Escrito por\" \/>\n\t<meta name=\"twitter:data1\" content=\"admin\" \/>\n\t<meta name=\"twitter:label2\" content=\"Tiempo de lectura\" \/>\n\t<meta name=\"twitter:data2\" content=\"1 minuto\" \/>\n<script type=\"application\/ld+json\" class=\"yoast-schema-graph\">{\"@context\":\"https:\\\/\\\/schema.org\",\"@graph\":[{\"@type\":\"Article\",\"@id\":\"http:\\\/\\\/www.sanjuandeportes.com\\\/wp\\\/2018\\\/06\\\/28\\\/perdio-y-clasifico-japon\\\/#article\",\"isPartOf\":{\"@id\":\"http:\\\/\\\/www.sanjuandeportes.com\\\/wp\\\/2018\\\/06\\\/28\\\/perdio-y-clasifico-japon\\\/\"},\"author\":{\"name\":\"admin\",\"@id\":\"https:\\\/\\\/www.sanjuandeportes.com\\\/wp\\\/#\\\/schema\\\/person\\\/d8e3463931719391897f9c7a6d1bb7b3\"},\"headline\":\"Perdi\u00f3 y clasifico Jap\u00f3n\",\"datePublished\":\"2018-06-28T17:09:24+00:00\",\"mainEntityOfPage\":{\"@id\":\"http:\\\/\\\/www.sanjuandeportes.com\\\/wp\\\/2018\\\/06\\\/28\\\/perdio-y-clasifico-japon\\\/\"},\"wordCount\":184,\"commentCount\":0,\"publisher\":{\"@id\":\"https:\\\/\\\/www.sanjuandeportes.com\\\/wp\\\/#organization\"},\"image\":{\"@id\":\"http:\\\/\\\/www.sanjuandeportes.com\\\/wp\\\/2018\\\/06\\\/28\\\/perdio-y-clasifico-japon\\\/#primaryimage\"},\"thumbnailUrl\":\"https:\\\/\\\/www.sanjuandeportes.com\\\/wp\\\/wp-content\\\/uploads\\\/2018\\\/06\\\/futbol-mundial-japon-vs-polonia-dia-hora-y-canal-vivo-online-mundial-rusia-2018-n327903-620x349-481652.jpg\",\"articleSection\":[\"Featured\",\"Rusia 2018\"],\"inLanguage\":\"es\",\"potentialAction\":[{\"@type\":\"CommentAction\",\"name\":\"Comment\",\"target\":[\"http:\\\/\\\/www.sanjuandeportes.com\\\/wp\\\/2018\\\/06\\\/28\\\/perdio-y-clasifico-japon\\\/#respond\"]}]},{\"@type\":\"WebPage\",\"@id\":\"http:\\\/\\\/www.sanjuandeportes.com\\\/wp\\\/2018\\\/06\\\/28\\\/perdio-y-clasifico-japon\\\/\",\"url\":\"http:\\\/\\\/www.sanjuandeportes.com\\\/wp\\\/2018\\\/06\\\/28\\\/perdio-y-clasifico-japon\\\/\",\"name\":\"Perdi\u00f3 y clasifico Jap\u00f3n - San Juan Deportes\",\"isPartOf\":{\"@id\":\"https:\\\/\\\/www.sanjuandeportes.com\\\/wp\\\/#website\"},\"primaryImageOfPage\":{\"@id\":\"http:\\\/\\\/www.sanjuandeportes.com\\\/wp\\\/2018\\\/06\\\/28\\\/perdio-y-clasifico-japon\\\/#primaryimage\"},\"image\":{\"@id\":\"http:\\\/\\\/www.sanjuandeportes.com\\\/wp\\\/2018\\\/06\\\/28\\\/perdio-y-clasifico-japon\\\/#primaryimage\"},\"thumbnailUrl\":\"https:\\\/\\\/www.sanjuandeportes.com\\\/wp\\\/wp-content\\\/uploads\\\/2018\\\/06\\\/futbol-mundial-japon-vs-polonia-dia-hora-y-canal-vivo-online-mundial-rusia-2018-n327903-620x349-481652.jpg\",\"datePublished\":\"2018-06-28T17:09:24+00:00\",\"breadcrumb\":{\"@id\":\"http:\\\/\\\/www.sanjuandeportes.com\\\/wp\\\/2018\\\/06\\\/28\\\/perdio-y-clasifico-japon\\\/#breadcrumb\"},\"inLanguage\":\"es\",\"potentialAction\":[{\"@type\":\"ReadAction\",\"target\":[\"http:\\\/\\\/www.sanjuandeportes.com\\\/wp\\\/2018\\\/06\\\/28\\\/perdio-y-clasifico-japon\\\/\"]}]},{\"@type\":\"ImageObject\",\"inLanguage\":\"es\",\"@id\":\"http:\\\/\\\/www.sanjuandeportes.com\\\/wp\\\/2018\\\/06\\\/28\\\/perdio-y-clasifico-japon\\\/#primaryimage\",\"url\":\"https:\\\/\\\/www.sanjuandeportes.com\\\/wp\\\/wp-content\\\/uploads\\\/2018\\\/06\\\/futbol-mundial-japon-vs-polonia-dia-hora-y-canal-vivo-online-mundial-rusia-2018-n327903-620x349-481652.jpg\",\"contentUrl\":\"https:\\\/\\\/www.sanjuandeportes.com\\\/wp\\\/wp-content\\\/uploads\\\/2018\\\/06\\\/futbol-mundial-japon-vs-polonia-dia-hora-y-canal-vivo-online-mundial-rusia-2018-n327903-620x349-481652.jpg\",\"width\":620,\"height\":349},{\"@type\":\"BreadcrumbList\",\"@id\":\"http:\\\/\\\/www.sanjuandeportes.com\\\/wp\\\/2018\\\/06\\\/28\\\/perdio-y-clasifico-japon\\\/#breadcrumb\",\"itemListElement\":[{\"@type\":\"ListItem\",\"position\":1,\"name\":\"Portada\",\"item\":\"http:\\\/\\\/www.sanjuandeportes.com\\\/wp\\\/\"},{\"@type\":\"ListItem\",\"position\":2,\"name\":\"Perdi\u00f3 y clasifico Jap\u00f3n\"}]},{\"@type\":\"WebSite\",\"@id\":\"https:\\\/\\\/www.sanjuandeportes.com\\\/wp\\\/#website\",\"url\":\"https:\\\/\\\/www.sanjuandeportes.com\\\/wp\\\/\",\"name\":\"San Juan Deportes\",\"description\":\"El sitio de deportes de la provincia de San Juan\",\"publisher\":{\"@id\":\"https:\\\/\\\/www.sanjuandeportes.com\\\/wp\\\/#organization\"},\"potentialAction\":[{\"@type\":\"SearchAction\",\"target\":{\"@type\":\"EntryPoint\",\"urlTemplate\":\"https:\\\/\\\/www.sanjuandeportes.com\\\/wp\\\/?s={search_term_string}\"},\"query-input\":{\"@type\":\"PropertyValueSpecification\",\"valueRequired\":true,\"valueName\":\"search_term_string\"}}],\"inLanguage\":\"es\"},{\"@type\":\"Organization\",\"@id\":\"https:\\\/\\\/www.sanjuandeportes.com\\\/wp\\\/#organization\",\"name\":\"San Juan Deportes\",\"url\":\"https:\\\/\\\/www.sanjuandeportes.com\\\/wp\\\/\",\"logo\":{\"@type\":\"ImageObject\",\"inLanguage\":\"es\",\"@id\":\"https:\\\/\\\/www.sanjuandeportes.com\\\/wp\\\/#\\\/schema\\\/logo\\\/image\\\/\",\"url\":\"https:\\\/\\\/www.sanjuandeportes.com\\\/wp\\\/wp-content\\\/uploads\\\/unnamed.jpg\",\"contentUrl\":\"https:\\\/\\\/www.sanjuandeportes.com\\\/wp\\\/wp-content\\\/uploads\\\/unnamed.jpg\",\"width\":900,\"height\":900,\"caption\":\"San Juan Deportes\"},\"image\":{\"@id\":\"https:\\\/\\\/www.sanjuandeportes.com\\\/wp\\\/#\\\/schema\\\/logo\\\/image\\\/\"},\"sameAs\":[\"https:\\\/\\\/www.facebook.com\\\/sanjuandeportesok\",\"https:\\\/\\\/x.com\\\/SanJuanDeportes\",\"https:\\\/\\\/www.instagram.com\\\/sanjuandeportes\"]},{\"@type\":\"Person\",\"@id\":\"https:\\\/\\\/www.sanjuandeportes.com\\\/wp\\\/#\\\/schema\\\/person\\\/d8e3463931719391897f9c7a6d1bb7b3\",\"name\":\"admin\",\"image\":{\"@type\":\"ImageObject\",\"inLanguage\":\"es\",\"@id\":\"https:\\\/\\\/secure.gravatar.com\\\/avatar\\\/c4deacdacf798758c71e8e4f4ca4bcf755ae082e386babce41b35a278703bed5?s=96&d=mm&r=g\",\"url\":\"https:\\\/\\\/secure.gravatar.com\\\/avatar\\\/c4deacdacf798758c71e8e4f4ca4bcf755ae082e386babce41b35a278703bed5?s=96&d=mm&r=g\",\"contentUrl\":\"https:\\\/\\\/secure.gravatar.com\\\/avatar\\\/c4deacdacf798758c71e8e4f4ca4bcf755ae082e386babce41b35a278703bed5?s=96&d=mm&r=g\",\"caption\":\"admin\"},\"url\":\"https:\\\/\\\/www.sanjuandeportes.com\\\/wp\\\/author\\\/admin\\\/\"}]}<\/script>\n<!-- \/ Yoast SEO plugin. -->","yoast_head_json":{"title":"Perdi\u00f3 y clasifico Jap\u00f3n - San Juan Deportes","robots":{"index":"index","follow":"follow","max-snippet":"max-snippet:-1","max-image-preview":"max-image-preview:large","max-video-preview":"max-video-preview:-1"},"canonical":"http:\/\/www.sanjuandeportes.com\/wp\/2018\/06\/28\/perdio-y-clasifico-japon\/","og_locale":"es_ES","og_type":"article","og_title":"Perdi\u00f3 y clasifico Jap\u00f3n - San Juan Deportes","og_description":"El partido, se rigi\u00f3 por la propuesta de los polacos, que atacaron desde el comienzo pero sin demostrar la agresividad por la que se caracterizan sus delanteros. Polonia tuvo la primera oportunidad a los 35 del primer tiempo, cuando Kamil Grosicki cabece\u00f3 desde el punto penal. Sin embargo, Eiji Kawashima contuvo su grito de gol [&hellip;]","og_url":"http:\/\/www.sanjuandeportes.com\/wp\/2018\/06\/28\/perdio-y-clasifico-japon\/","og_site_name":"San Juan Deportes","article_publisher":"https:\/\/www.facebook.com\/sanjuandeportesok","article_published_time":"2018-06-28T17:09:24+00:00","og_image":[{"width":620,"height":349,"url":"http:\/\/www.sanjuandeportes.com\/wp\/wp-content\/uploads\/2018\/06\/futbol-mundial-japon-vs-polonia-dia-hora-y-canal-vivo-online-mundial-rusia-2018-n327903-620x349-481652.jpg","type":"image\/jpeg"}],"author":"admin","twitter_card":"summary_large_image","twitter_creator":"@SanJuanDeportes","twitter_site":"@SanJuanDeportes","twitter_misc":{"Escrito por":"admin","Tiempo de lectura":"1 minuto"},"schema":{"@context":"https:\/\/schema.org","@graph":[{"@type":"Article","@id":"http:\/\/www.sanjuandeportes.com\/wp\/2018\/06\/28\/perdio-y-clasifico-japon\/#article","isPartOf":{"@id":"http:\/\/www.sanjuandeportes.com\/wp\/2018\/06\/28\/perdio-y-clasifico-japon\/"},"author":{"name":"admin","@id":"https:\/\/www.sanjuandeportes.com\/wp\/#\/schema\/person\/d8e3463931719391897f9c7a6d1bb7b3"},"headline":"Perdi\u00f3 y clasifico Jap\u00f3n","datePublished":"2018-06-28T17:09:24+00:00","mainEntityOfPage":{"@id":"http:\/\/www.sanjuandeportes.com\/wp\/2018\/06\/28\/perdio-y-clasifico-japon\/"},"wordCount":184,"commentCount":0,"publisher":{"@id":"https:\/\/www.sanjuandeportes.com\/wp\/#organization"},"image":{"@id":"http:\/\/www.sanjuandeportes.com\/wp\/2018\/06\/28\/perdio-y-clasifico-japon\/#primaryimage"},"thumbnailUrl":"https:\/\/www.sanjuandeportes.com\/wp\/wp-content\/uploads\/2018\/06\/futbol-mundial-japon-vs-polonia-dia-hora-y-canal-vivo-online-mundial-rusia-2018-n327903-620x349-481652.jpg","articleSection":["Featured","Rusia 2018"],"inLanguage":"es","potentialAction":[{"@type":"CommentAction","name":"Comment","target":["http:\/\/www.sanjuandeportes.com\/wp\/2018\/06\/28\/perdio-y-clasifico-japon\/#respond"]}]},{"@type":"WebPage","@id":"http:\/\/www.sanjuandeportes.com\/wp\/2018\/06\/28\/perdio-y-clasifico-japon\/","url":"http:\/\/www.sanjuandeportes.com\/wp\/2018\/06\/28\/perdio-y-clasifico-japon\/","name":"Perdi\u00f3 y clasifico Jap\u00f3n - San Juan Deportes","isPartOf":{"@id":"https:\/\/www.sanjuandeportes.com\/wp\/#website"},"primaryImageOfPage":{"@id":"http:\/\/www.sanjuandeportes.com\/wp\/2018\/06\/28\/perdio-y-clasifico-japon\/#primaryimage"},"image":{"@id":"http:\/\/www.sanjuandeportes.com\/wp\/2018\/06\/28\/perdio-y-clasifico-japon\/#primaryimage"},"thumbnailUrl":"https:\/\/www.sanjuandeportes.com\/wp\/wp-content\/uploads\/2018\/06\/futbol-mundial-japon-vs-polonia-dia-hora-y-canal-vivo-online-mundial-rusia-2018-n327903-620x349-481652.jpg","datePublished":"2018-06-28T17:09:24+00:00","breadcrumb":{"@id":"http:\/\/www.sanjuandeportes.com\/wp\/2018\/06\/28\/perdio-y-clasifico-japon\/#breadcrumb"},"inLanguage":"es","potentialAction":[{"@type":"ReadAction","target":["http:\/\/www.sanjuandeportes.com\/wp\/2018\/06\/28\/perdio-y-clasifico-japon\/"]}]},{"@type":"ImageObject","inLanguage":"es","@id":"http:\/\/www.sanjuandeportes.com\/wp\/2018\/06\/28\/perdio-y-clasifico-japon\/#primaryimage","url":"https:\/\/www.sanjuandeportes.com\/wp\/wp-content\/uploads\/2018\/06\/futbol-mundial-japon-vs-polonia-dia-hora-y-canal-vivo-online-mundial-rusia-2018-n327903-620x349-481652.jpg","contentUrl":"https:\/\/www.sanjuandeportes.com\/wp\/wp-content\/uploads\/2018\/06\/futbol-mundial-japon-vs-polonia-dia-hora-y-canal-vivo-online-mundial-rusia-2018-n327903-620x349-481652.jpg","width":620,"height":349},{"@type":"BreadcrumbList","@id":"http:\/\/www.sanjuandeportes.com\/wp\/2018\/06\/28\/perdio-y-clasifico-japon\/#breadcrumb","itemListElement":[{"@type":"ListItem","position":1,"name":"Portada","item":"http:\/\/www.sanjuandeportes.com\/wp\/"},{"@type":"ListItem","position":2,"name":"Perdi\u00f3 y clasifico Jap\u00f3n"}]},{"@type":"WebSite","@id":"https:\/\/www.sanjuandeportes.com\/wp\/#website","url":"https:\/\/www.sanjuandeportes.com\/wp\/","name":"San Juan Deportes","description":"El sitio de deportes de la provincia de San Juan","publisher":{"@id":"https:\/\/www.sanjuandeportes.com\/wp\/#organization"},"potentialAction":[{"@type":"SearchAction","target":{"@type":"EntryPoint","urlTemplate":"https:\/\/www.sanjuandeportes.com\/wp\/?s={search_term_string}"},"query-input":{"@type":"PropertyValueSpecification","valueRequired":true,"valueName":"search_term_string"}}],"inLanguage":"es"},{"@type":"Organization","@id":"https:\/\/www.sanjuandeportes.com\/wp\/#organization","name":"San Juan Deportes","url":"https:\/\/www.sanjuandeportes.com\/wp\/","logo":{"@type":"ImageObject","inLanguage":"es","@id":"https:\/\/www.sanjuandeportes.com\/wp\/#\/schema\/logo\/image\/","url":"https:\/\/www.sanjuandeportes.com\/wp\/wp-content\/uploads\/unnamed.jpg","contentUrl":"https:\/\/www.sanjuandeportes.com\/wp\/wp-content\/uploads\/unnamed.jpg","width":900,"height":900,"caption":"San Juan Deportes"},"image":{"@id":"https:\/\/www.sanjuandeportes.com\/wp\/#\/schema\/logo\/image\/"},"sameAs":["https:\/\/www.facebook.com\/sanjuandeportesok","https:\/\/x.com\/SanJuanDeportes","https:\/\/www.instagram.com\/sanjuandeportes"]},{"@type":"Person","@id":"https:\/\/www.sanjuandeportes.com\/wp\/#\/schema\/person\/d8e3463931719391897f9c7a6d1bb7b3","name":"admin","image":{"@type":"ImageObject","inLanguage":"es","@id":"https:\/\/secure.gravatar.com\/avatar\/c4deacdacf798758c71e8e4f4ca4bcf755ae082e386babce41b35a278703bed5?s=96&d=mm&r=g","url":"https:\/\/secure.gravatar.com\/avatar\/c4deacdacf798758c71e8e4f4ca4bcf755ae082e386babce41b35a278703bed5?s=96&d=mm&r=g","contentUrl":"https:\/\/secure.gravatar.com\/avatar\/c4deacdacf798758c71e8e4f4ca4bcf755ae082e386babce41b35a278703bed5?s=96&d=mm&r=g","caption":"admin"},"url":"https:\/\/www.sanjuandeportes.com\/wp\/author\/admin\/"}]}},"_links":{"self":[{"href":"https:\/\/www.sanjuandeportes.com\/wp\/wp-json\/wp\/v2\/posts\/2908","targetHints":{"allow":["GET"]}}],"collection":[{"href":"https:\/\/www.sanjuandeportes.com\/wp\/wp-json\/wp\/v2\/posts"}],"about":[{"href":"https:\/\/www.sanjuandeportes.com\/wp\/wp-json\/wp\/v2\/types\/post"}],"author":[{"embeddable":true,"href":"https:\/\/www.sanjuandeportes.com\/wp\/wp-json\/wp\/v2\/users\/1"}],"replies":[{"embeddable":true,"href":"https:\/\/www.sanjuandeportes.com\/wp\/wp-json\/wp\/v2\/comments?post=2908"}],"version-history":[{"count":1,"href":"https:\/\/www.sanjuandeportes.com\/wp\/wp-json\/wp\/v2\/posts\/2908\/revisions"}],"predecessor-version":[{"id":2910,"href":"https:\/\/www.sanjuandeportes.com\/wp\/wp-json\/wp\/v2\/posts\/2908\/revisions\/2910"}],"wp:featuredmedia":[{"embeddable":true,"href":"https:\/\/www.sanjuandeportes.com\/wp\/wp-json\/wp\/v2\/media\/2909"}],"wp:attachment":[{"href":"https:\/\/www.sanjuandeportes.com\/wp\/wp-json\/wp\/v2\/media?parent=2908"}],"wp:term":[{"taxonomy":"category","embeddable":true,"href":"https:\/\/www.sanjuandeportes.com\/wp\/wp-json\/wp\/v2\/categories?post=2908"},{"taxonomy":"post_tag","embeddable":true,"href":"https:\/\/www.sanjuandeportes.com\/wp\/wp-json\/wp\/v2\/tags?post=2908"}],"curies":[{"name":"wp","href":"https:\/\/api.w.org\/{rel}","templated":true}]}}