{"id":5517,"date":"2019-06-14T00:42:26","date_gmt":"2019-06-14T00:42:26","guid":{"rendered":"http:\/\/www.sanjuandeportes.com\/wp\/?p=5517"},"modified":"2019-06-14T00:42:26","modified_gmt":"2019-06-14T00:42:26","slug":"vinas-dirigira-la-final-entre-penarol-indp-chivilcoy","status":"publish","type":"post","link":"https:\/\/www.sanjuandeportes.com\/wp\/2019\/06\/14\/vinas-dirigira-la-final-entre-penarol-indp-chivilcoy\/","title":{"rendered":"Vi\u00f1as dirigir\u00e1 la final entre Pe\u00f1arol \u2013 Indp. Chivilcoy"},"content":{"rendered":"<p>El Consejo Federal dio a conocer la terna para el final entre Club Sportivo Pe\u00f1arol \u2013 Indep. Chivilcoy. Nahuel Vi\u00f1as ser\u00e1 el encargado de impartir justicia en el encuentro decisivo para el ascenso al Federal A.<\/p>\n<p>El \u00e1rbitro de de Santa Fe Nahuel Maximiliano Vi\u00f1as, supo venir a San Juan en un par de oportunidades a dirigir a Desamparados en el Federal A. Vi\u00f1as estar\u00e1 acompa\u00f1ado por los riocuartenses Mat\u00edas Daniel Ramos y Federico Drubi.<\/p>\n","protected":false},"excerpt":{"rendered":"<p>El Consejo Federal dio a conocer la terna para el final entre Club Sportivo Pe\u00f1arol \u2013 Indep. Chivilcoy. Nahuel Vi\u00f1as ser\u00e1 el encargado de impartir justicia en el encuentro decisivo para el ascenso al Federal A. El \u00e1rbitro de de Santa Fe Nahuel Maximiliano Vi\u00f1as, supo venir a San Juan en un par de oportunidades [&hellip;]<\/p>\n","protected":false},"author":5,"featured_media":5518,"comment_status":"open","ping_status":"open","sticky":false,"template":"","format":"standard","meta":{"footnotes":""},"categories":[2,24,182,178],"tags":[518,222,189],"class_list":["post-5517","post","type-post","status-publish","format-standard","has-post-thumbnail","hentry","category-featured","category-futbol","category-regional-amateur","category-san-juan","tag-chivilcoy","tag-penarol","tag-regional-amateur"],"yoast_head":"<!-- This site is optimized with the Yoast SEO plugin v28.2 - https:\/\/yoast.com\/product\/yoast-seo-wordpress\/ -->\n<title>Vi\u00f1as dirigir\u00e1 la final entre Pe\u00f1arol \u2013 Indp. Chivilcoy - San Juan Deportes<\/title>\n<meta name=\"robots\" content=\"index, follow, max-snippet:-1, max-image-preview:large, max-video-preview:-1\" \/>\n<link rel=\"canonical\" href=\"https:\/\/www.sanjuandeportes.com\/wp\/2019\/06\/14\/vinas-dirigira-la-final-entre-penarol-indp-chivilcoy\/\" \/>\n<meta property=\"og:locale\" content=\"es_ES\" \/>\n<meta property=\"og:type\" content=\"article\" \/>\n<meta property=\"og:title\" content=\"Vi\u00f1as dirigir\u00e1 la final entre Pe\u00f1arol \u2013 Indp. Chivilcoy - San Juan Deportes\" \/>\n<meta property=\"og:description\" content=\"El Consejo Federal dio a conocer la terna para el final entre Club Sportivo Pe\u00f1arol \u2013 Indep. Chivilcoy. Nahuel Vi\u00f1as ser\u00e1 el encargado de impartir justicia en el encuentro decisivo para el ascenso al Federal A. El \u00e1rbitro de de Santa Fe Nahuel Maximiliano Vi\u00f1as, supo venir a San Juan en un par de oportunidades [&hellip;]\" \/>\n<meta property=\"og:url\" content=\"https:\/\/www.sanjuandeportes.com\/wp\/2019\/06\/14\/vinas-dirigira-la-final-entre-penarol-indp-chivilcoy\/\" \/>\n<meta property=\"og:site_name\" content=\"San Juan Deportes\" \/>\n<meta property=\"article:publisher\" content=\"https:\/\/www.facebook.com\/sanjuandeportesok\" \/>\n<meta property=\"article:published_time\" content=\"2019-06-14T00:42:26+00:00\" \/>\n<meta property=\"og:image\" content=\"https:\/\/www.sanjuandeportes.com\/wp\/wp-content\/uploads\/2019\/06\/p-Nahuel_Vi_as.jpg\" \/>\n\t<meta property=\"og:image:width\" content=\"1140\" \/>\n\t<meta property=\"og:image:height\" content=\"701\" \/>\n\t<meta property=\"og:image:type\" content=\"image\/jpeg\" \/>\n<meta name=\"author\" content=\"Pablo Pujado\" \/>\n<meta name=\"twitter:card\" content=\"summary_large_image\" \/>\n<meta name=\"twitter:creator\" content=\"@SanJuanDeportes\" \/>\n<meta name=\"twitter:site\" content=\"@SanJuanDeportes\" \/>\n<meta name=\"twitter:label1\" content=\"Escrito por\" \/>\n\t<meta name=\"twitter:data1\" content=\"Pablo Pujado\" \/>\n<script type=\"application\/ld+json\" class=\"yoast-schema-graph\">{\"@context\":\"https:\\\/\\\/schema.org\",\"@graph\":[{\"@type\":\"Article\",\"@id\":\"https:\\\/\\\/www.sanjuandeportes.com\\\/wp\\\/2019\\\/06\\\/14\\\/vinas-dirigira-la-final-entre-penarol-indp-chivilcoy\\\/#article\",\"isPartOf\":{\"@id\":\"https:\\\/\\\/www.sanjuandeportes.com\\\/wp\\\/2019\\\/06\\\/14\\\/vinas-dirigira-la-final-entre-penarol-indp-chivilcoy\\\/\"},\"author\":{\"name\":\"Pablo Pujado\",\"@id\":\"https:\\\/\\\/www.sanjuandeportes.com\\\/wp\\\/#\\\/schema\\\/person\\\/eda4d8e62a5d42b111781e3cdfcb9c3a\"},\"headline\":\"Vi\u00f1as dirigir\u00e1 la final entre Pe\u00f1arol \u2013 Indp. Chivilcoy\",\"datePublished\":\"2019-06-14T00:42:26+00:00\",\"mainEntityOfPage\":{\"@id\":\"https:\\\/\\\/www.sanjuandeportes.com\\\/wp\\\/2019\\\/06\\\/14\\\/vinas-dirigira-la-final-entre-penarol-indp-chivilcoy\\\/\"},\"wordCount\":90,\"commentCount\":0,\"publisher\":{\"@id\":\"https:\\\/\\\/www.sanjuandeportes.com\\\/wp\\\/#organization\"},\"image\":{\"@id\":\"https:\\\/\\\/www.sanjuandeportes.com\\\/wp\\\/2019\\\/06\\\/14\\\/vinas-dirigira-la-final-entre-penarol-indp-chivilcoy\\\/#primaryimage\"},\"thumbnailUrl\":\"https:\\\/\\\/www.sanjuandeportes.com\\\/wp\\\/wp-content\\\/uploads\\\/2019\\\/06\\\/p-Nahuel_Vi_as.jpg\",\"keywords\":[\"Chivilcoy\",\"Pe\u00f1arol\",\"Regional Amateur\"],\"articleSection\":[\"Featured\",\"Futbol\",\"Regional Amateur\",\"San Juan\"],\"inLanguage\":\"es\",\"potentialAction\":[{\"@type\":\"CommentAction\",\"name\":\"Comment\",\"target\":[\"https:\\\/\\\/www.sanjuandeportes.com\\\/wp\\\/2019\\\/06\\\/14\\\/vinas-dirigira-la-final-entre-penarol-indp-chivilcoy\\\/#respond\"]}]},{\"@type\":\"WebPage\",\"@id\":\"https:\\\/\\\/www.sanjuandeportes.com\\\/wp\\\/2019\\\/06\\\/14\\\/vinas-dirigira-la-final-entre-penarol-indp-chivilcoy\\\/\",\"url\":\"https:\\\/\\\/www.sanjuandeportes.com\\\/wp\\\/2019\\\/06\\\/14\\\/vinas-dirigira-la-final-entre-penarol-indp-chivilcoy\\\/\",\"name\":\"Vi\u00f1as dirigir\u00e1 la final entre Pe\u00f1arol \u2013 Indp. Chivilcoy - San Juan Deportes\",\"isPartOf\":{\"@id\":\"https:\\\/\\\/www.sanjuandeportes.com\\\/wp\\\/#website\"},\"primaryImageOfPage\":{\"@id\":\"https:\\\/\\\/www.sanjuandeportes.com\\\/wp\\\/2019\\\/06\\\/14\\\/vinas-dirigira-la-final-entre-penarol-indp-chivilcoy\\\/#primaryimage\"},\"image\":{\"@id\":\"https:\\\/\\\/www.sanjuandeportes.com\\\/wp\\\/2019\\\/06\\\/14\\\/vinas-dirigira-la-final-entre-penarol-indp-chivilcoy\\\/#primaryimage\"},\"thumbnailUrl\":\"https:\\\/\\\/www.sanjuandeportes.com\\\/wp\\\/wp-content\\\/uploads\\\/2019\\\/06\\\/p-Nahuel_Vi_as.jpg\",\"datePublished\":\"2019-06-14T00:42:26+00:00\",\"breadcrumb\":{\"@id\":\"https:\\\/\\\/www.sanjuandeportes.com\\\/wp\\\/2019\\\/06\\\/14\\\/vinas-dirigira-la-final-entre-penarol-indp-chivilcoy\\\/#breadcrumb\"},\"inLanguage\":\"es\",\"potentialAction\":[{\"@type\":\"ReadAction\",\"target\":[\"https:\\\/\\\/www.sanjuandeportes.com\\\/wp\\\/2019\\\/06\\\/14\\\/vinas-dirigira-la-final-entre-penarol-indp-chivilcoy\\\/\"]}]},{\"@type\":\"ImageObject\",\"inLanguage\":\"es\",\"@id\":\"https:\\\/\\\/www.sanjuandeportes.com\\\/wp\\\/2019\\\/06\\\/14\\\/vinas-dirigira-la-final-entre-penarol-indp-chivilcoy\\\/#primaryimage\",\"url\":\"https:\\\/\\\/www.sanjuandeportes.com\\\/wp\\\/wp-content\\\/uploads\\\/2019\\\/06\\\/p-Nahuel_Vi_as.jpg\",\"contentUrl\":\"https:\\\/\\\/www.sanjuandeportes.com\\\/wp\\\/wp-content\\\/uploads\\\/2019\\\/06\\\/p-Nahuel_Vi_as.jpg\",\"width\":1140,\"height\":701},{\"@type\":\"BreadcrumbList\",\"@id\":\"https:\\\/\\\/www.sanjuandeportes.com\\\/wp\\\/2019\\\/06\\\/14\\\/vinas-dirigira-la-final-entre-penarol-indp-chivilcoy\\\/#breadcrumb\",\"itemListElement\":[{\"@type\":\"ListItem\",\"position\":1,\"name\":\"Portada\",\"item\":\"http:\\\/\\\/www.sanjuandeportes.com\\\/wp\\\/\"},{\"@type\":\"ListItem\",\"position\":2,\"name\":\"Vi\u00f1as dirigir\u00e1 la final entre Pe\u00f1arol \u2013 Indp. Chivilcoy\"}]},{\"@type\":\"WebSite\",\"@id\":\"https:\\\/\\\/www.sanjuandeportes.com\\\/wp\\\/#website\",\"url\":\"https:\\\/\\\/www.sanjuandeportes.com\\\/wp\\\/\",\"name\":\"San Juan Deportes\",\"description\":\"El sitio de deportes de la provincia de San Juan\",\"publisher\":{\"@id\":\"https:\\\/\\\/www.sanjuandeportes.com\\\/wp\\\/#organization\"},\"potentialAction\":[{\"@type\":\"SearchAction\",\"target\":{\"@type\":\"EntryPoint\",\"urlTemplate\":\"https:\\\/\\\/www.sanjuandeportes.com\\\/wp\\\/?s={search_term_string}\"},\"query-input\":{\"@type\":\"PropertyValueSpecification\",\"valueRequired\":true,\"valueName\":\"search_term_string\"}}],\"inLanguage\":\"es\"},{\"@type\":\"Organization\",\"@id\":\"https:\\\/\\\/www.sanjuandeportes.com\\\/wp\\\/#organization\",\"name\":\"San Juan Deportes\",\"url\":\"https:\\\/\\\/www.sanjuandeportes.com\\\/wp\\\/\",\"logo\":{\"@type\":\"ImageObject\",\"inLanguage\":\"es\",\"@id\":\"https:\\\/\\\/www.sanjuandeportes.com\\\/wp\\\/#\\\/schema\\\/logo\\\/image\\\/\",\"url\":\"https:\\\/\\\/www.sanjuandeportes.com\\\/wp\\\/wp-content\\\/uploads\\\/unnamed.jpg\",\"contentUrl\":\"https:\\\/\\\/www.sanjuandeportes.com\\\/wp\\\/wp-content\\\/uploads\\\/unnamed.jpg\",\"width\":900,\"height\":900,\"caption\":\"San Juan Deportes\"},\"image\":{\"@id\":\"https:\\\/\\\/www.sanjuandeportes.com\\\/wp\\\/#\\\/schema\\\/logo\\\/image\\\/\"},\"sameAs\":[\"https:\\\/\\\/www.facebook.com\\\/sanjuandeportesok\",\"https:\\\/\\\/x.com\\\/SanJuanDeportes\",\"https:\\\/\\\/www.instagram.com\\\/sanjuandeportes\"]},{\"@type\":\"Person\",\"@id\":\"https:\\\/\\\/www.sanjuandeportes.com\\\/wp\\\/#\\\/schema\\\/person\\\/eda4d8e62a5d42b111781e3cdfcb9c3a\",\"name\":\"Pablo Pujado\",\"image\":{\"@type\":\"ImageObject\",\"inLanguage\":\"es\",\"@id\":\"https:\\\/\\\/secure.gravatar.com\\\/avatar\\\/310b69d28112912c333408a462a9837208de951b1e7c11514781740412f648b1?s=96&d=mm&r=g\",\"url\":\"https:\\\/\\\/secure.gravatar.com\\\/avatar\\\/310b69d28112912c333408a462a9837208de951b1e7c11514781740412f648b1?s=96&d=mm&r=g\",\"contentUrl\":\"https:\\\/\\\/secure.gravatar.com\\\/avatar\\\/310b69d28112912c333408a462a9837208de951b1e7c11514781740412f648b1?s=96&d=mm&r=g\",\"caption\":\"Pablo Pujado\"},\"url\":\"https:\\\/\\\/www.sanjuandeportes.com\\\/wp\\\/author\\\/pablo-pujado\\\/\"}]}<\/script>\n<!-- \/ Yoast SEO plugin. -->","yoast_head_json":{"title":"Vi\u00f1as dirigir\u00e1 la final entre Pe\u00f1arol \u2013 Indp. Chivilcoy - San Juan Deportes","robots":{"index":"index","follow":"follow","max-snippet":"max-snippet:-1","max-image-preview":"max-image-preview:large","max-video-preview":"max-video-preview:-1"},"canonical":"https:\/\/www.sanjuandeportes.com\/wp\/2019\/06\/14\/vinas-dirigira-la-final-entre-penarol-indp-chivilcoy\/","og_locale":"es_ES","og_type":"article","og_title":"Vi\u00f1as dirigir\u00e1 la final entre Pe\u00f1arol \u2013 Indp. Chivilcoy - San Juan Deportes","og_description":"El Consejo Federal dio a conocer la terna para el final entre Club Sportivo Pe\u00f1arol \u2013 Indep. Chivilcoy. Nahuel Vi\u00f1as ser\u00e1 el encargado de impartir justicia en el encuentro decisivo para el ascenso al Federal A. El \u00e1rbitro de de Santa Fe Nahuel Maximiliano Vi\u00f1as, supo venir a San Juan en un par de oportunidades [&hellip;]","og_url":"https:\/\/www.sanjuandeportes.com\/wp\/2019\/06\/14\/vinas-dirigira-la-final-entre-penarol-indp-chivilcoy\/","og_site_name":"San Juan Deportes","article_publisher":"https:\/\/www.facebook.com\/sanjuandeportesok","article_published_time":"2019-06-14T00:42:26+00:00","og_image":[{"width":1140,"height":701,"url":"https:\/\/www.sanjuandeportes.com\/wp\/wp-content\/uploads\/2019\/06\/p-Nahuel_Vi_as.jpg","type":"image\/jpeg"}],"author":"Pablo Pujado","twitter_card":"summary_large_image","twitter_creator":"@SanJuanDeportes","twitter_site":"@SanJuanDeportes","twitter_misc":{"Escrito por":"Pablo Pujado"},"schema":{"@context":"https:\/\/schema.org","@graph":[{"@type":"Article","@id":"https:\/\/www.sanjuandeportes.com\/wp\/2019\/06\/14\/vinas-dirigira-la-final-entre-penarol-indp-chivilcoy\/#article","isPartOf":{"@id":"https:\/\/www.sanjuandeportes.com\/wp\/2019\/06\/14\/vinas-dirigira-la-final-entre-penarol-indp-chivilcoy\/"},"author":{"name":"Pablo Pujado","@id":"https:\/\/www.sanjuandeportes.com\/wp\/#\/schema\/person\/eda4d8e62a5d42b111781e3cdfcb9c3a"},"headline":"Vi\u00f1as dirigir\u00e1 la final entre Pe\u00f1arol \u2013 Indp. Chivilcoy","datePublished":"2019-06-14T00:42:26+00:00","mainEntityOfPage":{"@id":"https:\/\/www.sanjuandeportes.com\/wp\/2019\/06\/14\/vinas-dirigira-la-final-entre-penarol-indp-chivilcoy\/"},"wordCount":90,"commentCount":0,"publisher":{"@id":"https:\/\/www.sanjuandeportes.com\/wp\/#organization"},"image":{"@id":"https:\/\/www.sanjuandeportes.com\/wp\/2019\/06\/14\/vinas-dirigira-la-final-entre-penarol-indp-chivilcoy\/#primaryimage"},"thumbnailUrl":"https:\/\/www.sanjuandeportes.com\/wp\/wp-content\/uploads\/2019\/06\/p-Nahuel_Vi_as.jpg","keywords":["Chivilcoy","Pe\u00f1arol","Regional Amateur"],"articleSection":["Featured","Futbol","Regional Amateur","San Juan"],"inLanguage":"es","potentialAction":[{"@type":"CommentAction","name":"Comment","target":["https:\/\/www.sanjuandeportes.com\/wp\/2019\/06\/14\/vinas-dirigira-la-final-entre-penarol-indp-chivilcoy\/#respond"]}]},{"@type":"WebPage","@id":"https:\/\/www.sanjuandeportes.com\/wp\/2019\/06\/14\/vinas-dirigira-la-final-entre-penarol-indp-chivilcoy\/","url":"https:\/\/www.sanjuandeportes.com\/wp\/2019\/06\/14\/vinas-dirigira-la-final-entre-penarol-indp-chivilcoy\/","name":"Vi\u00f1as dirigir\u00e1 la final entre Pe\u00f1arol \u2013 Indp. Chivilcoy - San Juan Deportes","isPartOf":{"@id":"https:\/\/www.sanjuandeportes.com\/wp\/#website"},"primaryImageOfPage":{"@id":"https:\/\/www.sanjuandeportes.com\/wp\/2019\/06\/14\/vinas-dirigira-la-final-entre-penarol-indp-chivilcoy\/#primaryimage"},"image":{"@id":"https:\/\/www.sanjuandeportes.com\/wp\/2019\/06\/14\/vinas-dirigira-la-final-entre-penarol-indp-chivilcoy\/#primaryimage"},"thumbnailUrl":"https:\/\/www.sanjuandeportes.com\/wp\/wp-content\/uploads\/2019\/06\/p-Nahuel_Vi_as.jpg","datePublished":"2019-06-14T00:42:26+00:00","breadcrumb":{"@id":"https:\/\/www.sanjuandeportes.com\/wp\/2019\/06\/14\/vinas-dirigira-la-final-entre-penarol-indp-chivilcoy\/#breadcrumb"},"inLanguage":"es","potentialAction":[{"@type":"ReadAction","target":["https:\/\/www.sanjuandeportes.com\/wp\/2019\/06\/14\/vinas-dirigira-la-final-entre-penarol-indp-chivilcoy\/"]}]},{"@type":"ImageObject","inLanguage":"es","@id":"https:\/\/www.sanjuandeportes.com\/wp\/2019\/06\/14\/vinas-dirigira-la-final-entre-penarol-indp-chivilcoy\/#primaryimage","url":"https:\/\/www.sanjuandeportes.com\/wp\/wp-content\/uploads\/2019\/06\/p-Nahuel_Vi_as.jpg","contentUrl":"https:\/\/www.sanjuandeportes.com\/wp\/wp-content\/uploads\/2019\/06\/p-Nahuel_Vi_as.jpg","width":1140,"height":701},{"@type":"BreadcrumbList","@id":"https:\/\/www.sanjuandeportes.com\/wp\/2019\/06\/14\/vinas-dirigira-la-final-entre-penarol-indp-chivilcoy\/#breadcrumb","itemListElement":[{"@type":"ListItem","position":1,"name":"Portada","item":"http:\/\/www.sanjuandeportes.com\/wp\/"},{"@type":"ListItem","position":2,"name":"Vi\u00f1as dirigir\u00e1 la final entre Pe\u00f1arol \u2013 Indp. Chivilcoy"}]},{"@type":"WebSite","@id":"https:\/\/www.sanjuandeportes.com\/wp\/#website","url":"https:\/\/www.sanjuandeportes.com\/wp\/","name":"San Juan Deportes","description":"El sitio de deportes de la provincia de San Juan","publisher":{"@id":"https:\/\/www.sanjuandeportes.com\/wp\/#organization"},"potentialAction":[{"@type":"SearchAction","target":{"@type":"EntryPoint","urlTemplate":"https:\/\/www.sanjuandeportes.com\/wp\/?s={search_term_string}"},"query-input":{"@type":"PropertyValueSpecification","valueRequired":true,"valueName":"search_term_string"}}],"inLanguage":"es"},{"@type":"Organization","@id":"https:\/\/www.sanjuandeportes.com\/wp\/#organization","name":"San Juan Deportes","url":"https:\/\/www.sanjuandeportes.com\/wp\/","logo":{"@type":"ImageObject","inLanguage":"es","@id":"https:\/\/www.sanjuandeportes.com\/wp\/#\/schema\/logo\/image\/","url":"https:\/\/www.sanjuandeportes.com\/wp\/wp-content\/uploads\/unnamed.jpg","contentUrl":"https:\/\/www.sanjuandeportes.com\/wp\/wp-content\/uploads\/unnamed.jpg","width":900,"height":900,"caption":"San Juan Deportes"},"image":{"@id":"https:\/\/www.sanjuandeportes.com\/wp\/#\/schema\/logo\/image\/"},"sameAs":["https:\/\/www.facebook.com\/sanjuandeportesok","https:\/\/x.com\/SanJuanDeportes","https:\/\/www.instagram.com\/sanjuandeportes"]},{"@type":"Person","@id":"https:\/\/www.sanjuandeportes.com\/wp\/#\/schema\/person\/eda4d8e62a5d42b111781e3cdfcb9c3a","name":"Pablo Pujado","image":{"@type":"ImageObject","inLanguage":"es","@id":"https:\/\/secure.gravatar.com\/avatar\/310b69d28112912c333408a462a9837208de951b1e7c11514781740412f648b1?s=96&d=mm&r=g","url":"https:\/\/secure.gravatar.com\/avatar\/310b69d28112912c333408a462a9837208de951b1e7c11514781740412f648b1?s=96&d=mm&r=g","contentUrl":"https:\/\/secure.gravatar.com\/avatar\/310b69d28112912c333408a462a9837208de951b1e7c11514781740412f648b1?s=96&d=mm&r=g","caption":"Pablo Pujado"},"url":"https:\/\/www.sanjuandeportes.com\/wp\/author\/pablo-pujado\/"}]}},"_links":{"self":[{"href":"https:\/\/www.sanjuandeportes.com\/wp\/wp-json\/wp\/v2\/posts\/5517","targetHints":{"allow":["GET"]}}],"collection":[{"href":"https:\/\/www.sanjuandeportes.com\/wp\/wp-json\/wp\/v2\/posts"}],"about":[{"href":"https:\/\/www.sanjuandeportes.com\/wp\/wp-json\/wp\/v2\/types\/post"}],"author":[{"embeddable":true,"href":"https:\/\/www.sanjuandeportes.com\/wp\/wp-json\/wp\/v2\/users\/5"}],"replies":[{"embeddable":true,"href":"https:\/\/www.sanjuandeportes.com\/wp\/wp-json\/wp\/v2\/comments?post=5517"}],"version-history":[{"count":1,"href":"https:\/\/www.sanjuandeportes.com\/wp\/wp-json\/wp\/v2\/posts\/5517\/revisions"}],"predecessor-version":[{"id":5519,"href":"https:\/\/www.sanjuandeportes.com\/wp\/wp-json\/wp\/v2\/posts\/5517\/revisions\/5519"}],"wp:featuredmedia":[{"embeddable":true,"href":"https:\/\/www.sanjuandeportes.com\/wp\/wp-json\/wp\/v2\/media\/5518"}],"wp:attachment":[{"href":"https:\/\/www.sanjuandeportes.com\/wp\/wp-json\/wp\/v2\/media?parent=5517"}],"wp:term":[{"taxonomy":"category","embeddable":true,"href":"https:\/\/www.sanjuandeportes.com\/wp\/wp-json\/wp\/v2\/categories?post=5517"},{"taxonomy":"post_tag","embeddable":true,"href":"https:\/\/www.sanjuandeportes.com\/wp\/wp-json\/wp\/v2\/tags?post=5517"}],"curies":[{"name":"wp","href":"https:\/\/api.w.org\/{rel}","templated":true}]}}