{"id":5552,"date":"2019-06-17T00:13:04","date_gmt":"2019-06-17T00:13:04","guid":{"rendered":"http:\/\/www.sanjuandeportes.com\/wp\/?p=5552"},"modified":"2019-06-17T00:13:21","modified_gmt":"2019-06-17T00:13:21","slug":"la-alegria-es-bohemia-penarol-gano-2-1-en-chivilcoy-y-ascendio-al-federal-a","status":"publish","type":"post","link":"https:\/\/www.sanjuandeportes.com\/wp\/2019\/06\/17\/la-alegria-es-bohemia-penarol-gano-2-1-en-chivilcoy-y-ascendio-al-federal-a\/","title":{"rendered":"\u00a1La alegr\u00eda es Bohemia!: Pe\u00f1arol gan\u00f3 en Chivilcoy y ascendi\u00f3 al Federal A"},"content":{"rendered":"<p>El Bohemio ascendi\u00f3 al Federal A tras derrotar a Independiente de Chivilcoy por 2 a 1. En el global salieron 4 a 2 en favor del club chimbero.<\/p>\n<p>El goleador del partido fue Alan Cantero, un juvenil salido de las inferiores del club.<\/p>\n<p>El primer tiempo fue complicado, sobre todo por la lluvia que dificult\u00f3 el campo de juego. Ya en el segundo tiempo las cosas mejoraron, a pesar de un arranque dificil de Pe\u00f1arol, Cantero aprovech\u00f3 las dos oportunidades que tuvo y marc\u00f3 el ascenso con dos goles.<\/p>\n","protected":false},"excerpt":{"rendered":"<p>El Bohemio ascendi\u00f3 al Federal A tras derrotar a Independiente de Chivilcoy por 2 a 1. En el global salieron 4 a 2 en favor del club chimbero. El goleador del partido fue Alan Cantero, un juvenil salido de las inferiores del club. El primer tiempo fue complicado, sobre todo por la lluvia que dificult\u00f3 [&hellip;]<\/p>\n","protected":false},"author":5,"featured_media":4708,"comment_status":"open","ping_status":"open","sticky":false,"template":"","format":"standard","meta":{"footnotes":""},"categories":[2,24,182,178],"tags":[518,222,189,84],"class_list":["post-5552","post","type-post","status-publish","format-standard","has-post-thumbnail","hentry","category-featured","category-futbol","category-regional-amateur","category-san-juan","tag-chivilcoy","tag-penarol","tag-regional-amateur","tag-san-juan"],"yoast_head":"<!-- This site is optimized with the Yoast SEO plugin v28.2 - https:\/\/yoast.com\/product\/yoast-seo-wordpress\/ -->\n<title>\u00a1La alegr\u00eda es Bohemia!: Pe\u00f1arol gan\u00f3 en Chivilcoy y ascendi\u00f3 al Federal A - San Juan Deportes<\/title>\n<meta name=\"robots\" content=\"index, follow, max-snippet:-1, max-image-preview:large, max-video-preview:-1\" \/>\n<link rel=\"canonical\" href=\"https:\/\/www.sanjuandeportes.com\/wp\/2019\/06\/17\/la-alegria-es-bohemia-penarol-gano-2-1-en-chivilcoy-y-ascendio-al-federal-a\/\" \/>\n<meta property=\"og:locale\" content=\"es_ES\" \/>\n<meta property=\"og:type\" content=\"article\" \/>\n<meta property=\"og:title\" content=\"\u00a1La alegr\u00eda es Bohemia!: Pe\u00f1arol gan\u00f3 en Chivilcoy y ascendi\u00f3 al Federal A - San Juan Deportes\" \/>\n<meta property=\"og:description\" content=\"El Bohemio ascendi\u00f3 al Federal A tras derrotar a Independiente de Chivilcoy por 2 a 1. En el global salieron 4 a 2 en favor del club chimbero. El goleador del partido fue Alan Cantero, un juvenil salido de las inferiores del club. El primer tiempo fue complicado, sobre todo por la lluvia que dificult\u00f3 [&hellip;]\" \/>\n<meta property=\"og:url\" content=\"https:\/\/www.sanjuandeportes.com\/wp\/2019\/06\/17\/la-alegria-es-bohemia-penarol-gano-2-1-en-chivilcoy-y-ascendio-al-federal-a\/\" \/>\n<meta property=\"og:site_name\" content=\"San Juan Deportes\" \/>\n<meta property=\"article:publisher\" content=\"https:\/\/www.facebook.com\/sanjuandeportesok\" \/>\n<meta property=\"article:published_time\" content=\"2019-06-17T00:13:04+00:00\" \/>\n<meta property=\"article:modified_time\" content=\"2019-06-17T00:13:21+00:00\" \/>\n<meta property=\"og:image\" content=\"https:\/\/www.sanjuandeportes.com\/wp\/wp-content\/uploads\/2019\/04\/1556499014083.jpg\" \/>\n\t<meta property=\"og:image:width\" content=\"970\" \/>\n\t<meta property=\"og:image:height\" content=\"546\" \/>\n\t<meta property=\"og:image:type\" content=\"image\/jpeg\" \/>\n<meta name=\"author\" content=\"Pablo Pujado\" \/>\n<meta name=\"twitter:card\" content=\"summary_large_image\" \/>\n<meta name=\"twitter:creator\" content=\"@SanJuanDeportes\" \/>\n<meta name=\"twitter:site\" content=\"@SanJuanDeportes\" \/>\n<meta name=\"twitter:label1\" content=\"Escrito por\" \/>\n\t<meta name=\"twitter:data1\" content=\"Pablo Pujado\" \/>\n<script type=\"application\/ld+json\" class=\"yoast-schema-graph\">{\"@context\":\"https:\\\/\\\/schema.org\",\"@graph\":[{\"@type\":\"Article\",\"@id\":\"https:\\\/\\\/www.sanjuandeportes.com\\\/wp\\\/2019\\\/06\\\/17\\\/la-alegria-es-bohemia-penarol-gano-2-1-en-chivilcoy-y-ascendio-al-federal-a\\\/#article\",\"isPartOf\":{\"@id\":\"https:\\\/\\\/www.sanjuandeportes.com\\\/wp\\\/2019\\\/06\\\/17\\\/la-alegria-es-bohemia-penarol-gano-2-1-en-chivilcoy-y-ascendio-al-federal-a\\\/\"},\"author\":{\"name\":\"Pablo Pujado\",\"@id\":\"https:\\\/\\\/www.sanjuandeportes.com\\\/wp\\\/#\\\/schema\\\/person\\\/eda4d8e62a5d42b111781e3cdfcb9c3a\"},\"headline\":\"\u00a1La alegr\u00eda es Bohemia!: Pe\u00f1arol gan\u00f3 en Chivilcoy y ascendi\u00f3 al Federal A\",\"datePublished\":\"2019-06-17T00:13:04+00:00\",\"dateModified\":\"2019-06-17T00:13:21+00:00\",\"mainEntityOfPage\":{\"@id\":\"https:\\\/\\\/www.sanjuandeportes.com\\\/wp\\\/2019\\\/06\\\/17\\\/la-alegria-es-bohemia-penarol-gano-2-1-en-chivilcoy-y-ascendio-al-federal-a\\\/\"},\"wordCount\":101,\"commentCount\":0,\"publisher\":{\"@id\":\"https:\\\/\\\/www.sanjuandeportes.com\\\/wp\\\/#organization\"},\"image\":{\"@id\":\"https:\\\/\\\/www.sanjuandeportes.com\\\/wp\\\/2019\\\/06\\\/17\\\/la-alegria-es-bohemia-penarol-gano-2-1-en-chivilcoy-y-ascendio-al-federal-a\\\/#primaryimage\"},\"thumbnailUrl\":\"https:\\\/\\\/www.sanjuandeportes.com\\\/wp\\\/wp-content\\\/uploads\\\/2019\\\/04\\\/1556499014083.jpg\",\"keywords\":[\"Chivilcoy\",\"Pe\u00f1arol\",\"Regional Amateur\",\"San Juan\"],\"articleSection\":[\"Featured\",\"Futbol\",\"Regional Amateur\",\"San Juan\"],\"inLanguage\":\"es\",\"potentialAction\":[{\"@type\":\"CommentAction\",\"name\":\"Comment\",\"target\":[\"https:\\\/\\\/www.sanjuandeportes.com\\\/wp\\\/2019\\\/06\\\/17\\\/la-alegria-es-bohemia-penarol-gano-2-1-en-chivilcoy-y-ascendio-al-federal-a\\\/#respond\"]}]},{\"@type\":\"WebPage\",\"@id\":\"https:\\\/\\\/www.sanjuandeportes.com\\\/wp\\\/2019\\\/06\\\/17\\\/la-alegria-es-bohemia-penarol-gano-2-1-en-chivilcoy-y-ascendio-al-federal-a\\\/\",\"url\":\"https:\\\/\\\/www.sanjuandeportes.com\\\/wp\\\/2019\\\/06\\\/17\\\/la-alegria-es-bohemia-penarol-gano-2-1-en-chivilcoy-y-ascendio-al-federal-a\\\/\",\"name\":\"\u00a1La alegr\u00eda es Bohemia!: Pe\u00f1arol gan\u00f3 en Chivilcoy y ascendi\u00f3 al Federal A - San Juan Deportes\",\"isPartOf\":{\"@id\":\"https:\\\/\\\/www.sanjuandeportes.com\\\/wp\\\/#website\"},\"primaryImageOfPage\":{\"@id\":\"https:\\\/\\\/www.sanjuandeportes.com\\\/wp\\\/2019\\\/06\\\/17\\\/la-alegria-es-bohemia-penarol-gano-2-1-en-chivilcoy-y-ascendio-al-federal-a\\\/#primaryimage\"},\"image\":{\"@id\":\"https:\\\/\\\/www.sanjuandeportes.com\\\/wp\\\/2019\\\/06\\\/17\\\/la-alegria-es-bohemia-penarol-gano-2-1-en-chivilcoy-y-ascendio-al-federal-a\\\/#primaryimage\"},\"thumbnailUrl\":\"https:\\\/\\\/www.sanjuandeportes.com\\\/wp\\\/wp-content\\\/uploads\\\/2019\\\/04\\\/1556499014083.jpg\",\"datePublished\":\"2019-06-17T00:13:04+00:00\",\"dateModified\":\"2019-06-17T00:13:21+00:00\",\"breadcrumb\":{\"@id\":\"https:\\\/\\\/www.sanjuandeportes.com\\\/wp\\\/2019\\\/06\\\/17\\\/la-alegria-es-bohemia-penarol-gano-2-1-en-chivilcoy-y-ascendio-al-federal-a\\\/#breadcrumb\"},\"inLanguage\":\"es\",\"potentialAction\":[{\"@type\":\"ReadAction\",\"target\":[\"https:\\\/\\\/www.sanjuandeportes.com\\\/wp\\\/2019\\\/06\\\/17\\\/la-alegria-es-bohemia-penarol-gano-2-1-en-chivilcoy-y-ascendio-al-federal-a\\\/\"]}]},{\"@type\":\"ImageObject\",\"inLanguage\":\"es\",\"@id\":\"https:\\\/\\\/www.sanjuandeportes.com\\\/wp\\\/2019\\\/06\\\/17\\\/la-alegria-es-bohemia-penarol-gano-2-1-en-chivilcoy-y-ascendio-al-federal-a\\\/#primaryimage\",\"url\":\"https:\\\/\\\/www.sanjuandeportes.com\\\/wp\\\/wp-content\\\/uploads\\\/2019\\\/04\\\/1556499014083.jpg\",\"contentUrl\":\"https:\\\/\\\/www.sanjuandeportes.com\\\/wp\\\/wp-content\\\/uploads\\\/2019\\\/04\\\/1556499014083.jpg\",\"width\":970,\"height\":546},{\"@type\":\"BreadcrumbList\",\"@id\":\"https:\\\/\\\/www.sanjuandeportes.com\\\/wp\\\/2019\\\/06\\\/17\\\/la-alegria-es-bohemia-penarol-gano-2-1-en-chivilcoy-y-ascendio-al-federal-a\\\/#breadcrumb\",\"itemListElement\":[{\"@type\":\"ListItem\",\"position\":1,\"name\":\"Portada\",\"item\":\"http:\\\/\\\/www.sanjuandeportes.com\\\/wp\\\/\"},{\"@type\":\"ListItem\",\"position\":2,\"name\":\"\u00a1La alegr\u00eda es Bohemia!: Pe\u00f1arol gan\u00f3 en Chivilcoy y ascendi\u00f3 al Federal A\"}]},{\"@type\":\"WebSite\",\"@id\":\"https:\\\/\\\/www.sanjuandeportes.com\\\/wp\\\/#website\",\"url\":\"https:\\\/\\\/www.sanjuandeportes.com\\\/wp\\\/\",\"name\":\"San Juan Deportes\",\"description\":\"El sitio de deportes de la provincia de San Juan\",\"publisher\":{\"@id\":\"https:\\\/\\\/www.sanjuandeportes.com\\\/wp\\\/#organization\"},\"potentialAction\":[{\"@type\":\"SearchAction\",\"target\":{\"@type\":\"EntryPoint\",\"urlTemplate\":\"https:\\\/\\\/www.sanjuandeportes.com\\\/wp\\\/?s={search_term_string}\"},\"query-input\":{\"@type\":\"PropertyValueSpecification\",\"valueRequired\":true,\"valueName\":\"search_term_string\"}}],\"inLanguage\":\"es\"},{\"@type\":\"Organization\",\"@id\":\"https:\\\/\\\/www.sanjuandeportes.com\\\/wp\\\/#organization\",\"name\":\"San Juan Deportes\",\"url\":\"https:\\\/\\\/www.sanjuandeportes.com\\\/wp\\\/\",\"logo\":{\"@type\":\"ImageObject\",\"inLanguage\":\"es\",\"@id\":\"https:\\\/\\\/www.sanjuandeportes.com\\\/wp\\\/#\\\/schema\\\/logo\\\/image\\\/\",\"url\":\"https:\\\/\\\/www.sanjuandeportes.com\\\/wp\\\/wp-content\\\/uploads\\\/unnamed.jpg\",\"contentUrl\":\"https:\\\/\\\/www.sanjuandeportes.com\\\/wp\\\/wp-content\\\/uploads\\\/unnamed.jpg\",\"width\":900,\"height\":900,\"caption\":\"San Juan Deportes\"},\"image\":{\"@id\":\"https:\\\/\\\/www.sanjuandeportes.com\\\/wp\\\/#\\\/schema\\\/logo\\\/image\\\/\"},\"sameAs\":[\"https:\\\/\\\/www.facebook.com\\\/sanjuandeportesok\",\"https:\\\/\\\/x.com\\\/SanJuanDeportes\",\"https:\\\/\\\/www.instagram.com\\\/sanjuandeportes\"]},{\"@type\":\"Person\",\"@id\":\"https:\\\/\\\/www.sanjuandeportes.com\\\/wp\\\/#\\\/schema\\\/person\\\/eda4d8e62a5d42b111781e3cdfcb9c3a\",\"name\":\"Pablo Pujado\",\"image\":{\"@type\":\"ImageObject\",\"inLanguage\":\"es\",\"@id\":\"https:\\\/\\\/secure.gravatar.com\\\/avatar\\\/310b69d28112912c333408a462a9837208de951b1e7c11514781740412f648b1?s=96&d=mm&r=g\",\"url\":\"https:\\\/\\\/secure.gravatar.com\\\/avatar\\\/310b69d28112912c333408a462a9837208de951b1e7c11514781740412f648b1?s=96&d=mm&r=g\",\"contentUrl\":\"https:\\\/\\\/secure.gravatar.com\\\/avatar\\\/310b69d28112912c333408a462a9837208de951b1e7c11514781740412f648b1?s=96&d=mm&r=g\",\"caption\":\"Pablo Pujado\"},\"url\":\"https:\\\/\\\/www.sanjuandeportes.com\\\/wp\\\/author\\\/pablo-pujado\\\/\"}]}<\/script>\n<!-- \/ Yoast SEO plugin. -->","yoast_head_json":{"title":"\u00a1La alegr\u00eda es Bohemia!: Pe\u00f1arol gan\u00f3 en Chivilcoy y ascendi\u00f3 al Federal A - San Juan Deportes","robots":{"index":"index","follow":"follow","max-snippet":"max-snippet:-1","max-image-preview":"max-image-preview:large","max-video-preview":"max-video-preview:-1"},"canonical":"https:\/\/www.sanjuandeportes.com\/wp\/2019\/06\/17\/la-alegria-es-bohemia-penarol-gano-2-1-en-chivilcoy-y-ascendio-al-federal-a\/","og_locale":"es_ES","og_type":"article","og_title":"\u00a1La alegr\u00eda es Bohemia!: Pe\u00f1arol gan\u00f3 en Chivilcoy y ascendi\u00f3 al Federal A - San Juan Deportes","og_description":"El Bohemio ascendi\u00f3 al Federal A tras derrotar a Independiente de Chivilcoy por 2 a 1. En el global salieron 4 a 2 en favor del club chimbero. El goleador del partido fue Alan Cantero, un juvenil salido de las inferiores del club. El primer tiempo fue complicado, sobre todo por la lluvia que dificult\u00f3 [&hellip;]","og_url":"https:\/\/www.sanjuandeportes.com\/wp\/2019\/06\/17\/la-alegria-es-bohemia-penarol-gano-2-1-en-chivilcoy-y-ascendio-al-federal-a\/","og_site_name":"San Juan Deportes","article_publisher":"https:\/\/www.facebook.com\/sanjuandeportesok","article_published_time":"2019-06-17T00:13:04+00:00","article_modified_time":"2019-06-17T00:13:21+00:00","og_image":[{"width":970,"height":546,"url":"https:\/\/www.sanjuandeportes.com\/wp\/wp-content\/uploads\/2019\/04\/1556499014083.jpg","type":"image\/jpeg"}],"author":"Pablo Pujado","twitter_card":"summary_large_image","twitter_creator":"@SanJuanDeportes","twitter_site":"@SanJuanDeportes","twitter_misc":{"Escrito por":"Pablo Pujado"},"schema":{"@context":"https:\/\/schema.org","@graph":[{"@type":"Article","@id":"https:\/\/www.sanjuandeportes.com\/wp\/2019\/06\/17\/la-alegria-es-bohemia-penarol-gano-2-1-en-chivilcoy-y-ascendio-al-federal-a\/#article","isPartOf":{"@id":"https:\/\/www.sanjuandeportes.com\/wp\/2019\/06\/17\/la-alegria-es-bohemia-penarol-gano-2-1-en-chivilcoy-y-ascendio-al-federal-a\/"},"author":{"name":"Pablo Pujado","@id":"https:\/\/www.sanjuandeportes.com\/wp\/#\/schema\/person\/eda4d8e62a5d42b111781e3cdfcb9c3a"},"headline":"\u00a1La alegr\u00eda es Bohemia!: Pe\u00f1arol gan\u00f3 en Chivilcoy y ascendi\u00f3 al Federal A","datePublished":"2019-06-17T00:13:04+00:00","dateModified":"2019-06-17T00:13:21+00:00","mainEntityOfPage":{"@id":"https:\/\/www.sanjuandeportes.com\/wp\/2019\/06\/17\/la-alegria-es-bohemia-penarol-gano-2-1-en-chivilcoy-y-ascendio-al-federal-a\/"},"wordCount":101,"commentCount":0,"publisher":{"@id":"https:\/\/www.sanjuandeportes.com\/wp\/#organization"},"image":{"@id":"https:\/\/www.sanjuandeportes.com\/wp\/2019\/06\/17\/la-alegria-es-bohemia-penarol-gano-2-1-en-chivilcoy-y-ascendio-al-federal-a\/#primaryimage"},"thumbnailUrl":"https:\/\/www.sanjuandeportes.com\/wp\/wp-content\/uploads\/2019\/04\/1556499014083.jpg","keywords":["Chivilcoy","Pe\u00f1arol","Regional Amateur","San Juan"],"articleSection":["Featured","Futbol","Regional Amateur","San Juan"],"inLanguage":"es","potentialAction":[{"@type":"CommentAction","name":"Comment","target":["https:\/\/www.sanjuandeportes.com\/wp\/2019\/06\/17\/la-alegria-es-bohemia-penarol-gano-2-1-en-chivilcoy-y-ascendio-al-federal-a\/#respond"]}]},{"@type":"WebPage","@id":"https:\/\/www.sanjuandeportes.com\/wp\/2019\/06\/17\/la-alegria-es-bohemia-penarol-gano-2-1-en-chivilcoy-y-ascendio-al-federal-a\/","url":"https:\/\/www.sanjuandeportes.com\/wp\/2019\/06\/17\/la-alegria-es-bohemia-penarol-gano-2-1-en-chivilcoy-y-ascendio-al-federal-a\/","name":"\u00a1La alegr\u00eda es Bohemia!: Pe\u00f1arol gan\u00f3 en Chivilcoy y ascendi\u00f3 al Federal A - San Juan Deportes","isPartOf":{"@id":"https:\/\/www.sanjuandeportes.com\/wp\/#website"},"primaryImageOfPage":{"@id":"https:\/\/www.sanjuandeportes.com\/wp\/2019\/06\/17\/la-alegria-es-bohemia-penarol-gano-2-1-en-chivilcoy-y-ascendio-al-federal-a\/#primaryimage"},"image":{"@id":"https:\/\/www.sanjuandeportes.com\/wp\/2019\/06\/17\/la-alegria-es-bohemia-penarol-gano-2-1-en-chivilcoy-y-ascendio-al-federal-a\/#primaryimage"},"thumbnailUrl":"https:\/\/www.sanjuandeportes.com\/wp\/wp-content\/uploads\/2019\/04\/1556499014083.jpg","datePublished":"2019-06-17T00:13:04+00:00","dateModified":"2019-06-17T00:13:21+00:00","breadcrumb":{"@id":"https:\/\/www.sanjuandeportes.com\/wp\/2019\/06\/17\/la-alegria-es-bohemia-penarol-gano-2-1-en-chivilcoy-y-ascendio-al-federal-a\/#breadcrumb"},"inLanguage":"es","potentialAction":[{"@type":"ReadAction","target":["https:\/\/www.sanjuandeportes.com\/wp\/2019\/06\/17\/la-alegria-es-bohemia-penarol-gano-2-1-en-chivilcoy-y-ascendio-al-federal-a\/"]}]},{"@type":"ImageObject","inLanguage":"es","@id":"https:\/\/www.sanjuandeportes.com\/wp\/2019\/06\/17\/la-alegria-es-bohemia-penarol-gano-2-1-en-chivilcoy-y-ascendio-al-federal-a\/#primaryimage","url":"https:\/\/www.sanjuandeportes.com\/wp\/wp-content\/uploads\/2019\/04\/1556499014083.jpg","contentUrl":"https:\/\/www.sanjuandeportes.com\/wp\/wp-content\/uploads\/2019\/04\/1556499014083.jpg","width":970,"height":546},{"@type":"BreadcrumbList","@id":"https:\/\/www.sanjuandeportes.com\/wp\/2019\/06\/17\/la-alegria-es-bohemia-penarol-gano-2-1-en-chivilcoy-y-ascendio-al-federal-a\/#breadcrumb","itemListElement":[{"@type":"ListItem","position":1,"name":"Portada","item":"http:\/\/www.sanjuandeportes.com\/wp\/"},{"@type":"ListItem","position":2,"name":"\u00a1La alegr\u00eda es Bohemia!: Pe\u00f1arol gan\u00f3 en Chivilcoy y ascendi\u00f3 al Federal A"}]},{"@type":"WebSite","@id":"https:\/\/www.sanjuandeportes.com\/wp\/#website","url":"https:\/\/www.sanjuandeportes.com\/wp\/","name":"San Juan Deportes","description":"El sitio de deportes de la provincia de San Juan","publisher":{"@id":"https:\/\/www.sanjuandeportes.com\/wp\/#organization"},"potentialAction":[{"@type":"SearchAction","target":{"@type":"EntryPoint","urlTemplate":"https:\/\/www.sanjuandeportes.com\/wp\/?s={search_term_string}"},"query-input":{"@type":"PropertyValueSpecification","valueRequired":true,"valueName":"search_term_string"}}],"inLanguage":"es"},{"@type":"Organization","@id":"https:\/\/www.sanjuandeportes.com\/wp\/#organization","name":"San Juan Deportes","url":"https:\/\/www.sanjuandeportes.com\/wp\/","logo":{"@type":"ImageObject","inLanguage":"es","@id":"https:\/\/www.sanjuandeportes.com\/wp\/#\/schema\/logo\/image\/","url":"https:\/\/www.sanjuandeportes.com\/wp\/wp-content\/uploads\/unnamed.jpg","contentUrl":"https:\/\/www.sanjuandeportes.com\/wp\/wp-content\/uploads\/unnamed.jpg","width":900,"height":900,"caption":"San Juan Deportes"},"image":{"@id":"https:\/\/www.sanjuandeportes.com\/wp\/#\/schema\/logo\/image\/"},"sameAs":["https:\/\/www.facebook.com\/sanjuandeportesok","https:\/\/x.com\/SanJuanDeportes","https:\/\/www.instagram.com\/sanjuandeportes"]},{"@type":"Person","@id":"https:\/\/www.sanjuandeportes.com\/wp\/#\/schema\/person\/eda4d8e62a5d42b111781e3cdfcb9c3a","name":"Pablo Pujado","image":{"@type":"ImageObject","inLanguage":"es","@id":"https:\/\/secure.gravatar.com\/avatar\/310b69d28112912c333408a462a9837208de951b1e7c11514781740412f648b1?s=96&d=mm&r=g","url":"https:\/\/secure.gravatar.com\/avatar\/310b69d28112912c333408a462a9837208de951b1e7c11514781740412f648b1?s=96&d=mm&r=g","contentUrl":"https:\/\/secure.gravatar.com\/avatar\/310b69d28112912c333408a462a9837208de951b1e7c11514781740412f648b1?s=96&d=mm&r=g","caption":"Pablo Pujado"},"url":"https:\/\/www.sanjuandeportes.com\/wp\/author\/pablo-pujado\/"}]}},"_links":{"self":[{"href":"https:\/\/www.sanjuandeportes.com\/wp\/wp-json\/wp\/v2\/posts\/5552","targetHints":{"allow":["GET"]}}],"collection":[{"href":"https:\/\/www.sanjuandeportes.com\/wp\/wp-json\/wp\/v2\/posts"}],"about":[{"href":"https:\/\/www.sanjuandeportes.com\/wp\/wp-json\/wp\/v2\/types\/post"}],"author":[{"embeddable":true,"href":"https:\/\/www.sanjuandeportes.com\/wp\/wp-json\/wp\/v2\/users\/5"}],"replies":[{"embeddable":true,"href":"https:\/\/www.sanjuandeportes.com\/wp\/wp-json\/wp\/v2\/comments?post=5552"}],"version-history":[{"count":2,"href":"https:\/\/www.sanjuandeportes.com\/wp\/wp-json\/wp\/v2\/posts\/5552\/revisions"}],"predecessor-version":[{"id":5554,"href":"https:\/\/www.sanjuandeportes.com\/wp\/wp-json\/wp\/v2\/posts\/5552\/revisions\/5554"}],"wp:featuredmedia":[{"embeddable":true,"href":"https:\/\/www.sanjuandeportes.com\/wp\/wp-json\/wp\/v2\/media\/4708"}],"wp:attachment":[{"href":"https:\/\/www.sanjuandeportes.com\/wp\/wp-json\/wp\/v2\/media?parent=5552"}],"wp:term":[{"taxonomy":"category","embeddable":true,"href":"https:\/\/www.sanjuandeportes.com\/wp\/wp-json\/wp\/v2\/categories?post=5552"},{"taxonomy":"post_tag","embeddable":true,"href":"https:\/\/www.sanjuandeportes.com\/wp\/wp-json\/wp\/v2\/tags?post=5552"}],"curies":[{"name":"wp","href":"https:\/\/api.w.org\/{rel}","templated":true}]}}