{"id":6067,"date":"2019-07-16T23:45:54","date_gmt":"2019-07-16T23:45:54","guid":{"rendered":"http:\/\/www.sanjuandeportes.com\/wp\/?p=6067"},"modified":"2019-07-16T23:45:54","modified_gmt":"2019-07-16T23:45:54","slug":"en-italia-dan-por-hecha-la-llegada-de-daniele-de-rossi-a-boca","status":"publish","type":"post","link":"https:\/\/www.sanjuandeportes.com\/wp\/2019\/07\/16\/en-italia-dan-por-hecha-la-llegada-de-daniele-de-rossi-a-boca\/","title":{"rendered":"En Italia dan por hecha la llegada de Daniele De Rossi a Boca"},"content":{"rendered":"<p id=\"m102-101-103\" class=\"paragraph \">En un mercado de pases repleto de idas y vueltas, la novela de Daniele De Rossi y Boca sum\u00f3 un nuevo cap\u00edtulo en las \u00faltimas horas con el acercamiento entre ambas partes, seg\u00fan informaron varios medios italianos, entre ellos la Gazzetta dello Sport y el periodista Gianluca Di Marzio, de Sky Sports.<\/p>\n<p id=\"m112-111-113\" class=\"paragraph \">La \u00faltima informaci\u00f3n publicada aseguraba que el mediocampista, de 35 a\u00f1os, hab\u00eda decidido colgar los botines para dedicarse a la direcci\u00f3n t\u00e9cnica. Sin embargo, ahora habr\u00eda una marcha atr\u00e1s que le dar\u00eda vida a las aspiraciones del Xeneize, que insisti\u00f3 sin \u00e9xito por el futbolista durante varias semanas.<\/p>\n<p id=\"m117-116-118\" class=\"paragraph \">De Rossi jug\u00f3 17 temporadas con la camiseta de la Roma. Tras una emotiva despedida, fue tentado por varios clubes, entre ellos Los \u00c1ngeles Galaxy, de la MLS, y la Fiorentina, de la Serie A. Desde el punto de vista econ\u00f3mico, Boca estaba en desventaja; sin embargo, ten\u00eda a su favor el sentimiento del jugador por el Xeneize, club del cual se declar\u00f3 un admirador.<\/p>\n<p id=\"m127-126-128\" class=\"paragraph \">D\u00edas atr\u00e1s, Nicol\u00e1s Burdisso, m\u00e1nager del club y amigo personal de De Rossi, con quien hab\u00eda compartido equipo en Italia, hab\u00eda anticipado un \u00abcambio de estrategia\u00bb para convencer al futbolista, refiri\u00e9ndose a la decisi\u00f3n de \u00abno presionarlo\u00bb. \u00bfHabr\u00e1 dado resultados?<\/p>\n<p id=\"m137-136-138\" class=\"paragraph \">Por lo pronto, Boca recibi\u00f3 una oferta del Cagliari por Nahitan N\u00e1ndez que en primera instancia lleg\u00f3 a 15 millones de euros por el 70 por ciento del pase que le pertenece al Xeneize, pero fue considerada innecesaria. Si su salida llegara a concretarse, entonces De Rossi tendr\u00eda disponible un lugar en la mitad de cancha del equipo de Gustavo Alfaro.<\/p>\n","protected":false},"excerpt":{"rendered":"<p>En un mercado de pases repleto de idas y vueltas, la novela de Daniele De Rossi y Boca sum\u00f3 un nuevo cap\u00edtulo en las \u00faltimas horas con el acercamiento entre ambas partes, seg\u00fan informaron varios medios italianos, entre ellos la Gazzetta dello Sport y el periodista Gianluca Di Marzio, de Sky Sports. La \u00faltima informaci\u00f3n [&hellip;]<\/p>\n","protected":false},"author":5,"featured_media":6068,"comment_status":"open","ping_status":"open","sticky":false,"template":"","format":"standard","meta":{"footnotes":""},"categories":[2,24,31],"tags":[629,630,142],"class_list":["post-6067","post","type-post","status-publish","format-standard","has-post-thumbnail","hentry","category-featured","category-futbol","category-primeradivision","tag-boca-juniors","tag-daniele-de-rossi","tag-mercado-de-pases"],"yoast_head":"<!-- This site is optimized with the Yoast SEO plugin v28.2 - https:\/\/yoast.com\/product\/yoast-seo-wordpress\/ -->\n<title>En Italia dan por hecha la llegada de Daniele De Rossi a Boca - San Juan Deportes<\/title>\n<meta name=\"robots\" content=\"index, follow, max-snippet:-1, max-image-preview:large, max-video-preview:-1\" \/>\n<link rel=\"canonical\" href=\"http:\/\/www.sanjuandeportes.com\/wp\/2019\/07\/16\/en-italia-dan-por-hecha-la-llegada-de-daniele-de-rossi-a-boca\/\" \/>\n<meta property=\"og:locale\" content=\"es_ES\" \/>\n<meta property=\"og:type\" content=\"article\" \/>\n<meta property=\"og:title\" content=\"En Italia dan por hecha la llegada de Daniele De Rossi a Boca - San Juan Deportes\" \/>\n<meta property=\"og:description\" content=\"En un mercado de pases repleto de idas y vueltas, la novela de Daniele De Rossi y Boca sum\u00f3 un nuevo cap\u00edtulo en las \u00faltimas horas con el acercamiento entre ambas partes, seg\u00fan informaron varios medios italianos, entre ellos la Gazzetta dello Sport y el periodista Gianluca Di Marzio, de Sky Sports. La \u00faltima informaci\u00f3n [&hellip;]\" \/>\n<meta property=\"og:url\" content=\"http:\/\/www.sanjuandeportes.com\/wp\/2019\/07\/16\/en-italia-dan-por-hecha-la-llegada-de-daniele-de-rossi-a-boca\/\" \/>\n<meta property=\"og:site_name\" content=\"San Juan Deportes\" \/>\n<meta property=\"article:publisher\" content=\"https:\/\/www.facebook.com\/sanjuandeportesok\" \/>\n<meta property=\"article:published_time\" content=\"2019-07-16T23:45:54+00:00\" \/>\n<meta property=\"og:image\" content=\"http:\/\/www.sanjuandeportes.com\/wp\/wp-content\/uploads\/2019\/07\/5cf93c95f03b5.jpeg\" \/>\n\t<meta property=\"og:image:width\" content=\"844\" \/>\n\t<meta property=\"og:image:height\" content=\"475\" \/>\n\t<meta property=\"og:image:type\" content=\"image\/jpeg\" \/>\n<meta name=\"author\" content=\"Pablo Pujado\" \/>\n<meta name=\"twitter:card\" content=\"summary_large_image\" \/>\n<meta name=\"twitter:creator\" content=\"@SanJuanDeportes\" \/>\n<meta name=\"twitter:site\" content=\"@SanJuanDeportes\" \/>\n<meta name=\"twitter:label1\" content=\"Escrito por\" \/>\n\t<meta name=\"twitter:data1\" content=\"Pablo Pujado\" \/>\n\t<meta name=\"twitter:label2\" content=\"Tiempo de lectura\" \/>\n\t<meta name=\"twitter:data2\" content=\"1 minuto\" \/>\n<script type=\"application\/ld+json\" class=\"yoast-schema-graph\">{\"@context\":\"https:\\\/\\\/schema.org\",\"@graph\":[{\"@type\":\"Article\",\"@id\":\"http:\\\/\\\/www.sanjuandeportes.com\\\/wp\\\/2019\\\/07\\\/16\\\/en-italia-dan-por-hecha-la-llegada-de-daniele-de-rossi-a-boca\\\/#article\",\"isPartOf\":{\"@id\":\"http:\\\/\\\/www.sanjuandeportes.com\\\/wp\\\/2019\\\/07\\\/16\\\/en-italia-dan-por-hecha-la-llegada-de-daniele-de-rossi-a-boca\\\/\"},\"author\":{\"name\":\"Pablo Pujado\",\"@id\":\"http:\\\/\\\/www.sanjuandeportes.com\\\/wp\\\/#\\\/schema\\\/person\\\/eda4d8e62a5d42b111781e3cdfcb9c3a\"},\"headline\":\"En Italia dan por hecha la llegada de Daniele De Rossi a Boca\",\"datePublished\":\"2019-07-16T23:45:54+00:00\",\"mainEntityOfPage\":{\"@id\":\"http:\\\/\\\/www.sanjuandeportes.com\\\/wp\\\/2019\\\/07\\\/16\\\/en-italia-dan-por-hecha-la-llegada-de-daniele-de-rossi-a-boca\\\/\"},\"wordCount\":297,\"commentCount\":0,\"publisher\":{\"@id\":\"http:\\\/\\\/www.sanjuandeportes.com\\\/wp\\\/#organization\"},\"image\":{\"@id\":\"http:\\\/\\\/www.sanjuandeportes.com\\\/wp\\\/2019\\\/07\\\/16\\\/en-italia-dan-por-hecha-la-llegada-de-daniele-de-rossi-a-boca\\\/#primaryimage\"},\"thumbnailUrl\":\"https:\\\/\\\/www.sanjuandeportes.com\\\/wp\\\/wp-content\\\/uploads\\\/2019\\\/07\\\/5cf93c95f03b5.jpeg\",\"keywords\":[\"Boca Juniors\",\"Daniele De Rossi\",\"Mercado de pases\"],\"articleSection\":[\"Featured\",\"Futbol\",\"Primera Division\"],\"inLanguage\":\"es\",\"potentialAction\":[{\"@type\":\"CommentAction\",\"name\":\"Comment\",\"target\":[\"http:\\\/\\\/www.sanjuandeportes.com\\\/wp\\\/2019\\\/07\\\/16\\\/en-italia-dan-por-hecha-la-llegada-de-daniele-de-rossi-a-boca\\\/#respond\"]}]},{\"@type\":\"WebPage\",\"@id\":\"http:\\\/\\\/www.sanjuandeportes.com\\\/wp\\\/2019\\\/07\\\/16\\\/en-italia-dan-por-hecha-la-llegada-de-daniele-de-rossi-a-boca\\\/\",\"url\":\"http:\\\/\\\/www.sanjuandeportes.com\\\/wp\\\/2019\\\/07\\\/16\\\/en-italia-dan-por-hecha-la-llegada-de-daniele-de-rossi-a-boca\\\/\",\"name\":\"En Italia dan por hecha la llegada de Daniele De Rossi a Boca - San Juan Deportes\",\"isPartOf\":{\"@id\":\"http:\\\/\\\/www.sanjuandeportes.com\\\/wp\\\/#website\"},\"primaryImageOfPage\":{\"@id\":\"http:\\\/\\\/www.sanjuandeportes.com\\\/wp\\\/2019\\\/07\\\/16\\\/en-italia-dan-por-hecha-la-llegada-de-daniele-de-rossi-a-boca\\\/#primaryimage\"},\"image\":{\"@id\":\"http:\\\/\\\/www.sanjuandeportes.com\\\/wp\\\/2019\\\/07\\\/16\\\/en-italia-dan-por-hecha-la-llegada-de-daniele-de-rossi-a-boca\\\/#primaryimage\"},\"thumbnailUrl\":\"https:\\\/\\\/www.sanjuandeportes.com\\\/wp\\\/wp-content\\\/uploads\\\/2019\\\/07\\\/5cf93c95f03b5.jpeg\",\"datePublished\":\"2019-07-16T23:45:54+00:00\",\"breadcrumb\":{\"@id\":\"http:\\\/\\\/www.sanjuandeportes.com\\\/wp\\\/2019\\\/07\\\/16\\\/en-italia-dan-por-hecha-la-llegada-de-daniele-de-rossi-a-boca\\\/#breadcrumb\"},\"inLanguage\":\"es\",\"potentialAction\":[{\"@type\":\"ReadAction\",\"target\":[\"http:\\\/\\\/www.sanjuandeportes.com\\\/wp\\\/2019\\\/07\\\/16\\\/en-italia-dan-por-hecha-la-llegada-de-daniele-de-rossi-a-boca\\\/\"]}]},{\"@type\":\"ImageObject\",\"inLanguage\":\"es\",\"@id\":\"http:\\\/\\\/www.sanjuandeportes.com\\\/wp\\\/2019\\\/07\\\/16\\\/en-italia-dan-por-hecha-la-llegada-de-daniele-de-rossi-a-boca\\\/#primaryimage\",\"url\":\"https:\\\/\\\/www.sanjuandeportes.com\\\/wp\\\/wp-content\\\/uploads\\\/2019\\\/07\\\/5cf93c95f03b5.jpeg\",\"contentUrl\":\"https:\\\/\\\/www.sanjuandeportes.com\\\/wp\\\/wp-content\\\/uploads\\\/2019\\\/07\\\/5cf93c95f03b5.jpeg\",\"width\":844,\"height\":475},{\"@type\":\"BreadcrumbList\",\"@id\":\"http:\\\/\\\/www.sanjuandeportes.com\\\/wp\\\/2019\\\/07\\\/16\\\/en-italia-dan-por-hecha-la-llegada-de-daniele-de-rossi-a-boca\\\/#breadcrumb\",\"itemListElement\":[{\"@type\":\"ListItem\",\"position\":1,\"name\":\"Portada\",\"item\":\"http:\\\/\\\/www.sanjuandeportes.com\\\/wp\\\/\"},{\"@type\":\"ListItem\",\"position\":2,\"name\":\"En Italia dan por hecha la llegada de Daniele De Rossi a Boca\"}]},{\"@type\":\"WebSite\",\"@id\":\"http:\\\/\\\/www.sanjuandeportes.com\\\/wp\\\/#website\",\"url\":\"http:\\\/\\\/www.sanjuandeportes.com\\\/wp\\\/\",\"name\":\"San Juan Deportes\",\"description\":\"El sitio de deportes de la provincia de San Juan\",\"publisher\":{\"@id\":\"http:\\\/\\\/www.sanjuandeportes.com\\\/wp\\\/#organization\"},\"potentialAction\":[{\"@type\":\"SearchAction\",\"target\":{\"@type\":\"EntryPoint\",\"urlTemplate\":\"http:\\\/\\\/www.sanjuandeportes.com\\\/wp\\\/?s={search_term_string}\"},\"query-input\":{\"@type\":\"PropertyValueSpecification\",\"valueRequired\":true,\"valueName\":\"search_term_string\"}}],\"inLanguage\":\"es\"},{\"@type\":\"Organization\",\"@id\":\"http:\\\/\\\/www.sanjuandeportes.com\\\/wp\\\/#organization\",\"name\":\"San Juan Deportes\",\"url\":\"http:\\\/\\\/www.sanjuandeportes.com\\\/wp\\\/\",\"logo\":{\"@type\":\"ImageObject\",\"inLanguage\":\"es\",\"@id\":\"http:\\\/\\\/www.sanjuandeportes.com\\\/wp\\\/#\\\/schema\\\/logo\\\/image\\\/\",\"url\":\"https:\\\/\\\/www.sanjuandeportes.com\\\/wp\\\/wp-content\\\/uploads\\\/unnamed.jpg\",\"contentUrl\":\"https:\\\/\\\/www.sanjuandeportes.com\\\/wp\\\/wp-content\\\/uploads\\\/unnamed.jpg\",\"width\":900,\"height\":900,\"caption\":\"San Juan Deportes\"},\"image\":{\"@id\":\"http:\\\/\\\/www.sanjuandeportes.com\\\/wp\\\/#\\\/schema\\\/logo\\\/image\\\/\"},\"sameAs\":[\"https:\\\/\\\/www.facebook.com\\\/sanjuandeportesok\",\"https:\\\/\\\/x.com\\\/SanJuanDeportes\",\"https:\\\/\\\/www.instagram.com\\\/sanjuandeportes\"]},{\"@type\":\"Person\",\"@id\":\"http:\\\/\\\/www.sanjuandeportes.com\\\/wp\\\/#\\\/schema\\\/person\\\/eda4d8e62a5d42b111781e3cdfcb9c3a\",\"name\":\"Pablo Pujado\",\"image\":{\"@type\":\"ImageObject\",\"inLanguage\":\"es\",\"@id\":\"https:\\\/\\\/secure.gravatar.com\\\/avatar\\\/310b69d28112912c333408a462a9837208de951b1e7c11514781740412f648b1?s=96&d=mm&r=g\",\"url\":\"https:\\\/\\\/secure.gravatar.com\\\/avatar\\\/310b69d28112912c333408a462a9837208de951b1e7c11514781740412f648b1?s=96&d=mm&r=g\",\"contentUrl\":\"https:\\\/\\\/secure.gravatar.com\\\/avatar\\\/310b69d28112912c333408a462a9837208de951b1e7c11514781740412f648b1?s=96&d=mm&r=g\",\"caption\":\"Pablo Pujado\"},\"url\":\"https:\\\/\\\/www.sanjuandeportes.com\\\/wp\\\/author\\\/pablo-pujado\\\/\"}]}<\/script>\n<!-- \/ Yoast SEO plugin. -->","yoast_head_json":{"title":"En Italia dan por hecha la llegada de Daniele De Rossi a Boca - San Juan Deportes","robots":{"index":"index","follow":"follow","max-snippet":"max-snippet:-1","max-image-preview":"max-image-preview:large","max-video-preview":"max-video-preview:-1"},"canonical":"http:\/\/www.sanjuandeportes.com\/wp\/2019\/07\/16\/en-italia-dan-por-hecha-la-llegada-de-daniele-de-rossi-a-boca\/","og_locale":"es_ES","og_type":"article","og_title":"En Italia dan por hecha la llegada de Daniele De Rossi a Boca - San Juan Deportes","og_description":"En un mercado de pases repleto de idas y vueltas, la novela de Daniele De Rossi y Boca sum\u00f3 un nuevo cap\u00edtulo en las \u00faltimas horas con el acercamiento entre ambas partes, seg\u00fan informaron varios medios italianos, entre ellos la Gazzetta dello Sport y el periodista Gianluca Di Marzio, de Sky Sports. La \u00faltima informaci\u00f3n [&hellip;]","og_url":"http:\/\/www.sanjuandeportes.com\/wp\/2019\/07\/16\/en-italia-dan-por-hecha-la-llegada-de-daniele-de-rossi-a-boca\/","og_site_name":"San Juan Deportes","article_publisher":"https:\/\/www.facebook.com\/sanjuandeportesok","article_published_time":"2019-07-16T23:45:54+00:00","og_image":[{"width":844,"height":475,"url":"http:\/\/www.sanjuandeportes.com\/wp\/wp-content\/uploads\/2019\/07\/5cf93c95f03b5.jpeg","type":"image\/jpeg"}],"author":"Pablo Pujado","twitter_card":"summary_large_image","twitter_creator":"@SanJuanDeportes","twitter_site":"@SanJuanDeportes","twitter_misc":{"Escrito por":"Pablo Pujado","Tiempo de lectura":"1 minuto"},"schema":{"@context":"https:\/\/schema.org","@graph":[{"@type":"Article","@id":"http:\/\/www.sanjuandeportes.com\/wp\/2019\/07\/16\/en-italia-dan-por-hecha-la-llegada-de-daniele-de-rossi-a-boca\/#article","isPartOf":{"@id":"http:\/\/www.sanjuandeportes.com\/wp\/2019\/07\/16\/en-italia-dan-por-hecha-la-llegada-de-daniele-de-rossi-a-boca\/"},"author":{"name":"Pablo Pujado","@id":"http:\/\/www.sanjuandeportes.com\/wp\/#\/schema\/person\/eda4d8e62a5d42b111781e3cdfcb9c3a"},"headline":"En Italia dan por hecha la llegada de Daniele De Rossi a Boca","datePublished":"2019-07-16T23:45:54+00:00","mainEntityOfPage":{"@id":"http:\/\/www.sanjuandeportes.com\/wp\/2019\/07\/16\/en-italia-dan-por-hecha-la-llegada-de-daniele-de-rossi-a-boca\/"},"wordCount":297,"commentCount":0,"publisher":{"@id":"http:\/\/www.sanjuandeportes.com\/wp\/#organization"},"image":{"@id":"http:\/\/www.sanjuandeportes.com\/wp\/2019\/07\/16\/en-italia-dan-por-hecha-la-llegada-de-daniele-de-rossi-a-boca\/#primaryimage"},"thumbnailUrl":"https:\/\/www.sanjuandeportes.com\/wp\/wp-content\/uploads\/2019\/07\/5cf93c95f03b5.jpeg","keywords":["Boca Juniors","Daniele De Rossi","Mercado de pases"],"articleSection":["Featured","Futbol","Primera Division"],"inLanguage":"es","potentialAction":[{"@type":"CommentAction","name":"Comment","target":["http:\/\/www.sanjuandeportes.com\/wp\/2019\/07\/16\/en-italia-dan-por-hecha-la-llegada-de-daniele-de-rossi-a-boca\/#respond"]}]},{"@type":"WebPage","@id":"http:\/\/www.sanjuandeportes.com\/wp\/2019\/07\/16\/en-italia-dan-por-hecha-la-llegada-de-daniele-de-rossi-a-boca\/","url":"http:\/\/www.sanjuandeportes.com\/wp\/2019\/07\/16\/en-italia-dan-por-hecha-la-llegada-de-daniele-de-rossi-a-boca\/","name":"En Italia dan por hecha la llegada de Daniele De Rossi a Boca - San Juan Deportes","isPartOf":{"@id":"http:\/\/www.sanjuandeportes.com\/wp\/#website"},"primaryImageOfPage":{"@id":"http:\/\/www.sanjuandeportes.com\/wp\/2019\/07\/16\/en-italia-dan-por-hecha-la-llegada-de-daniele-de-rossi-a-boca\/#primaryimage"},"image":{"@id":"http:\/\/www.sanjuandeportes.com\/wp\/2019\/07\/16\/en-italia-dan-por-hecha-la-llegada-de-daniele-de-rossi-a-boca\/#primaryimage"},"thumbnailUrl":"https:\/\/www.sanjuandeportes.com\/wp\/wp-content\/uploads\/2019\/07\/5cf93c95f03b5.jpeg","datePublished":"2019-07-16T23:45:54+00:00","breadcrumb":{"@id":"http:\/\/www.sanjuandeportes.com\/wp\/2019\/07\/16\/en-italia-dan-por-hecha-la-llegada-de-daniele-de-rossi-a-boca\/#breadcrumb"},"inLanguage":"es","potentialAction":[{"@type":"ReadAction","target":["http:\/\/www.sanjuandeportes.com\/wp\/2019\/07\/16\/en-italia-dan-por-hecha-la-llegada-de-daniele-de-rossi-a-boca\/"]}]},{"@type":"ImageObject","inLanguage":"es","@id":"http:\/\/www.sanjuandeportes.com\/wp\/2019\/07\/16\/en-italia-dan-por-hecha-la-llegada-de-daniele-de-rossi-a-boca\/#primaryimage","url":"https:\/\/www.sanjuandeportes.com\/wp\/wp-content\/uploads\/2019\/07\/5cf93c95f03b5.jpeg","contentUrl":"https:\/\/www.sanjuandeportes.com\/wp\/wp-content\/uploads\/2019\/07\/5cf93c95f03b5.jpeg","width":844,"height":475},{"@type":"BreadcrumbList","@id":"http:\/\/www.sanjuandeportes.com\/wp\/2019\/07\/16\/en-italia-dan-por-hecha-la-llegada-de-daniele-de-rossi-a-boca\/#breadcrumb","itemListElement":[{"@type":"ListItem","position":1,"name":"Portada","item":"http:\/\/www.sanjuandeportes.com\/wp\/"},{"@type":"ListItem","position":2,"name":"En Italia dan por hecha la llegada de Daniele De Rossi a Boca"}]},{"@type":"WebSite","@id":"http:\/\/www.sanjuandeportes.com\/wp\/#website","url":"http:\/\/www.sanjuandeportes.com\/wp\/","name":"San Juan Deportes","description":"El sitio de deportes de la provincia de San Juan","publisher":{"@id":"http:\/\/www.sanjuandeportes.com\/wp\/#organization"},"potentialAction":[{"@type":"SearchAction","target":{"@type":"EntryPoint","urlTemplate":"http:\/\/www.sanjuandeportes.com\/wp\/?s={search_term_string}"},"query-input":{"@type":"PropertyValueSpecification","valueRequired":true,"valueName":"search_term_string"}}],"inLanguage":"es"},{"@type":"Organization","@id":"http:\/\/www.sanjuandeportes.com\/wp\/#organization","name":"San Juan Deportes","url":"http:\/\/www.sanjuandeportes.com\/wp\/","logo":{"@type":"ImageObject","inLanguage":"es","@id":"http:\/\/www.sanjuandeportes.com\/wp\/#\/schema\/logo\/image\/","url":"https:\/\/www.sanjuandeportes.com\/wp\/wp-content\/uploads\/unnamed.jpg","contentUrl":"https:\/\/www.sanjuandeportes.com\/wp\/wp-content\/uploads\/unnamed.jpg","width":900,"height":900,"caption":"San Juan Deportes"},"image":{"@id":"http:\/\/www.sanjuandeportes.com\/wp\/#\/schema\/logo\/image\/"},"sameAs":["https:\/\/www.facebook.com\/sanjuandeportesok","https:\/\/x.com\/SanJuanDeportes","https:\/\/www.instagram.com\/sanjuandeportes"]},{"@type":"Person","@id":"http:\/\/www.sanjuandeportes.com\/wp\/#\/schema\/person\/eda4d8e62a5d42b111781e3cdfcb9c3a","name":"Pablo Pujado","image":{"@type":"ImageObject","inLanguage":"es","@id":"https:\/\/secure.gravatar.com\/avatar\/310b69d28112912c333408a462a9837208de951b1e7c11514781740412f648b1?s=96&d=mm&r=g","url":"https:\/\/secure.gravatar.com\/avatar\/310b69d28112912c333408a462a9837208de951b1e7c11514781740412f648b1?s=96&d=mm&r=g","contentUrl":"https:\/\/secure.gravatar.com\/avatar\/310b69d28112912c333408a462a9837208de951b1e7c11514781740412f648b1?s=96&d=mm&r=g","caption":"Pablo Pujado"},"url":"https:\/\/www.sanjuandeportes.com\/wp\/author\/pablo-pujado\/"}]}},"_links":{"self":[{"href":"https:\/\/www.sanjuandeportes.com\/wp\/wp-json\/wp\/v2\/posts\/6067","targetHints":{"allow":["GET"]}}],"collection":[{"href":"https:\/\/www.sanjuandeportes.com\/wp\/wp-json\/wp\/v2\/posts"}],"about":[{"href":"https:\/\/www.sanjuandeportes.com\/wp\/wp-json\/wp\/v2\/types\/post"}],"author":[{"embeddable":true,"href":"https:\/\/www.sanjuandeportes.com\/wp\/wp-json\/wp\/v2\/users\/5"}],"replies":[{"embeddable":true,"href":"https:\/\/www.sanjuandeportes.com\/wp\/wp-json\/wp\/v2\/comments?post=6067"}],"version-history":[{"count":1,"href":"https:\/\/www.sanjuandeportes.com\/wp\/wp-json\/wp\/v2\/posts\/6067\/revisions"}],"predecessor-version":[{"id":6069,"href":"https:\/\/www.sanjuandeportes.com\/wp\/wp-json\/wp\/v2\/posts\/6067\/revisions\/6069"}],"wp:featuredmedia":[{"embeddable":true,"href":"https:\/\/www.sanjuandeportes.com\/wp\/wp-json\/wp\/v2\/media\/6068"}],"wp:attachment":[{"href":"https:\/\/www.sanjuandeportes.com\/wp\/wp-json\/wp\/v2\/media?parent=6067"}],"wp:term":[{"taxonomy":"category","embeddable":true,"href":"https:\/\/www.sanjuandeportes.com\/wp\/wp-json\/wp\/v2\/categories?post=6067"},{"taxonomy":"post_tag","embeddable":true,"href":"https:\/\/www.sanjuandeportes.com\/wp\/wp-json\/wp\/v2\/tags?post=6067"}],"curies":[{"name":"wp","href":"https:\/\/api.w.org\/{rel}","templated":true}]}}