{"id":6110,"date":"2019-07-19T21:27:17","date_gmt":"2019-07-19T21:27:17","guid":{"rendered":"http:\/\/www.sanjuandeportes.com\/wp\/?p=6110"},"modified":"2019-07-19T21:27:17","modified_gmt":"2019-07-19T21:27:17","slug":"mateo-maldonado-sera-el-unico-argentino-en-el-campeonato-mundial-de-vela","status":"publish","type":"post","link":"https:\/\/www.sanjuandeportes.com\/wp\/2019\/07\/19\/mateo-maldonado-sera-el-unico-argentino-en-el-campeonato-mundial-de-vela\/","title":{"rendered":"Mateo Maldonado ser\u00e1 el \u00fanico argentino en el Campeonato Mundial de Vela"},"content":{"rendered":"<div class=\"itemImageBlock\">\n<div class=\"clr\">Una de las categor\u00edas m\u00e1s representadas a nivel internacional es l\u00e1ser radial. El atleta de la Secretar\u00eda de Deportes, Mateo Maldonado, viajar\u00e1 el jueves al Campeonato Mundial Sub 19 con sede en Kingston, Canad\u00e1, certamen que tendr\u00e1 lugar del 24 al 31 del mes corriente.<\/div>\n<\/div>\n<div class=\"itemFullText\">\n<p>A pesar de dar ventaja, ya que posee 16 a\u00f1os, Mateo se recuper\u00f3 a tiempo de una lesi\u00f3n\u00a0 en la rodilla derecha. Graciaa al intenso trabajo de todo el equipo multidisciplinario del programa de Alto Rendimiento, el representante de la provincia y el pa\u00eds, viaja muy bien preparado para afrontar su segundo Campeonato Mundial.<\/p>\n<p>El objetivo que se propuso es clasificar en la flota de plata que del 60 al 120, mejorando lo logrado en Kiel Alemania 2018, donde se ubic\u00f3 en la posici\u00f3n 18 de la flota esmeralda, logrando un destacado 5\u00b0 puesto en la general.<\/p>\n<p>Mateo entrenar\u00e1 cinco d\u00edas previos con el coach Argentino Agust\u00edn Ferrario, \u00a0ya que ser\u00e1 el \u00fanico argentino presente. Esto tambi\u00e9n se debe gracias a la pol\u00edtica deportiva del Gobierno de San Juan, a trav\u00e9s de la Secretar\u00eda de Deportes.<\/p>\n<p>Fuente: Si San Juan<\/p>\n<\/div>\n","protected":false},"excerpt":{"rendered":"<p>Una de las categor\u00edas m\u00e1s representadas a nivel internacional es l\u00e1ser radial. El atleta de la Secretar\u00eda de Deportes, Mateo Maldonado, viajar\u00e1 el jueves al Campeonato Mundial Sub 19 con sede en Kingston, Canad\u00e1, certamen que tendr\u00e1 lugar del 24 al 31 del mes corriente. A pesar de dar ventaja, ya que posee 16 a\u00f1os, [&hellip;]<\/p>\n","protected":false},"author":5,"featured_media":6111,"comment_status":"open","ping_status":"open","sticky":false,"template":"","format":"standard","meta":{"footnotes":""},"categories":[2,41,178],"tags":[567,569],"class_list":["post-6110","post","type-post","status-publish","format-standard","has-post-thumbnail","hentry","category-featured","category-polideportivo","category-san-juan","tag-mateo-maldonado","tag-vela"],"yoast_head":"<!-- This site is optimized with the Yoast SEO plugin v28.2 - https:\/\/yoast.com\/product\/yoast-seo-wordpress\/ -->\n<title>Mateo Maldonado ser\u00e1 el \u00fanico argentino en el Campeonato Mundial de Vela - San Juan Deportes<\/title>\n<meta name=\"robots\" content=\"index, follow, max-snippet:-1, max-image-preview:large, max-video-preview:-1\" \/>\n<link rel=\"canonical\" href=\"https:\/\/www.sanjuandeportes.com\/wp\/2019\/07\/19\/mateo-maldonado-sera-el-unico-argentino-en-el-campeonato-mundial-de-vela\/\" \/>\n<meta property=\"og:locale\" content=\"es_ES\" \/>\n<meta property=\"og:type\" content=\"article\" \/>\n<meta property=\"og:title\" content=\"Mateo Maldonado ser\u00e1 el \u00fanico argentino en el Campeonato Mundial de Vela - San Juan Deportes\" \/>\n<meta property=\"og:description\" content=\"Una de las categor\u00edas m\u00e1s representadas a nivel internacional es l\u00e1ser radial. El atleta de la Secretar\u00eda de Deportes, Mateo Maldonado, viajar\u00e1 el jueves al Campeonato Mundial Sub 19 con sede en Kingston, Canad\u00e1, certamen que tendr\u00e1 lugar del 24 al 31 del mes corriente. A pesar de dar ventaja, ya que posee 16 a\u00f1os, [&hellip;]\" \/>\n<meta property=\"og:url\" content=\"https:\/\/www.sanjuandeportes.com\/wp\/2019\/07\/19\/mateo-maldonado-sera-el-unico-argentino-en-el-campeonato-mundial-de-vela\/\" \/>\n<meta property=\"og:site_name\" content=\"San Juan Deportes\" \/>\n<meta property=\"article:publisher\" content=\"https:\/\/www.facebook.com\/sanjuandeportesok\" \/>\n<meta property=\"article:published_time\" content=\"2019-07-19T21:27:17+00:00\" \/>\n<meta property=\"og:image\" content=\"https:\/\/www.sanjuandeportes.com\/wp\/wp-content\/uploads\/2019\/07\/445ccc200acf2ffa3fc9c95815362ff8_L.jpg\" \/>\n\t<meta property=\"og:image:width\" content=\"782\" \/>\n\t<meta property=\"og:image:height\" content=\"460\" \/>\n\t<meta property=\"og:image:type\" content=\"image\/jpeg\" \/>\n<meta name=\"author\" content=\"Pablo Pujado\" \/>\n<meta name=\"twitter:card\" content=\"summary_large_image\" \/>\n<meta name=\"twitter:creator\" content=\"@SanJuanDeportes\" \/>\n<meta name=\"twitter:site\" content=\"@SanJuanDeportes\" \/>\n<meta name=\"twitter:label1\" content=\"Escrito por\" \/>\n\t<meta name=\"twitter:data1\" content=\"Pablo Pujado\" \/>\n\t<meta name=\"twitter:label2\" content=\"Tiempo de lectura\" \/>\n\t<meta name=\"twitter:data2\" content=\"1 minuto\" \/>\n<script type=\"application\/ld+json\" class=\"yoast-schema-graph\">{\"@context\":\"https:\\\/\\\/schema.org\",\"@graph\":[{\"@type\":\"Article\",\"@id\":\"https:\\\/\\\/www.sanjuandeportes.com\\\/wp\\\/2019\\\/07\\\/19\\\/mateo-maldonado-sera-el-unico-argentino-en-el-campeonato-mundial-de-vela\\\/#article\",\"isPartOf\":{\"@id\":\"https:\\\/\\\/www.sanjuandeportes.com\\\/wp\\\/2019\\\/07\\\/19\\\/mateo-maldonado-sera-el-unico-argentino-en-el-campeonato-mundial-de-vela\\\/\"},\"author\":{\"name\":\"Pablo Pujado\",\"@id\":\"http:\\\/\\\/www.sanjuandeportes.com\\\/wp\\\/#\\\/schema\\\/person\\\/eda4d8e62a5d42b111781e3cdfcb9c3a\"},\"headline\":\"Mateo Maldonado ser\u00e1 el \u00fanico argentino en el Campeonato Mundial de Vela\",\"datePublished\":\"2019-07-19T21:27:17+00:00\",\"mainEntityOfPage\":{\"@id\":\"https:\\\/\\\/www.sanjuandeportes.com\\\/wp\\\/2019\\\/07\\\/19\\\/mateo-maldonado-sera-el-unico-argentino-en-el-campeonato-mundial-de-vela\\\/\"},\"wordCount\":202,\"commentCount\":0,\"publisher\":{\"@id\":\"http:\\\/\\\/www.sanjuandeportes.com\\\/wp\\\/#organization\"},\"image\":{\"@id\":\"https:\\\/\\\/www.sanjuandeportes.com\\\/wp\\\/2019\\\/07\\\/19\\\/mateo-maldonado-sera-el-unico-argentino-en-el-campeonato-mundial-de-vela\\\/#primaryimage\"},\"thumbnailUrl\":\"https:\\\/\\\/www.sanjuandeportes.com\\\/wp\\\/wp-content\\\/uploads\\\/2019\\\/07\\\/445ccc200acf2ffa3fc9c95815362ff8_L.jpg\",\"keywords\":[\"Mateo Maldonado\",\"Vela\"],\"articleSection\":[\"Featured\",\"Polideportivo\",\"San Juan\"],\"inLanguage\":\"es\",\"potentialAction\":[{\"@type\":\"CommentAction\",\"name\":\"Comment\",\"target\":[\"https:\\\/\\\/www.sanjuandeportes.com\\\/wp\\\/2019\\\/07\\\/19\\\/mateo-maldonado-sera-el-unico-argentino-en-el-campeonato-mundial-de-vela\\\/#respond\"]}]},{\"@type\":\"WebPage\",\"@id\":\"https:\\\/\\\/www.sanjuandeportes.com\\\/wp\\\/2019\\\/07\\\/19\\\/mateo-maldonado-sera-el-unico-argentino-en-el-campeonato-mundial-de-vela\\\/\",\"url\":\"https:\\\/\\\/www.sanjuandeportes.com\\\/wp\\\/2019\\\/07\\\/19\\\/mateo-maldonado-sera-el-unico-argentino-en-el-campeonato-mundial-de-vela\\\/\",\"name\":\"Mateo Maldonado ser\u00e1 el \u00fanico argentino en el Campeonato Mundial de Vela - San Juan Deportes\",\"isPartOf\":{\"@id\":\"http:\\\/\\\/www.sanjuandeportes.com\\\/wp\\\/#website\"},\"primaryImageOfPage\":{\"@id\":\"https:\\\/\\\/www.sanjuandeportes.com\\\/wp\\\/2019\\\/07\\\/19\\\/mateo-maldonado-sera-el-unico-argentino-en-el-campeonato-mundial-de-vela\\\/#primaryimage\"},\"image\":{\"@id\":\"https:\\\/\\\/www.sanjuandeportes.com\\\/wp\\\/2019\\\/07\\\/19\\\/mateo-maldonado-sera-el-unico-argentino-en-el-campeonato-mundial-de-vela\\\/#primaryimage\"},\"thumbnailUrl\":\"https:\\\/\\\/www.sanjuandeportes.com\\\/wp\\\/wp-content\\\/uploads\\\/2019\\\/07\\\/445ccc200acf2ffa3fc9c95815362ff8_L.jpg\",\"datePublished\":\"2019-07-19T21:27:17+00:00\",\"breadcrumb\":{\"@id\":\"https:\\\/\\\/www.sanjuandeportes.com\\\/wp\\\/2019\\\/07\\\/19\\\/mateo-maldonado-sera-el-unico-argentino-en-el-campeonato-mundial-de-vela\\\/#breadcrumb\"},\"inLanguage\":\"es\",\"potentialAction\":[{\"@type\":\"ReadAction\",\"target\":[\"https:\\\/\\\/www.sanjuandeportes.com\\\/wp\\\/2019\\\/07\\\/19\\\/mateo-maldonado-sera-el-unico-argentino-en-el-campeonato-mundial-de-vela\\\/\"]}]},{\"@type\":\"ImageObject\",\"inLanguage\":\"es\",\"@id\":\"https:\\\/\\\/www.sanjuandeportes.com\\\/wp\\\/2019\\\/07\\\/19\\\/mateo-maldonado-sera-el-unico-argentino-en-el-campeonato-mundial-de-vela\\\/#primaryimage\",\"url\":\"https:\\\/\\\/www.sanjuandeportes.com\\\/wp\\\/wp-content\\\/uploads\\\/2019\\\/07\\\/445ccc200acf2ffa3fc9c95815362ff8_L.jpg\",\"contentUrl\":\"https:\\\/\\\/www.sanjuandeportes.com\\\/wp\\\/wp-content\\\/uploads\\\/2019\\\/07\\\/445ccc200acf2ffa3fc9c95815362ff8_L.jpg\",\"width\":782,\"height\":460},{\"@type\":\"BreadcrumbList\",\"@id\":\"https:\\\/\\\/www.sanjuandeportes.com\\\/wp\\\/2019\\\/07\\\/19\\\/mateo-maldonado-sera-el-unico-argentino-en-el-campeonato-mundial-de-vela\\\/#breadcrumb\",\"itemListElement\":[{\"@type\":\"ListItem\",\"position\":1,\"name\":\"Portada\",\"item\":\"http:\\\/\\\/www.sanjuandeportes.com\\\/wp\\\/\"},{\"@type\":\"ListItem\",\"position\":2,\"name\":\"Mateo Maldonado ser\u00e1 el \u00fanico argentino en el Campeonato Mundial de Vela\"}]},{\"@type\":\"WebSite\",\"@id\":\"http:\\\/\\\/www.sanjuandeportes.com\\\/wp\\\/#website\",\"url\":\"http:\\\/\\\/www.sanjuandeportes.com\\\/wp\\\/\",\"name\":\"San Juan Deportes\",\"description\":\"El sitio de deportes de la provincia de San Juan\",\"publisher\":{\"@id\":\"http:\\\/\\\/www.sanjuandeportes.com\\\/wp\\\/#organization\"},\"potentialAction\":[{\"@type\":\"SearchAction\",\"target\":{\"@type\":\"EntryPoint\",\"urlTemplate\":\"http:\\\/\\\/www.sanjuandeportes.com\\\/wp\\\/?s={search_term_string}\"},\"query-input\":{\"@type\":\"PropertyValueSpecification\",\"valueRequired\":true,\"valueName\":\"search_term_string\"}}],\"inLanguage\":\"es\"},{\"@type\":\"Organization\",\"@id\":\"http:\\\/\\\/www.sanjuandeportes.com\\\/wp\\\/#organization\",\"name\":\"San Juan Deportes\",\"url\":\"http:\\\/\\\/www.sanjuandeportes.com\\\/wp\\\/\",\"logo\":{\"@type\":\"ImageObject\",\"inLanguage\":\"es\",\"@id\":\"http:\\\/\\\/www.sanjuandeportes.com\\\/wp\\\/#\\\/schema\\\/logo\\\/image\\\/\",\"url\":\"https:\\\/\\\/www.sanjuandeportes.com\\\/wp\\\/wp-content\\\/uploads\\\/unnamed.jpg\",\"contentUrl\":\"https:\\\/\\\/www.sanjuandeportes.com\\\/wp\\\/wp-content\\\/uploads\\\/unnamed.jpg\",\"width\":900,\"height\":900,\"caption\":\"San Juan Deportes\"},\"image\":{\"@id\":\"http:\\\/\\\/www.sanjuandeportes.com\\\/wp\\\/#\\\/schema\\\/logo\\\/image\\\/\"},\"sameAs\":[\"https:\\\/\\\/www.facebook.com\\\/sanjuandeportesok\",\"https:\\\/\\\/x.com\\\/SanJuanDeportes\",\"https:\\\/\\\/www.instagram.com\\\/sanjuandeportes\"]},{\"@type\":\"Person\",\"@id\":\"http:\\\/\\\/www.sanjuandeportes.com\\\/wp\\\/#\\\/schema\\\/person\\\/eda4d8e62a5d42b111781e3cdfcb9c3a\",\"name\":\"Pablo Pujado\",\"image\":{\"@type\":\"ImageObject\",\"inLanguage\":\"es\",\"@id\":\"https:\\\/\\\/secure.gravatar.com\\\/avatar\\\/310b69d28112912c333408a462a9837208de951b1e7c11514781740412f648b1?s=96&d=mm&r=g\",\"url\":\"https:\\\/\\\/secure.gravatar.com\\\/avatar\\\/310b69d28112912c333408a462a9837208de951b1e7c11514781740412f648b1?s=96&d=mm&r=g\",\"contentUrl\":\"https:\\\/\\\/secure.gravatar.com\\\/avatar\\\/310b69d28112912c333408a462a9837208de951b1e7c11514781740412f648b1?s=96&d=mm&r=g\",\"caption\":\"Pablo Pujado\"},\"url\":\"https:\\\/\\\/www.sanjuandeportes.com\\\/wp\\\/author\\\/pablo-pujado\\\/\"}]}<\/script>\n<!-- \/ Yoast SEO plugin. -->","yoast_head_json":{"title":"Mateo Maldonado ser\u00e1 el \u00fanico argentino en el Campeonato Mundial de Vela - San Juan Deportes","robots":{"index":"index","follow":"follow","max-snippet":"max-snippet:-1","max-image-preview":"max-image-preview:large","max-video-preview":"max-video-preview:-1"},"canonical":"https:\/\/www.sanjuandeportes.com\/wp\/2019\/07\/19\/mateo-maldonado-sera-el-unico-argentino-en-el-campeonato-mundial-de-vela\/","og_locale":"es_ES","og_type":"article","og_title":"Mateo Maldonado ser\u00e1 el \u00fanico argentino en el Campeonato Mundial de Vela - San Juan Deportes","og_description":"Una de las categor\u00edas m\u00e1s representadas a nivel internacional es l\u00e1ser radial. El atleta de la Secretar\u00eda de Deportes, Mateo Maldonado, viajar\u00e1 el jueves al Campeonato Mundial Sub 19 con sede en Kingston, Canad\u00e1, certamen que tendr\u00e1 lugar del 24 al 31 del mes corriente. A pesar de dar ventaja, ya que posee 16 a\u00f1os, [&hellip;]","og_url":"https:\/\/www.sanjuandeportes.com\/wp\/2019\/07\/19\/mateo-maldonado-sera-el-unico-argentino-en-el-campeonato-mundial-de-vela\/","og_site_name":"San Juan Deportes","article_publisher":"https:\/\/www.facebook.com\/sanjuandeportesok","article_published_time":"2019-07-19T21:27:17+00:00","og_image":[{"width":782,"height":460,"url":"https:\/\/www.sanjuandeportes.com\/wp\/wp-content\/uploads\/2019\/07\/445ccc200acf2ffa3fc9c95815362ff8_L.jpg","type":"image\/jpeg"}],"author":"Pablo Pujado","twitter_card":"summary_large_image","twitter_creator":"@SanJuanDeportes","twitter_site":"@SanJuanDeportes","twitter_misc":{"Escrito por":"Pablo Pujado","Tiempo de lectura":"1 minuto"},"schema":{"@context":"https:\/\/schema.org","@graph":[{"@type":"Article","@id":"https:\/\/www.sanjuandeportes.com\/wp\/2019\/07\/19\/mateo-maldonado-sera-el-unico-argentino-en-el-campeonato-mundial-de-vela\/#article","isPartOf":{"@id":"https:\/\/www.sanjuandeportes.com\/wp\/2019\/07\/19\/mateo-maldonado-sera-el-unico-argentino-en-el-campeonato-mundial-de-vela\/"},"author":{"name":"Pablo Pujado","@id":"http:\/\/www.sanjuandeportes.com\/wp\/#\/schema\/person\/eda4d8e62a5d42b111781e3cdfcb9c3a"},"headline":"Mateo Maldonado ser\u00e1 el \u00fanico argentino en el Campeonato Mundial de Vela","datePublished":"2019-07-19T21:27:17+00:00","mainEntityOfPage":{"@id":"https:\/\/www.sanjuandeportes.com\/wp\/2019\/07\/19\/mateo-maldonado-sera-el-unico-argentino-en-el-campeonato-mundial-de-vela\/"},"wordCount":202,"commentCount":0,"publisher":{"@id":"http:\/\/www.sanjuandeportes.com\/wp\/#organization"},"image":{"@id":"https:\/\/www.sanjuandeportes.com\/wp\/2019\/07\/19\/mateo-maldonado-sera-el-unico-argentino-en-el-campeonato-mundial-de-vela\/#primaryimage"},"thumbnailUrl":"https:\/\/www.sanjuandeportes.com\/wp\/wp-content\/uploads\/2019\/07\/445ccc200acf2ffa3fc9c95815362ff8_L.jpg","keywords":["Mateo Maldonado","Vela"],"articleSection":["Featured","Polideportivo","San Juan"],"inLanguage":"es","potentialAction":[{"@type":"CommentAction","name":"Comment","target":["https:\/\/www.sanjuandeportes.com\/wp\/2019\/07\/19\/mateo-maldonado-sera-el-unico-argentino-en-el-campeonato-mundial-de-vela\/#respond"]}]},{"@type":"WebPage","@id":"https:\/\/www.sanjuandeportes.com\/wp\/2019\/07\/19\/mateo-maldonado-sera-el-unico-argentino-en-el-campeonato-mundial-de-vela\/","url":"https:\/\/www.sanjuandeportes.com\/wp\/2019\/07\/19\/mateo-maldonado-sera-el-unico-argentino-en-el-campeonato-mundial-de-vela\/","name":"Mateo Maldonado ser\u00e1 el \u00fanico argentino en el Campeonato Mundial de Vela - San Juan Deportes","isPartOf":{"@id":"http:\/\/www.sanjuandeportes.com\/wp\/#website"},"primaryImageOfPage":{"@id":"https:\/\/www.sanjuandeportes.com\/wp\/2019\/07\/19\/mateo-maldonado-sera-el-unico-argentino-en-el-campeonato-mundial-de-vela\/#primaryimage"},"image":{"@id":"https:\/\/www.sanjuandeportes.com\/wp\/2019\/07\/19\/mateo-maldonado-sera-el-unico-argentino-en-el-campeonato-mundial-de-vela\/#primaryimage"},"thumbnailUrl":"https:\/\/www.sanjuandeportes.com\/wp\/wp-content\/uploads\/2019\/07\/445ccc200acf2ffa3fc9c95815362ff8_L.jpg","datePublished":"2019-07-19T21:27:17+00:00","breadcrumb":{"@id":"https:\/\/www.sanjuandeportes.com\/wp\/2019\/07\/19\/mateo-maldonado-sera-el-unico-argentino-en-el-campeonato-mundial-de-vela\/#breadcrumb"},"inLanguage":"es","potentialAction":[{"@type":"ReadAction","target":["https:\/\/www.sanjuandeportes.com\/wp\/2019\/07\/19\/mateo-maldonado-sera-el-unico-argentino-en-el-campeonato-mundial-de-vela\/"]}]},{"@type":"ImageObject","inLanguage":"es","@id":"https:\/\/www.sanjuandeportes.com\/wp\/2019\/07\/19\/mateo-maldonado-sera-el-unico-argentino-en-el-campeonato-mundial-de-vela\/#primaryimage","url":"https:\/\/www.sanjuandeportes.com\/wp\/wp-content\/uploads\/2019\/07\/445ccc200acf2ffa3fc9c95815362ff8_L.jpg","contentUrl":"https:\/\/www.sanjuandeportes.com\/wp\/wp-content\/uploads\/2019\/07\/445ccc200acf2ffa3fc9c95815362ff8_L.jpg","width":782,"height":460},{"@type":"BreadcrumbList","@id":"https:\/\/www.sanjuandeportes.com\/wp\/2019\/07\/19\/mateo-maldonado-sera-el-unico-argentino-en-el-campeonato-mundial-de-vela\/#breadcrumb","itemListElement":[{"@type":"ListItem","position":1,"name":"Portada","item":"http:\/\/www.sanjuandeportes.com\/wp\/"},{"@type":"ListItem","position":2,"name":"Mateo Maldonado ser\u00e1 el \u00fanico argentino en el Campeonato Mundial de Vela"}]},{"@type":"WebSite","@id":"http:\/\/www.sanjuandeportes.com\/wp\/#website","url":"http:\/\/www.sanjuandeportes.com\/wp\/","name":"San Juan Deportes","description":"El sitio de deportes de la provincia de San Juan","publisher":{"@id":"http:\/\/www.sanjuandeportes.com\/wp\/#organization"},"potentialAction":[{"@type":"SearchAction","target":{"@type":"EntryPoint","urlTemplate":"http:\/\/www.sanjuandeportes.com\/wp\/?s={search_term_string}"},"query-input":{"@type":"PropertyValueSpecification","valueRequired":true,"valueName":"search_term_string"}}],"inLanguage":"es"},{"@type":"Organization","@id":"http:\/\/www.sanjuandeportes.com\/wp\/#organization","name":"San Juan Deportes","url":"http:\/\/www.sanjuandeportes.com\/wp\/","logo":{"@type":"ImageObject","inLanguage":"es","@id":"http:\/\/www.sanjuandeportes.com\/wp\/#\/schema\/logo\/image\/","url":"https:\/\/www.sanjuandeportes.com\/wp\/wp-content\/uploads\/unnamed.jpg","contentUrl":"https:\/\/www.sanjuandeportes.com\/wp\/wp-content\/uploads\/unnamed.jpg","width":900,"height":900,"caption":"San Juan Deportes"},"image":{"@id":"http:\/\/www.sanjuandeportes.com\/wp\/#\/schema\/logo\/image\/"},"sameAs":["https:\/\/www.facebook.com\/sanjuandeportesok","https:\/\/x.com\/SanJuanDeportes","https:\/\/www.instagram.com\/sanjuandeportes"]},{"@type":"Person","@id":"http:\/\/www.sanjuandeportes.com\/wp\/#\/schema\/person\/eda4d8e62a5d42b111781e3cdfcb9c3a","name":"Pablo Pujado","image":{"@type":"ImageObject","inLanguage":"es","@id":"https:\/\/secure.gravatar.com\/avatar\/310b69d28112912c333408a462a9837208de951b1e7c11514781740412f648b1?s=96&d=mm&r=g","url":"https:\/\/secure.gravatar.com\/avatar\/310b69d28112912c333408a462a9837208de951b1e7c11514781740412f648b1?s=96&d=mm&r=g","contentUrl":"https:\/\/secure.gravatar.com\/avatar\/310b69d28112912c333408a462a9837208de951b1e7c11514781740412f648b1?s=96&d=mm&r=g","caption":"Pablo Pujado"},"url":"https:\/\/www.sanjuandeportes.com\/wp\/author\/pablo-pujado\/"}]}},"_links":{"self":[{"href":"https:\/\/www.sanjuandeportes.com\/wp\/wp-json\/wp\/v2\/posts\/6110","targetHints":{"allow":["GET"]}}],"collection":[{"href":"https:\/\/www.sanjuandeportes.com\/wp\/wp-json\/wp\/v2\/posts"}],"about":[{"href":"https:\/\/www.sanjuandeportes.com\/wp\/wp-json\/wp\/v2\/types\/post"}],"author":[{"embeddable":true,"href":"https:\/\/www.sanjuandeportes.com\/wp\/wp-json\/wp\/v2\/users\/5"}],"replies":[{"embeddable":true,"href":"https:\/\/www.sanjuandeportes.com\/wp\/wp-json\/wp\/v2\/comments?post=6110"}],"version-history":[{"count":1,"href":"https:\/\/www.sanjuandeportes.com\/wp\/wp-json\/wp\/v2\/posts\/6110\/revisions"}],"predecessor-version":[{"id":6112,"href":"https:\/\/www.sanjuandeportes.com\/wp\/wp-json\/wp\/v2\/posts\/6110\/revisions\/6112"}],"wp:featuredmedia":[{"embeddable":true,"href":"https:\/\/www.sanjuandeportes.com\/wp\/wp-json\/wp\/v2\/media\/6111"}],"wp:attachment":[{"href":"https:\/\/www.sanjuandeportes.com\/wp\/wp-json\/wp\/v2\/media?parent=6110"}],"wp:term":[{"taxonomy":"category","embeddable":true,"href":"https:\/\/www.sanjuandeportes.com\/wp\/wp-json\/wp\/v2\/categories?post=6110"},{"taxonomy":"post_tag","embeddable":true,"href":"https:\/\/www.sanjuandeportes.com\/wp\/wp-json\/wp\/v2\/tags?post=6110"}],"curies":[{"name":"wp","href":"https:\/\/api.w.org\/{rel}","templated":true}]}}