{"id":6342,"date":"2019-08-02T14:22:13","date_gmt":"2019-08-02T14:22:13","guid":{"rendered":"http:\/\/www.sanjuandeportes.com\/wp\/?p=6342"},"modified":"2019-08-02T14:22:13","modified_gmt":"2019-08-02T14:22:13","slug":"tras-la-consagracion-de-atenas-asi-comienza-este-fin-de-semana-el-torneo-de-verano","status":"publish","type":"post","link":"https:\/\/www.sanjuandeportes.com\/wp\/2019\/08\/02\/tras-la-consagracion-de-atenas-asi-comienza-este-fin-de-semana-el-torneo-de-verano\/","title":{"rendered":"Tras la consagraci\u00f3n de Atenas, as\u00ed comienza este fin de semana el Torneo de Verano"},"content":{"rendered":"<p>Se program\u00f3 en Liga Sanjuanina de F\u00fatbol la primera fecha del Torneo de Verano del F\u00fatbol local. La fecha qued\u00f3 programada de la siguiente manera<\/p>\n<p><img decoding=\"async\" class=\"alignnone size-full wp-image-6343 lazyload\" data-src=\"http:\/\/www.sanjuandeportes.com\/wp\/wp-content\/uploads\/2019\/08\/67643745_2307643782836035_6318898122307141632_n.jpg\" alt=\"\" width=\"683\" height=\"960\" data-srcset=\"https:\/\/www.sanjuandeportes.com\/wp\/wp-content\/uploads\/2019\/08\/67643745_2307643782836035_6318898122307141632_n.jpg 683w, https:\/\/www.sanjuandeportes.com\/wp\/wp-content\/uploads\/2019\/08\/67643745_2307643782836035_6318898122307141632_n-213x300.jpg 213w, https:\/\/www.sanjuandeportes.com\/wp\/wp-content\/uploads\/2019\/08\/67643745_2307643782836035_6318898122307141632_n-299x420.jpg 299w\" data-sizes=\"(max-width: 683px) 100vw, 683px\" src=\"data:image\/svg+xml;base64,PHN2ZyB3aWR0aD0iMSIgaGVpZ2h0PSIxIiB4bWxucz0iaHR0cDovL3d3dy53My5vcmcvMjAwMC9zdmciPjwvc3ZnPg==\" style=\"--smush-placeholder-width: 683px; --smush-placeholder-aspect-ratio: 683\/960;\" \/><\/p>\n","protected":false},"excerpt":{"rendered":"<p>Se program\u00f3 en Liga Sanjuanina de F\u00fatbol la primera fecha del Torneo de Verano del F\u00fatbol local. La fecha qued\u00f3 programada de la siguiente manera<\/p>\n","protected":false},"author":5,"featured_media":4258,"comment_status":"open","ping_status":"open","sticky":false,"template":"","format":"standard","meta":{"footnotes":""},"categories":[2,24,178],"tags":[],"class_list":["post-6342","post","type-post","status-publish","format-standard","has-post-thumbnail","hentry","category-featured","category-futbol","category-san-juan"],"yoast_head":"<!-- This site is optimized with the Yoast SEO plugin v28.2 - https:\/\/yoast.com\/product\/yoast-seo-wordpress\/ -->\n<title>Tras la consagraci\u00f3n de Atenas, as\u00ed comienza este fin de semana el Torneo de Verano - San Juan Deportes<\/title>\n<meta name=\"robots\" content=\"index, follow, max-snippet:-1, max-image-preview:large, max-video-preview:-1\" \/>\n<link rel=\"canonical\" href=\"http:\/\/www.sanjuandeportes.com\/wp\/2019\/08\/02\/tras-la-consagracion-de-atenas-asi-comienza-este-fin-de-semana-el-torneo-de-verano\/\" \/>\n<meta property=\"og:locale\" content=\"es_ES\" \/>\n<meta property=\"og:type\" content=\"article\" \/>\n<meta property=\"og:title\" content=\"Tras la consagraci\u00f3n de Atenas, as\u00ed comienza este fin de semana el Torneo de Verano - San Juan Deportes\" \/>\n<meta property=\"og:description\" content=\"Se program\u00f3 en Liga Sanjuanina de F\u00fatbol la primera fecha del Torneo de Verano del F\u00fatbol local. La fecha qued\u00f3 programada de la siguiente manera\" \/>\n<meta property=\"og:url\" content=\"http:\/\/www.sanjuandeportes.com\/wp\/2019\/08\/02\/tras-la-consagracion-de-atenas-asi-comienza-este-fin-de-semana-el-torneo-de-verano\/\" \/>\n<meta property=\"og:site_name\" content=\"San Juan Deportes\" \/>\n<meta property=\"article:publisher\" content=\"https:\/\/www.facebook.com\/sanjuandeportesok\" \/>\n<meta property=\"article:published_time\" content=\"2019-08-02T14:22:13+00:00\" \/>\n<meta property=\"og:image\" content=\"http:\/\/www.sanjuandeportes.com\/wp\/wp-content\/uploads\/2019\/04\/56330955_2264658713776523_8694530158192754688_n.jpg\" \/>\n\t<meta property=\"og:image:width\" content=\"497\" \/>\n\t<meta property=\"og:image:height\" content=\"474\" \/>\n\t<meta property=\"og:image:type\" content=\"image\/jpeg\" \/>\n<meta name=\"author\" content=\"Pablo Pujado\" \/>\n<meta name=\"twitter:card\" content=\"summary_large_image\" \/>\n<meta name=\"twitter:creator\" content=\"@SanJuanDeportes\" \/>\n<meta name=\"twitter:site\" content=\"@SanJuanDeportes\" \/>\n<meta name=\"twitter:label1\" content=\"Escrito por\" \/>\n\t<meta name=\"twitter:data1\" content=\"Pablo Pujado\" \/>\n<script type=\"application\/ld+json\" class=\"yoast-schema-graph\">{\"@context\":\"https:\\\/\\\/schema.org\",\"@graph\":[{\"@type\":\"Article\",\"@id\":\"http:\\\/\\\/www.sanjuandeportes.com\\\/wp\\\/2019\\\/08\\\/02\\\/tras-la-consagracion-de-atenas-asi-comienza-este-fin-de-semana-el-torneo-de-verano\\\/#article\",\"isPartOf\":{\"@id\":\"http:\\\/\\\/www.sanjuandeportes.com\\\/wp\\\/2019\\\/08\\\/02\\\/tras-la-consagracion-de-atenas-asi-comienza-este-fin-de-semana-el-torneo-de-verano\\\/\"},\"author\":{\"name\":\"Pablo Pujado\",\"@id\":\"https:\\\/\\\/www.sanjuandeportes.com\\\/wp\\\/#\\\/schema\\\/person\\\/eda4d8e62a5d42b111781e3cdfcb9c3a\"},\"headline\":\"Tras la consagraci\u00f3n de Atenas, as\u00ed comienza este fin de semana el Torneo de Verano\",\"datePublished\":\"2019-08-02T14:22:13+00:00\",\"mainEntityOfPage\":{\"@id\":\"http:\\\/\\\/www.sanjuandeportes.com\\\/wp\\\/2019\\\/08\\\/02\\\/tras-la-consagracion-de-atenas-asi-comienza-este-fin-de-semana-el-torneo-de-verano\\\/\"},\"wordCount\":43,\"commentCount\":0,\"publisher\":{\"@id\":\"https:\\\/\\\/www.sanjuandeportes.com\\\/wp\\\/#organization\"},\"image\":{\"@id\":\"http:\\\/\\\/www.sanjuandeportes.com\\\/wp\\\/2019\\\/08\\\/02\\\/tras-la-consagracion-de-atenas-asi-comienza-este-fin-de-semana-el-torneo-de-verano\\\/#primaryimage\"},\"thumbnailUrl\":\"https:\\\/\\\/www.sanjuandeportes.com\\\/wp\\\/wp-content\\\/uploads\\\/2019\\\/04\\\/56330955_2264658713776523_8694530158192754688_n.jpg\",\"articleSection\":[\"Featured\",\"Futbol\",\"San Juan\"],\"inLanguage\":\"es\",\"potentialAction\":[{\"@type\":\"CommentAction\",\"name\":\"Comment\",\"target\":[\"http:\\\/\\\/www.sanjuandeportes.com\\\/wp\\\/2019\\\/08\\\/02\\\/tras-la-consagracion-de-atenas-asi-comienza-este-fin-de-semana-el-torneo-de-verano\\\/#respond\"]}]},{\"@type\":\"WebPage\",\"@id\":\"http:\\\/\\\/www.sanjuandeportes.com\\\/wp\\\/2019\\\/08\\\/02\\\/tras-la-consagracion-de-atenas-asi-comienza-este-fin-de-semana-el-torneo-de-verano\\\/\",\"url\":\"http:\\\/\\\/www.sanjuandeportes.com\\\/wp\\\/2019\\\/08\\\/02\\\/tras-la-consagracion-de-atenas-asi-comienza-este-fin-de-semana-el-torneo-de-verano\\\/\",\"name\":\"Tras la consagraci\u00f3n de Atenas, as\u00ed comienza este fin de semana el Torneo de Verano - San Juan Deportes\",\"isPartOf\":{\"@id\":\"https:\\\/\\\/www.sanjuandeportes.com\\\/wp\\\/#website\"},\"primaryImageOfPage\":{\"@id\":\"http:\\\/\\\/www.sanjuandeportes.com\\\/wp\\\/2019\\\/08\\\/02\\\/tras-la-consagracion-de-atenas-asi-comienza-este-fin-de-semana-el-torneo-de-verano\\\/#primaryimage\"},\"image\":{\"@id\":\"http:\\\/\\\/www.sanjuandeportes.com\\\/wp\\\/2019\\\/08\\\/02\\\/tras-la-consagracion-de-atenas-asi-comienza-este-fin-de-semana-el-torneo-de-verano\\\/#primaryimage\"},\"thumbnailUrl\":\"https:\\\/\\\/www.sanjuandeportes.com\\\/wp\\\/wp-content\\\/uploads\\\/2019\\\/04\\\/56330955_2264658713776523_8694530158192754688_n.jpg\",\"datePublished\":\"2019-08-02T14:22:13+00:00\",\"breadcrumb\":{\"@id\":\"http:\\\/\\\/www.sanjuandeportes.com\\\/wp\\\/2019\\\/08\\\/02\\\/tras-la-consagracion-de-atenas-asi-comienza-este-fin-de-semana-el-torneo-de-verano\\\/#breadcrumb\"},\"inLanguage\":\"es\",\"potentialAction\":[{\"@type\":\"ReadAction\",\"target\":[\"http:\\\/\\\/www.sanjuandeportes.com\\\/wp\\\/2019\\\/08\\\/02\\\/tras-la-consagracion-de-atenas-asi-comienza-este-fin-de-semana-el-torneo-de-verano\\\/\"]}]},{\"@type\":\"ImageObject\",\"inLanguage\":\"es\",\"@id\":\"http:\\\/\\\/www.sanjuandeportes.com\\\/wp\\\/2019\\\/08\\\/02\\\/tras-la-consagracion-de-atenas-asi-comienza-este-fin-de-semana-el-torneo-de-verano\\\/#primaryimage\",\"url\":\"https:\\\/\\\/www.sanjuandeportes.com\\\/wp\\\/wp-content\\\/uploads\\\/2019\\\/04\\\/56330955_2264658713776523_8694530158192754688_n.jpg\",\"contentUrl\":\"https:\\\/\\\/www.sanjuandeportes.com\\\/wp\\\/wp-content\\\/uploads\\\/2019\\\/04\\\/56330955_2264658713776523_8694530158192754688_n.jpg\",\"width\":497,\"height\":474},{\"@type\":\"BreadcrumbList\",\"@id\":\"http:\\\/\\\/www.sanjuandeportes.com\\\/wp\\\/2019\\\/08\\\/02\\\/tras-la-consagracion-de-atenas-asi-comienza-este-fin-de-semana-el-torneo-de-verano\\\/#breadcrumb\",\"itemListElement\":[{\"@type\":\"ListItem\",\"position\":1,\"name\":\"Portada\",\"item\":\"http:\\\/\\\/www.sanjuandeportes.com\\\/wp\\\/\"},{\"@type\":\"ListItem\",\"position\":2,\"name\":\"Tras la consagraci\u00f3n de Atenas, as\u00ed comienza este fin de semana el Torneo de Verano\"}]},{\"@type\":\"WebSite\",\"@id\":\"https:\\\/\\\/www.sanjuandeportes.com\\\/wp\\\/#website\",\"url\":\"https:\\\/\\\/www.sanjuandeportes.com\\\/wp\\\/\",\"name\":\"San Juan Deportes\",\"description\":\"El sitio de deportes de la provincia de San Juan\",\"publisher\":{\"@id\":\"https:\\\/\\\/www.sanjuandeportes.com\\\/wp\\\/#organization\"},\"potentialAction\":[{\"@type\":\"SearchAction\",\"target\":{\"@type\":\"EntryPoint\",\"urlTemplate\":\"https:\\\/\\\/www.sanjuandeportes.com\\\/wp\\\/?s={search_term_string}\"},\"query-input\":{\"@type\":\"PropertyValueSpecification\",\"valueRequired\":true,\"valueName\":\"search_term_string\"}}],\"inLanguage\":\"es\"},{\"@type\":\"Organization\",\"@id\":\"https:\\\/\\\/www.sanjuandeportes.com\\\/wp\\\/#organization\",\"name\":\"San Juan Deportes\",\"url\":\"https:\\\/\\\/www.sanjuandeportes.com\\\/wp\\\/\",\"logo\":{\"@type\":\"ImageObject\",\"inLanguage\":\"es\",\"@id\":\"https:\\\/\\\/www.sanjuandeportes.com\\\/wp\\\/#\\\/schema\\\/logo\\\/image\\\/\",\"url\":\"https:\\\/\\\/www.sanjuandeportes.com\\\/wp\\\/wp-content\\\/uploads\\\/unnamed.jpg\",\"contentUrl\":\"https:\\\/\\\/www.sanjuandeportes.com\\\/wp\\\/wp-content\\\/uploads\\\/unnamed.jpg\",\"width\":900,\"height\":900,\"caption\":\"San Juan Deportes\"},\"image\":{\"@id\":\"https:\\\/\\\/www.sanjuandeportes.com\\\/wp\\\/#\\\/schema\\\/logo\\\/image\\\/\"},\"sameAs\":[\"https:\\\/\\\/www.facebook.com\\\/sanjuandeportesok\",\"https:\\\/\\\/x.com\\\/SanJuanDeportes\",\"https:\\\/\\\/www.instagram.com\\\/sanjuandeportes\"]},{\"@type\":\"Person\",\"@id\":\"https:\\\/\\\/www.sanjuandeportes.com\\\/wp\\\/#\\\/schema\\\/person\\\/eda4d8e62a5d42b111781e3cdfcb9c3a\",\"name\":\"Pablo Pujado\",\"image\":{\"@type\":\"ImageObject\",\"inLanguage\":\"es\",\"@id\":\"https:\\\/\\\/secure.gravatar.com\\\/avatar\\\/310b69d28112912c333408a462a9837208de951b1e7c11514781740412f648b1?s=96&d=mm&r=g\",\"url\":\"https:\\\/\\\/secure.gravatar.com\\\/avatar\\\/310b69d28112912c333408a462a9837208de951b1e7c11514781740412f648b1?s=96&d=mm&r=g\",\"contentUrl\":\"https:\\\/\\\/secure.gravatar.com\\\/avatar\\\/310b69d28112912c333408a462a9837208de951b1e7c11514781740412f648b1?s=96&d=mm&r=g\",\"caption\":\"Pablo Pujado\"},\"url\":\"https:\\\/\\\/www.sanjuandeportes.com\\\/wp\\\/author\\\/pablo-pujado\\\/\"}]}<\/script>\n<!-- \/ Yoast SEO plugin. -->","yoast_head_json":{"title":"Tras la consagraci\u00f3n de Atenas, as\u00ed comienza este fin de semana el Torneo de Verano - San Juan Deportes","robots":{"index":"index","follow":"follow","max-snippet":"max-snippet:-1","max-image-preview":"max-image-preview:large","max-video-preview":"max-video-preview:-1"},"canonical":"http:\/\/www.sanjuandeportes.com\/wp\/2019\/08\/02\/tras-la-consagracion-de-atenas-asi-comienza-este-fin-de-semana-el-torneo-de-verano\/","og_locale":"es_ES","og_type":"article","og_title":"Tras la consagraci\u00f3n de Atenas, as\u00ed comienza este fin de semana el Torneo de Verano - San Juan Deportes","og_description":"Se program\u00f3 en Liga Sanjuanina de F\u00fatbol la primera fecha del Torneo de Verano del F\u00fatbol local. La fecha qued\u00f3 programada de la siguiente manera","og_url":"http:\/\/www.sanjuandeportes.com\/wp\/2019\/08\/02\/tras-la-consagracion-de-atenas-asi-comienza-este-fin-de-semana-el-torneo-de-verano\/","og_site_name":"San Juan Deportes","article_publisher":"https:\/\/www.facebook.com\/sanjuandeportesok","article_published_time":"2019-08-02T14:22:13+00:00","og_image":[{"width":497,"height":474,"url":"http:\/\/www.sanjuandeportes.com\/wp\/wp-content\/uploads\/2019\/04\/56330955_2264658713776523_8694530158192754688_n.jpg","type":"image\/jpeg"}],"author":"Pablo Pujado","twitter_card":"summary_large_image","twitter_creator":"@SanJuanDeportes","twitter_site":"@SanJuanDeportes","twitter_misc":{"Escrito por":"Pablo Pujado"},"schema":{"@context":"https:\/\/schema.org","@graph":[{"@type":"Article","@id":"http:\/\/www.sanjuandeportes.com\/wp\/2019\/08\/02\/tras-la-consagracion-de-atenas-asi-comienza-este-fin-de-semana-el-torneo-de-verano\/#article","isPartOf":{"@id":"http:\/\/www.sanjuandeportes.com\/wp\/2019\/08\/02\/tras-la-consagracion-de-atenas-asi-comienza-este-fin-de-semana-el-torneo-de-verano\/"},"author":{"name":"Pablo Pujado","@id":"https:\/\/www.sanjuandeportes.com\/wp\/#\/schema\/person\/eda4d8e62a5d42b111781e3cdfcb9c3a"},"headline":"Tras la consagraci\u00f3n de Atenas, as\u00ed comienza este fin de semana el Torneo de Verano","datePublished":"2019-08-02T14:22:13+00:00","mainEntityOfPage":{"@id":"http:\/\/www.sanjuandeportes.com\/wp\/2019\/08\/02\/tras-la-consagracion-de-atenas-asi-comienza-este-fin-de-semana-el-torneo-de-verano\/"},"wordCount":43,"commentCount":0,"publisher":{"@id":"https:\/\/www.sanjuandeportes.com\/wp\/#organization"},"image":{"@id":"http:\/\/www.sanjuandeportes.com\/wp\/2019\/08\/02\/tras-la-consagracion-de-atenas-asi-comienza-este-fin-de-semana-el-torneo-de-verano\/#primaryimage"},"thumbnailUrl":"https:\/\/www.sanjuandeportes.com\/wp\/wp-content\/uploads\/2019\/04\/56330955_2264658713776523_8694530158192754688_n.jpg","articleSection":["Featured","Futbol","San Juan"],"inLanguage":"es","potentialAction":[{"@type":"CommentAction","name":"Comment","target":["http:\/\/www.sanjuandeportes.com\/wp\/2019\/08\/02\/tras-la-consagracion-de-atenas-asi-comienza-este-fin-de-semana-el-torneo-de-verano\/#respond"]}]},{"@type":"WebPage","@id":"http:\/\/www.sanjuandeportes.com\/wp\/2019\/08\/02\/tras-la-consagracion-de-atenas-asi-comienza-este-fin-de-semana-el-torneo-de-verano\/","url":"http:\/\/www.sanjuandeportes.com\/wp\/2019\/08\/02\/tras-la-consagracion-de-atenas-asi-comienza-este-fin-de-semana-el-torneo-de-verano\/","name":"Tras la consagraci\u00f3n de Atenas, as\u00ed comienza este fin de semana el Torneo de Verano - San Juan Deportes","isPartOf":{"@id":"https:\/\/www.sanjuandeportes.com\/wp\/#website"},"primaryImageOfPage":{"@id":"http:\/\/www.sanjuandeportes.com\/wp\/2019\/08\/02\/tras-la-consagracion-de-atenas-asi-comienza-este-fin-de-semana-el-torneo-de-verano\/#primaryimage"},"image":{"@id":"http:\/\/www.sanjuandeportes.com\/wp\/2019\/08\/02\/tras-la-consagracion-de-atenas-asi-comienza-este-fin-de-semana-el-torneo-de-verano\/#primaryimage"},"thumbnailUrl":"https:\/\/www.sanjuandeportes.com\/wp\/wp-content\/uploads\/2019\/04\/56330955_2264658713776523_8694530158192754688_n.jpg","datePublished":"2019-08-02T14:22:13+00:00","breadcrumb":{"@id":"http:\/\/www.sanjuandeportes.com\/wp\/2019\/08\/02\/tras-la-consagracion-de-atenas-asi-comienza-este-fin-de-semana-el-torneo-de-verano\/#breadcrumb"},"inLanguage":"es","potentialAction":[{"@type":"ReadAction","target":["http:\/\/www.sanjuandeportes.com\/wp\/2019\/08\/02\/tras-la-consagracion-de-atenas-asi-comienza-este-fin-de-semana-el-torneo-de-verano\/"]}]},{"@type":"ImageObject","inLanguage":"es","@id":"http:\/\/www.sanjuandeportes.com\/wp\/2019\/08\/02\/tras-la-consagracion-de-atenas-asi-comienza-este-fin-de-semana-el-torneo-de-verano\/#primaryimage","url":"https:\/\/www.sanjuandeportes.com\/wp\/wp-content\/uploads\/2019\/04\/56330955_2264658713776523_8694530158192754688_n.jpg","contentUrl":"https:\/\/www.sanjuandeportes.com\/wp\/wp-content\/uploads\/2019\/04\/56330955_2264658713776523_8694530158192754688_n.jpg","width":497,"height":474},{"@type":"BreadcrumbList","@id":"http:\/\/www.sanjuandeportes.com\/wp\/2019\/08\/02\/tras-la-consagracion-de-atenas-asi-comienza-este-fin-de-semana-el-torneo-de-verano\/#breadcrumb","itemListElement":[{"@type":"ListItem","position":1,"name":"Portada","item":"http:\/\/www.sanjuandeportes.com\/wp\/"},{"@type":"ListItem","position":2,"name":"Tras la consagraci\u00f3n de Atenas, as\u00ed comienza este fin de semana el Torneo de Verano"}]},{"@type":"WebSite","@id":"https:\/\/www.sanjuandeportes.com\/wp\/#website","url":"https:\/\/www.sanjuandeportes.com\/wp\/","name":"San Juan Deportes","description":"El sitio de deportes de la provincia de San Juan","publisher":{"@id":"https:\/\/www.sanjuandeportes.com\/wp\/#organization"},"potentialAction":[{"@type":"SearchAction","target":{"@type":"EntryPoint","urlTemplate":"https:\/\/www.sanjuandeportes.com\/wp\/?s={search_term_string}"},"query-input":{"@type":"PropertyValueSpecification","valueRequired":true,"valueName":"search_term_string"}}],"inLanguage":"es"},{"@type":"Organization","@id":"https:\/\/www.sanjuandeportes.com\/wp\/#organization","name":"San Juan Deportes","url":"https:\/\/www.sanjuandeportes.com\/wp\/","logo":{"@type":"ImageObject","inLanguage":"es","@id":"https:\/\/www.sanjuandeportes.com\/wp\/#\/schema\/logo\/image\/","url":"https:\/\/www.sanjuandeportes.com\/wp\/wp-content\/uploads\/unnamed.jpg","contentUrl":"https:\/\/www.sanjuandeportes.com\/wp\/wp-content\/uploads\/unnamed.jpg","width":900,"height":900,"caption":"San Juan Deportes"},"image":{"@id":"https:\/\/www.sanjuandeportes.com\/wp\/#\/schema\/logo\/image\/"},"sameAs":["https:\/\/www.facebook.com\/sanjuandeportesok","https:\/\/x.com\/SanJuanDeportes","https:\/\/www.instagram.com\/sanjuandeportes"]},{"@type":"Person","@id":"https:\/\/www.sanjuandeportes.com\/wp\/#\/schema\/person\/eda4d8e62a5d42b111781e3cdfcb9c3a","name":"Pablo Pujado","image":{"@type":"ImageObject","inLanguage":"es","@id":"https:\/\/secure.gravatar.com\/avatar\/310b69d28112912c333408a462a9837208de951b1e7c11514781740412f648b1?s=96&d=mm&r=g","url":"https:\/\/secure.gravatar.com\/avatar\/310b69d28112912c333408a462a9837208de951b1e7c11514781740412f648b1?s=96&d=mm&r=g","contentUrl":"https:\/\/secure.gravatar.com\/avatar\/310b69d28112912c333408a462a9837208de951b1e7c11514781740412f648b1?s=96&d=mm&r=g","caption":"Pablo Pujado"},"url":"https:\/\/www.sanjuandeportes.com\/wp\/author\/pablo-pujado\/"}]}},"_links":{"self":[{"href":"https:\/\/www.sanjuandeportes.com\/wp\/wp-json\/wp\/v2\/posts\/6342","targetHints":{"allow":["GET"]}}],"collection":[{"href":"https:\/\/www.sanjuandeportes.com\/wp\/wp-json\/wp\/v2\/posts"}],"about":[{"href":"https:\/\/www.sanjuandeportes.com\/wp\/wp-json\/wp\/v2\/types\/post"}],"author":[{"embeddable":true,"href":"https:\/\/www.sanjuandeportes.com\/wp\/wp-json\/wp\/v2\/users\/5"}],"replies":[{"embeddable":true,"href":"https:\/\/www.sanjuandeportes.com\/wp\/wp-json\/wp\/v2\/comments?post=6342"}],"version-history":[{"count":1,"href":"https:\/\/www.sanjuandeportes.com\/wp\/wp-json\/wp\/v2\/posts\/6342\/revisions"}],"predecessor-version":[{"id":6344,"href":"https:\/\/www.sanjuandeportes.com\/wp\/wp-json\/wp\/v2\/posts\/6342\/revisions\/6344"}],"wp:featuredmedia":[{"embeddable":true,"href":"https:\/\/www.sanjuandeportes.com\/wp\/wp-json\/wp\/v2\/media\/4258"}],"wp:attachment":[{"href":"https:\/\/www.sanjuandeportes.com\/wp\/wp-json\/wp\/v2\/media?parent=6342"}],"wp:term":[{"taxonomy":"category","embeddable":true,"href":"https:\/\/www.sanjuandeportes.com\/wp\/wp-json\/wp\/v2\/categories?post=6342"},{"taxonomy":"post_tag","embeddable":true,"href":"https:\/\/www.sanjuandeportes.com\/wp\/wp-json\/wp\/v2\/tags?post=6342"}],"curies":[{"name":"wp","href":"https:\/\/api.w.org\/{rel}","templated":true}]}}