{"id":6350,"date":"2019-08-02T23:46:36","date_gmt":"2019-08-02T23:46:36","guid":{"rendered":"http:\/\/www.sanjuandeportes.com\/wp\/?p=6350"},"modified":"2019-08-02T23:46:36","modified_gmt":"2019-08-02T23:46:36","slug":"la-seleccion-de-voley-con-sanchez-jugara-la-semifinal-de-los-juegos-panamericanos","status":"publish","type":"post","link":"https:\/\/www.sanjuandeportes.com\/wp\/2019\/08\/02\/la-seleccion-de-voley-con-sanchez-jugara-la-semifinal-de-los-juegos-panamericanos\/","title":{"rendered":"La Selecci\u00f3n de V\u00f3ley con S\u00e1nchez, jugar\u00e1 la semifinal de los Juegos Panamericanos"},"content":{"rendered":"<p>Hoy por la tarde, la Selecci\u00f3n Argentina volvi\u00f3 a demostrar el gran nivel que est\u00e1 pasando en estos Juegos Panamericanos Lima 2019. Volvi\u00f3 a cosechar su tercera victoria por 3-0, en la misma cantidad de partidos jugados, de esta manera lidera el Grupo A. El sanjuanino Mat\u00edas S\u00e1nchez tuvo una gran actuaci\u00f3n desde su posici\u00f3n habitual, el armado, generando gran nivel de juego en sus compa\u00f1eros.<\/p>\n<p>Fue el triunfo m\u00e1s amplio de Argentina en cuanto a los marcadores: parciales de 25-18, 25-12 y 25-18, superadores respecto de las dos presentaciones previas, frente a Cuba y Per\u00fa.<\/p>\n<p>El mejor anotador albiceleste fue Luciano Palonsky, que desde el banco complet\u00f3 11 puntos. Uno menos sum\u00f3 Jan Mart\u00ednez, uno de los que jug\u00f3 todo el partido, mientras que el l\u00edder de goleo del encuentro estuvo en el equipo boricua: el punta Pablo Guzm\u00e1n, autor de 13 tantos.<\/p>\n<p>Como puntero del grupo, Argentina se medir\u00e1 en semifinales con el segundo del Grupo B, que puede ser el Chile dirigido por Daniel Nejamkin que meti\u00f3 d\u00edas atr\u00e1s un triunfazo ante Estados Unidos. La inc\u00f3gnita, y asimismo el horario de juego, se resolver\u00e1n al cierre del d\u00eda.<\/p>\n","protected":false},"excerpt":{"rendered":"<p>Hoy por la tarde, la Selecci\u00f3n Argentina volvi\u00f3 a demostrar el gran nivel que est\u00e1 pasando en estos Juegos Panamericanos Lima 2019. Volvi\u00f3 a cosechar su tercera victoria por 3-0, en la misma cantidad de partidos jugados, de esta manera lidera el Grupo A. El sanjuanino Mat\u00edas S\u00e1nchez tuvo una gran actuaci\u00f3n desde su posici\u00f3n [&hellip;]<\/p>\n","protected":false},"author":5,"featured_media":6315,"comment_status":"open","ping_status":"open","sticky":false,"template":"","format":"standard","meta":{"footnotes":""},"categories":[2,654,178,35,34],"tags":[636,167],"class_list":["post-6350","post","type-post","status-publish","format-standard","has-post-thumbnail","hentry","category-featured","category-juegos-panamerianos-2019","category-san-juan","category-seleccion-argentina","category-voley","tag-juegos-panamericanos","tag-voley"],"yoast_head":"<!-- This site is optimized with the Yoast SEO plugin v28.2 - https:\/\/yoast.com\/product\/yoast-seo-wordpress\/ -->\n<title>La Selecci\u00f3n de V\u00f3ley con S\u00e1nchez, jugar\u00e1 la semifinal de los Juegos Panamericanos - San Juan Deportes<\/title>\n<meta name=\"robots\" content=\"index, follow, max-snippet:-1, max-image-preview:large, max-video-preview:-1\" \/>\n<link rel=\"canonical\" href=\"https:\/\/www.sanjuandeportes.com\/wp\/2019\/08\/02\/la-seleccion-de-voley-con-sanchez-jugara-la-semifinal-de-los-juegos-panamericanos\/\" \/>\n<meta property=\"og:locale\" content=\"es_ES\" \/>\n<meta property=\"og:type\" content=\"article\" \/>\n<meta property=\"og:title\" content=\"La Selecci\u00f3n de V\u00f3ley con S\u00e1nchez, jugar\u00e1 la semifinal de los Juegos Panamericanos - San Juan Deportes\" \/>\n<meta property=\"og:description\" content=\"Hoy por la tarde, la Selecci\u00f3n Argentina volvi\u00f3 a demostrar el gran nivel que est\u00e1 pasando en estos Juegos Panamericanos Lima 2019. Volvi\u00f3 a cosechar su tercera victoria por 3-0, en la misma cantidad de partidos jugados, de esta manera lidera el Grupo A. El sanjuanino Mat\u00edas S\u00e1nchez tuvo una gran actuaci\u00f3n desde su posici\u00f3n [&hellip;]\" \/>\n<meta property=\"og:url\" content=\"https:\/\/www.sanjuandeportes.com\/wp\/2019\/08\/02\/la-seleccion-de-voley-con-sanchez-jugara-la-semifinal-de-los-juegos-panamericanos\/\" \/>\n<meta property=\"og:site_name\" content=\"San Juan Deportes\" \/>\n<meta property=\"article:publisher\" content=\"https:\/\/www.facebook.com\/sanjuandeportesok\" \/>\n<meta property=\"article:published_time\" content=\"2019-08-02T23:46:36+00:00\" \/>\n<meta property=\"og:image\" content=\"https:\/\/www.sanjuandeportes.com\/wp\/wp-content\/uploads\/2019\/07\/5089c9fe68a39d8b3be857100fd54e75_L.jpg\" \/>\n\t<meta property=\"og:image:width\" content=\"782\" \/>\n\t<meta property=\"og:image:height\" content=\"646\" \/>\n\t<meta property=\"og:image:type\" content=\"image\/jpeg\" \/>\n<meta name=\"author\" content=\"Pablo Pujado\" \/>\n<meta name=\"twitter:card\" content=\"summary_large_image\" \/>\n<meta name=\"twitter:creator\" content=\"@SanJuanDeportes\" \/>\n<meta name=\"twitter:site\" content=\"@SanJuanDeportes\" \/>\n<meta name=\"twitter:label1\" content=\"Escrito por\" \/>\n\t<meta name=\"twitter:data1\" content=\"Pablo Pujado\" \/>\n\t<meta name=\"twitter:label2\" content=\"Tiempo de lectura\" \/>\n\t<meta name=\"twitter:data2\" content=\"1 minuto\" \/>\n<script type=\"application\/ld+json\" class=\"yoast-schema-graph\">{\"@context\":\"https:\\\/\\\/schema.org\",\"@graph\":[{\"@type\":\"Article\",\"@id\":\"https:\\\/\\\/www.sanjuandeportes.com\\\/wp\\\/2019\\\/08\\\/02\\\/la-seleccion-de-voley-con-sanchez-jugara-la-semifinal-de-los-juegos-panamericanos\\\/#article\",\"isPartOf\":{\"@id\":\"https:\\\/\\\/www.sanjuandeportes.com\\\/wp\\\/2019\\\/08\\\/02\\\/la-seleccion-de-voley-con-sanchez-jugara-la-semifinal-de-los-juegos-panamericanos\\\/\"},\"author\":{\"name\":\"Pablo Pujado\",\"@id\":\"https:\\\/\\\/www.sanjuandeportes.com\\\/wp\\\/#\\\/schema\\\/person\\\/eda4d8e62a5d42b111781e3cdfcb9c3a\"},\"headline\":\"La Selecci\u00f3n de V\u00f3ley con S\u00e1nchez, jugar\u00e1 la semifinal de los Juegos Panamericanos\",\"datePublished\":\"2019-08-02T23:46:36+00:00\",\"mainEntityOfPage\":{\"@id\":\"https:\\\/\\\/www.sanjuandeportes.com\\\/wp\\\/2019\\\/08\\\/02\\\/la-seleccion-de-voley-con-sanchez-jugara-la-semifinal-de-los-juegos-panamericanos\\\/\"},\"wordCount\":219,\"commentCount\":0,\"publisher\":{\"@id\":\"https:\\\/\\\/www.sanjuandeportes.com\\\/wp\\\/#organization\"},\"image\":{\"@id\":\"https:\\\/\\\/www.sanjuandeportes.com\\\/wp\\\/2019\\\/08\\\/02\\\/la-seleccion-de-voley-con-sanchez-jugara-la-semifinal-de-los-juegos-panamericanos\\\/#primaryimage\"},\"thumbnailUrl\":\"https:\\\/\\\/www.sanjuandeportes.com\\\/wp\\\/wp-content\\\/uploads\\\/2019\\\/07\\\/5089c9fe68a39d8b3be857100fd54e75_L.jpg\",\"keywords\":[\"Juegos Panamericanos\",\"V\u00f3ley\"],\"articleSection\":[\"Featured\",\"Juegos Panamerianos 2019\",\"San Juan\",\"Selecci\u00f3n Argentina\",\"Voley\"],\"inLanguage\":\"es\",\"potentialAction\":[{\"@type\":\"CommentAction\",\"name\":\"Comment\",\"target\":[\"https:\\\/\\\/www.sanjuandeportes.com\\\/wp\\\/2019\\\/08\\\/02\\\/la-seleccion-de-voley-con-sanchez-jugara-la-semifinal-de-los-juegos-panamericanos\\\/#respond\"]}]},{\"@type\":\"WebPage\",\"@id\":\"https:\\\/\\\/www.sanjuandeportes.com\\\/wp\\\/2019\\\/08\\\/02\\\/la-seleccion-de-voley-con-sanchez-jugara-la-semifinal-de-los-juegos-panamericanos\\\/\",\"url\":\"https:\\\/\\\/www.sanjuandeportes.com\\\/wp\\\/2019\\\/08\\\/02\\\/la-seleccion-de-voley-con-sanchez-jugara-la-semifinal-de-los-juegos-panamericanos\\\/\",\"name\":\"La Selecci\u00f3n de V\u00f3ley con S\u00e1nchez, jugar\u00e1 la semifinal de los Juegos Panamericanos - San Juan Deportes\",\"isPartOf\":{\"@id\":\"https:\\\/\\\/www.sanjuandeportes.com\\\/wp\\\/#website\"},\"primaryImageOfPage\":{\"@id\":\"https:\\\/\\\/www.sanjuandeportes.com\\\/wp\\\/2019\\\/08\\\/02\\\/la-seleccion-de-voley-con-sanchez-jugara-la-semifinal-de-los-juegos-panamericanos\\\/#primaryimage\"},\"image\":{\"@id\":\"https:\\\/\\\/www.sanjuandeportes.com\\\/wp\\\/2019\\\/08\\\/02\\\/la-seleccion-de-voley-con-sanchez-jugara-la-semifinal-de-los-juegos-panamericanos\\\/#primaryimage\"},\"thumbnailUrl\":\"https:\\\/\\\/www.sanjuandeportes.com\\\/wp\\\/wp-content\\\/uploads\\\/2019\\\/07\\\/5089c9fe68a39d8b3be857100fd54e75_L.jpg\",\"datePublished\":\"2019-08-02T23:46:36+00:00\",\"breadcrumb\":{\"@id\":\"https:\\\/\\\/www.sanjuandeportes.com\\\/wp\\\/2019\\\/08\\\/02\\\/la-seleccion-de-voley-con-sanchez-jugara-la-semifinal-de-los-juegos-panamericanos\\\/#breadcrumb\"},\"inLanguage\":\"es\",\"potentialAction\":[{\"@type\":\"ReadAction\",\"target\":[\"https:\\\/\\\/www.sanjuandeportes.com\\\/wp\\\/2019\\\/08\\\/02\\\/la-seleccion-de-voley-con-sanchez-jugara-la-semifinal-de-los-juegos-panamericanos\\\/\"]}]},{\"@type\":\"ImageObject\",\"inLanguage\":\"es\",\"@id\":\"https:\\\/\\\/www.sanjuandeportes.com\\\/wp\\\/2019\\\/08\\\/02\\\/la-seleccion-de-voley-con-sanchez-jugara-la-semifinal-de-los-juegos-panamericanos\\\/#primaryimage\",\"url\":\"https:\\\/\\\/www.sanjuandeportes.com\\\/wp\\\/wp-content\\\/uploads\\\/2019\\\/07\\\/5089c9fe68a39d8b3be857100fd54e75_L.jpg\",\"contentUrl\":\"https:\\\/\\\/www.sanjuandeportes.com\\\/wp\\\/wp-content\\\/uploads\\\/2019\\\/07\\\/5089c9fe68a39d8b3be857100fd54e75_L.jpg\",\"width\":782,\"height\":646},{\"@type\":\"BreadcrumbList\",\"@id\":\"https:\\\/\\\/www.sanjuandeportes.com\\\/wp\\\/2019\\\/08\\\/02\\\/la-seleccion-de-voley-con-sanchez-jugara-la-semifinal-de-los-juegos-panamericanos\\\/#breadcrumb\",\"itemListElement\":[{\"@type\":\"ListItem\",\"position\":1,\"name\":\"Portada\",\"item\":\"http:\\\/\\\/www.sanjuandeportes.com\\\/wp\\\/\"},{\"@type\":\"ListItem\",\"position\":2,\"name\":\"La Selecci\u00f3n de V\u00f3ley con S\u00e1nchez, jugar\u00e1 la semifinal de los Juegos Panamericanos\"}]},{\"@type\":\"WebSite\",\"@id\":\"https:\\\/\\\/www.sanjuandeportes.com\\\/wp\\\/#website\",\"url\":\"https:\\\/\\\/www.sanjuandeportes.com\\\/wp\\\/\",\"name\":\"San Juan Deportes\",\"description\":\"El sitio de deportes de la provincia de San Juan\",\"publisher\":{\"@id\":\"https:\\\/\\\/www.sanjuandeportes.com\\\/wp\\\/#organization\"},\"potentialAction\":[{\"@type\":\"SearchAction\",\"target\":{\"@type\":\"EntryPoint\",\"urlTemplate\":\"https:\\\/\\\/www.sanjuandeportes.com\\\/wp\\\/?s={search_term_string}\"},\"query-input\":{\"@type\":\"PropertyValueSpecification\",\"valueRequired\":true,\"valueName\":\"search_term_string\"}}],\"inLanguage\":\"es\"},{\"@type\":\"Organization\",\"@id\":\"https:\\\/\\\/www.sanjuandeportes.com\\\/wp\\\/#organization\",\"name\":\"San Juan Deportes\",\"url\":\"https:\\\/\\\/www.sanjuandeportes.com\\\/wp\\\/\",\"logo\":{\"@type\":\"ImageObject\",\"inLanguage\":\"es\",\"@id\":\"https:\\\/\\\/www.sanjuandeportes.com\\\/wp\\\/#\\\/schema\\\/logo\\\/image\\\/\",\"url\":\"https:\\\/\\\/www.sanjuandeportes.com\\\/wp\\\/wp-content\\\/uploads\\\/unnamed.jpg\",\"contentUrl\":\"https:\\\/\\\/www.sanjuandeportes.com\\\/wp\\\/wp-content\\\/uploads\\\/unnamed.jpg\",\"width\":900,\"height\":900,\"caption\":\"San Juan Deportes\"},\"image\":{\"@id\":\"https:\\\/\\\/www.sanjuandeportes.com\\\/wp\\\/#\\\/schema\\\/logo\\\/image\\\/\"},\"sameAs\":[\"https:\\\/\\\/www.facebook.com\\\/sanjuandeportesok\",\"https:\\\/\\\/x.com\\\/SanJuanDeportes\",\"https:\\\/\\\/www.instagram.com\\\/sanjuandeportes\"]},{\"@type\":\"Person\",\"@id\":\"https:\\\/\\\/www.sanjuandeportes.com\\\/wp\\\/#\\\/schema\\\/person\\\/eda4d8e62a5d42b111781e3cdfcb9c3a\",\"name\":\"Pablo Pujado\",\"image\":{\"@type\":\"ImageObject\",\"inLanguage\":\"es\",\"@id\":\"https:\\\/\\\/secure.gravatar.com\\\/avatar\\\/310b69d28112912c333408a462a9837208de951b1e7c11514781740412f648b1?s=96&d=mm&r=g\",\"url\":\"https:\\\/\\\/secure.gravatar.com\\\/avatar\\\/310b69d28112912c333408a462a9837208de951b1e7c11514781740412f648b1?s=96&d=mm&r=g\",\"contentUrl\":\"https:\\\/\\\/secure.gravatar.com\\\/avatar\\\/310b69d28112912c333408a462a9837208de951b1e7c11514781740412f648b1?s=96&d=mm&r=g\",\"caption\":\"Pablo Pujado\"},\"url\":\"https:\\\/\\\/www.sanjuandeportes.com\\\/wp\\\/author\\\/pablo-pujado\\\/\"}]}<\/script>\n<!-- \/ Yoast SEO plugin. -->","yoast_head_json":{"title":"La Selecci\u00f3n de V\u00f3ley con S\u00e1nchez, jugar\u00e1 la semifinal de los Juegos Panamericanos - San Juan Deportes","robots":{"index":"index","follow":"follow","max-snippet":"max-snippet:-1","max-image-preview":"max-image-preview:large","max-video-preview":"max-video-preview:-1"},"canonical":"https:\/\/www.sanjuandeportes.com\/wp\/2019\/08\/02\/la-seleccion-de-voley-con-sanchez-jugara-la-semifinal-de-los-juegos-panamericanos\/","og_locale":"es_ES","og_type":"article","og_title":"La Selecci\u00f3n de V\u00f3ley con S\u00e1nchez, jugar\u00e1 la semifinal de los Juegos Panamericanos - San Juan Deportes","og_description":"Hoy por la tarde, la Selecci\u00f3n Argentina volvi\u00f3 a demostrar el gran nivel que est\u00e1 pasando en estos Juegos Panamericanos Lima 2019. Volvi\u00f3 a cosechar su tercera victoria por 3-0, en la misma cantidad de partidos jugados, de esta manera lidera el Grupo A. El sanjuanino Mat\u00edas S\u00e1nchez tuvo una gran actuaci\u00f3n desde su posici\u00f3n [&hellip;]","og_url":"https:\/\/www.sanjuandeportes.com\/wp\/2019\/08\/02\/la-seleccion-de-voley-con-sanchez-jugara-la-semifinal-de-los-juegos-panamericanos\/","og_site_name":"San Juan Deportes","article_publisher":"https:\/\/www.facebook.com\/sanjuandeportesok","article_published_time":"2019-08-02T23:46:36+00:00","og_image":[{"width":782,"height":646,"url":"https:\/\/www.sanjuandeportes.com\/wp\/wp-content\/uploads\/2019\/07\/5089c9fe68a39d8b3be857100fd54e75_L.jpg","type":"image\/jpeg"}],"author":"Pablo Pujado","twitter_card":"summary_large_image","twitter_creator":"@SanJuanDeportes","twitter_site":"@SanJuanDeportes","twitter_misc":{"Escrito por":"Pablo Pujado","Tiempo de lectura":"1 minuto"},"schema":{"@context":"https:\/\/schema.org","@graph":[{"@type":"Article","@id":"https:\/\/www.sanjuandeportes.com\/wp\/2019\/08\/02\/la-seleccion-de-voley-con-sanchez-jugara-la-semifinal-de-los-juegos-panamericanos\/#article","isPartOf":{"@id":"https:\/\/www.sanjuandeportes.com\/wp\/2019\/08\/02\/la-seleccion-de-voley-con-sanchez-jugara-la-semifinal-de-los-juegos-panamericanos\/"},"author":{"name":"Pablo Pujado","@id":"https:\/\/www.sanjuandeportes.com\/wp\/#\/schema\/person\/eda4d8e62a5d42b111781e3cdfcb9c3a"},"headline":"La Selecci\u00f3n de V\u00f3ley con S\u00e1nchez, jugar\u00e1 la semifinal de los Juegos Panamericanos","datePublished":"2019-08-02T23:46:36+00:00","mainEntityOfPage":{"@id":"https:\/\/www.sanjuandeportes.com\/wp\/2019\/08\/02\/la-seleccion-de-voley-con-sanchez-jugara-la-semifinal-de-los-juegos-panamericanos\/"},"wordCount":219,"commentCount":0,"publisher":{"@id":"https:\/\/www.sanjuandeportes.com\/wp\/#organization"},"image":{"@id":"https:\/\/www.sanjuandeportes.com\/wp\/2019\/08\/02\/la-seleccion-de-voley-con-sanchez-jugara-la-semifinal-de-los-juegos-panamericanos\/#primaryimage"},"thumbnailUrl":"https:\/\/www.sanjuandeportes.com\/wp\/wp-content\/uploads\/2019\/07\/5089c9fe68a39d8b3be857100fd54e75_L.jpg","keywords":["Juegos Panamericanos","V\u00f3ley"],"articleSection":["Featured","Juegos Panamerianos 2019","San Juan","Selecci\u00f3n Argentina","Voley"],"inLanguage":"es","potentialAction":[{"@type":"CommentAction","name":"Comment","target":["https:\/\/www.sanjuandeportes.com\/wp\/2019\/08\/02\/la-seleccion-de-voley-con-sanchez-jugara-la-semifinal-de-los-juegos-panamericanos\/#respond"]}]},{"@type":"WebPage","@id":"https:\/\/www.sanjuandeportes.com\/wp\/2019\/08\/02\/la-seleccion-de-voley-con-sanchez-jugara-la-semifinal-de-los-juegos-panamericanos\/","url":"https:\/\/www.sanjuandeportes.com\/wp\/2019\/08\/02\/la-seleccion-de-voley-con-sanchez-jugara-la-semifinal-de-los-juegos-panamericanos\/","name":"La Selecci\u00f3n de V\u00f3ley con S\u00e1nchez, jugar\u00e1 la semifinal de los Juegos Panamericanos - San Juan Deportes","isPartOf":{"@id":"https:\/\/www.sanjuandeportes.com\/wp\/#website"},"primaryImageOfPage":{"@id":"https:\/\/www.sanjuandeportes.com\/wp\/2019\/08\/02\/la-seleccion-de-voley-con-sanchez-jugara-la-semifinal-de-los-juegos-panamericanos\/#primaryimage"},"image":{"@id":"https:\/\/www.sanjuandeportes.com\/wp\/2019\/08\/02\/la-seleccion-de-voley-con-sanchez-jugara-la-semifinal-de-los-juegos-panamericanos\/#primaryimage"},"thumbnailUrl":"https:\/\/www.sanjuandeportes.com\/wp\/wp-content\/uploads\/2019\/07\/5089c9fe68a39d8b3be857100fd54e75_L.jpg","datePublished":"2019-08-02T23:46:36+00:00","breadcrumb":{"@id":"https:\/\/www.sanjuandeportes.com\/wp\/2019\/08\/02\/la-seleccion-de-voley-con-sanchez-jugara-la-semifinal-de-los-juegos-panamericanos\/#breadcrumb"},"inLanguage":"es","potentialAction":[{"@type":"ReadAction","target":["https:\/\/www.sanjuandeportes.com\/wp\/2019\/08\/02\/la-seleccion-de-voley-con-sanchez-jugara-la-semifinal-de-los-juegos-panamericanos\/"]}]},{"@type":"ImageObject","inLanguage":"es","@id":"https:\/\/www.sanjuandeportes.com\/wp\/2019\/08\/02\/la-seleccion-de-voley-con-sanchez-jugara-la-semifinal-de-los-juegos-panamericanos\/#primaryimage","url":"https:\/\/www.sanjuandeportes.com\/wp\/wp-content\/uploads\/2019\/07\/5089c9fe68a39d8b3be857100fd54e75_L.jpg","contentUrl":"https:\/\/www.sanjuandeportes.com\/wp\/wp-content\/uploads\/2019\/07\/5089c9fe68a39d8b3be857100fd54e75_L.jpg","width":782,"height":646},{"@type":"BreadcrumbList","@id":"https:\/\/www.sanjuandeportes.com\/wp\/2019\/08\/02\/la-seleccion-de-voley-con-sanchez-jugara-la-semifinal-de-los-juegos-panamericanos\/#breadcrumb","itemListElement":[{"@type":"ListItem","position":1,"name":"Portada","item":"http:\/\/www.sanjuandeportes.com\/wp\/"},{"@type":"ListItem","position":2,"name":"La Selecci\u00f3n de V\u00f3ley con S\u00e1nchez, jugar\u00e1 la semifinal de los Juegos Panamericanos"}]},{"@type":"WebSite","@id":"https:\/\/www.sanjuandeportes.com\/wp\/#website","url":"https:\/\/www.sanjuandeportes.com\/wp\/","name":"San Juan Deportes","description":"El sitio de deportes de la provincia de San Juan","publisher":{"@id":"https:\/\/www.sanjuandeportes.com\/wp\/#organization"},"potentialAction":[{"@type":"SearchAction","target":{"@type":"EntryPoint","urlTemplate":"https:\/\/www.sanjuandeportes.com\/wp\/?s={search_term_string}"},"query-input":{"@type":"PropertyValueSpecification","valueRequired":true,"valueName":"search_term_string"}}],"inLanguage":"es"},{"@type":"Organization","@id":"https:\/\/www.sanjuandeportes.com\/wp\/#organization","name":"San Juan Deportes","url":"https:\/\/www.sanjuandeportes.com\/wp\/","logo":{"@type":"ImageObject","inLanguage":"es","@id":"https:\/\/www.sanjuandeportes.com\/wp\/#\/schema\/logo\/image\/","url":"https:\/\/www.sanjuandeportes.com\/wp\/wp-content\/uploads\/unnamed.jpg","contentUrl":"https:\/\/www.sanjuandeportes.com\/wp\/wp-content\/uploads\/unnamed.jpg","width":900,"height":900,"caption":"San Juan Deportes"},"image":{"@id":"https:\/\/www.sanjuandeportes.com\/wp\/#\/schema\/logo\/image\/"},"sameAs":["https:\/\/www.facebook.com\/sanjuandeportesok","https:\/\/x.com\/SanJuanDeportes","https:\/\/www.instagram.com\/sanjuandeportes"]},{"@type":"Person","@id":"https:\/\/www.sanjuandeportes.com\/wp\/#\/schema\/person\/eda4d8e62a5d42b111781e3cdfcb9c3a","name":"Pablo Pujado","image":{"@type":"ImageObject","inLanguage":"es","@id":"https:\/\/secure.gravatar.com\/avatar\/310b69d28112912c333408a462a9837208de951b1e7c11514781740412f648b1?s=96&d=mm&r=g","url":"https:\/\/secure.gravatar.com\/avatar\/310b69d28112912c333408a462a9837208de951b1e7c11514781740412f648b1?s=96&d=mm&r=g","contentUrl":"https:\/\/secure.gravatar.com\/avatar\/310b69d28112912c333408a462a9837208de951b1e7c11514781740412f648b1?s=96&d=mm&r=g","caption":"Pablo Pujado"},"url":"https:\/\/www.sanjuandeportes.com\/wp\/author\/pablo-pujado\/"}]}},"_links":{"self":[{"href":"https:\/\/www.sanjuandeportes.com\/wp\/wp-json\/wp\/v2\/posts\/6350","targetHints":{"allow":["GET"]}}],"collection":[{"href":"https:\/\/www.sanjuandeportes.com\/wp\/wp-json\/wp\/v2\/posts"}],"about":[{"href":"https:\/\/www.sanjuandeportes.com\/wp\/wp-json\/wp\/v2\/types\/post"}],"author":[{"embeddable":true,"href":"https:\/\/www.sanjuandeportes.com\/wp\/wp-json\/wp\/v2\/users\/5"}],"replies":[{"embeddable":true,"href":"https:\/\/www.sanjuandeportes.com\/wp\/wp-json\/wp\/v2\/comments?post=6350"}],"version-history":[{"count":1,"href":"https:\/\/www.sanjuandeportes.com\/wp\/wp-json\/wp\/v2\/posts\/6350\/revisions"}],"predecessor-version":[{"id":6351,"href":"https:\/\/www.sanjuandeportes.com\/wp\/wp-json\/wp\/v2\/posts\/6350\/revisions\/6351"}],"wp:featuredmedia":[{"embeddable":true,"href":"https:\/\/www.sanjuandeportes.com\/wp\/wp-json\/wp\/v2\/media\/6315"}],"wp:attachment":[{"href":"https:\/\/www.sanjuandeportes.com\/wp\/wp-json\/wp\/v2\/media?parent=6350"}],"wp:term":[{"taxonomy":"category","embeddable":true,"href":"https:\/\/www.sanjuandeportes.com\/wp\/wp-json\/wp\/v2\/categories?post=6350"},{"taxonomy":"post_tag","embeddable":true,"href":"https:\/\/www.sanjuandeportes.com\/wp\/wp-json\/wp\/v2\/tags?post=6350"}],"curies":[{"name":"wp","href":"https:\/\/api.w.org\/{rel}","templated":true}]}}