{"id":7999,"date":"2019-11-12T22:58:48","date_gmt":"2019-11-12T22:58:48","guid":{"rendered":"http:\/\/www.sanjuandeportes.com\/wp\/?p=7999"},"modified":"2019-11-12T22:58:48","modified_gmt":"2019-11-12T22:58:48","slug":"river-ya-conoce-al-arbitro-para-la-final-de-la-libertadores","status":"publish","type":"post","link":"https:\/\/www.sanjuandeportes.com\/wp\/2019\/11\/12\/river-ya-conoce-al-arbitro-para-la-final-de-la-libertadores\/","title":{"rendered":"River ya conoce al \u00e1rbitro para la final de la Libertadores"},"content":{"rendered":"<p>El chileno Roberto Tobar fue designado hoy como \u00e1rbitro de la final de la\u00a0Copa Libertadores\u00a0de Am\u00e9rica 2019 que jugar\u00e1n\u00a0River Plate\u00a0y\u00a0Flamengo,\u00a0el 23 de noviembre pr\u00f3ximo en Lima, en una decisi\u00f3n que dio a conocer la Conmebol.<\/p>\n<p>Tobar, nacido hace 41 a\u00f1os en Santiago, Chile, ser\u00e1 el \u00e1rbitro principal de la final, asistido por sus compatriotas Christian Schiemann y Claudio Rojas, mientras que el VAR estar\u00e1 a cargo del colegiado peruano Diego Haro.<\/p>\n<p>El chileno dirigi\u00f3 partidos importantes durante el \u00faltimo a\u00f1o y es considerado por la Conmebol como uno de los tres mejores en Sudam\u00e9rica, por eso no extra\u00f1o su elecci\u00f3n para la definici\u00f3n de la Libertadores.<\/p>\n<p>Tobar dirigi\u00f3 la final de ida de la Libertadores 2018 entre Boca y River jugada en \u00abLa Bombonera\u00bb (2-2), la final de vuelta de la Sudamericana del mismo a\u00f1o, la revancha de la Recopa 2019, la final de la Copa Am\u00e9rica 2019 entre Brasil y Per\u00fa, y es casi un hecho que ir\u00e1 tambi\u00e9n al Mundial de Clubes.<\/p>\n","protected":false},"excerpt":{"rendered":"<p>El chileno Roberto Tobar fue designado hoy como \u00e1rbitro de la final de la\u00a0Copa Libertadores\u00a0de Am\u00e9rica 2019 que jugar\u00e1n\u00a0River Plate\u00a0y\u00a0Flamengo,\u00a0el 23 de noviembre pr\u00f3ximo en Lima, en una decisi\u00f3n que dio a conocer la Conmebol. Tobar, nacido hace 41 a\u00f1os en Santiago, Chile, ser\u00e1 el \u00e1rbitro principal de la final, asistido por sus compatriotas Christian [&hellip;]<\/p>\n","protected":false},"author":5,"featured_media":8000,"comment_status":"open","ping_status":"open","sticky":false,"template":"","format":"standard","meta":{"footnotes":""},"categories":[323,2,24],"tags":[124,919,61,937],"class_list":["post-7999","post","type-post","status-publish","format-standard","has-post-thumbnail","hentry","category-copa-libertadores","category-featured","category-futbol","tag-copa-libertadores","tag-flamengo","tag-river","tag-tobar"],"yoast_head":"<!-- This site is optimized with the Yoast SEO plugin v28.2 - https:\/\/yoast.com\/product\/yoast-seo-wordpress\/ -->\n<title>River ya conoce al \u00e1rbitro para la final de la Libertadores - San Juan Deportes<\/title>\n<meta name=\"robots\" content=\"index, follow, max-snippet:-1, max-image-preview:large, max-video-preview:-1\" \/>\n<link rel=\"canonical\" href=\"https:\/\/www.sanjuandeportes.com\/wp\/2019\/11\/12\/river-ya-conoce-al-arbitro-para-la-final-de-la-libertadores\/\" \/>\n<meta property=\"og:locale\" content=\"es_ES\" \/>\n<meta property=\"og:type\" content=\"article\" \/>\n<meta property=\"og:title\" content=\"River ya conoce al \u00e1rbitro para la final de la Libertadores - San Juan Deportes\" \/>\n<meta property=\"og:description\" content=\"El chileno Roberto Tobar fue designado hoy como \u00e1rbitro de la final de la\u00a0Copa Libertadores\u00a0de Am\u00e9rica 2019 que jugar\u00e1n\u00a0River Plate\u00a0y\u00a0Flamengo,\u00a0el 23 de noviembre pr\u00f3ximo en Lima, en una decisi\u00f3n que dio a conocer la Conmebol. Tobar, nacido hace 41 a\u00f1os en Santiago, Chile, ser\u00e1 el \u00e1rbitro principal de la final, asistido por sus compatriotas Christian [&hellip;]\" \/>\n<meta property=\"og:url\" content=\"https:\/\/www.sanjuandeportes.com\/wp\/2019\/11\/12\/river-ya-conoce-al-arbitro-para-la-final-de-la-libertadores\/\" \/>\n<meta property=\"og:site_name\" content=\"San Juan Deportes\" \/>\n<meta property=\"article:publisher\" content=\"https:\/\/www.facebook.com\/sanjuandeportesok\" \/>\n<meta property=\"article:published_time\" content=\"2019-11-12T22:58:48+00:00\" \/>\n<meta property=\"og:image\" content=\"https:\/\/www.sanjuandeportes.com\/wp\/wp-content\/uploads\/2019\/11\/1573571224283.jpg\" \/>\n\t<meta property=\"og:image:width\" content=\"1105\" \/>\n\t<meta property=\"og:image:height\" content=\"673\" \/>\n\t<meta property=\"og:image:type\" content=\"image\/jpeg\" \/>\n<meta name=\"author\" content=\"Pablo Pujado\" \/>\n<meta name=\"twitter:card\" content=\"summary_large_image\" \/>\n<meta name=\"twitter:creator\" content=\"@SanJuanDeportes\" \/>\n<meta name=\"twitter:site\" content=\"@SanJuanDeportes\" \/>\n<meta name=\"twitter:label1\" content=\"Escrito por\" \/>\n\t<meta name=\"twitter:data1\" content=\"Pablo Pujado\" \/>\n\t<meta name=\"twitter:label2\" content=\"Tiempo de lectura\" \/>\n\t<meta name=\"twitter:data2\" content=\"1 minuto\" \/>\n<script type=\"application\/ld+json\" class=\"yoast-schema-graph\">{\"@context\":\"https:\\\/\\\/schema.org\",\"@graph\":[{\"@type\":\"Article\",\"@id\":\"https:\\\/\\\/www.sanjuandeportes.com\\\/wp\\\/2019\\\/11\\\/12\\\/river-ya-conoce-al-arbitro-para-la-final-de-la-libertadores\\\/#article\",\"isPartOf\":{\"@id\":\"https:\\\/\\\/www.sanjuandeportes.com\\\/wp\\\/2019\\\/11\\\/12\\\/river-ya-conoce-al-arbitro-para-la-final-de-la-libertadores\\\/\"},\"author\":{\"name\":\"Pablo Pujado\",\"@id\":\"https:\\\/\\\/www.sanjuandeportes.com\\\/wp\\\/#\\\/schema\\\/person\\\/eda4d8e62a5d42b111781e3cdfcb9c3a\"},\"headline\":\"River ya conoce al \u00e1rbitro para la final de la Libertadores\",\"datePublished\":\"2019-11-12T22:58:48+00:00\",\"mainEntityOfPage\":{\"@id\":\"https:\\\/\\\/www.sanjuandeportes.com\\\/wp\\\/2019\\\/11\\\/12\\\/river-ya-conoce-al-arbitro-para-la-final-de-la-libertadores\\\/\"},\"wordCount\":188,\"commentCount\":0,\"publisher\":{\"@id\":\"https:\\\/\\\/www.sanjuandeportes.com\\\/wp\\\/#organization\"},\"image\":{\"@id\":\"https:\\\/\\\/www.sanjuandeportes.com\\\/wp\\\/2019\\\/11\\\/12\\\/river-ya-conoce-al-arbitro-para-la-final-de-la-libertadores\\\/#primaryimage\"},\"thumbnailUrl\":\"https:\\\/\\\/www.sanjuandeportes.com\\\/wp\\\/wp-content\\\/uploads\\\/2019\\\/11\\\/1573571224283.jpg\",\"keywords\":[\"Copa Libertadores\",\"Flamengo\",\"River\",\"Tobar\"],\"articleSection\":[\"Copa Libertadores\",\"Featured\",\"Futbol\"],\"inLanguage\":\"es\",\"potentialAction\":[{\"@type\":\"CommentAction\",\"name\":\"Comment\",\"target\":[\"https:\\\/\\\/www.sanjuandeportes.com\\\/wp\\\/2019\\\/11\\\/12\\\/river-ya-conoce-al-arbitro-para-la-final-de-la-libertadores\\\/#respond\"]}]},{\"@type\":\"WebPage\",\"@id\":\"https:\\\/\\\/www.sanjuandeportes.com\\\/wp\\\/2019\\\/11\\\/12\\\/river-ya-conoce-al-arbitro-para-la-final-de-la-libertadores\\\/\",\"url\":\"https:\\\/\\\/www.sanjuandeportes.com\\\/wp\\\/2019\\\/11\\\/12\\\/river-ya-conoce-al-arbitro-para-la-final-de-la-libertadores\\\/\",\"name\":\"River ya conoce al \u00e1rbitro para la final de la Libertadores - San Juan Deportes\",\"isPartOf\":{\"@id\":\"https:\\\/\\\/www.sanjuandeportes.com\\\/wp\\\/#website\"},\"primaryImageOfPage\":{\"@id\":\"https:\\\/\\\/www.sanjuandeportes.com\\\/wp\\\/2019\\\/11\\\/12\\\/river-ya-conoce-al-arbitro-para-la-final-de-la-libertadores\\\/#primaryimage\"},\"image\":{\"@id\":\"https:\\\/\\\/www.sanjuandeportes.com\\\/wp\\\/2019\\\/11\\\/12\\\/river-ya-conoce-al-arbitro-para-la-final-de-la-libertadores\\\/#primaryimage\"},\"thumbnailUrl\":\"https:\\\/\\\/www.sanjuandeportes.com\\\/wp\\\/wp-content\\\/uploads\\\/2019\\\/11\\\/1573571224283.jpg\",\"datePublished\":\"2019-11-12T22:58:48+00:00\",\"breadcrumb\":{\"@id\":\"https:\\\/\\\/www.sanjuandeportes.com\\\/wp\\\/2019\\\/11\\\/12\\\/river-ya-conoce-al-arbitro-para-la-final-de-la-libertadores\\\/#breadcrumb\"},\"inLanguage\":\"es\",\"potentialAction\":[{\"@type\":\"ReadAction\",\"target\":[\"https:\\\/\\\/www.sanjuandeportes.com\\\/wp\\\/2019\\\/11\\\/12\\\/river-ya-conoce-al-arbitro-para-la-final-de-la-libertadores\\\/\"]}]},{\"@type\":\"ImageObject\",\"inLanguage\":\"es\",\"@id\":\"https:\\\/\\\/www.sanjuandeportes.com\\\/wp\\\/2019\\\/11\\\/12\\\/river-ya-conoce-al-arbitro-para-la-final-de-la-libertadores\\\/#primaryimage\",\"url\":\"https:\\\/\\\/www.sanjuandeportes.com\\\/wp\\\/wp-content\\\/uploads\\\/2019\\\/11\\\/1573571224283.jpg\",\"contentUrl\":\"https:\\\/\\\/www.sanjuandeportes.com\\\/wp\\\/wp-content\\\/uploads\\\/2019\\\/11\\\/1573571224283.jpg\",\"width\":1105,\"height\":673},{\"@type\":\"BreadcrumbList\",\"@id\":\"https:\\\/\\\/www.sanjuandeportes.com\\\/wp\\\/2019\\\/11\\\/12\\\/river-ya-conoce-al-arbitro-para-la-final-de-la-libertadores\\\/#breadcrumb\",\"itemListElement\":[{\"@type\":\"ListItem\",\"position\":1,\"name\":\"Portada\",\"item\":\"http:\\\/\\\/www.sanjuandeportes.com\\\/wp\\\/\"},{\"@type\":\"ListItem\",\"position\":2,\"name\":\"River ya conoce al \u00e1rbitro para la final de la Libertadores\"}]},{\"@type\":\"WebSite\",\"@id\":\"https:\\\/\\\/www.sanjuandeportes.com\\\/wp\\\/#website\",\"url\":\"https:\\\/\\\/www.sanjuandeportes.com\\\/wp\\\/\",\"name\":\"San Juan Deportes\",\"description\":\"El sitio de deportes de la provincia de San Juan\",\"publisher\":{\"@id\":\"https:\\\/\\\/www.sanjuandeportes.com\\\/wp\\\/#organization\"},\"potentialAction\":[{\"@type\":\"SearchAction\",\"target\":{\"@type\":\"EntryPoint\",\"urlTemplate\":\"https:\\\/\\\/www.sanjuandeportes.com\\\/wp\\\/?s={search_term_string}\"},\"query-input\":{\"@type\":\"PropertyValueSpecification\",\"valueRequired\":true,\"valueName\":\"search_term_string\"}}],\"inLanguage\":\"es\"},{\"@type\":\"Organization\",\"@id\":\"https:\\\/\\\/www.sanjuandeportes.com\\\/wp\\\/#organization\",\"name\":\"San Juan Deportes\",\"url\":\"https:\\\/\\\/www.sanjuandeportes.com\\\/wp\\\/\",\"logo\":{\"@type\":\"ImageObject\",\"inLanguage\":\"es\",\"@id\":\"https:\\\/\\\/www.sanjuandeportes.com\\\/wp\\\/#\\\/schema\\\/logo\\\/image\\\/\",\"url\":\"https:\\\/\\\/www.sanjuandeportes.com\\\/wp\\\/wp-content\\\/uploads\\\/unnamed.jpg\",\"contentUrl\":\"https:\\\/\\\/www.sanjuandeportes.com\\\/wp\\\/wp-content\\\/uploads\\\/unnamed.jpg\",\"width\":900,\"height\":900,\"caption\":\"San Juan Deportes\"},\"image\":{\"@id\":\"https:\\\/\\\/www.sanjuandeportes.com\\\/wp\\\/#\\\/schema\\\/logo\\\/image\\\/\"},\"sameAs\":[\"https:\\\/\\\/www.facebook.com\\\/sanjuandeportesok\",\"https:\\\/\\\/x.com\\\/SanJuanDeportes\",\"https:\\\/\\\/www.instagram.com\\\/sanjuandeportes\"]},{\"@type\":\"Person\",\"@id\":\"https:\\\/\\\/www.sanjuandeportes.com\\\/wp\\\/#\\\/schema\\\/person\\\/eda4d8e62a5d42b111781e3cdfcb9c3a\",\"name\":\"Pablo Pujado\",\"image\":{\"@type\":\"ImageObject\",\"inLanguage\":\"es\",\"@id\":\"https:\\\/\\\/secure.gravatar.com\\\/avatar\\\/310b69d28112912c333408a462a9837208de951b1e7c11514781740412f648b1?s=96&d=mm&r=g\",\"url\":\"https:\\\/\\\/secure.gravatar.com\\\/avatar\\\/310b69d28112912c333408a462a9837208de951b1e7c11514781740412f648b1?s=96&d=mm&r=g\",\"contentUrl\":\"https:\\\/\\\/secure.gravatar.com\\\/avatar\\\/310b69d28112912c333408a462a9837208de951b1e7c11514781740412f648b1?s=96&d=mm&r=g\",\"caption\":\"Pablo Pujado\"},\"url\":\"https:\\\/\\\/www.sanjuandeportes.com\\\/wp\\\/author\\\/pablo-pujado\\\/\"}]}<\/script>\n<!-- \/ Yoast SEO plugin. -->","yoast_head_json":{"title":"River ya conoce al \u00e1rbitro para la final de la Libertadores - San Juan Deportes","robots":{"index":"index","follow":"follow","max-snippet":"max-snippet:-1","max-image-preview":"max-image-preview:large","max-video-preview":"max-video-preview:-1"},"canonical":"https:\/\/www.sanjuandeportes.com\/wp\/2019\/11\/12\/river-ya-conoce-al-arbitro-para-la-final-de-la-libertadores\/","og_locale":"es_ES","og_type":"article","og_title":"River ya conoce al \u00e1rbitro para la final de la Libertadores - San Juan Deportes","og_description":"El chileno Roberto Tobar fue designado hoy como \u00e1rbitro de la final de la\u00a0Copa Libertadores\u00a0de Am\u00e9rica 2019 que jugar\u00e1n\u00a0River Plate\u00a0y\u00a0Flamengo,\u00a0el 23 de noviembre pr\u00f3ximo en Lima, en una decisi\u00f3n que dio a conocer la Conmebol. Tobar, nacido hace 41 a\u00f1os en Santiago, Chile, ser\u00e1 el \u00e1rbitro principal de la final, asistido por sus compatriotas Christian [&hellip;]","og_url":"https:\/\/www.sanjuandeportes.com\/wp\/2019\/11\/12\/river-ya-conoce-al-arbitro-para-la-final-de-la-libertadores\/","og_site_name":"San Juan Deportes","article_publisher":"https:\/\/www.facebook.com\/sanjuandeportesok","article_published_time":"2019-11-12T22:58:48+00:00","og_image":[{"width":1105,"height":673,"url":"https:\/\/www.sanjuandeportes.com\/wp\/wp-content\/uploads\/2019\/11\/1573571224283.jpg","type":"image\/jpeg"}],"author":"Pablo Pujado","twitter_card":"summary_large_image","twitter_creator":"@SanJuanDeportes","twitter_site":"@SanJuanDeportes","twitter_misc":{"Escrito por":"Pablo Pujado","Tiempo de lectura":"1 minuto"},"schema":{"@context":"https:\/\/schema.org","@graph":[{"@type":"Article","@id":"https:\/\/www.sanjuandeportes.com\/wp\/2019\/11\/12\/river-ya-conoce-al-arbitro-para-la-final-de-la-libertadores\/#article","isPartOf":{"@id":"https:\/\/www.sanjuandeportes.com\/wp\/2019\/11\/12\/river-ya-conoce-al-arbitro-para-la-final-de-la-libertadores\/"},"author":{"name":"Pablo Pujado","@id":"https:\/\/www.sanjuandeportes.com\/wp\/#\/schema\/person\/eda4d8e62a5d42b111781e3cdfcb9c3a"},"headline":"River ya conoce al \u00e1rbitro para la final de la Libertadores","datePublished":"2019-11-12T22:58:48+00:00","mainEntityOfPage":{"@id":"https:\/\/www.sanjuandeportes.com\/wp\/2019\/11\/12\/river-ya-conoce-al-arbitro-para-la-final-de-la-libertadores\/"},"wordCount":188,"commentCount":0,"publisher":{"@id":"https:\/\/www.sanjuandeportes.com\/wp\/#organization"},"image":{"@id":"https:\/\/www.sanjuandeportes.com\/wp\/2019\/11\/12\/river-ya-conoce-al-arbitro-para-la-final-de-la-libertadores\/#primaryimage"},"thumbnailUrl":"https:\/\/www.sanjuandeportes.com\/wp\/wp-content\/uploads\/2019\/11\/1573571224283.jpg","keywords":["Copa Libertadores","Flamengo","River","Tobar"],"articleSection":["Copa Libertadores","Featured","Futbol"],"inLanguage":"es","potentialAction":[{"@type":"CommentAction","name":"Comment","target":["https:\/\/www.sanjuandeportes.com\/wp\/2019\/11\/12\/river-ya-conoce-al-arbitro-para-la-final-de-la-libertadores\/#respond"]}]},{"@type":"WebPage","@id":"https:\/\/www.sanjuandeportes.com\/wp\/2019\/11\/12\/river-ya-conoce-al-arbitro-para-la-final-de-la-libertadores\/","url":"https:\/\/www.sanjuandeportes.com\/wp\/2019\/11\/12\/river-ya-conoce-al-arbitro-para-la-final-de-la-libertadores\/","name":"River ya conoce al \u00e1rbitro para la final de la Libertadores - San Juan Deportes","isPartOf":{"@id":"https:\/\/www.sanjuandeportes.com\/wp\/#website"},"primaryImageOfPage":{"@id":"https:\/\/www.sanjuandeportes.com\/wp\/2019\/11\/12\/river-ya-conoce-al-arbitro-para-la-final-de-la-libertadores\/#primaryimage"},"image":{"@id":"https:\/\/www.sanjuandeportes.com\/wp\/2019\/11\/12\/river-ya-conoce-al-arbitro-para-la-final-de-la-libertadores\/#primaryimage"},"thumbnailUrl":"https:\/\/www.sanjuandeportes.com\/wp\/wp-content\/uploads\/2019\/11\/1573571224283.jpg","datePublished":"2019-11-12T22:58:48+00:00","breadcrumb":{"@id":"https:\/\/www.sanjuandeportes.com\/wp\/2019\/11\/12\/river-ya-conoce-al-arbitro-para-la-final-de-la-libertadores\/#breadcrumb"},"inLanguage":"es","potentialAction":[{"@type":"ReadAction","target":["https:\/\/www.sanjuandeportes.com\/wp\/2019\/11\/12\/river-ya-conoce-al-arbitro-para-la-final-de-la-libertadores\/"]}]},{"@type":"ImageObject","inLanguage":"es","@id":"https:\/\/www.sanjuandeportes.com\/wp\/2019\/11\/12\/river-ya-conoce-al-arbitro-para-la-final-de-la-libertadores\/#primaryimage","url":"https:\/\/www.sanjuandeportes.com\/wp\/wp-content\/uploads\/2019\/11\/1573571224283.jpg","contentUrl":"https:\/\/www.sanjuandeportes.com\/wp\/wp-content\/uploads\/2019\/11\/1573571224283.jpg","width":1105,"height":673},{"@type":"BreadcrumbList","@id":"https:\/\/www.sanjuandeportes.com\/wp\/2019\/11\/12\/river-ya-conoce-al-arbitro-para-la-final-de-la-libertadores\/#breadcrumb","itemListElement":[{"@type":"ListItem","position":1,"name":"Portada","item":"http:\/\/www.sanjuandeportes.com\/wp\/"},{"@type":"ListItem","position":2,"name":"River ya conoce al \u00e1rbitro para la final de la Libertadores"}]},{"@type":"WebSite","@id":"https:\/\/www.sanjuandeportes.com\/wp\/#website","url":"https:\/\/www.sanjuandeportes.com\/wp\/","name":"San Juan Deportes","description":"El sitio de deportes de la provincia de San Juan","publisher":{"@id":"https:\/\/www.sanjuandeportes.com\/wp\/#organization"},"potentialAction":[{"@type":"SearchAction","target":{"@type":"EntryPoint","urlTemplate":"https:\/\/www.sanjuandeportes.com\/wp\/?s={search_term_string}"},"query-input":{"@type":"PropertyValueSpecification","valueRequired":true,"valueName":"search_term_string"}}],"inLanguage":"es"},{"@type":"Organization","@id":"https:\/\/www.sanjuandeportes.com\/wp\/#organization","name":"San Juan Deportes","url":"https:\/\/www.sanjuandeportes.com\/wp\/","logo":{"@type":"ImageObject","inLanguage":"es","@id":"https:\/\/www.sanjuandeportes.com\/wp\/#\/schema\/logo\/image\/","url":"https:\/\/www.sanjuandeportes.com\/wp\/wp-content\/uploads\/unnamed.jpg","contentUrl":"https:\/\/www.sanjuandeportes.com\/wp\/wp-content\/uploads\/unnamed.jpg","width":900,"height":900,"caption":"San Juan Deportes"},"image":{"@id":"https:\/\/www.sanjuandeportes.com\/wp\/#\/schema\/logo\/image\/"},"sameAs":["https:\/\/www.facebook.com\/sanjuandeportesok","https:\/\/x.com\/SanJuanDeportes","https:\/\/www.instagram.com\/sanjuandeportes"]},{"@type":"Person","@id":"https:\/\/www.sanjuandeportes.com\/wp\/#\/schema\/person\/eda4d8e62a5d42b111781e3cdfcb9c3a","name":"Pablo Pujado","image":{"@type":"ImageObject","inLanguage":"es","@id":"https:\/\/secure.gravatar.com\/avatar\/310b69d28112912c333408a462a9837208de951b1e7c11514781740412f648b1?s=96&d=mm&r=g","url":"https:\/\/secure.gravatar.com\/avatar\/310b69d28112912c333408a462a9837208de951b1e7c11514781740412f648b1?s=96&d=mm&r=g","contentUrl":"https:\/\/secure.gravatar.com\/avatar\/310b69d28112912c333408a462a9837208de951b1e7c11514781740412f648b1?s=96&d=mm&r=g","caption":"Pablo Pujado"},"url":"https:\/\/www.sanjuandeportes.com\/wp\/author\/pablo-pujado\/"}]}},"_links":{"self":[{"href":"https:\/\/www.sanjuandeportes.com\/wp\/wp-json\/wp\/v2\/posts\/7999","targetHints":{"allow":["GET"]}}],"collection":[{"href":"https:\/\/www.sanjuandeportes.com\/wp\/wp-json\/wp\/v2\/posts"}],"about":[{"href":"https:\/\/www.sanjuandeportes.com\/wp\/wp-json\/wp\/v2\/types\/post"}],"author":[{"embeddable":true,"href":"https:\/\/www.sanjuandeportes.com\/wp\/wp-json\/wp\/v2\/users\/5"}],"replies":[{"embeddable":true,"href":"https:\/\/www.sanjuandeportes.com\/wp\/wp-json\/wp\/v2\/comments?post=7999"}],"version-history":[{"count":1,"href":"https:\/\/www.sanjuandeportes.com\/wp\/wp-json\/wp\/v2\/posts\/7999\/revisions"}],"predecessor-version":[{"id":8001,"href":"https:\/\/www.sanjuandeportes.com\/wp\/wp-json\/wp\/v2\/posts\/7999\/revisions\/8001"}],"wp:featuredmedia":[{"embeddable":true,"href":"https:\/\/www.sanjuandeportes.com\/wp\/wp-json\/wp\/v2\/media\/8000"}],"wp:attachment":[{"href":"https:\/\/www.sanjuandeportes.com\/wp\/wp-json\/wp\/v2\/media?parent=7999"}],"wp:term":[{"taxonomy":"category","embeddable":true,"href":"https:\/\/www.sanjuandeportes.com\/wp\/wp-json\/wp\/v2\/categories?post=7999"},{"taxonomy":"post_tag","embeddable":true,"href":"https:\/\/www.sanjuandeportes.com\/wp\/wp-json\/wp\/v2\/tags?post=7999"}],"curies":[{"name":"wp","href":"https:\/\/api.w.org\/{rel}","templated":true}]}}