{"id":821,"date":"2017-09-15T22:33:10","date_gmt":"2017-09-15T22:33:10","guid":{"rendered":"http:\/\/www.sanjuandeportes.com\/wp\/?p=821"},"modified":"2017-09-15T22:33:10","modified_gmt":"2017-09-15T22:33:10","slug":"el-fullback-sanjuanino-convocado-a-la-seleccion-juvenil","status":"publish","type":"post","link":"https:\/\/www.sanjuandeportes.com\/wp\/2017\/09\/15\/el-fullback-sanjuanino-convocado-a-la-seleccion-juvenil\/","title":{"rendered":"El fullback sanjuanino convocado a la Selecci\u00f3n Juvenil"},"content":{"rendered":"<p>Juan Pablo Castro del San Juan Rugby, volvi\u00f3 a ser llamado para la concentraci\u00f3n de la Selecci\u00f3n Juvenil albiceleste en la provincia de Buenos Aires.<\/p>\n<p>El pr\u00f3ximo d\u00eda lunes 18 de septiembre y por espacio de 4 jornadas se llevara a cabo una nueva Concentraci\u00f3n Nacional Juvenil. La misma se realizar\u00e1 en Buenos Aires y tendr\u00e1 un amplio plantel de jugadores involucrados.<\/p>\n<p>Esta CNJ tendr\u00e1 la participaci\u00f3n de cincuenta y un jugadores. Algunos estuvieron en la recientemente finalizada, llevada a cabo en Villa Carlos Paz, otros se incorporan por primera vez y en \u00e9sta oportunidad, se suman los jugadores que participaron del \u00faltimo World Rugby Championsip.<\/p>\n<p><img decoding=\"async\" class=\"wp-image-822 aligncenter lazyload\" data-src=\"http:\/\/www.sanjuandeportes.com\/wp\/wp-content\/uploads\/2017\/09\/21751792_1335720789888779_5066832926289714253_n-300x141.jpg\" alt=\"\" width=\"520\" height=\"245\" data-srcset=\"https:\/\/www.sanjuandeportes.com\/wp\/wp-content\/uploads\/2017\/09\/21751792_1335720789888779_5066832926289714253_n-300x141.jpg 300w, https:\/\/www.sanjuandeportes.com\/wp\/wp-content\/uploads\/2017\/09\/21751792_1335720789888779_5066832926289714253_n-768x360.jpg 768w, https:\/\/www.sanjuandeportes.com\/wp\/wp-content\/uploads\/2017\/09\/21751792_1335720789888779_5066832926289714253_n-696x326.jpg 696w, https:\/\/www.sanjuandeportes.com\/wp\/wp-content\/uploads\/2017\/09\/21751792_1335720789888779_5066832926289714253_n-896x420.jpg 896w, https:\/\/www.sanjuandeportes.com\/wp\/wp-content\/uploads\/2017\/09\/21751792_1335720789888779_5066832926289714253_n.jpg 960w\" data-sizes=\"(max-width: 520px) 100vw, 520px\" src=\"data:image\/svg+xml;base64,PHN2ZyB3aWR0aD0iMSIgaGVpZ2h0PSIxIiB4bWxucz0iaHR0cDovL3d3dy53My5vcmcvMjAwMC9zdmciPjwvc3ZnPg==\" style=\"--smush-placeholder-width: 520px; --smush-placeholder-aspect-ratio: 520\/245;\" \/><\/p>\n<p>Jugador Puesto Club Uni\u00f3n<br \/>\n1 Rodrigo Mart\u00ednez Pilar Los Tordos Cuyo<br \/>\n2 Manuel Stuchetti Pilar Pueyrred\u00f3n URBA<br \/>\n3 Ivan Nemer Pilar Sporting Mar del Plata<br \/>\n4 Ezequiel Mart\u00ednez Pilar Marabunta Alto Valle<br \/>\n5 Leonel Oviedo Hooker C\u00f3rdoba Athletic Cordobesa<br \/>\n6 Nicol\u00e1s Sosa Hooker Alumni URBA<br \/>\n7 Joaqu\u00edn Horcada Hooker GER Rosario<br \/>\n8 Nicol\u00e1s Ju\u00e1rez Aro Hooker Los Tarcos Tucum\u00e1n<br \/>\n9 Drago Miloslavich Pilar Santiago RC Santiague\u00f1a<br \/>\n10 Agust\u00edn Torello Pilar San Luis URBA<br \/>\n11 Mayco Vivas Pilar Atl\u00e9tico del Rosario URBA<br \/>\n12 Agust\u00edn Mansilla Pilar Universitario Tucum\u00e1n<br \/>\n13 Tom\u00e1s Mattar 2da L\u00ednea Pueyrred\u00f3n URBA<br \/>\n14 Nicol\u00e1s Walker 2da L\u00ednea Curupayt\u00ed URBA<br \/>\n15 Lucas Paulos 2da L\u00ednea Olivos URBA<br \/>\n16 Federico Lavanini 2da L\u00ednea Hind\u00fa URBA<br \/>\n17 Santiago Vasolo 3ra L\u00ednea Alumni URBA<br \/>\n18 Agust\u00edn Medrano 3ra L\u00ednea Regatas Bella Vista URBA<br \/>\n19 Joaqu\u00edn de la Vega 3ra L\u00ednea Newman URBA<br \/>\n20 Nicanor Minoldo 3ra L\u00ednea Jockey Club Rosario<br \/>\n21 Ignacio Gandini 3ra L\u00ednea Duendes Rosario<br \/>\n22 Luciano Guti\u00e9rrez 3ra L\u00ednea CPBM Cuyo<br \/>\n23 Rodrigo Fern\u00e1ndez Criado 3ra L\u00ednea Sporting Mar del Plata<br \/>\n24 Santiago Grondona 3ra L\u00ednea Champagnat URBA<br \/>\n25 Juan Ignacio Molina 3ra L\u00ednea Uni\u00f3n del Sur Mar del Plata<br \/>\n26 Santiago Ruiz 3ra L\u00ednea Regatas Bella Vista URBA<br \/>\n27 Alfonso Zottola 3ra L\u00ednea Ur\u00fa Cur\u00e9 Cordobesa<br \/>\n28 Juan Bautista Pedemonte 3ra L\u00ednea Santiago Lawn Tennis Santiague\u00f1a<br \/>\n29 Sim\u00f3n Ben\u00edtez Cruz Medioscrum CUBA URBA<br \/>\n30 Eliseo Morales Abraham Medioscrum Universitario Salta<br \/>\n31 Lucas Marguery Medioscrum Newman URBA<br \/>\n32 J. Cruz Rodr\u00edguez Herrera Medioscrum Belgrano Athletic URBA<br \/>\n33 Ignacio Dogliani Apertura Jockey Club Rosario<br \/>\n34 Juan Bautista Daireaux Apertura Newman URBA<br \/>\n35 Joaqu\u00edn de la Vega Mend\u00eda Apertura Hind\u00fa URBA<br \/>\n36 Santiago Gilligan Apertura Liceo Naval URBA<br \/>\n37 Mateo Carreras Wing Los Tarcos Tucum\u00e1n<br \/>\n38 Santiago Chocobares Centro Duendes Rosario<br \/>\n39 Facundo Ferrario Centro Jockey Club Rosario<br \/>\n40 Alejandro Torres Centro Universitario Tucum\u00e1n<br \/>\n41 Joaqu\u00edn Brogliatti Centro Duendes Rosario<br \/>\n42 Tom\u00e1s Cubilla Centro Alumni URBA<br \/>\n43 Tom\u00e1s Quetglas Centro Atl\u00e9tico del Rosario URBA<br \/>\n44 Tom\u00e1s Acosta Pimentel Centro BACRC URBA<br \/>\n45 Rodrigo Isgro Centro Mendoza RC Cuyo<br \/>\n46 Ignacio Rodr\u00edguez Wing Neuqu\u00e9n RC Alto Valle<br \/>\n47 Leopoldo Herrera Wing C\u00f3rdoba Athletic Cordobesa<br \/>\n48 Pablo Avellaneda Wing Tucum\u00e1n Rugby Tucum\u00e1n<br \/>\n49 Juan Rosas Paz Wing CA Estudiantes Entrerriana<br \/>\n50 Juan Pablo Castro Fullback San Juan RC Sanjuanina<br \/>\n51 Agust\u00edn Segura Fullback Jockey Club Cordobesa<\/p>\n","protected":false},"excerpt":{"rendered":"<p>Juan Pablo Castro del San Juan Rugby, volvi\u00f3 a ser llamado para la concentraci\u00f3n de la Selecci\u00f3n Juvenil albiceleste en la provincia de Buenos Aires. El pr\u00f3ximo d\u00eda lunes 18 de septiembre y por espacio de 4 jornadas se llevara a cabo una nueva Concentraci\u00f3n Nacional Juvenil. La misma se realizar\u00e1 en Buenos Aires y [&hellip;]<\/p>\n","protected":false},"author":1,"featured_media":822,"comment_status":"open","ping_status":"open","sticky":false,"template":"","format":"standard","meta":{"footnotes":""},"categories":[2,41],"tags":[],"class_list":["post-821","post","type-post","status-publish","format-standard","has-post-thumbnail","hentry","category-featured","category-polideportivo"],"yoast_head":"<!-- This site is optimized with the Yoast SEO plugin v28.2 - https:\/\/yoast.com\/product\/yoast-seo-wordpress\/ -->\n<title>El fullback sanjuanino convocado a la Selecci\u00f3n Juvenil - San Juan Deportes<\/title>\n<meta name=\"robots\" content=\"index, follow, max-snippet:-1, max-image-preview:large, max-video-preview:-1\" \/>\n<link rel=\"canonical\" href=\"http:\/\/www.sanjuandeportes.com\/wp\/2017\/09\/15\/el-fullback-sanjuanino-convocado-a-la-seleccion-juvenil\/\" \/>\n<meta property=\"og:locale\" content=\"es_ES\" \/>\n<meta property=\"og:type\" content=\"article\" \/>\n<meta property=\"og:title\" content=\"El fullback sanjuanino convocado a la Selecci\u00f3n Juvenil - San Juan Deportes\" \/>\n<meta property=\"og:description\" content=\"Juan Pablo Castro del San Juan Rugby, volvi\u00f3 a ser llamado para la concentraci\u00f3n de la Selecci\u00f3n Juvenil albiceleste en la provincia de Buenos Aires. El pr\u00f3ximo d\u00eda lunes 18 de septiembre y por espacio de 4 jornadas se llevara a cabo una nueva Concentraci\u00f3n Nacional Juvenil. La misma se realizar\u00e1 en Buenos Aires y [&hellip;]\" \/>\n<meta property=\"og:url\" content=\"http:\/\/www.sanjuandeportes.com\/wp\/2017\/09\/15\/el-fullback-sanjuanino-convocado-a-la-seleccion-juvenil\/\" \/>\n<meta property=\"og:site_name\" content=\"San Juan Deportes\" \/>\n<meta property=\"article:publisher\" content=\"https:\/\/www.facebook.com\/sanjuandeportesok\" \/>\n<meta property=\"article:published_time\" content=\"2017-09-15T22:33:10+00:00\" \/>\n<meta property=\"og:image\" content=\"http:\/\/www.sanjuandeportes.com\/wp\/wp-content\/uploads\/2017\/09\/21751792_1335720789888779_5066832926289714253_n.jpg\" \/>\n\t<meta property=\"og:image:width\" content=\"960\" \/>\n\t<meta property=\"og:image:height\" content=\"450\" \/>\n\t<meta property=\"og:image:type\" content=\"image\/jpeg\" \/>\n<meta name=\"author\" content=\"admin\" \/>\n<meta name=\"twitter:card\" content=\"summary_large_image\" \/>\n<meta name=\"twitter:creator\" content=\"@SanJuanDeportes\" \/>\n<meta name=\"twitter:site\" content=\"@SanJuanDeportes\" \/>\n<meta name=\"twitter:label1\" content=\"Escrito por\" \/>\n\t<meta name=\"twitter:data1\" content=\"admin\" \/>\n\t<meta name=\"twitter:label2\" content=\"Tiempo de lectura\" \/>\n\t<meta name=\"twitter:data2\" content=\"3 minutos\" \/>\n<script type=\"application\/ld+json\" class=\"yoast-schema-graph\">{\"@context\":\"https:\\\/\\\/schema.org\",\"@graph\":[{\"@type\":\"Article\",\"@id\":\"http:\\\/\\\/www.sanjuandeportes.com\\\/wp\\\/2017\\\/09\\\/15\\\/el-fullback-sanjuanino-convocado-a-la-seleccion-juvenil\\\/#article\",\"isPartOf\":{\"@id\":\"http:\\\/\\\/www.sanjuandeportes.com\\\/wp\\\/2017\\\/09\\\/15\\\/el-fullback-sanjuanino-convocado-a-la-seleccion-juvenil\\\/\"},\"author\":{\"name\":\"admin\",\"@id\":\"http:\\\/\\\/www.sanjuandeportes.com\\\/wp\\\/#\\\/schema\\\/person\\\/d8e3463931719391897f9c7a6d1bb7b3\"},\"headline\":\"El fullback sanjuanino convocado a la Selecci\u00f3n Juvenil\",\"datePublished\":\"2017-09-15T22:33:10+00:00\",\"mainEntityOfPage\":{\"@id\":\"http:\\\/\\\/www.sanjuandeportes.com\\\/wp\\\/2017\\\/09\\\/15\\\/el-fullback-sanjuanino-convocado-a-la-seleccion-juvenil\\\/\"},\"wordCount\":509,\"commentCount\":0,\"publisher\":{\"@id\":\"http:\\\/\\\/www.sanjuandeportes.com\\\/wp\\\/#organization\"},\"image\":{\"@id\":\"http:\\\/\\\/www.sanjuandeportes.com\\\/wp\\\/2017\\\/09\\\/15\\\/el-fullback-sanjuanino-convocado-a-la-seleccion-juvenil\\\/#primaryimage\"},\"thumbnailUrl\":\"https:\\\/\\\/www.sanjuandeportes.com\\\/wp\\\/wp-content\\\/uploads\\\/2017\\\/09\\\/21751792_1335720789888779_5066832926289714253_n.jpg\",\"articleSection\":[\"Featured\",\"Polideportivo\"],\"inLanguage\":\"es\",\"potentialAction\":[{\"@type\":\"CommentAction\",\"name\":\"Comment\",\"target\":[\"http:\\\/\\\/www.sanjuandeportes.com\\\/wp\\\/2017\\\/09\\\/15\\\/el-fullback-sanjuanino-convocado-a-la-seleccion-juvenil\\\/#respond\"]}]},{\"@type\":\"WebPage\",\"@id\":\"http:\\\/\\\/www.sanjuandeportes.com\\\/wp\\\/2017\\\/09\\\/15\\\/el-fullback-sanjuanino-convocado-a-la-seleccion-juvenil\\\/\",\"url\":\"http:\\\/\\\/www.sanjuandeportes.com\\\/wp\\\/2017\\\/09\\\/15\\\/el-fullback-sanjuanino-convocado-a-la-seleccion-juvenil\\\/\",\"name\":\"El fullback sanjuanino convocado a la Selecci\u00f3n Juvenil - San Juan Deportes\",\"isPartOf\":{\"@id\":\"http:\\\/\\\/www.sanjuandeportes.com\\\/wp\\\/#website\"},\"primaryImageOfPage\":{\"@id\":\"http:\\\/\\\/www.sanjuandeportes.com\\\/wp\\\/2017\\\/09\\\/15\\\/el-fullback-sanjuanino-convocado-a-la-seleccion-juvenil\\\/#primaryimage\"},\"image\":{\"@id\":\"http:\\\/\\\/www.sanjuandeportes.com\\\/wp\\\/2017\\\/09\\\/15\\\/el-fullback-sanjuanino-convocado-a-la-seleccion-juvenil\\\/#primaryimage\"},\"thumbnailUrl\":\"https:\\\/\\\/www.sanjuandeportes.com\\\/wp\\\/wp-content\\\/uploads\\\/2017\\\/09\\\/21751792_1335720789888779_5066832926289714253_n.jpg\",\"datePublished\":\"2017-09-15T22:33:10+00:00\",\"breadcrumb\":{\"@id\":\"http:\\\/\\\/www.sanjuandeportes.com\\\/wp\\\/2017\\\/09\\\/15\\\/el-fullback-sanjuanino-convocado-a-la-seleccion-juvenil\\\/#breadcrumb\"},\"inLanguage\":\"es\",\"potentialAction\":[{\"@type\":\"ReadAction\",\"target\":[\"http:\\\/\\\/www.sanjuandeportes.com\\\/wp\\\/2017\\\/09\\\/15\\\/el-fullback-sanjuanino-convocado-a-la-seleccion-juvenil\\\/\"]}]},{\"@type\":\"ImageObject\",\"inLanguage\":\"es\",\"@id\":\"http:\\\/\\\/www.sanjuandeportes.com\\\/wp\\\/2017\\\/09\\\/15\\\/el-fullback-sanjuanino-convocado-a-la-seleccion-juvenil\\\/#primaryimage\",\"url\":\"https:\\\/\\\/www.sanjuandeportes.com\\\/wp\\\/wp-content\\\/uploads\\\/2017\\\/09\\\/21751792_1335720789888779_5066832926289714253_n.jpg\",\"contentUrl\":\"https:\\\/\\\/www.sanjuandeportes.com\\\/wp\\\/wp-content\\\/uploads\\\/2017\\\/09\\\/21751792_1335720789888779_5066832926289714253_n.jpg\",\"width\":960,\"height\":450},{\"@type\":\"BreadcrumbList\",\"@id\":\"http:\\\/\\\/www.sanjuandeportes.com\\\/wp\\\/2017\\\/09\\\/15\\\/el-fullback-sanjuanino-convocado-a-la-seleccion-juvenil\\\/#breadcrumb\",\"itemListElement\":[{\"@type\":\"ListItem\",\"position\":1,\"name\":\"Portada\",\"item\":\"http:\\\/\\\/www.sanjuandeportes.com\\\/wp\\\/\"},{\"@type\":\"ListItem\",\"position\":2,\"name\":\"El fullback sanjuanino convocado a la Selecci\u00f3n Juvenil\"}]},{\"@type\":\"WebSite\",\"@id\":\"http:\\\/\\\/www.sanjuandeportes.com\\\/wp\\\/#website\",\"url\":\"http:\\\/\\\/www.sanjuandeportes.com\\\/wp\\\/\",\"name\":\"San Juan Deportes\",\"description\":\"El sitio de deportes de la provincia de San Juan\",\"publisher\":{\"@id\":\"http:\\\/\\\/www.sanjuandeportes.com\\\/wp\\\/#organization\"},\"potentialAction\":[{\"@type\":\"SearchAction\",\"target\":{\"@type\":\"EntryPoint\",\"urlTemplate\":\"http:\\\/\\\/www.sanjuandeportes.com\\\/wp\\\/?s={search_term_string}\"},\"query-input\":{\"@type\":\"PropertyValueSpecification\",\"valueRequired\":true,\"valueName\":\"search_term_string\"}}],\"inLanguage\":\"es\"},{\"@type\":\"Organization\",\"@id\":\"http:\\\/\\\/www.sanjuandeportes.com\\\/wp\\\/#organization\",\"name\":\"San Juan Deportes\",\"url\":\"http:\\\/\\\/www.sanjuandeportes.com\\\/wp\\\/\",\"logo\":{\"@type\":\"ImageObject\",\"inLanguage\":\"es\",\"@id\":\"http:\\\/\\\/www.sanjuandeportes.com\\\/wp\\\/#\\\/schema\\\/logo\\\/image\\\/\",\"url\":\"https:\\\/\\\/www.sanjuandeportes.com\\\/wp\\\/wp-content\\\/uploads\\\/unnamed.jpg\",\"contentUrl\":\"https:\\\/\\\/www.sanjuandeportes.com\\\/wp\\\/wp-content\\\/uploads\\\/unnamed.jpg\",\"width\":900,\"height\":900,\"caption\":\"San Juan Deportes\"},\"image\":{\"@id\":\"http:\\\/\\\/www.sanjuandeportes.com\\\/wp\\\/#\\\/schema\\\/logo\\\/image\\\/\"},\"sameAs\":[\"https:\\\/\\\/www.facebook.com\\\/sanjuandeportesok\",\"https:\\\/\\\/x.com\\\/SanJuanDeportes\",\"https:\\\/\\\/www.instagram.com\\\/sanjuandeportes\"]},{\"@type\":\"Person\",\"@id\":\"http:\\\/\\\/www.sanjuandeportes.com\\\/wp\\\/#\\\/schema\\\/person\\\/d8e3463931719391897f9c7a6d1bb7b3\",\"name\":\"admin\",\"image\":{\"@type\":\"ImageObject\",\"inLanguage\":\"es\",\"@id\":\"https:\\\/\\\/secure.gravatar.com\\\/avatar\\\/c4deacdacf798758c71e8e4f4ca4bcf755ae082e386babce41b35a278703bed5?s=96&d=mm&r=g\",\"url\":\"https:\\\/\\\/secure.gravatar.com\\\/avatar\\\/c4deacdacf798758c71e8e4f4ca4bcf755ae082e386babce41b35a278703bed5?s=96&d=mm&r=g\",\"contentUrl\":\"https:\\\/\\\/secure.gravatar.com\\\/avatar\\\/c4deacdacf798758c71e8e4f4ca4bcf755ae082e386babce41b35a278703bed5?s=96&d=mm&r=g\",\"caption\":\"admin\"},\"url\":\"https:\\\/\\\/www.sanjuandeportes.com\\\/wp\\\/author\\\/admin\\\/\"}]}<\/script>\n<!-- \/ Yoast SEO plugin. -->","yoast_head_json":{"title":"El fullback sanjuanino convocado a la Selecci\u00f3n Juvenil - San Juan Deportes","robots":{"index":"index","follow":"follow","max-snippet":"max-snippet:-1","max-image-preview":"max-image-preview:large","max-video-preview":"max-video-preview:-1"},"canonical":"http:\/\/www.sanjuandeportes.com\/wp\/2017\/09\/15\/el-fullback-sanjuanino-convocado-a-la-seleccion-juvenil\/","og_locale":"es_ES","og_type":"article","og_title":"El fullback sanjuanino convocado a la Selecci\u00f3n Juvenil - San Juan Deportes","og_description":"Juan Pablo Castro del San Juan Rugby, volvi\u00f3 a ser llamado para la concentraci\u00f3n de la Selecci\u00f3n Juvenil albiceleste en la provincia de Buenos Aires. El pr\u00f3ximo d\u00eda lunes 18 de septiembre y por espacio de 4 jornadas se llevara a cabo una nueva Concentraci\u00f3n Nacional Juvenil. La misma se realizar\u00e1 en Buenos Aires y [&hellip;]","og_url":"http:\/\/www.sanjuandeportes.com\/wp\/2017\/09\/15\/el-fullback-sanjuanino-convocado-a-la-seleccion-juvenil\/","og_site_name":"San Juan Deportes","article_publisher":"https:\/\/www.facebook.com\/sanjuandeportesok","article_published_time":"2017-09-15T22:33:10+00:00","og_image":[{"width":960,"height":450,"url":"http:\/\/www.sanjuandeportes.com\/wp\/wp-content\/uploads\/2017\/09\/21751792_1335720789888779_5066832926289714253_n.jpg","type":"image\/jpeg"}],"author":"admin","twitter_card":"summary_large_image","twitter_creator":"@SanJuanDeportes","twitter_site":"@SanJuanDeportes","twitter_misc":{"Escrito por":"admin","Tiempo de lectura":"3 minutos"},"schema":{"@context":"https:\/\/schema.org","@graph":[{"@type":"Article","@id":"http:\/\/www.sanjuandeportes.com\/wp\/2017\/09\/15\/el-fullback-sanjuanino-convocado-a-la-seleccion-juvenil\/#article","isPartOf":{"@id":"http:\/\/www.sanjuandeportes.com\/wp\/2017\/09\/15\/el-fullback-sanjuanino-convocado-a-la-seleccion-juvenil\/"},"author":{"name":"admin","@id":"http:\/\/www.sanjuandeportes.com\/wp\/#\/schema\/person\/d8e3463931719391897f9c7a6d1bb7b3"},"headline":"El fullback sanjuanino convocado a la Selecci\u00f3n Juvenil","datePublished":"2017-09-15T22:33:10+00:00","mainEntityOfPage":{"@id":"http:\/\/www.sanjuandeportes.com\/wp\/2017\/09\/15\/el-fullback-sanjuanino-convocado-a-la-seleccion-juvenil\/"},"wordCount":509,"commentCount":0,"publisher":{"@id":"http:\/\/www.sanjuandeportes.com\/wp\/#organization"},"image":{"@id":"http:\/\/www.sanjuandeportes.com\/wp\/2017\/09\/15\/el-fullback-sanjuanino-convocado-a-la-seleccion-juvenil\/#primaryimage"},"thumbnailUrl":"https:\/\/www.sanjuandeportes.com\/wp\/wp-content\/uploads\/2017\/09\/21751792_1335720789888779_5066832926289714253_n.jpg","articleSection":["Featured","Polideportivo"],"inLanguage":"es","potentialAction":[{"@type":"CommentAction","name":"Comment","target":["http:\/\/www.sanjuandeportes.com\/wp\/2017\/09\/15\/el-fullback-sanjuanino-convocado-a-la-seleccion-juvenil\/#respond"]}]},{"@type":"WebPage","@id":"http:\/\/www.sanjuandeportes.com\/wp\/2017\/09\/15\/el-fullback-sanjuanino-convocado-a-la-seleccion-juvenil\/","url":"http:\/\/www.sanjuandeportes.com\/wp\/2017\/09\/15\/el-fullback-sanjuanino-convocado-a-la-seleccion-juvenil\/","name":"El fullback sanjuanino convocado a la Selecci\u00f3n Juvenil - San Juan Deportes","isPartOf":{"@id":"http:\/\/www.sanjuandeportes.com\/wp\/#website"},"primaryImageOfPage":{"@id":"http:\/\/www.sanjuandeportes.com\/wp\/2017\/09\/15\/el-fullback-sanjuanino-convocado-a-la-seleccion-juvenil\/#primaryimage"},"image":{"@id":"http:\/\/www.sanjuandeportes.com\/wp\/2017\/09\/15\/el-fullback-sanjuanino-convocado-a-la-seleccion-juvenil\/#primaryimage"},"thumbnailUrl":"https:\/\/www.sanjuandeportes.com\/wp\/wp-content\/uploads\/2017\/09\/21751792_1335720789888779_5066832926289714253_n.jpg","datePublished":"2017-09-15T22:33:10+00:00","breadcrumb":{"@id":"http:\/\/www.sanjuandeportes.com\/wp\/2017\/09\/15\/el-fullback-sanjuanino-convocado-a-la-seleccion-juvenil\/#breadcrumb"},"inLanguage":"es","potentialAction":[{"@type":"ReadAction","target":["http:\/\/www.sanjuandeportes.com\/wp\/2017\/09\/15\/el-fullback-sanjuanino-convocado-a-la-seleccion-juvenil\/"]}]},{"@type":"ImageObject","inLanguage":"es","@id":"http:\/\/www.sanjuandeportes.com\/wp\/2017\/09\/15\/el-fullback-sanjuanino-convocado-a-la-seleccion-juvenil\/#primaryimage","url":"https:\/\/www.sanjuandeportes.com\/wp\/wp-content\/uploads\/2017\/09\/21751792_1335720789888779_5066832926289714253_n.jpg","contentUrl":"https:\/\/www.sanjuandeportes.com\/wp\/wp-content\/uploads\/2017\/09\/21751792_1335720789888779_5066832926289714253_n.jpg","width":960,"height":450},{"@type":"BreadcrumbList","@id":"http:\/\/www.sanjuandeportes.com\/wp\/2017\/09\/15\/el-fullback-sanjuanino-convocado-a-la-seleccion-juvenil\/#breadcrumb","itemListElement":[{"@type":"ListItem","position":1,"name":"Portada","item":"http:\/\/www.sanjuandeportes.com\/wp\/"},{"@type":"ListItem","position":2,"name":"El fullback sanjuanino convocado a la Selecci\u00f3n Juvenil"}]},{"@type":"WebSite","@id":"http:\/\/www.sanjuandeportes.com\/wp\/#website","url":"http:\/\/www.sanjuandeportes.com\/wp\/","name":"San Juan Deportes","description":"El sitio de deportes de la provincia de San Juan","publisher":{"@id":"http:\/\/www.sanjuandeportes.com\/wp\/#organization"},"potentialAction":[{"@type":"SearchAction","target":{"@type":"EntryPoint","urlTemplate":"http:\/\/www.sanjuandeportes.com\/wp\/?s={search_term_string}"},"query-input":{"@type":"PropertyValueSpecification","valueRequired":true,"valueName":"search_term_string"}}],"inLanguage":"es"},{"@type":"Organization","@id":"http:\/\/www.sanjuandeportes.com\/wp\/#organization","name":"San Juan Deportes","url":"http:\/\/www.sanjuandeportes.com\/wp\/","logo":{"@type":"ImageObject","inLanguage":"es","@id":"http:\/\/www.sanjuandeportes.com\/wp\/#\/schema\/logo\/image\/","url":"https:\/\/www.sanjuandeportes.com\/wp\/wp-content\/uploads\/unnamed.jpg","contentUrl":"https:\/\/www.sanjuandeportes.com\/wp\/wp-content\/uploads\/unnamed.jpg","width":900,"height":900,"caption":"San Juan Deportes"},"image":{"@id":"http:\/\/www.sanjuandeportes.com\/wp\/#\/schema\/logo\/image\/"},"sameAs":["https:\/\/www.facebook.com\/sanjuandeportesok","https:\/\/x.com\/SanJuanDeportes","https:\/\/www.instagram.com\/sanjuandeportes"]},{"@type":"Person","@id":"http:\/\/www.sanjuandeportes.com\/wp\/#\/schema\/person\/d8e3463931719391897f9c7a6d1bb7b3","name":"admin","image":{"@type":"ImageObject","inLanguage":"es","@id":"https:\/\/secure.gravatar.com\/avatar\/c4deacdacf798758c71e8e4f4ca4bcf755ae082e386babce41b35a278703bed5?s=96&d=mm&r=g","url":"https:\/\/secure.gravatar.com\/avatar\/c4deacdacf798758c71e8e4f4ca4bcf755ae082e386babce41b35a278703bed5?s=96&d=mm&r=g","contentUrl":"https:\/\/secure.gravatar.com\/avatar\/c4deacdacf798758c71e8e4f4ca4bcf755ae082e386babce41b35a278703bed5?s=96&d=mm&r=g","caption":"admin"},"url":"https:\/\/www.sanjuandeportes.com\/wp\/author\/admin\/"}]}},"_links":{"self":[{"href":"https:\/\/www.sanjuandeportes.com\/wp\/wp-json\/wp\/v2\/posts\/821","targetHints":{"allow":["GET"]}}],"collection":[{"href":"https:\/\/www.sanjuandeportes.com\/wp\/wp-json\/wp\/v2\/posts"}],"about":[{"href":"https:\/\/www.sanjuandeportes.com\/wp\/wp-json\/wp\/v2\/types\/post"}],"author":[{"embeddable":true,"href":"https:\/\/www.sanjuandeportes.com\/wp\/wp-json\/wp\/v2\/users\/1"}],"replies":[{"embeddable":true,"href":"https:\/\/www.sanjuandeportes.com\/wp\/wp-json\/wp\/v2\/comments?post=821"}],"version-history":[{"count":1,"href":"https:\/\/www.sanjuandeportes.com\/wp\/wp-json\/wp\/v2\/posts\/821\/revisions"}],"predecessor-version":[{"id":823,"href":"https:\/\/www.sanjuandeportes.com\/wp\/wp-json\/wp\/v2\/posts\/821\/revisions\/823"}],"wp:featuredmedia":[{"embeddable":true,"href":"https:\/\/www.sanjuandeportes.com\/wp\/wp-json\/wp\/v2\/media\/822"}],"wp:attachment":[{"href":"https:\/\/www.sanjuandeportes.com\/wp\/wp-json\/wp\/v2\/media?parent=821"}],"wp:term":[{"taxonomy":"category","embeddable":true,"href":"https:\/\/www.sanjuandeportes.com\/wp\/wp-json\/wp\/v2\/categories?post=821"},{"taxonomy":"post_tag","embeddable":true,"href":"https:\/\/www.sanjuandeportes.com\/wp\/wp-json\/wp\/v2\/tags?post=821"}],"curies":[{"name":"wp","href":"https:\/\/api.w.org\/{rel}","templated":true}]}}