{"id":8915,"date":"2020-01-26T20:19:56","date_gmt":"2020-01-26T20:19:56","guid":{"rendered":"http:\/\/www.sanjuandeportes.com\/wp\/?p=8915"},"modified":"2020-01-26T20:20:18","modified_gmt":"2020-01-26T20:20:18","slug":"en-un-accidente-aereo-murio-la-leyenda-de-la-nba-kobe-bryant","status":"publish","type":"post","link":"https:\/\/www.sanjuandeportes.com\/wp\/2020\/01\/26\/en-un-accidente-aereo-murio-la-leyenda-de-la-nba-kobe-bryant\/","title":{"rendered":"En un accidente a\u00e9reo, muri\u00f3 la leyenda de la NBA Kobe Bryant"},"content":{"rendered":"<div id=\"f05m1r1ZlILvOr\" class=\"wrapper clearfix col-lg-12 pb-feature pb-layout-item pb-f-article-header col-md-12 col-sm-12 col-xs-12 no-align\">\n<div class=\"row\">\n<header class=\"article-header hed-first col-sm-12\"><span class=\"subheadline\">Viajaba con otras cuatro personas en su helic\u00f3ptero privado Sikorsky S-76 cuando se desplom\u00f3 sobre la ciudad de Calabasas, ubicada en el condado de Los \u00c1ngeles, California<\/span><\/header>\n<\/div>\n<\/div>\n<div id=\"fcZnZz1ZlILvOr\" class=\"wrapper clearfix col-lg-12 col-md-12 pb-feature pb-layout-item pb-f-article-byline col-sm-12 col-xs-12 no-align\"><\/div>\n<div>\n<div class=\"row pb-content-type-text\">\n<div class=\"col-xs-12 col-print-12\">\n<p class=\"element element-paragraph\">La cuenta de Twitter oficial del Departamento de Polic\u00eda de Los \u00c1ngeles certific\u00f3 la informaci\u00f3n con dos publicaciones:\u00a0<b>\u201cConfirmamos cinco personas fallecidas, no hay sobrevivientes en el accidente de helic\u00f3ptero de Calabasas Investigaci\u00f3n en curso. Evite el \u00e1rea hasta nuevo aviso\u201d<\/b>.<\/p>\n<\/div>\n<\/div>\n<div class=\"row pb-content-type-text\">\n<div class=\"col-xs-12 col-print-12\">\n<p class=\"element element-paragraph\">Nacido el 23 de agosto de 1978 en Filadelfia e hijo del ex NBA Joe Bryant, fue un ejemplo de amor propio y competitividad. En la actualidad contin\u00faa siendo el\u00a0<b>cuarto m\u00e1ximo anotador de la historia de la NBA, solo superado por Lebron James, Kareem Abdul-Jabbar y Karl Malone.<\/b><\/p>\n<\/div>\n<\/div>\n<\/div>\n","protected":false},"excerpt":{"rendered":"<p>Viajaba con otras cuatro personas en su helic\u00f3ptero privado Sikorsky S-76 cuando se desplom\u00f3 sobre la ciudad de Calabasas, ubicada en el condado de Los \u00c1ngeles, California La cuenta de Twitter oficial del Departamento de Polic\u00eda de Los \u00c1ngeles certific\u00f3 la informaci\u00f3n con dos publicaciones:\u00a0\u201cConfirmamos cinco personas fallecidas, no hay sobrevivientes en el accidente de [&hellip;]<\/p>\n","protected":false},"author":5,"featured_media":8916,"comment_status":"open","ping_status":"open","sticky":false,"template":"","format":"standard","meta":{"footnotes":""},"categories":[2,180],"tags":[1105,1103,1104,58],"class_list":["post-8915","post","type-post","status-publish","format-standard","has-post-thumbnail","hentry","category-featured","category-fuera-de-juego","tag-el-mundo","tag-kobe-bryant","tag-murio","tag-nba"],"yoast_head":"<!-- This site is optimized with the Yoast SEO plugin v28.2 - https:\/\/yoast.com\/product\/yoast-seo-wordpress\/ -->\n<title>En un accidente a\u00e9reo, muri\u00f3 la leyenda de la NBA Kobe Bryant - San Juan Deportes<\/title>\n<meta name=\"robots\" content=\"index, follow, max-snippet:-1, max-image-preview:large, max-video-preview:-1\" \/>\n<link rel=\"canonical\" href=\"https:\/\/www.sanjuandeportes.com\/wp\/2020\/01\/26\/en-un-accidente-aereo-murio-la-leyenda-de-la-nba-kobe-bryant\/\" \/>\n<meta property=\"og:locale\" content=\"es_ES\" \/>\n<meta property=\"og:type\" content=\"article\" \/>\n<meta property=\"og:title\" content=\"En un accidente a\u00e9reo, muri\u00f3 la leyenda de la NBA Kobe Bryant - San Juan Deportes\" \/>\n<meta property=\"og:description\" content=\"Viajaba con otras cuatro personas en su helic\u00f3ptero privado Sikorsky S-76 cuando se desplom\u00f3 sobre la ciudad de Calabasas, ubicada en el condado de Los \u00c1ngeles, California La cuenta de Twitter oficial del Departamento de Polic\u00eda de Los \u00c1ngeles certific\u00f3 la informaci\u00f3n con dos publicaciones:\u00a0\u201cConfirmamos cinco personas fallecidas, no hay sobrevivientes en el accidente de [&hellip;]\" \/>\n<meta property=\"og:url\" content=\"https:\/\/www.sanjuandeportes.com\/wp\/2020\/01\/26\/en-un-accidente-aereo-murio-la-leyenda-de-la-nba-kobe-bryant\/\" \/>\n<meta property=\"og:site_name\" content=\"San Juan Deportes\" \/>\n<meta property=\"article:publisher\" content=\"https:\/\/www.facebook.com\/sanjuandeportesok\" \/>\n<meta property=\"article:published_time\" content=\"2020-01-26T20:19:56+00:00\" \/>\n<meta property=\"article:modified_time\" content=\"2020-01-26T20:20:18+00:00\" \/>\n<meta property=\"og:image\" content=\"https:\/\/www.sanjuandeportes.com\/wp\/wp-content\/uploads\/2020\/01\/img_sperezm_20171219-122926_imagenes_md_otras_fuentes_maximo-kYmF-U473145567626TgE-980x554@MundoDeportivo-Web.jpg\" \/>\n\t<meta property=\"og:image:width\" content=\"980\" \/>\n\t<meta property=\"og:image:height\" content=\"548\" \/>\n\t<meta property=\"og:image:type\" content=\"image\/jpeg\" \/>\n<meta name=\"author\" content=\"Pablo Pujado\" \/>\n<meta name=\"twitter:card\" content=\"summary_large_image\" \/>\n<meta name=\"twitter:creator\" content=\"@SanJuanDeportes\" \/>\n<meta name=\"twitter:site\" content=\"@SanJuanDeportes\" \/>\n<meta name=\"twitter:label1\" content=\"Escrito por\" \/>\n\t<meta name=\"twitter:data1\" content=\"Pablo Pujado\" \/>\n\t<meta name=\"twitter:label2\" content=\"Tiempo de lectura\" \/>\n\t<meta name=\"twitter:data2\" content=\"1 minuto\" \/>\n<script type=\"application\/ld+json\" class=\"yoast-schema-graph\">{\"@context\":\"https:\\\/\\\/schema.org\",\"@graph\":[{\"@type\":\"Article\",\"@id\":\"https:\\\/\\\/www.sanjuandeportes.com\\\/wp\\\/2020\\\/01\\\/26\\\/en-un-accidente-aereo-murio-la-leyenda-de-la-nba-kobe-bryant\\\/#article\",\"isPartOf\":{\"@id\":\"https:\\\/\\\/www.sanjuandeportes.com\\\/wp\\\/2020\\\/01\\\/26\\\/en-un-accidente-aereo-murio-la-leyenda-de-la-nba-kobe-bryant\\\/\"},\"author\":{\"name\":\"Pablo Pujado\",\"@id\":\"https:\\\/\\\/www.sanjuandeportes.com\\\/wp\\\/#\\\/schema\\\/person\\\/eda4d8e62a5d42b111781e3cdfcb9c3a\"},\"headline\":\"En un accidente a\u00e9reo, muri\u00f3 la leyenda de la NBA Kobe Bryant\",\"datePublished\":\"2020-01-26T20:19:56+00:00\",\"dateModified\":\"2020-01-26T20:20:18+00:00\",\"mainEntityOfPage\":{\"@id\":\"https:\\\/\\\/www.sanjuandeportes.com\\\/wp\\\/2020\\\/01\\\/26\\\/en-un-accidente-aereo-murio-la-leyenda-de-la-nba-kobe-bryant\\\/\"},\"wordCount\":135,\"commentCount\":0,\"publisher\":{\"@id\":\"https:\\\/\\\/www.sanjuandeportes.com\\\/wp\\\/#organization\"},\"image\":{\"@id\":\"https:\\\/\\\/www.sanjuandeportes.com\\\/wp\\\/2020\\\/01\\\/26\\\/en-un-accidente-aereo-murio-la-leyenda-de-la-nba-kobe-bryant\\\/#primaryimage\"},\"thumbnailUrl\":\"https:\\\/\\\/www.sanjuandeportes.com\\\/wp\\\/wp-content\\\/uploads\\\/2020\\\/01\\\/img_sperezm_20171219-122926_imagenes_md_otras_fuentes_maximo-kYmF-U473145567626TgE-980x554@MundoDeportivo-Web.jpg\",\"keywords\":[\"el mundo\",\"kobe bryant\",\"muri\u00f3\",\"NBA\"],\"articleSection\":[\"Featured\",\"Fuera de Juego\"],\"inLanguage\":\"es\",\"potentialAction\":[{\"@type\":\"CommentAction\",\"name\":\"Comment\",\"target\":[\"https:\\\/\\\/www.sanjuandeportes.com\\\/wp\\\/2020\\\/01\\\/26\\\/en-un-accidente-aereo-murio-la-leyenda-de-la-nba-kobe-bryant\\\/#respond\"]}]},{\"@type\":\"WebPage\",\"@id\":\"https:\\\/\\\/www.sanjuandeportes.com\\\/wp\\\/2020\\\/01\\\/26\\\/en-un-accidente-aereo-murio-la-leyenda-de-la-nba-kobe-bryant\\\/\",\"url\":\"https:\\\/\\\/www.sanjuandeportes.com\\\/wp\\\/2020\\\/01\\\/26\\\/en-un-accidente-aereo-murio-la-leyenda-de-la-nba-kobe-bryant\\\/\",\"name\":\"En un accidente a\u00e9reo, muri\u00f3 la leyenda de la NBA Kobe Bryant - San Juan Deportes\",\"isPartOf\":{\"@id\":\"https:\\\/\\\/www.sanjuandeportes.com\\\/wp\\\/#website\"},\"primaryImageOfPage\":{\"@id\":\"https:\\\/\\\/www.sanjuandeportes.com\\\/wp\\\/2020\\\/01\\\/26\\\/en-un-accidente-aereo-murio-la-leyenda-de-la-nba-kobe-bryant\\\/#primaryimage\"},\"image\":{\"@id\":\"https:\\\/\\\/www.sanjuandeportes.com\\\/wp\\\/2020\\\/01\\\/26\\\/en-un-accidente-aereo-murio-la-leyenda-de-la-nba-kobe-bryant\\\/#primaryimage\"},\"thumbnailUrl\":\"https:\\\/\\\/www.sanjuandeportes.com\\\/wp\\\/wp-content\\\/uploads\\\/2020\\\/01\\\/img_sperezm_20171219-122926_imagenes_md_otras_fuentes_maximo-kYmF-U473145567626TgE-980x554@MundoDeportivo-Web.jpg\",\"datePublished\":\"2020-01-26T20:19:56+00:00\",\"dateModified\":\"2020-01-26T20:20:18+00:00\",\"breadcrumb\":{\"@id\":\"https:\\\/\\\/www.sanjuandeportes.com\\\/wp\\\/2020\\\/01\\\/26\\\/en-un-accidente-aereo-murio-la-leyenda-de-la-nba-kobe-bryant\\\/#breadcrumb\"},\"inLanguage\":\"es\",\"potentialAction\":[{\"@type\":\"ReadAction\",\"target\":[\"https:\\\/\\\/www.sanjuandeportes.com\\\/wp\\\/2020\\\/01\\\/26\\\/en-un-accidente-aereo-murio-la-leyenda-de-la-nba-kobe-bryant\\\/\"]}]},{\"@type\":\"ImageObject\",\"inLanguage\":\"es\",\"@id\":\"https:\\\/\\\/www.sanjuandeportes.com\\\/wp\\\/2020\\\/01\\\/26\\\/en-un-accidente-aereo-murio-la-leyenda-de-la-nba-kobe-bryant\\\/#primaryimage\",\"url\":\"https:\\\/\\\/www.sanjuandeportes.com\\\/wp\\\/wp-content\\\/uploads\\\/2020\\\/01\\\/img_sperezm_20171219-122926_imagenes_md_otras_fuentes_maximo-kYmF-U473145567626TgE-980x554@MundoDeportivo-Web.jpg\",\"contentUrl\":\"https:\\\/\\\/www.sanjuandeportes.com\\\/wp\\\/wp-content\\\/uploads\\\/2020\\\/01\\\/img_sperezm_20171219-122926_imagenes_md_otras_fuentes_maximo-kYmF-U473145567626TgE-980x554@MundoDeportivo-Web.jpg\",\"width\":980,\"height\":548},{\"@type\":\"BreadcrumbList\",\"@id\":\"https:\\\/\\\/www.sanjuandeportes.com\\\/wp\\\/2020\\\/01\\\/26\\\/en-un-accidente-aereo-murio-la-leyenda-de-la-nba-kobe-bryant\\\/#breadcrumb\",\"itemListElement\":[{\"@type\":\"ListItem\",\"position\":1,\"name\":\"Portada\",\"item\":\"http:\\\/\\\/www.sanjuandeportes.com\\\/wp\\\/\"},{\"@type\":\"ListItem\",\"position\":2,\"name\":\"En un accidente a\u00e9reo, muri\u00f3 la leyenda de la NBA Kobe Bryant\"}]},{\"@type\":\"WebSite\",\"@id\":\"https:\\\/\\\/www.sanjuandeportes.com\\\/wp\\\/#website\",\"url\":\"https:\\\/\\\/www.sanjuandeportes.com\\\/wp\\\/\",\"name\":\"San Juan Deportes\",\"description\":\"El sitio de deportes de la provincia de San Juan\",\"publisher\":{\"@id\":\"https:\\\/\\\/www.sanjuandeportes.com\\\/wp\\\/#organization\"},\"potentialAction\":[{\"@type\":\"SearchAction\",\"target\":{\"@type\":\"EntryPoint\",\"urlTemplate\":\"https:\\\/\\\/www.sanjuandeportes.com\\\/wp\\\/?s={search_term_string}\"},\"query-input\":{\"@type\":\"PropertyValueSpecification\",\"valueRequired\":true,\"valueName\":\"search_term_string\"}}],\"inLanguage\":\"es\"},{\"@type\":\"Organization\",\"@id\":\"https:\\\/\\\/www.sanjuandeportes.com\\\/wp\\\/#organization\",\"name\":\"San Juan Deportes\",\"url\":\"https:\\\/\\\/www.sanjuandeportes.com\\\/wp\\\/\",\"logo\":{\"@type\":\"ImageObject\",\"inLanguage\":\"es\",\"@id\":\"https:\\\/\\\/www.sanjuandeportes.com\\\/wp\\\/#\\\/schema\\\/logo\\\/image\\\/\",\"url\":\"https:\\\/\\\/www.sanjuandeportes.com\\\/wp\\\/wp-content\\\/uploads\\\/unnamed.jpg\",\"contentUrl\":\"https:\\\/\\\/www.sanjuandeportes.com\\\/wp\\\/wp-content\\\/uploads\\\/unnamed.jpg\",\"width\":900,\"height\":900,\"caption\":\"San Juan Deportes\"},\"image\":{\"@id\":\"https:\\\/\\\/www.sanjuandeportes.com\\\/wp\\\/#\\\/schema\\\/logo\\\/image\\\/\"},\"sameAs\":[\"https:\\\/\\\/www.facebook.com\\\/sanjuandeportesok\",\"https:\\\/\\\/x.com\\\/SanJuanDeportes\",\"https:\\\/\\\/www.instagram.com\\\/sanjuandeportes\"]},{\"@type\":\"Person\",\"@id\":\"https:\\\/\\\/www.sanjuandeportes.com\\\/wp\\\/#\\\/schema\\\/person\\\/eda4d8e62a5d42b111781e3cdfcb9c3a\",\"name\":\"Pablo Pujado\",\"image\":{\"@type\":\"ImageObject\",\"inLanguage\":\"es\",\"@id\":\"https:\\\/\\\/secure.gravatar.com\\\/avatar\\\/310b69d28112912c333408a462a9837208de951b1e7c11514781740412f648b1?s=96&d=mm&r=g\",\"url\":\"https:\\\/\\\/secure.gravatar.com\\\/avatar\\\/310b69d28112912c333408a462a9837208de951b1e7c11514781740412f648b1?s=96&d=mm&r=g\",\"contentUrl\":\"https:\\\/\\\/secure.gravatar.com\\\/avatar\\\/310b69d28112912c333408a462a9837208de951b1e7c11514781740412f648b1?s=96&d=mm&r=g\",\"caption\":\"Pablo Pujado\"},\"url\":\"https:\\\/\\\/www.sanjuandeportes.com\\\/wp\\\/author\\\/pablo-pujado\\\/\"}]}<\/script>\n<!-- \/ Yoast SEO plugin. -->","yoast_head_json":{"title":"En un accidente a\u00e9reo, muri\u00f3 la leyenda de la NBA Kobe Bryant - San Juan Deportes","robots":{"index":"index","follow":"follow","max-snippet":"max-snippet:-1","max-image-preview":"max-image-preview:large","max-video-preview":"max-video-preview:-1"},"canonical":"https:\/\/www.sanjuandeportes.com\/wp\/2020\/01\/26\/en-un-accidente-aereo-murio-la-leyenda-de-la-nba-kobe-bryant\/","og_locale":"es_ES","og_type":"article","og_title":"En un accidente a\u00e9reo, muri\u00f3 la leyenda de la NBA Kobe Bryant - San Juan Deportes","og_description":"Viajaba con otras cuatro personas en su helic\u00f3ptero privado Sikorsky S-76 cuando se desplom\u00f3 sobre la ciudad de Calabasas, ubicada en el condado de Los \u00c1ngeles, California La cuenta de Twitter oficial del Departamento de Polic\u00eda de Los \u00c1ngeles certific\u00f3 la informaci\u00f3n con dos publicaciones:\u00a0\u201cConfirmamos cinco personas fallecidas, no hay sobrevivientes en el accidente de [&hellip;]","og_url":"https:\/\/www.sanjuandeportes.com\/wp\/2020\/01\/26\/en-un-accidente-aereo-murio-la-leyenda-de-la-nba-kobe-bryant\/","og_site_name":"San Juan Deportes","article_publisher":"https:\/\/www.facebook.com\/sanjuandeportesok","article_published_time":"2020-01-26T20:19:56+00:00","article_modified_time":"2020-01-26T20:20:18+00:00","og_image":[{"width":980,"height":548,"url":"https:\/\/www.sanjuandeportes.com\/wp\/wp-content\/uploads\/2020\/01\/img_sperezm_20171219-122926_imagenes_md_otras_fuentes_maximo-kYmF-U473145567626TgE-980x554@MundoDeportivo-Web.jpg","type":"image\/jpeg"}],"author":"Pablo Pujado","twitter_card":"summary_large_image","twitter_creator":"@SanJuanDeportes","twitter_site":"@SanJuanDeportes","twitter_misc":{"Escrito por":"Pablo Pujado","Tiempo de lectura":"1 minuto"},"schema":{"@context":"https:\/\/schema.org","@graph":[{"@type":"Article","@id":"https:\/\/www.sanjuandeportes.com\/wp\/2020\/01\/26\/en-un-accidente-aereo-murio-la-leyenda-de-la-nba-kobe-bryant\/#article","isPartOf":{"@id":"https:\/\/www.sanjuandeportes.com\/wp\/2020\/01\/26\/en-un-accidente-aereo-murio-la-leyenda-de-la-nba-kobe-bryant\/"},"author":{"name":"Pablo Pujado","@id":"https:\/\/www.sanjuandeportes.com\/wp\/#\/schema\/person\/eda4d8e62a5d42b111781e3cdfcb9c3a"},"headline":"En un accidente a\u00e9reo, muri\u00f3 la leyenda de la NBA Kobe Bryant","datePublished":"2020-01-26T20:19:56+00:00","dateModified":"2020-01-26T20:20:18+00:00","mainEntityOfPage":{"@id":"https:\/\/www.sanjuandeportes.com\/wp\/2020\/01\/26\/en-un-accidente-aereo-murio-la-leyenda-de-la-nba-kobe-bryant\/"},"wordCount":135,"commentCount":0,"publisher":{"@id":"https:\/\/www.sanjuandeportes.com\/wp\/#organization"},"image":{"@id":"https:\/\/www.sanjuandeportes.com\/wp\/2020\/01\/26\/en-un-accidente-aereo-murio-la-leyenda-de-la-nba-kobe-bryant\/#primaryimage"},"thumbnailUrl":"https:\/\/www.sanjuandeportes.com\/wp\/wp-content\/uploads\/2020\/01\/img_sperezm_20171219-122926_imagenes_md_otras_fuentes_maximo-kYmF-U473145567626TgE-980x554@MundoDeportivo-Web.jpg","keywords":["el mundo","kobe bryant","muri\u00f3","NBA"],"articleSection":["Featured","Fuera de Juego"],"inLanguage":"es","potentialAction":[{"@type":"CommentAction","name":"Comment","target":["https:\/\/www.sanjuandeportes.com\/wp\/2020\/01\/26\/en-un-accidente-aereo-murio-la-leyenda-de-la-nba-kobe-bryant\/#respond"]}]},{"@type":"WebPage","@id":"https:\/\/www.sanjuandeportes.com\/wp\/2020\/01\/26\/en-un-accidente-aereo-murio-la-leyenda-de-la-nba-kobe-bryant\/","url":"https:\/\/www.sanjuandeportes.com\/wp\/2020\/01\/26\/en-un-accidente-aereo-murio-la-leyenda-de-la-nba-kobe-bryant\/","name":"En un accidente a\u00e9reo, muri\u00f3 la leyenda de la NBA Kobe Bryant - San Juan Deportes","isPartOf":{"@id":"https:\/\/www.sanjuandeportes.com\/wp\/#website"},"primaryImageOfPage":{"@id":"https:\/\/www.sanjuandeportes.com\/wp\/2020\/01\/26\/en-un-accidente-aereo-murio-la-leyenda-de-la-nba-kobe-bryant\/#primaryimage"},"image":{"@id":"https:\/\/www.sanjuandeportes.com\/wp\/2020\/01\/26\/en-un-accidente-aereo-murio-la-leyenda-de-la-nba-kobe-bryant\/#primaryimage"},"thumbnailUrl":"https:\/\/www.sanjuandeportes.com\/wp\/wp-content\/uploads\/2020\/01\/img_sperezm_20171219-122926_imagenes_md_otras_fuentes_maximo-kYmF-U473145567626TgE-980x554@MundoDeportivo-Web.jpg","datePublished":"2020-01-26T20:19:56+00:00","dateModified":"2020-01-26T20:20:18+00:00","breadcrumb":{"@id":"https:\/\/www.sanjuandeportes.com\/wp\/2020\/01\/26\/en-un-accidente-aereo-murio-la-leyenda-de-la-nba-kobe-bryant\/#breadcrumb"},"inLanguage":"es","potentialAction":[{"@type":"ReadAction","target":["https:\/\/www.sanjuandeportes.com\/wp\/2020\/01\/26\/en-un-accidente-aereo-murio-la-leyenda-de-la-nba-kobe-bryant\/"]}]},{"@type":"ImageObject","inLanguage":"es","@id":"https:\/\/www.sanjuandeportes.com\/wp\/2020\/01\/26\/en-un-accidente-aereo-murio-la-leyenda-de-la-nba-kobe-bryant\/#primaryimage","url":"https:\/\/www.sanjuandeportes.com\/wp\/wp-content\/uploads\/2020\/01\/img_sperezm_20171219-122926_imagenes_md_otras_fuentes_maximo-kYmF-U473145567626TgE-980x554@MundoDeportivo-Web.jpg","contentUrl":"https:\/\/www.sanjuandeportes.com\/wp\/wp-content\/uploads\/2020\/01\/img_sperezm_20171219-122926_imagenes_md_otras_fuentes_maximo-kYmF-U473145567626TgE-980x554@MundoDeportivo-Web.jpg","width":980,"height":548},{"@type":"BreadcrumbList","@id":"https:\/\/www.sanjuandeportes.com\/wp\/2020\/01\/26\/en-un-accidente-aereo-murio-la-leyenda-de-la-nba-kobe-bryant\/#breadcrumb","itemListElement":[{"@type":"ListItem","position":1,"name":"Portada","item":"http:\/\/www.sanjuandeportes.com\/wp\/"},{"@type":"ListItem","position":2,"name":"En un accidente a\u00e9reo, muri\u00f3 la leyenda de la NBA Kobe Bryant"}]},{"@type":"WebSite","@id":"https:\/\/www.sanjuandeportes.com\/wp\/#website","url":"https:\/\/www.sanjuandeportes.com\/wp\/","name":"San Juan Deportes","description":"El sitio de deportes de la provincia de San Juan","publisher":{"@id":"https:\/\/www.sanjuandeportes.com\/wp\/#organization"},"potentialAction":[{"@type":"SearchAction","target":{"@type":"EntryPoint","urlTemplate":"https:\/\/www.sanjuandeportes.com\/wp\/?s={search_term_string}"},"query-input":{"@type":"PropertyValueSpecification","valueRequired":true,"valueName":"search_term_string"}}],"inLanguage":"es"},{"@type":"Organization","@id":"https:\/\/www.sanjuandeportes.com\/wp\/#organization","name":"San Juan Deportes","url":"https:\/\/www.sanjuandeportes.com\/wp\/","logo":{"@type":"ImageObject","inLanguage":"es","@id":"https:\/\/www.sanjuandeportes.com\/wp\/#\/schema\/logo\/image\/","url":"https:\/\/www.sanjuandeportes.com\/wp\/wp-content\/uploads\/unnamed.jpg","contentUrl":"https:\/\/www.sanjuandeportes.com\/wp\/wp-content\/uploads\/unnamed.jpg","width":900,"height":900,"caption":"San Juan Deportes"},"image":{"@id":"https:\/\/www.sanjuandeportes.com\/wp\/#\/schema\/logo\/image\/"},"sameAs":["https:\/\/www.facebook.com\/sanjuandeportesok","https:\/\/x.com\/SanJuanDeportes","https:\/\/www.instagram.com\/sanjuandeportes"]},{"@type":"Person","@id":"https:\/\/www.sanjuandeportes.com\/wp\/#\/schema\/person\/eda4d8e62a5d42b111781e3cdfcb9c3a","name":"Pablo Pujado","image":{"@type":"ImageObject","inLanguage":"es","@id":"https:\/\/secure.gravatar.com\/avatar\/310b69d28112912c333408a462a9837208de951b1e7c11514781740412f648b1?s=96&d=mm&r=g","url":"https:\/\/secure.gravatar.com\/avatar\/310b69d28112912c333408a462a9837208de951b1e7c11514781740412f648b1?s=96&d=mm&r=g","contentUrl":"https:\/\/secure.gravatar.com\/avatar\/310b69d28112912c333408a462a9837208de951b1e7c11514781740412f648b1?s=96&d=mm&r=g","caption":"Pablo Pujado"},"url":"https:\/\/www.sanjuandeportes.com\/wp\/author\/pablo-pujado\/"}]}},"_links":{"self":[{"href":"https:\/\/www.sanjuandeportes.com\/wp\/wp-json\/wp\/v2\/posts\/8915","targetHints":{"allow":["GET"]}}],"collection":[{"href":"https:\/\/www.sanjuandeportes.com\/wp\/wp-json\/wp\/v2\/posts"}],"about":[{"href":"https:\/\/www.sanjuandeportes.com\/wp\/wp-json\/wp\/v2\/types\/post"}],"author":[{"embeddable":true,"href":"https:\/\/www.sanjuandeportes.com\/wp\/wp-json\/wp\/v2\/users\/5"}],"replies":[{"embeddable":true,"href":"https:\/\/www.sanjuandeportes.com\/wp\/wp-json\/wp\/v2\/comments?post=8915"}],"version-history":[{"count":1,"href":"https:\/\/www.sanjuandeportes.com\/wp\/wp-json\/wp\/v2\/posts\/8915\/revisions"}],"predecessor-version":[{"id":8917,"href":"https:\/\/www.sanjuandeportes.com\/wp\/wp-json\/wp\/v2\/posts\/8915\/revisions\/8917"}],"wp:featuredmedia":[{"embeddable":true,"href":"https:\/\/www.sanjuandeportes.com\/wp\/wp-json\/wp\/v2\/media\/8916"}],"wp:attachment":[{"href":"https:\/\/www.sanjuandeportes.com\/wp\/wp-json\/wp\/v2\/media?parent=8915"}],"wp:term":[{"taxonomy":"category","embeddable":true,"href":"https:\/\/www.sanjuandeportes.com\/wp\/wp-json\/wp\/v2\/categories?post=8915"},{"taxonomy":"post_tag","embeddable":true,"href":"https:\/\/www.sanjuandeportes.com\/wp\/wp-json\/wp\/v2\/tags?post=8915"}],"curies":[{"name":"wp","href":"https:\/\/api.w.org\/{rel}","templated":true}]}}