{"id":923,"date":"2017-10-02T21:31:19","date_gmt":"2017-10-02T21:31:19","guid":{"rendered":"http:\/\/www.sanjuandeportes.com\/wp\/?p=923"},"modified":"2017-10-02T21:31:19","modified_gmt":"2017-10-02T21:31:19","slug":"desamparados-dejo-su-racha-en-san-luis","status":"publish","type":"post","link":"https:\/\/www.sanjuandeportes.com\/wp\/2017\/10\/02\/desamparados-dejo-su-racha-en-san-luis\/","title":{"rendered":"Desamparados dej\u00f3 su racha en San Luis"},"content":{"rendered":"<p>El puyutano que hab\u00eda tenido un arranque b\u00e1rbaro de torneo, se choco con la Juve puntana y dej\u00f3 su invicto.<\/p>\n<p>Jug\u00f3 sin dudas el peor partido de el campeonato y eso vali\u00f3 para caer 2-0 ante Juventud Unida en San Luis, no hubo reacci\u00f3n para poder achicar la diferencia y Desamparados cay\u00f3 y dej\u00f3 su invicto y la punta en su visita a San Luis.<\/p>\n<p>Ahora deber\u00e1 visitar a Huracan Las Heras en Mendoza para buscar la recuperaci\u00f3n y volver a la senda del triunfo.<\/p>\n<p><img decoding=\"async\" class=\"alignnone size-full wp-image-921 lazyload\" data-src=\"http:\/\/www.sanjuandeportes.com\/wp\/wp-content\/uploads\/2017\/10\/f700x390-71767_110785_20.jpg\" alt=\"\" width=\"700\" height=\"389\" data-srcset=\"https:\/\/www.sanjuandeportes.com\/wp\/wp-content\/uploads\/2017\/10\/f700x390-71767_110785_20.jpg 700w, https:\/\/www.sanjuandeportes.com\/wp\/wp-content\/uploads\/2017\/10\/f700x390-71767_110785_20-300x167.jpg 300w, https:\/\/www.sanjuandeportes.com\/wp\/wp-content\/uploads\/2017\/10\/f700x390-71767_110785_20-696x387.jpg 696w\" data-sizes=\"(max-width: 700px) 100vw, 700px\" src=\"data:image\/svg+xml;base64,PHN2ZyB3aWR0aD0iMSIgaGVpZ2h0PSIxIiB4bWxucz0iaHR0cDovL3d3dy53My5vcmcvMjAwMC9zdmciPjwvc3ZnPg==\" style=\"--smush-placeholder-width: 700px; --smush-placeholder-aspect-ratio: 700\/389;\" \/><\/p>\n<p>S\u00edntesis<\/p>\n<p>Juventud Unida Universitario: 1_Laureano Tombolini, 2_ Emiliano Capella, 3_Manuel Morello, 4_Walter Figuero, 5_Lucas Arguello, 6_Gabriel Ojeda, 7_Mario Vallejos, 8_Ivan Escobares, 9_Gabriel Perez Tarifa, 10_Victor Beraldi, 11_Jesus Vera.<br \/>\nSuplentes: 12_Gonzalo Salgueiro, 13_Guillermo Franco, 14_Ignacio Aman, 15_Alejandro Flores, 16_Carlos Alba, 17_Exequiel Aguirre, 18_Nicolas Pereyra.<br \/>\nCambios: Vallejos por Aman, Escobares por Flores, Vera por Pereya.<br \/>\nGoles: Vallejos y Escobares.<\/p>\n<p>Sportivo Desamparados: 1_Mart\u00edn Perelman, 2_ Mart\u00edn Arce, 3_ Facundo Torres, 4_ Emanuel Mart\u00ednez Schmith, 5_Andr\u00e9s Rotundo, 6_ Ariel Ag\u00fcero, 7_Matias Chavarria, 8_Nahuel Olivari, 9_Gabriel Martinena, 10_Nicol\u00e1s Sottile, 11_Agust\u00edn Domenez.<br \/>\nSuplentes: 12_ Alejandro Dianda, 13_Ricardo Bernay, 14_Sebasti\u00e1n Ereros, 15_ Emilio Ochoa, 16_ Juan Pablo Raponi, 17_ Rene Urue\u00f1a, 18_ Gabriel Gonzalez.<br \/>\nCambios: Ereros por Olivari, Gonzalez por Chavarria, Ochoa por Sottile.<br \/>\nArbitro: Gabriel Araujo (Mendoza).<\/p>\n<p>&nbsp;<\/p>\n","protected":false},"excerpt":{"rendered":"<p>El puyutano que hab\u00eda tenido un arranque b\u00e1rbaro de torneo, se choco con la Juve puntana y dej\u00f3 su invicto. Jug\u00f3 sin dudas el peor partido de el campeonato y eso vali\u00f3 para caer 2-0 ante Juventud Unida en San Luis, no hubo reacci\u00f3n para poder achicar la diferencia y Desamparados cay\u00f3 y dej\u00f3 su [&hellip;]<\/p>\n","protected":false},"author":1,"featured_media":921,"comment_status":"open","ping_status":"open","sticky":false,"template":"","format":"standard","meta":{"footnotes":""},"categories":[37,2,36,24],"tags":[],"class_list":["post-923","post","type-post","status-publish","format-standard","has-post-thumbnail","hentry","category-desamparados","category-featured","category-federal-a","category-futbol"],"yoast_head":"<!-- This site is optimized with the Yoast SEO plugin v28.2 - https:\/\/yoast.com\/product\/yoast-seo-wordpress\/ -->\n<title>Desamparados dej\u00f3 su racha en San Luis - San Juan Deportes<\/title>\n<meta name=\"robots\" content=\"index, follow, max-snippet:-1, max-image-preview:large, max-video-preview:-1\" \/>\n<link rel=\"canonical\" href=\"https:\/\/www.sanjuandeportes.com\/wp\/2017\/10\/02\/desamparados-dejo-su-racha-en-san-luis\/\" \/>\n<meta property=\"og:locale\" content=\"es_ES\" \/>\n<meta property=\"og:type\" content=\"article\" \/>\n<meta property=\"og:title\" content=\"Desamparados dej\u00f3 su racha en San Luis - San Juan Deportes\" \/>\n<meta property=\"og:description\" content=\"El puyutano que hab\u00eda tenido un arranque b\u00e1rbaro de torneo, se choco con la Juve puntana y dej\u00f3 su invicto. Jug\u00f3 sin dudas el peor partido de el campeonato y eso vali\u00f3 para caer 2-0 ante Juventud Unida en San Luis, no hubo reacci\u00f3n para poder achicar la diferencia y Desamparados cay\u00f3 y dej\u00f3 su [&hellip;]\" \/>\n<meta property=\"og:url\" content=\"https:\/\/www.sanjuandeportes.com\/wp\/2017\/10\/02\/desamparados-dejo-su-racha-en-san-luis\/\" \/>\n<meta property=\"og:site_name\" content=\"San Juan Deportes\" \/>\n<meta property=\"article:publisher\" content=\"https:\/\/www.facebook.com\/sanjuandeportesok\" \/>\n<meta property=\"article:published_time\" content=\"2017-10-02T21:31:19+00:00\" \/>\n<meta property=\"og:image\" content=\"https:\/\/www.sanjuandeportes.com\/wp\/wp-content\/uploads\/2017\/10\/f700x390-71767_110785_20.jpg\" \/>\n\t<meta property=\"og:image:width\" content=\"700\" \/>\n\t<meta property=\"og:image:height\" content=\"389\" \/>\n\t<meta property=\"og:image:type\" content=\"image\/jpeg\" \/>\n<meta name=\"author\" content=\"admin\" \/>\n<meta name=\"twitter:card\" content=\"summary_large_image\" \/>\n<meta name=\"twitter:creator\" content=\"@SanJuanDeportes\" \/>\n<meta name=\"twitter:site\" content=\"@SanJuanDeportes\" \/>\n<meta name=\"twitter:label1\" content=\"Escrito por\" \/>\n\t<meta name=\"twitter:data1\" content=\"admin\" \/>\n\t<meta name=\"twitter:label2\" content=\"Tiempo de lectura\" \/>\n\t<meta name=\"twitter:data2\" content=\"1 minuto\" \/>\n<script type=\"application\/ld+json\" class=\"yoast-schema-graph\">{\"@context\":\"https:\\\/\\\/schema.org\",\"@graph\":[{\"@type\":\"Article\",\"@id\":\"https:\\\/\\\/www.sanjuandeportes.com\\\/wp\\\/2017\\\/10\\\/02\\\/desamparados-dejo-su-racha-en-san-luis\\\/#article\",\"isPartOf\":{\"@id\":\"https:\\\/\\\/www.sanjuandeportes.com\\\/wp\\\/2017\\\/10\\\/02\\\/desamparados-dejo-su-racha-en-san-luis\\\/\"},\"author\":{\"name\":\"admin\",\"@id\":\"https:\\\/\\\/www.sanjuandeportes.com\\\/wp\\\/#\\\/schema\\\/person\\\/d8e3463931719391897f9c7a6d1bb7b3\"},\"headline\":\"Desamparados dej\u00f3 su racha en San Luis\",\"datePublished\":\"2017-10-02T21:31:19+00:00\",\"mainEntityOfPage\":{\"@id\":\"https:\\\/\\\/www.sanjuandeportes.com\\\/wp\\\/2017\\\/10\\\/02\\\/desamparados-dejo-su-racha-en-san-luis\\\/\"},\"wordCount\":218,\"commentCount\":0,\"publisher\":{\"@id\":\"https:\\\/\\\/www.sanjuandeportes.com\\\/wp\\\/#organization\"},\"image\":{\"@id\":\"https:\\\/\\\/www.sanjuandeportes.com\\\/wp\\\/2017\\\/10\\\/02\\\/desamparados-dejo-su-racha-en-san-luis\\\/#primaryimage\"},\"thumbnailUrl\":\"https:\\\/\\\/www.sanjuandeportes.com\\\/wp\\\/wp-content\\\/uploads\\\/2017\\\/10\\\/f700x390-71767_110785_20.jpg\",\"articleSection\":[\"Desamparados\",\"Featured\",\"Federal A\",\"Futbol\"],\"inLanguage\":\"es\",\"potentialAction\":[{\"@type\":\"CommentAction\",\"name\":\"Comment\",\"target\":[\"https:\\\/\\\/www.sanjuandeportes.com\\\/wp\\\/2017\\\/10\\\/02\\\/desamparados-dejo-su-racha-en-san-luis\\\/#respond\"]}]},{\"@type\":\"WebPage\",\"@id\":\"https:\\\/\\\/www.sanjuandeportes.com\\\/wp\\\/2017\\\/10\\\/02\\\/desamparados-dejo-su-racha-en-san-luis\\\/\",\"url\":\"https:\\\/\\\/www.sanjuandeportes.com\\\/wp\\\/2017\\\/10\\\/02\\\/desamparados-dejo-su-racha-en-san-luis\\\/\",\"name\":\"Desamparados dej\u00f3 su racha en San Luis - San Juan Deportes\",\"isPartOf\":{\"@id\":\"https:\\\/\\\/www.sanjuandeportes.com\\\/wp\\\/#website\"},\"primaryImageOfPage\":{\"@id\":\"https:\\\/\\\/www.sanjuandeportes.com\\\/wp\\\/2017\\\/10\\\/02\\\/desamparados-dejo-su-racha-en-san-luis\\\/#primaryimage\"},\"image\":{\"@id\":\"https:\\\/\\\/www.sanjuandeportes.com\\\/wp\\\/2017\\\/10\\\/02\\\/desamparados-dejo-su-racha-en-san-luis\\\/#primaryimage\"},\"thumbnailUrl\":\"https:\\\/\\\/www.sanjuandeportes.com\\\/wp\\\/wp-content\\\/uploads\\\/2017\\\/10\\\/f700x390-71767_110785_20.jpg\",\"datePublished\":\"2017-10-02T21:31:19+00:00\",\"breadcrumb\":{\"@id\":\"https:\\\/\\\/www.sanjuandeportes.com\\\/wp\\\/2017\\\/10\\\/02\\\/desamparados-dejo-su-racha-en-san-luis\\\/#breadcrumb\"},\"inLanguage\":\"es\",\"potentialAction\":[{\"@type\":\"ReadAction\",\"target\":[\"https:\\\/\\\/www.sanjuandeportes.com\\\/wp\\\/2017\\\/10\\\/02\\\/desamparados-dejo-su-racha-en-san-luis\\\/\"]}]},{\"@type\":\"ImageObject\",\"inLanguage\":\"es\",\"@id\":\"https:\\\/\\\/www.sanjuandeportes.com\\\/wp\\\/2017\\\/10\\\/02\\\/desamparados-dejo-su-racha-en-san-luis\\\/#primaryimage\",\"url\":\"https:\\\/\\\/www.sanjuandeportes.com\\\/wp\\\/wp-content\\\/uploads\\\/2017\\\/10\\\/f700x390-71767_110785_20.jpg\",\"contentUrl\":\"https:\\\/\\\/www.sanjuandeportes.com\\\/wp\\\/wp-content\\\/uploads\\\/2017\\\/10\\\/f700x390-71767_110785_20.jpg\",\"width\":700,\"height\":389},{\"@type\":\"BreadcrumbList\",\"@id\":\"https:\\\/\\\/www.sanjuandeportes.com\\\/wp\\\/2017\\\/10\\\/02\\\/desamparados-dejo-su-racha-en-san-luis\\\/#breadcrumb\",\"itemListElement\":[{\"@type\":\"ListItem\",\"position\":1,\"name\":\"Portada\",\"item\":\"http:\\\/\\\/www.sanjuandeportes.com\\\/wp\\\/\"},{\"@type\":\"ListItem\",\"position\":2,\"name\":\"Desamparados dej\u00f3 su racha en San Luis\"}]},{\"@type\":\"WebSite\",\"@id\":\"https:\\\/\\\/www.sanjuandeportes.com\\\/wp\\\/#website\",\"url\":\"https:\\\/\\\/www.sanjuandeportes.com\\\/wp\\\/\",\"name\":\"San Juan Deportes\",\"description\":\"El sitio de deportes de la provincia de San Juan\",\"publisher\":{\"@id\":\"https:\\\/\\\/www.sanjuandeportes.com\\\/wp\\\/#organization\"},\"potentialAction\":[{\"@type\":\"SearchAction\",\"target\":{\"@type\":\"EntryPoint\",\"urlTemplate\":\"https:\\\/\\\/www.sanjuandeportes.com\\\/wp\\\/?s={search_term_string}\"},\"query-input\":{\"@type\":\"PropertyValueSpecification\",\"valueRequired\":true,\"valueName\":\"search_term_string\"}}],\"inLanguage\":\"es\"},{\"@type\":\"Organization\",\"@id\":\"https:\\\/\\\/www.sanjuandeportes.com\\\/wp\\\/#organization\",\"name\":\"San Juan Deportes\",\"url\":\"https:\\\/\\\/www.sanjuandeportes.com\\\/wp\\\/\",\"logo\":{\"@type\":\"ImageObject\",\"inLanguage\":\"es\",\"@id\":\"https:\\\/\\\/www.sanjuandeportes.com\\\/wp\\\/#\\\/schema\\\/logo\\\/image\\\/\",\"url\":\"https:\\\/\\\/www.sanjuandeportes.com\\\/wp\\\/wp-content\\\/uploads\\\/unnamed.jpg\",\"contentUrl\":\"https:\\\/\\\/www.sanjuandeportes.com\\\/wp\\\/wp-content\\\/uploads\\\/unnamed.jpg\",\"width\":900,\"height\":900,\"caption\":\"San Juan Deportes\"},\"image\":{\"@id\":\"https:\\\/\\\/www.sanjuandeportes.com\\\/wp\\\/#\\\/schema\\\/logo\\\/image\\\/\"},\"sameAs\":[\"https:\\\/\\\/www.facebook.com\\\/sanjuandeportesok\",\"https:\\\/\\\/x.com\\\/SanJuanDeportes\",\"https:\\\/\\\/www.instagram.com\\\/sanjuandeportes\"]},{\"@type\":\"Person\",\"@id\":\"https:\\\/\\\/www.sanjuandeportes.com\\\/wp\\\/#\\\/schema\\\/person\\\/d8e3463931719391897f9c7a6d1bb7b3\",\"name\":\"admin\",\"image\":{\"@type\":\"ImageObject\",\"inLanguage\":\"es\",\"@id\":\"https:\\\/\\\/secure.gravatar.com\\\/avatar\\\/c4deacdacf798758c71e8e4f4ca4bcf755ae082e386babce41b35a278703bed5?s=96&d=mm&r=g\",\"url\":\"https:\\\/\\\/secure.gravatar.com\\\/avatar\\\/c4deacdacf798758c71e8e4f4ca4bcf755ae082e386babce41b35a278703bed5?s=96&d=mm&r=g\",\"contentUrl\":\"https:\\\/\\\/secure.gravatar.com\\\/avatar\\\/c4deacdacf798758c71e8e4f4ca4bcf755ae082e386babce41b35a278703bed5?s=96&d=mm&r=g\",\"caption\":\"admin\"},\"url\":\"https:\\\/\\\/www.sanjuandeportes.com\\\/wp\\\/author\\\/admin\\\/\"}]}<\/script>\n<!-- \/ Yoast SEO plugin. -->","yoast_head_json":{"title":"Desamparados dej\u00f3 su racha en San Luis - San Juan Deportes","robots":{"index":"index","follow":"follow","max-snippet":"max-snippet:-1","max-image-preview":"max-image-preview:large","max-video-preview":"max-video-preview:-1"},"canonical":"https:\/\/www.sanjuandeportes.com\/wp\/2017\/10\/02\/desamparados-dejo-su-racha-en-san-luis\/","og_locale":"es_ES","og_type":"article","og_title":"Desamparados dej\u00f3 su racha en San Luis - San Juan Deportes","og_description":"El puyutano que hab\u00eda tenido un arranque b\u00e1rbaro de torneo, se choco con la Juve puntana y dej\u00f3 su invicto. Jug\u00f3 sin dudas el peor partido de el campeonato y eso vali\u00f3 para caer 2-0 ante Juventud Unida en San Luis, no hubo reacci\u00f3n para poder achicar la diferencia y Desamparados cay\u00f3 y dej\u00f3 su [&hellip;]","og_url":"https:\/\/www.sanjuandeportes.com\/wp\/2017\/10\/02\/desamparados-dejo-su-racha-en-san-luis\/","og_site_name":"San Juan Deportes","article_publisher":"https:\/\/www.facebook.com\/sanjuandeportesok","article_published_time":"2017-10-02T21:31:19+00:00","og_image":[{"width":700,"height":389,"url":"https:\/\/www.sanjuandeportes.com\/wp\/wp-content\/uploads\/2017\/10\/f700x390-71767_110785_20.jpg","type":"image\/jpeg"}],"author":"admin","twitter_card":"summary_large_image","twitter_creator":"@SanJuanDeportes","twitter_site":"@SanJuanDeportes","twitter_misc":{"Escrito por":"admin","Tiempo de lectura":"1 minuto"},"schema":{"@context":"https:\/\/schema.org","@graph":[{"@type":"Article","@id":"https:\/\/www.sanjuandeportes.com\/wp\/2017\/10\/02\/desamparados-dejo-su-racha-en-san-luis\/#article","isPartOf":{"@id":"https:\/\/www.sanjuandeportes.com\/wp\/2017\/10\/02\/desamparados-dejo-su-racha-en-san-luis\/"},"author":{"name":"admin","@id":"https:\/\/www.sanjuandeportes.com\/wp\/#\/schema\/person\/d8e3463931719391897f9c7a6d1bb7b3"},"headline":"Desamparados dej\u00f3 su racha en San Luis","datePublished":"2017-10-02T21:31:19+00:00","mainEntityOfPage":{"@id":"https:\/\/www.sanjuandeportes.com\/wp\/2017\/10\/02\/desamparados-dejo-su-racha-en-san-luis\/"},"wordCount":218,"commentCount":0,"publisher":{"@id":"https:\/\/www.sanjuandeportes.com\/wp\/#organization"},"image":{"@id":"https:\/\/www.sanjuandeportes.com\/wp\/2017\/10\/02\/desamparados-dejo-su-racha-en-san-luis\/#primaryimage"},"thumbnailUrl":"https:\/\/www.sanjuandeportes.com\/wp\/wp-content\/uploads\/2017\/10\/f700x390-71767_110785_20.jpg","articleSection":["Desamparados","Featured","Federal A","Futbol"],"inLanguage":"es","potentialAction":[{"@type":"CommentAction","name":"Comment","target":["https:\/\/www.sanjuandeportes.com\/wp\/2017\/10\/02\/desamparados-dejo-su-racha-en-san-luis\/#respond"]}]},{"@type":"WebPage","@id":"https:\/\/www.sanjuandeportes.com\/wp\/2017\/10\/02\/desamparados-dejo-su-racha-en-san-luis\/","url":"https:\/\/www.sanjuandeportes.com\/wp\/2017\/10\/02\/desamparados-dejo-su-racha-en-san-luis\/","name":"Desamparados dej\u00f3 su racha en San Luis - San Juan Deportes","isPartOf":{"@id":"https:\/\/www.sanjuandeportes.com\/wp\/#website"},"primaryImageOfPage":{"@id":"https:\/\/www.sanjuandeportes.com\/wp\/2017\/10\/02\/desamparados-dejo-su-racha-en-san-luis\/#primaryimage"},"image":{"@id":"https:\/\/www.sanjuandeportes.com\/wp\/2017\/10\/02\/desamparados-dejo-su-racha-en-san-luis\/#primaryimage"},"thumbnailUrl":"https:\/\/www.sanjuandeportes.com\/wp\/wp-content\/uploads\/2017\/10\/f700x390-71767_110785_20.jpg","datePublished":"2017-10-02T21:31:19+00:00","breadcrumb":{"@id":"https:\/\/www.sanjuandeportes.com\/wp\/2017\/10\/02\/desamparados-dejo-su-racha-en-san-luis\/#breadcrumb"},"inLanguage":"es","potentialAction":[{"@type":"ReadAction","target":["https:\/\/www.sanjuandeportes.com\/wp\/2017\/10\/02\/desamparados-dejo-su-racha-en-san-luis\/"]}]},{"@type":"ImageObject","inLanguage":"es","@id":"https:\/\/www.sanjuandeportes.com\/wp\/2017\/10\/02\/desamparados-dejo-su-racha-en-san-luis\/#primaryimage","url":"https:\/\/www.sanjuandeportes.com\/wp\/wp-content\/uploads\/2017\/10\/f700x390-71767_110785_20.jpg","contentUrl":"https:\/\/www.sanjuandeportes.com\/wp\/wp-content\/uploads\/2017\/10\/f700x390-71767_110785_20.jpg","width":700,"height":389},{"@type":"BreadcrumbList","@id":"https:\/\/www.sanjuandeportes.com\/wp\/2017\/10\/02\/desamparados-dejo-su-racha-en-san-luis\/#breadcrumb","itemListElement":[{"@type":"ListItem","position":1,"name":"Portada","item":"http:\/\/www.sanjuandeportes.com\/wp\/"},{"@type":"ListItem","position":2,"name":"Desamparados dej\u00f3 su racha en San Luis"}]},{"@type":"WebSite","@id":"https:\/\/www.sanjuandeportes.com\/wp\/#website","url":"https:\/\/www.sanjuandeportes.com\/wp\/","name":"San Juan Deportes","description":"El sitio de deportes de la provincia de San Juan","publisher":{"@id":"https:\/\/www.sanjuandeportes.com\/wp\/#organization"},"potentialAction":[{"@type":"SearchAction","target":{"@type":"EntryPoint","urlTemplate":"https:\/\/www.sanjuandeportes.com\/wp\/?s={search_term_string}"},"query-input":{"@type":"PropertyValueSpecification","valueRequired":true,"valueName":"search_term_string"}}],"inLanguage":"es"},{"@type":"Organization","@id":"https:\/\/www.sanjuandeportes.com\/wp\/#organization","name":"San Juan Deportes","url":"https:\/\/www.sanjuandeportes.com\/wp\/","logo":{"@type":"ImageObject","inLanguage":"es","@id":"https:\/\/www.sanjuandeportes.com\/wp\/#\/schema\/logo\/image\/","url":"https:\/\/www.sanjuandeportes.com\/wp\/wp-content\/uploads\/unnamed.jpg","contentUrl":"https:\/\/www.sanjuandeportes.com\/wp\/wp-content\/uploads\/unnamed.jpg","width":900,"height":900,"caption":"San Juan Deportes"},"image":{"@id":"https:\/\/www.sanjuandeportes.com\/wp\/#\/schema\/logo\/image\/"},"sameAs":["https:\/\/www.facebook.com\/sanjuandeportesok","https:\/\/x.com\/SanJuanDeportes","https:\/\/www.instagram.com\/sanjuandeportes"]},{"@type":"Person","@id":"https:\/\/www.sanjuandeportes.com\/wp\/#\/schema\/person\/d8e3463931719391897f9c7a6d1bb7b3","name":"admin","image":{"@type":"ImageObject","inLanguage":"es","@id":"https:\/\/secure.gravatar.com\/avatar\/c4deacdacf798758c71e8e4f4ca4bcf755ae082e386babce41b35a278703bed5?s=96&d=mm&r=g","url":"https:\/\/secure.gravatar.com\/avatar\/c4deacdacf798758c71e8e4f4ca4bcf755ae082e386babce41b35a278703bed5?s=96&d=mm&r=g","contentUrl":"https:\/\/secure.gravatar.com\/avatar\/c4deacdacf798758c71e8e4f4ca4bcf755ae082e386babce41b35a278703bed5?s=96&d=mm&r=g","caption":"admin"},"url":"https:\/\/www.sanjuandeportes.com\/wp\/author\/admin\/"}]}},"_links":{"self":[{"href":"https:\/\/www.sanjuandeportes.com\/wp\/wp-json\/wp\/v2\/posts\/923","targetHints":{"allow":["GET"]}}],"collection":[{"href":"https:\/\/www.sanjuandeportes.com\/wp\/wp-json\/wp\/v2\/posts"}],"about":[{"href":"https:\/\/www.sanjuandeportes.com\/wp\/wp-json\/wp\/v2\/types\/post"}],"author":[{"embeddable":true,"href":"https:\/\/www.sanjuandeportes.com\/wp\/wp-json\/wp\/v2\/users\/1"}],"replies":[{"embeddable":true,"href":"https:\/\/www.sanjuandeportes.com\/wp\/wp-json\/wp\/v2\/comments?post=923"}],"version-history":[{"count":1,"href":"https:\/\/www.sanjuandeportes.com\/wp\/wp-json\/wp\/v2\/posts\/923\/revisions"}],"predecessor-version":[{"id":924,"href":"https:\/\/www.sanjuandeportes.com\/wp\/wp-json\/wp\/v2\/posts\/923\/revisions\/924"}],"wp:featuredmedia":[{"embeddable":true,"href":"https:\/\/www.sanjuandeportes.com\/wp\/wp-json\/wp\/v2\/media\/921"}],"wp:attachment":[{"href":"https:\/\/www.sanjuandeportes.com\/wp\/wp-json\/wp\/v2\/media?parent=923"}],"wp:term":[{"taxonomy":"category","embeddable":true,"href":"https:\/\/www.sanjuandeportes.com\/wp\/wp-json\/wp\/v2\/categories?post=923"},{"taxonomy":"post_tag","embeddable":true,"href":"https:\/\/www.sanjuandeportes.com\/wp\/wp-json\/wp\/v2\/tags?post=923"}],"curies":[{"name":"wp","href":"https:\/\/api.w.org\/{rel}","templated":true}]}}